{"id":25358,"date":"2025-09-05T11:53:22","date_gmt":"2025-09-05T10:53:22","guid":{"rendered":"https:\/\/clinicamedicadoporto.pt\/staging\/?p=25358"},"modified":"2025-09-08T17:59:37","modified_gmt":"2025-09-08T16:59:37","slug":"recuperacao-apos-enfarte","status":"publish","type":"post","link":"https:\/\/clinicamedicadoporto.pt\/staging\/recuperacao-apos-enfarte\/","title":{"rendered":"Sobreviver um Enfarte: Como Recuperar e Viver com Qualidade"},"content":{"rendered":"<div class=\"wpb-content-wrapper\">[vc_row][vc_column][vc_empty_space height=&#8221;16px&#8221;][vc_column_text css=&#8221;&#8221;]\r\n<h1><a href=\"https:\/\/clinicamedicadoporto.pt\/staging\/recuperacao-apos-enfarte\/\">Sobreviver a um Enfarte: Como Recuperar e Viver com Qualidade<\/a><\/h1>\r\n[\/vc_column_text][vc_column_text css=&#8221;&#8221;]\r\n<h4 class=\"special-h4\">O que deve saber:<\/h4>\r\nAp\u00f3s um enfarte, a recupera\u00e7\u00e3o depende da ades\u00e3o ao tratamento, da reabilita\u00e7\u00e3o card\u00edaca e da mudan\u00e7a de h\u00e1bitos de vida. A esperan\u00e7a e qualidade de vida podem ser preservadas com acompanhamento m\u00e9dico regular, apoio familiar e estrat\u00e9gias de bem-estar f\u00edsico e emocional.\r\n\r\nNeste artigo vamos explorar o que acontece depois de um enfarte, quais os cuidados essenciais, as sequelas mais comuns, as mudan\u00e7as necess\u00e1rias e como recuperar qualidade de vida. O objetivo \u00e9 oferecer informa\u00e7\u00e3o clara e acess\u00edvel, que ajude quem passou por esta experi\u00eancia a sentir-se mais preparado para enfrentar o futuro.[\/vc_column_text][vc_gutenberg css=&#8221;&#8221;]\r\n\r\nSe preferir pode clicar no leitor abaixo para escutar a vers\u00e3o audio deste artigo:\r\n\r\n&nbsp;\r\n\r\n\r\n<figure class=\"wp-block-audio\"><audio src=\"https:\/\/clinicamedicadoporto.pt\/staging\/wp-content\/uploads\/2025\/09\/Artigo-A-Vida-Depois-Enfarte.mp3\" controls=\"controls\"><\/audio><\/figure>\r\n[\/vc_gutenberg][\/vc_column][\/vc_row][vc_row][vc_column][vc_empty_space height=&#8221;16px&#8221;][vc_column_text css=&#8221;&#8221;]\r\n<h2 class=\"p1 equal-h1\">O que \u00e9 o Enfarte do Mioc\u00e1rdio<\/h2>\r\n[\/vc_column_text][vc_separator color=&#8221;custom&#8221; align=&#8221;align_left&#8221; border_width=&#8221;3&#8243; el_width=&#8221;70&#8243; accent_color=&#8221;#70c2b4&#8243;][vc_column_text css=&#8221;&#8221;]O enfarte agudo do mioc\u00e1rdio, vulgarmente conhecido como ataque card\u00edaco, \u00e9 uma das principais causas de morte e incapacidade em todo o mundo. Trata-se da obstru\u00e7\u00e3o de uma art\u00e9ria coron\u00e1ria, que impede o fluxo adequado de sangue e oxig\u00e9nio ao m\u00fasculo card\u00edaco. N\u00e3o recebendo sangue, o m\u00fasculo card\u00edaco n\u00e3o obt\u00e9m o oxig\u00e9nio e os nutrientes de que precisa e as c\u00e9lulas musculares come\u00e7am a morrer. Quanto mais tempo a art\u00e9ria ficar bloqueada, maior \u00e9 a \u00e1rea do m\u00fasculo card\u00edaco que pode ser danificada. Este evento pode deixar sequelas f\u00edsicas e emocionais significativas. No entanto, se for interpretado como uma chamada de aten\u00e7\u00e3o, pode ser o ponto de partida para uma vida mais consciente e saud\u00e1vel.[\/vc_column_text][\/vc_column][\/vc_row][vc_row][vc_column][vc_empty_space height=&#8221;96px&#8221;][vc_column_text css=&#8221;&#8221;]\r\n<h2><span class=\"equal-h1\">O que Fazer Ap\u00f3s um Enfarte?<\/span><\/h2>\r\n[\/vc_column_text][vc_separator color=&#8221;custom&#8221; align=&#8221;align_left&#8221; border_width=&#8221;3&#8243; el_width=&#8221;70&#8243; accent_color=&#8221;#70c2b4&#8243;][vc_column_text css=&#8221;&#8221;]O per\u00edodo imediatamente a seguir a um enfarte \u00e9 cr\u00edtico. A hospitaliza\u00e7\u00e3o permite estabilizar o paciente, tratar complica\u00e7\u00f5es agudas e iniciar a terap\u00eautica. Ap\u00f3s a alta surgem d\u00favidas comuns: Quanto tempo devo repousar?, Posso retomar o trabalho?, Que atividades devo evitar?\r\n\r\n<strong>Primeiros Cuidados:<\/strong> Os primeiros cuidados b\u00e1sicos e essenciais incluem seguir rigorosamente a medica\u00e7\u00e3o prescrita (exemplo: antiagregantes plaquet\u00e1rios para evitar a forma\u00e7\u00e3o de novas obstru\u00e7\u00f5es, medicamentos para o tratamento do colesterol, normalizar o ritmo card\u00edaco, controlar a press\u00e3o arterial, entre outros). Adotar uma alimenta\u00e7\u00e3o equilibrada e manter o controlo regular da tens\u00e3o arterial e colesterol \u00e9 igualmente importante. Evitar fumar e reduzir ao m\u00e1ximo o consumo de \u00e1lcool, ou abandonar completamente estes h\u00e1bitos (o mais aconselh\u00e1vel) s\u00e3o comportamentos mandat\u00f3rios.\r\n\r\n<strong>Repouso e Regresso \u00e0 Atividade:<\/strong> O tempo de repouso e retorno gradual \u00e0 atividade depende do grau de les\u00e3o card\u00edaca e da resposta individual. Para muitos pacientes, a recupera\u00e7\u00e3o funcional come\u00e7a com pequenas caminhadas supervisionadas, evoluindo para atividade f\u00edsica ligeira. O repouso absoluto deve ser evitado, pois a mobiliza\u00e7\u00e3o precoce, supervisionada, \u00e9 crucial para a recupera\u00e7\u00e3o e para evitar complica\u00e7\u00f5es.\r\n\r\n<strong>Sinais de Alerta:<\/strong> Sempre que houver sintomas como dor no peito, falta de ar, palpita\u00e7\u00f5es, tonturas ou incha\u00e7o s\u00fabito nos p\u00e9s ou pernas deve ser procurada ajuda m\u00e9dica especializada. Estes sinais podem indicar complica\u00e7\u00f5es e exigem avalia\u00e7\u00e3o urgente e imediata.[\/vc_column_text][\/vc_column][\/vc_row][vc_row][vc_column][vc_empty_space height=&#8221;96px&#8221;][vc_column_text css=&#8221;&#8221;]\r\n<h2><span class=\"equal-h1\">Quais as Sequelas mais Comuns Depois de um Enfarte?<\/span><\/h2>\r\n[\/vc_column_text][vc_separator color=&#8221;custom&#8221; align=&#8221;align_left&#8221; border_width=&#8221;3&#8243; el_width=&#8221;70&#8243; accent_color=&#8221;#70c2b4&#8243;][vc_column_text css=&#8221;&#8221;]Nem todas as pessoas ficam com sequelas, mas pode acontecer surgirem altera\u00e7\u00f5es no funcionamento do cora\u00e7\u00e3o.\r\n\r\n<strong>Altera\u00e7\u00f5es Card\u00edacas e Cicatrizes:<\/strong> o dano ao m\u00fasculo card\u00edaco \u00e9 o causador da perda de parte da sua for\u00e7a contr\u00e1til, podendo originar insufici\u00eancia card\u00edaca em alguns casos. Por outro lado, as cicatrizes que se podem formar ap\u00f3s a les\u00e3o no mioc\u00e1rdio podem aumentar o risco de arritmias.\r\n\r\n<strong>Limita\u00e7\u00f5es F\u00edsicas:<\/strong> cansa\u00e7o f\u00e1cil, intoler\u00e2ncia ao esfor\u00e7o e necessidade de maior tempo de recupera\u00e7\u00e3o ap\u00f3s atividades simples s\u00e3o algumas das queixas comuns motivadas pelo grau de insufici\u00eancia card\u00edaca. Estas limita\u00e7\u00f5es variam consoante a gravidade do enfarte e a reabilita\u00e7\u00e3o realizada.\r\n\r\n<strong>Impacto Psicol\u00f3gico:<\/strong> muitas das pessoas que sofreram um enfarte relatam ansiedade, depress\u00e3o e medo constante de ocorr\u00eancia de um novo epis\u00f3dio. Este impacto emocional pode ser t\u00e3o incapacitante quanto as pr\u00f3prias sequelas f\u00edsicas, tornando o acompanhamento psicol\u00f3gico fundamental.[\/vc_column_text][\/vc_column][\/vc_row][vc_row][vc_column][vc_empty_space height=&#8221;96px&#8221;][vc_column_text css=&#8221;&#8221;]\r\n<h2><span class=\"equal-h1\"> Expectativas P\u00f3s Enfarte<\/span><\/h2>\r\n[\/vc_column_text][vc_separator color=&#8221;custom&#8221; align=&#8221;align_left&#8221; border_width=&#8221;3&#8243; el_width=&#8221;70&#8243; accent_color=&#8221;#70c2b4&#8243;][vc_column_text css=&#8221;&#8221;]Um dos receios mais comuns de quem sofreu um enfarte: saber se a esperan\u00e7a de vida fica comprometida! Mas a resposta n\u00e3o \u00e9 linear, dependendo de v\u00e1rios fatores.\r\n\r\n<strong>Fatores que Influenciam a Recupera\u00e7\u00e3o:<\/strong> idade, extens\u00e3o do enfarte, rapidez da interven\u00e7\u00e3o inicial e tratamento, presen\u00e7a de outras doen\u00e7as (como diabetes ou hipertens\u00e3o) e ades\u00e3o \u00e0s mudan\u00e7as de estilo de vida.\r\n\r\n<strong>Import\u00e2ncia da Ades\u00e3o ao Tratamento:<\/strong> seguir corretamente a medica\u00e7\u00e3o, manter consultas regulares e respeitar recomenda\u00e7\u00f5es m\u00e9dicas aumenta significativamente a sobreviv\u00eancia e reduz a probabilidade de novos eventos.\r\n\r\n<strong>Qualidade de Vida a Longo Prazo:<\/strong> muitos pacientes voltam a ter uma vida plena, com trabalho, fam\u00edlia e lazer. Tal como explicado no primeiro par\u00e1grafo, por vezes estes epis\u00f3dios acabam por ser interpretados como uma oportunidade &#8211; uma oportunidade para adotar h\u00e1bitos mais saud\u00e1veis e colocar a sa\u00fade no centro das decis\u00f5es di\u00e1rias.[\/vc_column_text][\/vc_column][\/vc_row][vc_row el_id=&#8221;&#8221;][vc_column][vc_column_text css=&#8221;.vc_custom_1756913811750{margin-bottom: 0px !important;padding-top: 25px !important;padding-right: 25px !important;padding-bottom: 25px !important;padding-left: 25px !important;background-color: #D9D9D929 !important;}&#8221;]<span style=\"color: #e8e8e8; font-size: 150%;\"><strong>Leitura Recomendada<\/strong><\/span>\r\n\r\n<a title=\"Conhecer algumas estrat\u00e9gias para combater a ansiedade\" href=\"https:\/\/clinicamedicadoporto.pt\/staging\/combater-a-depressao-e-ansiedade\/\" target=\"_blank\" rel=\"noopener\">6 Estrat\u00e9gias \u00dateis para Combater a Depress\u00e3o e a Ansiedade<\/a>\r\n<a title=\"Visitar o artigo da Cl\u00ednica: Dieta Mediterr\u00e2nica\" href=\"https:\/\/clinicamedicadoporto.pt\/staging\/padrao-alimentar-ou-dieta-a-opcao-mediterranica-e-vegetariana\/\" target=\"_blank\" rel=\"noopener\">Padr\u00e3o Alimentar ou Dieta: A Op\u00e7\u00e3o Mediterr\u00e2nica e Vegetariana<\/a>\r\n<a title=\"Visitar o Artigo da Clinica: Estrat\u00e9gias Controlar a Diabetes\" href=\"https:\/\/clinicamedicadoporto.pt\/staging\/viver-com-diabetes-7-estrategias-controlar-a-diabetes-e-manter-a-qualidade-de-vida\/\" target=\"_blank\" rel=\"noopener\">Viver com Diabetes: 7 Estrat\u00e9gias Controlar a Diabetes e Manter a Qualidade de Vida<\/a>\r\n<a title=\"Visitar o artigo da Clinica\" href=\"https:\/\/clinicamedicadoporto.pt\/staging\/arrefecimento-aumento-do-esforco-cardiaco\/\" target=\"_blank\" rel=\"noopener\">O Arrefecimento e o Aumento do Esfor\u00e7o Card\u00edaco<\/a>\r\n<a title=\"Ira para o artigo: Hormonas Bio-Id\u00eanticas: Benef\u00edcios e Utiliza\u00e7\u00e3o na Reposi\u00e7\u00e3o Hormonal\" href=\"https:\/\/clinicamedicadoporto.pt\/staging\/hormonas-bio-identicas\/\" target=\"_blank\" rel=\"noopener\">Hormonas Bio-Id\u00eanticas: Benef\u00edcios e Utiliza\u00e7\u00e3o na Reposi\u00e7\u00e3o Hormonal<\/a>\r\n<a title=\"Ira para o Artigo: 8 Conselhos (de amigo) para Dormir Melhor\" href=\"https:\/\/clinicamedicadoporto.pt\/staging\/8-conselhos-de-amigo-para-dormir-melhor\/\" target=\"_blank\" rel=\"noopener\">8 Conselhos (de amigo) para Dormir Melhor<\/a>[\/vc_column_text][\/vc_column][\/vc_row][vc_row][vc_column][vc_empty_space height=&#8221;96px&#8221;][vc_column_text css=&#8221;&#8221;]\r\n<h2><span class=\"equal-h1\">A Vida Depois de um Enfarte?<\/span><\/h2>\r\n[\/vc_column_text][vc_separator color=&#8221;custom&#8221; align=&#8221;align_left&#8221; border_width=&#8221;3&#8243; el_width=&#8221;70&#8243; accent_color=&#8221;#70c2b4&#8243;][vc_column_text css=&#8221;&#8221;]Superada a fase aguda, inicia-se a adapta\u00e7\u00e3o \u00e0 nova realidade.\r\n\r\n<strong>Retomar a Rotina:<\/strong> a maioria das pessoas pode regressar ao trabalho, \u00e0 condu\u00e7\u00e3o e a atividades de lazer. Isto \u00e9 feito de forma progressiva e com orienta\u00e7\u00e3o m\u00e9dica. O tempo expect\u00e1vel pode variar entre semanas e meses, conforme a evolu\u00e7\u00e3o cl\u00ednica e os progressos individuais.\r\n\r\n<strong>Alimenta\u00e7\u00e3o e Exerc\u00edcio F\u00edsico:<\/strong> uma dieta rica em frutas, legumes, cereais integrais, peixe e preferindo o azeite como gordura, t\u00edpica da <a title=\"Saber mais acerca da Dieta Mediterr\u00e2nica\" href=\"https:\/\/clinicamedicadoporto.pt\/staging\/padrao-alimentar-ou-dieta-a-opcao-mediterranica-e-vegetariana\/\" target=\"_blank\" rel=\"noopener\">dieta mediterr\u00e2nica<\/a>, \u00e9 altamente recomendada. O exerc\u00edcio f\u00edsico regular, ligeiro, fundamentalmente adaptado \u00e0s capacidades do paciente, melhora a fun\u00e7\u00e3o card\u00edaca e reduz o risco de reca\u00eddas.\r\n\r\n<strong>Sexualidade e Vida \u00cdntima:<\/strong> \u00e9 comum surgirem receios relativos a possibilidade de retomar a atividade sexual. Por\u00e9m, e na maioria dos casos, estes receios s\u00e3o infundados. Ap\u00f3s algumas semanas, e n\u00e3o havendo sintomas durante esfor\u00e7os equivalentes tais como subir escadas, \u00e9 poss\u00edvel retomar a normalidade. Algumas medica\u00e7\u00f5es prescritas neste contexto podem provocar impot\u00eancia, um efeito lateral poucas vezes discutido por dificuldade na abordagem do tema, quer pelo paciente quer pelo m\u00e9dico. N\u00e3o deve, contudo, facilitar nesta quest\u00e3o &#8211; o di\u00e1logo aberto com o m\u00e9dico e a sua valida\u00e7\u00e3o \u00e9 fundamental. <a title=\"Estrat\u00e9gias para uma Sexualidade Saud\u00e1vel\" href=\"https:\/\/clinicamedicadoporto.pt\/staging\/estrategias-sexualidade-saudavel\/\" target=\"_blank\" rel=\"noopener\">Clique aqui para conhecer estrat\u00e9gias para uma Sexualidade Saud\u00e1vel<\/a>.[\/vc_column_text][\/vc_column][\/vc_row][vc_row][vc_column][vc_empty_space height=&#8221;96px&#8221;][vc_column_text css=&#8221;&#8221;]\r\n<h2><span class=\"equal-h1\"> Preocupa\u00e7\u00f5es Frequentes<\/span><\/h2>\r\n[\/vc_column_text][vc_separator color=&#8221;custom&#8221; align=&#8221;align_left&#8221; border_width=&#8221;3&#8243; el_width=&#8221;70&#8243; accent_color=&#8221;#70c2b4&#8243;][vc_column_text css=&#8221;&#8221;]\r\n<p class=\"p1\">Os receios ap\u00f3s um enfarte s\u00e3o naturais, mas podem ser controlados com acompanhamento adequado.<\/p>\r\n<p class=\"p1\"><b>Ansiedade e Medo de Recorr\u00eancia:<\/b> os programas de reabilita\u00e7\u00e3o card\u00edaca e apoio psicol\u00f3gico reduzem a ansiedade e aumentam a confian\u00e7a.<\/p>\r\n<p class=\"p1\"><b>Limita\u00e7\u00f5es e Cuidados:<\/b> \u00e9 essencial respeitar sinais do corpo e n\u00e3o ignorar sintomas persistentes. O excesso de esfor\u00e7o f\u00edsico, o tabaco e a alimenta\u00e7\u00e3o descuidada s\u00e3o fatores de risco que devem ser eliminados.<\/p>\r\n<p class=\"p1\"><b>Apoio da Fam\u00edlia e Cuidadores:<\/b> familiares informados e envolvidos fazem a diferen\u00e7a na recupera\u00e7\u00e3o. Saber como apoiar \u00e9 fundamental para a autonomia do paciente.<\/p>\r\n<p class=\"p2\"><b>Motiva\u00e7\u00e3o e Bem-Estar:<\/b> definir objetivos realistas, celebrar progressos, participar em grupos de apoio e manter uma rede social ativa s\u00e3o formas eficazes de refor\u00e7ar a motiva\u00e7\u00e3o.<\/p>\r\n[\/vc_column_text][\/vc_column][\/vc_row][vc_row][vc_column][vc_empty_space height=&#8221;96px&#8221;][vc_column_text css=&#8221;&#8221;]\r\n<h2><span class=\"equal-h1\"> Recupera\u00e7\u00e3o P\u00f3s Enfarte: Dicas \u00dateis <\/span><\/h2>\r\n[\/vc_column_text][vc_separator color=&#8221;custom&#8221; align=&#8221;align_left&#8221; border_width=&#8221;3&#8243; el_width=&#8221;70&#8243; accent_color=&#8221;#70c2b4&#8243;][vc_column_text css=&#8221;&#8221;]\r\n<p class=\"p1\">A recupera\u00e7\u00e3o completa envolve v\u00e1rias frentes: f\u00edsica, emocional e social.<\/p>\r\n<p class=\"p1\"><b>Reabilita\u00e7\u00e3o Card\u00edaca:<\/b> programas multidisciplinares que incluem exerc\u00edcio supervisionado, educa\u00e7\u00e3o para a sa\u00fade e apoio psicol\u00f3gico s\u00e3o reconhecidamente uma das interven\u00e7\u00f5es mais eficazes para melhorar a qualidade de vida. Fale com o seu m\u00e9dico e procure um terapeuta especialista em recupera\u00e7\u00e3o cardiovascular.<\/p>\r\n<p class=\"p1\"><b>Mudan\u00e7a de H\u00e1bitos de Vida:<\/b> deixar de fumar, reduzir o consumo de sal e gorduras saturadas, controlar o peso e gerir o stress s\u00e3o passos indispens\u00e1veis para a recupera\u00e7\u00e3o da qualidade de vida.<\/p>\r\n<p class=\"p1\"><b>Consultas Regulares e Monitoriza\u00e7\u00e3o:<\/b> o acompanhamento m\u00e9dico especializado e peri\u00f3dico permite ajustar a medica\u00e7\u00e3o, prevenir complica\u00e7\u00f5es e refor\u00e7ar a motiva\u00e7\u00e3o do paciente.<\/p>\r\n[\/vc_column_text][\/vc_column][\/vc_row][vc_row][vc_column][vc_empty_space height=&#8221;96px&#8221;][vc_single_image image=&#8221;25364&#8243; img_size=&#8221;&#8221; css=&#8221;&#8221;][vc_column_text css=&#8221;&#8221;]\r\n<h2 class=\"equal-h1\">Considera\u00e7\u00f5es Finais<\/h2>\r\n[\/vc_column_text][vc_separator color=&#8221;custom&#8221; align=&#8221;align_left&#8221; border_width=&#8221;3&#8243; el_width=&#8221;70&#8243; accent_color=&#8221;#70c2b4&#8243;][vc_column_text css=&#8221;&#8221;]\r\n<p class=\"p1\">Viver depois de um enfarte \u00e9 um desafio, mas tamb\u00e9m uma oportunidade. Com cuidados m\u00e9dicos adequados, mudan\u00e7a de h\u00e1bitos e apoio emocional, \u00e9 poss\u00edvel recuperar qualidade de vida e reduzir substancialmente o risco de novos epis\u00f3dios.\u00a0Cada caso \u00e9 \u00fanico e exige acompanhamento cl\u00ednico personalizado. Procurar informa\u00e7\u00e3o fidedigna e manter uma rela\u00e7\u00e3o pr\u00f3xima com a equipa de sa\u00fade s\u00e3o os melhores aliados para um futuro mais seguro e equilibrado.<\/p>\r\n<p class=\"p1\">O presente artigo foi redigido pelo <a title=\"Saber mais acerca do Dr. Pedro Ribeiro Queir\u00f3s\" href=\"https:\/\/clinicamedicadoporto.pt\/staging\/equipa\/pedro-ribeiro-queiros\/\" target=\"_blank\" rel=\"noopener\">Dr. Pedro Ribeiro Queir\u00f3s<\/a>, M\u00e9dico especialista em Cardiologia e respons\u00e1vel pela <a title=\"Saber mais acerca da Consulta de Cardiologia da Cl\u00ednica M\u00e9dica do Porto\" href=\"https:\/\/clinicamedicadoporto.pt\/staging\/especialidades\/consulta-de-cardiologia\/\" target=\"_blank\" rel=\"noopener\">consulta de Cardiologia da Cl\u00ednica M\u00e9dica do Porto<\/a>.<\/p>\r\n<p class=\"p2\"><span style=\"text-decoration: underline;\">Aviso importante:<\/span> Este artigo tem car\u00e1ter informativo e n\u00e3o substitui a consulta m\u00e9dica. Qualquer decis\u00e3o sobre terapias ou mudan\u00e7as de estilo de vida deve ser tomada em conjunto com um profissional de sa\u00fade qualificado, com base numa avalia\u00e7\u00e3o cl\u00ednica individualizada.<\/p>\r\n[\/vc_column_text][\/vc_column][vc_column][vc_empty_space height=&#8221;96px&#8221;][vc_column_text css=&#8221;&#8221;]\r\n<h5 class=\"p1\"><strong>Refer\u00eancias Bibliogr\u00e1ficas<\/strong><\/h5>\r\n<h6>SNS24. (2025). Enfarte agudo do mioc\u00e1rdio. Consultado em 3 de setembro de 2025, de <a href=\"https:\/\/www.sns24.gov.pt\/tema\/doencas-do-coracao\/enfarte-agudo-do-miocardio\/\" target=\"_blank\" rel=\"nofollow noopener\">https:\/\/www.sns24.gov.pt\/tema\/doencas-do-coracao\/enfarte-agudo-do-miocardio\/<\/a>\r\nWebMD Editorial Contributors. (2023). Heart Attack. WebMD. Consultado em 3 de setembro de 2025, de <a href=\"https:\/\/www.webmd.com\/heart-disease\/heart-disease-heart-attacks\" target=\"_blank\" rel=\"nofollow noopener\">https:\/\/www.webmd.com\/heart-disease\/heart-disease-heart-attacks<\/a>\r\nNHS. (2025).Heart attack recovery. Consultado em 3 de setembro de 2025, de <a href=\"https:\/\/www.nhs.uk\/conditions\/heart-attack\/recovery\/\" target=\"_blank\" rel=\"nofollow noopener\">https:\/\/www.nhs.uk\/conditions\/heart-attack\/recovery\/<\/a>\r\nAnjana Devi, Seema Devi, Ayush Kattna, Himanshu Kumar, &amp; Rishav Kumar. (2023). An Exploratory Study on Public Awareness and Action Towards Heart Attack. International Journal for Multidisciplinary Research (IJFMR), 5(3). Consultado em 3 de setembro de 2025, de <a href=\"https:\/\/www.ijfmr.com\/research-paper.php?id=3483\" target=\"_blank\" rel=\"nofollow noopener\">https:\/\/www.ijfmr.com\/research-paper.php?id=3483<\/a>\r\nEntradas, C. A. C. N., &amp; Silvestre, F. M. M. (2023). GANHOS EM SA\u00daDE RESULTANTES DA REABILITA\u00c7\u00c3O CARD\u00cdACA NA PESSOA P\u00d3S-ENFARTE AGUDO DO MIOC\u00c1RDIO: UMA REVIS\u00c3O DA LITERATURA. Revista Ibero-Americana De Humanidades, 9(7). Consultado em 3 de setembro de 2025, de <a href=\"https:\/\/periodicorease.pro.br\/rease\/article\/view\/10631\" target=\"_blank\" rel=\"nofollow noopener\">https:\/\/periodicorease.pro.br\/rease\/article\/view\/10631<\/a>\r\nThomas, R. J. (2024). Cardiac Rehabilitation \u2014 Challenges, Advances, and the Road Ahead. New England Journal of Medicine, 390(9), 830-841. Consultado em 3 de setembro de 2025, de <a href=\"https:\/\/www.nejm.org\/doi\/full\/10.1056\/NEJMra2302291\" target=\"_blank\" rel=\"nofollow noopener\">https:\/\/www.nejm.org\/doi\/full\/10.1056\/NEJMra2302291<\/a>\r\nAmerican College of Cardiology\/American Heart Association Joint Committee on Clinical Practice Guidelines. (2025). 2025 ACC\/AHA\/ACEP\/NAEMSP\/SCAI Guideline for the Management of Patients With Acute Coronary Syndromes: A Report of the American College of Cardiology\/American Heart Association Joint Committee on Clinical Practice Guidelines. Journal of the American College of Cardiology, 85(9), 896\u20131058. Consultado em 3 de setembro de 2025, de <a href=\"https:\/\/www.jacc.org\/doi\/10.1016\/j.jacc.2024.11.009\" target=\"_blank\" rel=\"nofollow noopener\">https:\/\/www.jacc.org\/doi\/10.1016\/j.jacc.2024.11.009<\/a> Exploratory Study on Public Awareness and Action Towards Heart Attack<\/h6>\r\n<h6 class=\"p1\"><span class=\"s1\">Photo <a href=\"https:\/\/www.pexels.com\/photo\/photo-of-a-person-s-hand-holding-a-red-heart-9228364\/\" target=\"_blank\" rel=\"nofollow noopener\">DS stories<\/a>, Photo by <a href=\"https:\/\/www.pexels.com\/photo\/a-person-holding-a-foam-heart-cutout-7680065\/\" target=\"_blank\" rel=\"nofollow noopener\">DS stories<\/a>\r\n<\/span><\/h6>\r\n[\/vc_column_text][vc_column_text css=&#8221;&#8221; el_class=&#8221;pubdate&#8221;]Data de Publica\u00e7\u00e3o: 09\/2025[\/vc_column_text][\/vc_column][\/vc_row][vc_row][vc_column][vc_empty_space height=&#8221;64px&#8221;][vc_row_inner][vc_column_inner css=&#8221;.vc_custom_1582140310448{padding-top: 35px !important;padding-right: 35px !important;padding-left: 35px !important;background-color: rgba(112,194,180,0.24) !important;*background-color: rgb(112,194,180) !important;}&#8221;][vc_cta h2=&#8221;D\u00favidas ou quest\u00f5es?&#8221; add_button=&#8221;bottom&#8221; btn_title=&#8221;93 321 30 60&#8243; btn_i_icon_fontawesome=&#8221;fa fa-phone&#8221; btn_css_animation=&#8221;none&#8221; btn_add_icon=&#8221;true&#8221; btn_link=&#8221;url:tel%3A%2B351933213060||target:%20_blank|&#8221;]A leitura do presente artigo n\u00e3o dispensa em caso algum a visita ao seu m\u00e9dico assistente, nem substitui a sua opini\u00e3o. Cada caso dever\u00e1 ser analisado numa \u00f3ptica individual e personalizada, com base no historial da paciente.\r\nClique para conhecer as solu\u00e7\u00f5es que a <a href=\"https:\/\/clinicamedicadoporto.pt\/staging\" target=\"_blank\" rel=\"noopener noreferrer\"><strong>Cl\u00ednica M\u00e9dica do Porto<\/strong><\/a>, coloca ao seu dispor.[\/vc_cta][\/vc_column_inner][\/vc_row_inner][vc_empty_space][\/vc_column][\/vc_row][vc_row][vc_column][vc_empty_space]<div class=\"row multi-columns-row kwayy-blog-boxes-wrapper kwayy-blog-view-carousel kwayy-effect-carousel kwayy-items-col-two kwayy-carousel-col-two\" id=\"kwayy-blog-id-64805198\" data-autoplay=\"1\" data-autoplayspeed=\"1500\" data-autoplaytimeout=\"4500\" data-loop=\"1\"><div class=\"kwayy-blog-text col-xs-12 col-sm-12 col-md-12 col-lg-12\"><header class=\"kwayy-heading-wrapper kwayy-heading-wrapper-align-left\"><div class=\"kwayy-heading-wrapper-inner\"><h2 class=\"kwayy-heading-align-left\"><span>Outras publica\u00e7\u00f5es que lhe podem interessar<\/span><\/h2><div class=\"kwayy-carousel-controls-inner\"><a href=\"javascript:void(0)\" class=\"kwayy-carousel-prev\"><span class=\"wpb_button\"><i class=\"kwicon-fa-angle-left\"><\/i><\/span><\/a><a href=\"javascript:void(0)\" class=\"kwayy-carousel-next\"><span class=\"wpb_button\"><i class=\"kwicon-fa-angle-right\"><\/i><\/span><\/a><\/div><\/div><\/header><\/div><div class=\"kwayy-blog-boxes col-xs-12 col-sm-12 col-md-12 col-lg-12\"><div class=\"kwayy-blog-boxes-inner row kwayy-items-wrapper kwayy-carousel-items-wrapper \">\r\n\t\t<article class=\"post-box blog-slider-box-width kwayy-blogbox-format-standard conselhos-uteis cuidados-de-saude medicina-integrativa terapias-nao-convencionais\">\r\n\t\t\t<div class=\"post-item\">\r\n\t\t\t\t<div class=\"post-item-thumbnail\">\r\n\t\t\t\t\t<div class=\"post-item-thumbnail-inner\">\r\n\t\t\t\t\t\t<div class=\"kwayy-postbox-small-date\"><div class=\"kwayy-post-box-date-wrapper\"><div class=\"kwayy-entry-date-wrapper\">\r\n\t\t\t\t\t\t\t\t<span class=\"kwayy-entry-date\">\r\n\t\t\t\t\t\t\t\t\t<time class=\"entry-date\" datetime=\"\" >\r\n\t\t\t\t\t\t\t\t\t\t<span class=\"entry-date\"><\/span> \r\n\t\t\t\t\t\t\t\t\t\t<span class=\"entry-month\"><\/span> \r\n\t\t\t\t\t\t\t\t\t\t<span class=\"entry-year\"><\/span> \r\n\t\t\t\t\t\t\t\t\t<\/time>\r\n\t\t\t\t\t\t\t\t<\/span>\r\n\t\t\t\t\t\t\t<\/div><\/div><\/div>\r\n\t\t\t\t\t\t<a class=\"tm-blog-link\" href=\"https:\/\/clinicamedicadoporto.pt\/staging\/medicina-integrativa-na-dor\/\"><img loading=\"lazy\" decoding=\"async\" width=\"1664\" height=\"936\" src=\"https:\/\/clinicamedicadoporto.pt\/staging\/wp-content\/uploads\/2025\/11\/artigo-dor-medicina-integrativa-opt.jpg\" class=\"attachment-portfolio-fix-column size-portfolio-fix-column wp-post-image\" alt=\"Imagem de mulher em cima de cadeira em posi\u00e7\u00e3o fetal com m\u00e3os no rosto simbolizmo de sofrimento ou dor\" srcset=\"https:\/\/clinicamedicadoporto.pt\/staging\/wp-content\/uploads\/2025\/11\/artigo-dor-medicina-integrativa-opt.jpg 1664w, https:\/\/clinicamedicadoporto.pt\/staging\/wp-content\/uploads\/2025\/11\/artigo-dor-medicina-integrativa-opt-768x432.jpg 768w, https:\/\/clinicamedicadoporto.pt\/staging\/wp-content\/uploads\/2025\/11\/artigo-dor-medicina-integrativa-opt-1536x864.jpg 1536w, https:\/\/clinicamedicadoporto.pt\/staging\/wp-content\/uploads\/2025\/11\/artigo-dor-medicina-integrativa-opt-727x409.jpg 727w, https:\/\/clinicamedicadoporto.pt\/staging\/wp-content\/uploads\/2025\/11\/artigo-dor-medicina-integrativa-opt-1110x624.jpg 1110w, https:\/\/clinicamedicadoporto.pt\/staging\/wp-content\/uploads\/2025\/11\/artigo-dor-medicina-integrativa-opt-720x406.jpg 720w, https:\/\/clinicamedicadoporto.pt\/staging\/wp-content\/uploads\/2025\/11\/artigo-dor-medicina-integrativa-opt-750x422.jpg 750w\" sizes=\"auto, (max-width: 1664px) 100vw, 1664px\" \/><\/a>\r\n\t\t\t\t\t<\/div>\r\n\t\t\t\t\t<div class=\"overthumb\"><\/div>\r\n\t\t\t\t\t\r\n\t\t\t\t<\/div>\r\n\t\t\t\t<div class=\"item-content\">\r\n\t\t\t\t\t<h4><a href=\"https:\/\/clinicamedicadoporto.pt\/staging\/medicina-integrativa-na-dor\/\">Tratamento Integrativo da Dor: Abordagens e Estrat\u00e9gias para uma Gest\u00e3o Personalizada<\/a><\/h4>\r\n\t\t\t\t\t<div class=\"kwayy-meta-details\"><div class=\"kwayy-post-user\"><span class=\"author vcard\"><i class=\"kwicon-fa-user\"><\/i> <a class=\"url fn n\" href=\"https:\/\/clinicamedicadoporto.pt\/staging\/author\/m-reis-cmp\/\" title=\"View all posts by \" rel=\"author\"><\/a><\/span><\/div><span class=\"tags-links\"><i class=\"kwicon-fa-tags\"><\/i> <a href=\"https:\/\/clinicamedicadoporto.pt\/staging\/tag\/abordagem-multimodal-dor\/\" rel=\"tag\">abordagem multimodal dor<\/a>, <a href=\"https:\/\/clinicamedicadoporto.pt\/staging\/tag\/acupuntura-para-dor\/\" rel=\"tag\">acupuntura para dor<\/a>, <a href=\"https:\/\/clinicamedicadoporto.pt\/staging\/tag\/atividade-fisica-dor\/\" rel=\"tag\">atividade f\u00edsica dor<\/a>, <a href=\"https:\/\/clinicamedicadoporto.pt\/staging\/tag\/autocuidado-dor\/\" rel=\"tag\">autocuidado dor<\/a>, <a href=\"https:\/\/clinicamedicadoporto.pt\/staging\/tag\/clinica\/\" rel=\"tag\">clinica<\/a>, <a href=\"https:\/\/clinicamedicadoporto.pt\/staging\/tag\/clinica-medica-do-porto\/\" rel=\"tag\">Clinica M\u00e9dica do Porto<\/a>, <a href=\"https:\/\/clinicamedicadoporto.pt\/staging\/tag\/clinica-porto\/\" rel=\"tag\">Clinica Porto<\/a>, <a href=\"https:\/\/clinicamedicadoporto.pt\/staging\/tag\/consulta\/\" rel=\"tag\">Consulta<\/a>, <a href=\"https:\/\/clinicamedicadoporto.pt\/staging\/tag\/consulta-clinica-porto\/\" rel=\"tag\">Consulta Clinica Porto<\/a>, <a href=\"https:\/\/clinicamedicadoporto.pt\/staging\/tag\/consulta-medica\/\" rel=\"tag\">Consulta M\u00e9dica<\/a>, <a href=\"https:\/\/clinicamedicadoporto.pt\/staging\/tag\/cupping-dor\/\" rel=\"tag\">cupping dor<\/a>, <a href=\"https:\/\/clinicamedicadoporto.pt\/staging\/tag\/dor-aguda\/\" rel=\"tag\">dor aguda<\/a>, <a href=\"https:\/\/clinicamedicadoporto.pt\/staging\/tag\/dor-cervical\/\" rel=\"tag\">dor cervical<\/a>, <a href=\"https:\/\/clinicamedicadoporto.pt\/staging\/tag\/dor-cronica\/\" rel=\"tag\">dor cr\u00f3nica<\/a>, <a href=\"https:\/\/clinicamedicadoporto.pt\/staging\/tag\/dor-lombar\/\" rel=\"tag\">dor lombar<\/a>, <a href=\"https:\/\/clinicamedicadoporto.pt\/staging\/tag\/dor-musculoesqueletica\/\" rel=\"tag\">dor musculoesquel\u00e9tica<\/a>, <a href=\"https:\/\/clinicamedicadoporto.pt\/staging\/tag\/dor-neuropatica\/\" rel=\"tag\">dor neurop\u00e1tica<\/a>, <a href=\"https:\/\/clinicamedicadoporto.pt\/staging\/tag\/dor-nociplastica\/\" rel=\"tag\">dor nocipl\u00e1stica<\/a>, <a href=\"https:\/\/clinicamedicadoporto.pt\/staging\/tag\/educacao-para-a-dor\/\" rel=\"tag\">educa\u00e7\u00e3o para a dor<\/a>, <a href=\"https:\/\/clinicamedicadoporto.pt\/staging\/tag\/estilo-de-vida-dor\/\" rel=\"tag\">estilo de vida dor<\/a>, <a href=\"https:\/\/clinicamedicadoporto.pt\/staging\/tag\/fatores-emocionais-dor\/\" rel=\"tag\">fatores emocionais dor<\/a>, <a href=\"https:\/\/clinicamedicadoporto.pt\/staging\/tag\/fisioterapia-dor-cronica\/\" rel=\"tag\">fisioterapia dor cr\u00f3nica<\/a>, <a href=\"https:\/\/clinicamedicadoporto.pt\/staging\/tag\/fitoterapia-dor\/\" rel=\"tag\">fitoterapia dor<\/a>, <a href=\"https:\/\/clinicamedicadoporto.pt\/staging\/tag\/gestao-da-dor\/\" rel=\"tag\">gest\u00e3o da dor<\/a>, <a href=\"https:\/\/clinicamedicadoporto.pt\/staging\/tag\/medicina-alternativa\/\" rel=\"tag\">medicina alternativa<\/a>, <a href=\"https:\/\/clinicamedicadoporto.pt\/staging\/tag\/medicina-integrativa\/\" rel=\"tag\">medicina integrativa<\/a>, <a href=\"https:\/\/clinicamedicadoporto.pt\/staging\/tag\/mindfulness-dor\/\" rel=\"tag\">mindfulness dor<\/a>, <a href=\"https:\/\/clinicamedicadoporto.pt\/staging\/tag\/nutricao-anti-inflamatoria\/\" rel=\"tag\">nutri\u00e7\u00e3o anti-inflamat\u00f3ria<\/a>, <a href=\"https:\/\/clinicamedicadoporto.pt\/staging\/tag\/osteopatia-dor\/\" rel=\"tag\">osteopatia dor<\/a>, <a href=\"https:\/\/clinicamedicadoporto.pt\/staging\/tag\/qualidade-de-vida-dor\/\" rel=\"tag\">qualidade de vida dor<\/a>, <a href=\"https:\/\/clinicamedicadoporto.pt\/staging\/tag\/respiracao-diafragmatica-dor\/\" rel=\"tag\">respira\u00e7\u00e3o diafragm\u00e1tica dor<\/a>, <a href=\"https:\/\/clinicamedicadoporto.pt\/staging\/tag\/saude-integrativa\/\" rel=\"tag\">sa\u00fade integrativa<\/a>, <a href=\"https:\/\/clinicamedicadoporto.pt\/staging\/tag\/sono-e-dor\/\" rel=\"tag\">sono e dor<\/a>, <a href=\"https:\/\/clinicamedicadoporto.pt\/staging\/tag\/stress-e-dor\/\" rel=\"tag\">stress e dor<\/a>, <a href=\"https:\/\/clinicamedicadoporto.pt\/staging\/tag\/tecnicas-de-relaxamento-dor\/\" rel=\"tag\">t\u00e9cnicas de relaxamento dor<\/a>, <a href=\"https:\/\/clinicamedicadoporto.pt\/staging\/tag\/terapia\/\" rel=\"tag\">Terapia<\/a>, <a href=\"https:\/\/clinicamedicadoporto.pt\/staging\/tag\/terapias\/\" rel=\"tag\">Terapias<\/a>, <a href=\"https:\/\/clinicamedicadoporto.pt\/staging\/tag\/terapias-nao-convencionais\/\" rel=\"tag\">terapias n\u00e3o convencionais<\/a>, <a href=\"https:\/\/clinicamedicadoporto.pt\/staging\/tag\/todas-as-terapias\/\" rel=\"tag\">Todas as Terapias<\/a>, <a href=\"https:\/\/clinicamedicadoporto.pt\/staging\/tag\/tratamento-da-dor\/\" rel=\"tag\">tratamento da dor<\/a>, <a href=\"https:\/\/clinicamedicadoporto.pt\/staging\/tag\/tratamento-nao-farmacologico-dor\/\" rel=\"tag\">tratamento n\u00e3o farmacol\u00f3gico dor<\/a><\/span><span class=\"categories-links\"><i class=\"kwicon-fa-folder-open\"><\/i> <a href=\"https:\/\/clinicamedicadoporto.pt\/staging\/category\/conselhos-uteis\/\" rel=\"category tag\">Conselhos \u00dateis<\/a>, <a href=\"https:\/\/clinicamedicadoporto.pt\/staging\/category\/cuidados-de-saude\/\" rel=\"category tag\">Cuidados de Sa\u00fade<\/a>, <a href=\"https:\/\/clinicamedicadoporto.pt\/staging\/category\/medicina-integrativa\/\" rel=\"category tag\">Medicina Integrativa<\/a>, <a href=\"https:\/\/clinicamedicadoporto.pt\/staging\/category\/terapias-nao-convencionais\/\" rel=\"category tag\">Terapias N\u00e3o Convencionais<\/a><\/span><\/div>\r\n\t\t\t\t\t<div class=\"kwayy-blogbox-desc\">[vc_row][vc_co...<div class=\"kwayy-post-readmore\"><a href=\"https:\/\/clinicamedicadoporto.pt\/staging\/medicina-integrativa-na-dor\/\">Read More<i class=\"kwicon-fa-angle-right\"><\/i><\/a><\/div><\/div>\r\n\t\t\t\t<\/div>\r\n\t\t\t<\/div>\r\n\t\t<\/article>\r\n\t\r\n\t\t<article class=\"post-box blog-slider-box-width kwayy-blogbox-format-standard conselhos-uteis cuidados-de-saude saude-mental sexologia\">\r\n\t\t\t<div class=\"post-item\">\r\n\t\t\t\t<div class=\"post-item-thumbnail\">\r\n\t\t\t\t\t<div class=\"post-item-thumbnail-inner\">\r\n\t\t\t\t\t\t<div class=\"kwayy-postbox-small-date\"><div class=\"kwayy-post-box-date-wrapper\"><div class=\"kwayy-entry-date-wrapper\">\r\n\t\t\t\t\t\t\t\t<span class=\"kwayy-entry-date\">\r\n\t\t\t\t\t\t\t\t\t<time class=\"entry-date\" datetime=\"\" >\r\n\t\t\t\t\t\t\t\t\t\t<span class=\"entry-date\"><\/span> \r\n\t\t\t\t\t\t\t\t\t\t<span class=\"entry-month\"><\/span> \r\n\t\t\t\t\t\t\t\t\t\t<span class=\"entry-year\"><\/span> \r\n\t\t\t\t\t\t\t\t\t<\/time>\r\n\t\t\t\t\t\t\t\t<\/span>\r\n\t\t\t\t\t\t\t<\/div><\/div><\/div>\r\n\t\t\t\t\t\t<a class=\"tm-blog-link\" href=\"https:\/\/clinicamedicadoporto.pt\/staging\/tratar-ejaculacao-precoce\/\"><img loading=\"lazy\" decoding=\"async\" width=\"832\" height=\"468\" src=\"https:\/\/clinicamedicadoporto.pt\/staging\/wp-content\/uploads\/2025\/10\/artigo-ejaculacao-precoce-clinica-medica-porto.webp\" class=\"attachment-portfolio-fix-column size-portfolio-fix-column wp-post-image\" alt=\"Imagem de um homem e uma mulher sentados numa cama. O homem tem as m\u00e3o na cabe\u00e7a em sinal de preocupa\u00e7\u00e3o enquanto a mulher est\u00e1 sentada de costas para ele em sinal de afastamento\" srcset=\"https:\/\/clinicamedicadoporto.pt\/staging\/wp-content\/uploads\/2025\/10\/artigo-ejaculacao-precoce-clinica-medica-porto.webp 832w, https:\/\/clinicamedicadoporto.pt\/staging\/wp-content\/uploads\/2025\/10\/artigo-ejaculacao-precoce-clinica-medica-porto-768x432.webp 768w, https:\/\/clinicamedicadoporto.pt\/staging\/wp-content\/uploads\/2025\/10\/artigo-ejaculacao-precoce-clinica-medica-porto-727x409.webp 727w, https:\/\/clinicamedicadoporto.pt\/staging\/wp-content\/uploads\/2025\/10\/artigo-ejaculacao-precoce-clinica-medica-porto-720x406.webp 720w, https:\/\/clinicamedicadoporto.pt\/staging\/wp-content\/uploads\/2025\/10\/artigo-ejaculacao-precoce-clinica-medica-porto-750x422.webp 750w\" sizes=\"auto, (max-width: 832px) 100vw, 832px\" \/><\/a>\r\n\t\t\t\t\t<\/div>\r\n\t\t\t\t\t<div class=\"overthumb\"><\/div>\r\n\t\t\t\t\t\r\n\t\t\t\t<\/div>\r\n\t\t\t\t<div class=\"item-content\">\r\n\t\t\t\t\t<h4><a href=\"https:\/\/clinicamedicadoporto.pt\/staging\/tratar-ejaculacao-precoce\/\">Ejacula\u00e7\u00e3o Precoce: Causas, Sintomas e Tratamentos Eficazes<\/a><\/h4>\r\n\t\t\t\t\t<div class=\"kwayy-meta-details\"><div class=\"kwayy-post-user\"><span class=\"author vcard\"><i class=\"kwicon-fa-user\"><\/i> <a class=\"url fn n\" href=\"https:\/\/clinicamedicadoporto.pt\/staging\/author\/m-reis-cmp\/\" title=\"View all posts by \" rel=\"author\"><\/a><\/span><\/div><span class=\"tags-links\"><i class=\"kwicon-fa-tags\"><\/i> <a href=\"https:\/\/clinicamedicadoporto.pt\/staging\/tag\/ansiedade-de-desempenho-sexual\/\" rel=\"tag\">ansiedade de desempenho sexual<\/a>, <a href=\"https:\/\/clinicamedicadoporto.pt\/staging\/tag\/causas-ejaculacao-precoce\/\" rel=\"tag\">causas ejacula\u00e7\u00e3o precoce<\/a>, <a href=\"https:\/\/clinicamedicadoporto.pt\/staging\/tag\/clinica\/\" rel=\"tag\">clinica<\/a>, <a href=\"https:\/\/clinicamedicadoporto.pt\/staging\/tag\/clinica-medica-do-porto\/\" rel=\"tag\">Clinica M\u00e9dica do Porto<\/a>, <a href=\"https:\/\/clinicamedicadoporto.pt\/staging\/tag\/clinica-porto\/\" rel=\"tag\">Clinica Porto<\/a>, <a href=\"https:\/\/clinicamedicadoporto.pt\/staging\/tag\/consulta\/\" rel=\"tag\">Consulta<\/a>, <a href=\"https:\/\/clinicamedicadoporto.pt\/staging\/tag\/consulta-clinica-porto\/\" rel=\"tag\">Consulta Clinica Porto<\/a>, <a href=\"https:\/\/clinicamedicadoporto.pt\/staging\/tag\/consulta-medica\/\" rel=\"tag\">Consulta M\u00e9dica<\/a>, <a href=\"https:\/\/clinicamedicadoporto.pt\/staging\/tag\/consulta-sexologia\/\" rel=\"tag\">consulta sexologia<\/a>, <a href=\"https:\/\/clinicamedicadoporto.pt\/staging\/tag\/controlo-da-ejaculacao\/\" rel=\"tag\">controlo da ejacula\u00e7\u00e3o<\/a>, <a href=\"https:\/\/clinicamedicadoporto.pt\/staging\/tag\/disfuncao-sexual-masculina\/\" rel=\"tag\">disfun\u00e7\u00e3o sexual masculina<\/a>, <a href=\"https:\/\/clinicamedicadoporto.pt\/staging\/tag\/ejaculacao-precoce\/\" rel=\"tag\">ejacula\u00e7\u00e3o precoce<\/a>, <a href=\"https:\/\/clinicamedicadoporto.pt\/staging\/tag\/ejaculacao-precoce-adquirida\/\" rel=\"tag\">ejacula\u00e7\u00e3o precoce adquirida<\/a>, <a href=\"https:\/\/clinicamedicadoporto.pt\/staging\/tag\/ejaculacao-precoce-primaria\/\" rel=\"tag\">ejacula\u00e7\u00e3o precoce prim\u00e1ria<\/a>, <a href=\"https:\/\/clinicamedicadoporto.pt\/staging\/tag\/ejaculacao-prematura\/\" rel=\"tag\">ejacula\u00e7\u00e3o prematura<\/a>, <a href=\"https:\/\/clinicamedicadoporto.pt\/staging\/tag\/medicina-alternativa\/\" rel=\"tag\">medicina alternativa<\/a>, <a href=\"https:\/\/clinicamedicadoporto.pt\/staging\/tag\/saude-sexual-masculina\/\" rel=\"tag\">sa\u00fade sexual masculina<\/a>, <a href=\"https:\/\/clinicamedicadoporto.pt\/staging\/tag\/sintomas-ejaculacao-precoce\/\" rel=\"tag\">sintomas ejacula\u00e7\u00e3o precoce<\/a>, <a href=\"https:\/\/clinicamedicadoporto.pt\/staging\/tag\/tecnicas-comportamentais-ejaculacao-precoce\/\" rel=\"tag\">t\u00e9cnicas comportamentais ejacula\u00e7\u00e3o precoce<\/a>, <a href=\"https:\/\/clinicamedicadoporto.pt\/staging\/tag\/terapia\/\" rel=\"tag\">Terapia<\/a>, <a href=\"https:\/\/clinicamedicadoporto.pt\/staging\/tag\/terapia-sexual\/\" rel=\"tag\">terapia sexual<\/a>, <a href=\"https:\/\/clinicamedicadoporto.pt\/staging\/tag\/terapias\/\" rel=\"tag\">Terapias<\/a>, <a href=\"https:\/\/clinicamedicadoporto.pt\/staging\/tag\/terapias-nao-convencionais\/\" rel=\"tag\">terapias n\u00e3o convencionais<\/a>, <a href=\"https:\/\/clinicamedicadoporto.pt\/staging\/tag\/todas-as-terapias\/\" rel=\"tag\">Todas as Terapias<\/a>, <a href=\"https:\/\/clinicamedicadoporto.pt\/staging\/tag\/tratamento-ejaculacao-precoce\/\" rel=\"tag\">tratamento ejacula\u00e7\u00e3o precoce<\/a><\/span><span class=\"categories-links\"><i class=\"kwicon-fa-folder-open\"><\/i> <a href=\"https:\/\/clinicamedicadoporto.pt\/staging\/category\/conselhos-uteis\/\" rel=\"category tag\">Conselhos \u00dateis<\/a>, <a href=\"https:\/\/clinicamedicadoporto.pt\/staging\/category\/cuidados-de-saude\/\" rel=\"category tag\">Cuidados de Sa\u00fade<\/a>, <a href=\"https:\/\/clinicamedicadoporto.pt\/staging\/category\/saude-mental\/\" rel=\"category tag\">Sa\u00fade Mental<\/a>, <a href=\"https:\/\/clinicamedicadoporto.pt\/staging\/category\/sexologia\/\" rel=\"category tag\">Sexologia<\/a><\/span><\/div>\r\n\t\t\t\t\t<div class=\"kwayy-blogbox-desc\">[vc_row][vc_co...<div class=\"kwayy-post-readmore\"><a href=\"https:\/\/clinicamedicadoporto.pt\/staging\/tratar-ejaculacao-precoce\/\">Read More<i class=\"kwicon-fa-angle-right\"><\/i><\/a><\/div><\/div>\r\n\t\t\t\t<\/div>\r\n\t\t\t<\/div>\r\n\t\t<\/article>\r\n\t\r\n\t\t<article class=\"post-box blog-slider-box-width kwayy-blogbox-format-standard conselhos-uteis cuidados-de-saude reflecoes\">\r\n\t\t\t<div class=\"post-item\">\r\n\t\t\t\t<div class=\"post-item-thumbnail\">\r\n\t\t\t\t\t<div class=\"post-item-thumbnail-inner\">\r\n\t\t\t\t\t\t<div class=\"kwayy-postbox-small-date\"><div class=\"kwayy-post-box-date-wrapper\"><div class=\"kwayy-entry-date-wrapper\">\r\n\t\t\t\t\t\t\t\t<span class=\"kwayy-entry-date\">\r\n\t\t\t\t\t\t\t\t\t<time class=\"entry-date\" datetime=\"\" >\r\n\t\t\t\t\t\t\t\t\t\t<span class=\"entry-date\"><\/span> \r\n\t\t\t\t\t\t\t\t\t\t<span class=\"entry-month\"><\/span> \r\n\t\t\t\t\t\t\t\t\t\t<span class=\"entry-year\"><\/span> \r\n\t\t\t\t\t\t\t\t\t<\/time>\r\n\t\t\t\t\t\t\t\t<\/span>\r\n\t\t\t\t\t\t\t<\/div><\/div><\/div>\r\n\t\t\t\t\t\t<a class=\"tm-blog-link\" href=\"https:\/\/clinicamedicadoporto.pt\/staging\/recuperacao-apos-enfarte\/\"><img loading=\"lazy\" decoding=\"async\" width=\"1664\" height=\"936\" src=\"https:\/\/clinicamedicadoporto.pt\/staging\/wp-content\/uploads\/2025\/09\/artigo-enfarte-do-miocardio.jpg\" class=\"attachment-portfolio-fix-column size-portfolio-fix-column wp-post-image\" alt=\"Imagem de uma m\u00e3o que segura um modelo tridimensional de um cora\u00e7\u00e3o\" srcset=\"https:\/\/clinicamedicadoporto.pt\/staging\/wp-content\/uploads\/2025\/09\/artigo-enfarte-do-miocardio.jpg 1664w, https:\/\/clinicamedicadoporto.pt\/staging\/wp-content\/uploads\/2025\/09\/artigo-enfarte-do-miocardio-768x432.jpg 768w, https:\/\/clinicamedicadoporto.pt\/staging\/wp-content\/uploads\/2025\/09\/artigo-enfarte-do-miocardio-1536x864.jpg 1536w, https:\/\/clinicamedicadoporto.pt\/staging\/wp-content\/uploads\/2025\/09\/artigo-enfarte-do-miocardio-727x409.jpg 727w, https:\/\/clinicamedicadoporto.pt\/staging\/wp-content\/uploads\/2025\/09\/artigo-enfarte-do-miocardio-1110x624.jpg 1110w, https:\/\/clinicamedicadoporto.pt\/staging\/wp-content\/uploads\/2025\/09\/artigo-enfarte-do-miocardio-720x406.jpg 720w, https:\/\/clinicamedicadoporto.pt\/staging\/wp-content\/uploads\/2025\/09\/artigo-enfarte-do-miocardio-750x422.jpg 750w\" sizes=\"auto, (max-width: 1664px) 100vw, 1664px\" \/><\/a>\r\n\t\t\t\t\t<\/div>\r\n\t\t\t\t\t<div class=\"overthumb\"><\/div>\r\n\t\t\t\t\t\r\n\t\t\t\t<\/div>\r\n\t\t\t\t<div class=\"item-content\">\r\n\t\t\t\t\t<h4><a href=\"https:\/\/clinicamedicadoporto.pt\/staging\/recuperacao-apos-enfarte\/\">Sobreviver um Enfarte: Como Recuperar e Viver com Qualidade<\/a><\/h4>\r\n\t\t\t\t\t<div class=\"kwayy-meta-details\"><div class=\"kwayy-post-user\"><span class=\"author vcard\"><i class=\"kwicon-fa-user\"><\/i> <a class=\"url fn n\" href=\"https:\/\/clinicamedicadoporto.pt\/staging\/author\/m-reis-cmp\/\" title=\"View all posts by \" rel=\"author\"><\/a><\/span><\/div><span class=\"tags-links\"><i class=\"kwicon-fa-tags\"><\/i> <a href=\"https:\/\/clinicamedicadoporto.pt\/staging\/tag\/acompanhamento-medico\/\" rel=\"tag\">acompanhamento m\u00e9dico<\/a>, <a href=\"https:\/\/clinicamedicadoporto.pt\/staging\/tag\/ansiedade\/\" rel=\"tag\">ansiedade<\/a>, <a href=\"https:\/\/clinicamedicadoporto.pt\/staging\/tag\/apoio-psicologico\/\" rel=\"tag\">apoio psicol\u00f3gico<\/a>, <a href=\"https:\/\/clinicamedicadoporto.pt\/staging\/tag\/arritmias\/\" rel=\"tag\">arritmias<\/a>, <a href=\"https:\/\/clinicamedicadoporto.pt\/staging\/tag\/causas-enfarte\/\" rel=\"tag\">causas enfarte<\/a>, <a href=\"https:\/\/clinicamedicadoporto.pt\/staging\/tag\/clinica\/\" rel=\"tag\">clinica<\/a>, <a href=\"https:\/\/clinicamedicadoporto.pt\/staging\/tag\/clinica-de-cardiologia\/\" rel=\"tag\">cl\u00ednica de cardiologia<\/a>, <a href=\"https:\/\/clinicamedicadoporto.pt\/staging\/tag\/clinica-medica-do-porto\/\" rel=\"tag\">Clinica M\u00e9dica do Porto<\/a>, <a href=\"https:\/\/clinicamedicadoporto.pt\/staging\/tag\/clinica-porto\/\" rel=\"tag\">Clinica Porto<\/a>, <a href=\"https:\/\/clinicamedicadoporto.pt\/staging\/tag\/consulta\/\" rel=\"tag\">Consulta<\/a>, <a href=\"https:\/\/clinicamedicadoporto.pt\/staging\/tag\/consulta-clinica-porto\/\" rel=\"tag\">Consulta Clinica Porto<\/a>, <a href=\"https:\/\/clinicamedicadoporto.pt\/staging\/tag\/consulta-medica\/\" rel=\"tag\">Consulta M\u00e9dica<\/a>, <a href=\"https:\/\/clinicamedicadoporto.pt\/staging\/tag\/dieta-para-o-coracao\/\" rel=\"tag\">dieta para o cora\u00e7\u00e3o<\/a>, <a href=\"https:\/\/clinicamedicadoporto.pt\/staging\/tag\/equipa-multidisciplinar\/\" rel=\"tag\">equipa multidisciplinar<\/a>, <a href=\"https:\/\/clinicamedicadoporto.pt\/staging\/tag\/especialista-em-cardiologia\/\" rel=\"tag\">especialista em cardiologia<\/a>, <a href=\"https:\/\/clinicamedicadoporto.pt\/staging\/tag\/exercicio-fisico\/\" rel=\"tag\">exerc\u00edcio f\u00edsico<\/a>, <a href=\"https:\/\/clinicamedicadoporto.pt\/staging\/tag\/expectativa-de-vida\/\" rel=\"tag\">expectativa de vida<\/a>, <a href=\"https:\/\/clinicamedicadoporto.pt\/staging\/tag\/impacto-psicologico\/\" rel=\"tag\">impacto psicol\u00f3gico<\/a>, <a href=\"https:\/\/clinicamedicadoporto.pt\/staging\/tag\/insuficiencia-cardiaca\/\" rel=\"tag\">insufici\u00eancia card\u00edaca<\/a>, <a href=\"https:\/\/clinicamedicadoporto.pt\/staging\/tag\/medicamentos-pos-enfarte\/\" rel=\"tag\">medicamentos p\u00f3s-enfarte<\/a>, <a href=\"https:\/\/clinicamedicadoporto.pt\/staging\/tag\/medicina-alternativa\/\" rel=\"tag\">medicina alternativa<\/a>, <a href=\"https:\/\/clinicamedicadoporto.pt\/staging\/tag\/qualidade-de-vida\/\" rel=\"tag\">qualidade de vida<\/a>, <a href=\"https:\/\/clinicamedicadoporto.pt\/staging\/tag\/reabilitacao-cardiaca\/\" rel=\"tag\">reabilita\u00e7\u00e3o card\u00edaca<\/a>, <a href=\"https:\/\/clinicamedicadoporto.pt\/staging\/tag\/recuperacao-pos-enfarte\/\" rel=\"tag\">recupera\u00e7\u00e3o p\u00f3s-enfarte<\/a>, <a href=\"https:\/\/clinicamedicadoporto.pt\/staging\/tag\/sequelas-enfarte\/\" rel=\"tag\">sequelas enfarte<\/a>, <a href=\"https:\/\/clinicamedicadoporto.pt\/staging\/tag\/sexualidade\/\" rel=\"tag\">sexualidade<\/a>, <a href=\"https:\/\/clinicamedicadoporto.pt\/staging\/tag\/sintomas-enfarte\/\" rel=\"tag\">sintomas enfarte<\/a>, <a href=\"https:\/\/clinicamedicadoporto.pt\/staging\/tag\/terapia\/\" rel=\"tag\">Terapia<\/a>, <a href=\"https:\/\/clinicamedicadoporto.pt\/staging\/tag\/terapias\/\" rel=\"tag\">Terapias<\/a>, <a href=\"https:\/\/clinicamedicadoporto.pt\/staging\/tag\/terapias-nao-convencionais\/\" rel=\"tag\">terapias n\u00e3o convencionais<\/a>, <a href=\"https:\/\/clinicamedicadoporto.pt\/staging\/tag\/todas-as-terapias\/\" rel=\"tag\">Todas as Terapias<\/a>, <a href=\"https:\/\/clinicamedicadoporto.pt\/staging\/tag\/tratamento-enfarte\/\" rel=\"tag\">tratamento enfarte<\/a>, <a href=\"https:\/\/clinicamedicadoporto.pt\/staging\/tag\/vida-depois-do-enfarte\/\" rel=\"tag\">vida depois do enfarte<\/a><\/span><span class=\"categories-links\"><i class=\"kwicon-fa-folder-open\"><\/i> <a href=\"https:\/\/clinicamedicadoporto.pt\/staging\/category\/conselhos-uteis\/\" rel=\"category tag\">Conselhos \u00dateis<\/a>, <a href=\"https:\/\/clinicamedicadoporto.pt\/staging\/category\/cuidados-de-saude\/\" rel=\"category tag\">Cuidados de Sa\u00fade<\/a>, <a href=\"https:\/\/clinicamedicadoporto.pt\/staging\/category\/reflecoes\/\" rel=\"category tag\">Reflex\u00f5es<\/a><\/span><\/div>\r\n\t\t\t\t\t<div class=\"kwayy-blogbox-desc\">[vc_row][vc_co...<div class=\"kwayy-post-readmore\"><a href=\"https:\/\/clinicamedicadoporto.pt\/staging\/recuperacao-apos-enfarte\/\">Read More<i class=\"kwicon-fa-angle-right\"><\/i><\/a><\/div><\/div>\r\n\t\t\t\t<\/div>\r\n\t\t\t<\/div>\r\n\t\t<\/article>\r\n\t\r\n\t\t<article class=\"post-box blog-slider-box-width kwayy-blogbox-format-standard conselhos-uteis medicina-integrativa reposicao-modulacao-hormonal\">\r\n\t\t\t<div class=\"post-item\">\r\n\t\t\t\t<div class=\"post-item-thumbnail\">\r\n\t\t\t\t\t<div class=\"post-item-thumbnail-inner\">\r\n\t\t\t\t\t\t<div class=\"kwayy-postbox-small-date\"><div class=\"kwayy-post-box-date-wrapper\"><div class=\"kwayy-entry-date-wrapper\">\r\n\t\t\t\t\t\t\t\t<span class=\"kwayy-entry-date\">\r\n\t\t\t\t\t\t\t\t\t<time class=\"entry-date\" datetime=\"\" >\r\n\t\t\t\t\t\t\t\t\t\t<span class=\"entry-date\"><\/span> \r\n\t\t\t\t\t\t\t\t\t\t<span class=\"entry-month\"><\/span> \r\n\t\t\t\t\t\t\t\t\t\t<span class=\"entry-year\"><\/span> \r\n\t\t\t\t\t\t\t\t\t<\/time>\r\n\t\t\t\t\t\t\t\t<\/span>\r\n\t\t\t\t\t\t\t<\/div><\/div><\/div>\r\n\t\t\t\t\t\t<a class=\"tm-blog-link\" href=\"https:\/\/clinicamedicadoporto.pt\/staging\/prescricao-hormonas-bioidenticas\/\"><img loading=\"lazy\" decoding=\"async\" width=\"832\" height=\"468\" src=\"https:\/\/clinicamedicadoporto.pt\/staging\/wp-content\/uploads\/2025\/07\/artigo-reposicao-hormonal-bioidentica-2025-2.jpg\" class=\"attachment-portfolio-fix-column size-portfolio-fix-column wp-post-image\" alt=\"imagem de uma pessoa em frente a um (uma) m\u00e9dico \/a - alusivo a precri\u00e7\u00e3o m\u00e9dica bioidentica\" srcset=\"https:\/\/clinicamedicadoporto.pt\/staging\/wp-content\/uploads\/2025\/07\/artigo-reposicao-hormonal-bioidentica-2025-2.jpg 832w, https:\/\/clinicamedicadoporto.pt\/staging\/wp-content\/uploads\/2025\/07\/artigo-reposicao-hormonal-bioidentica-2025-2-768x432.jpg 768w, https:\/\/clinicamedicadoporto.pt\/staging\/wp-content\/uploads\/2025\/07\/artigo-reposicao-hormonal-bioidentica-2025-2-727x409.jpg 727w, https:\/\/clinicamedicadoporto.pt\/staging\/wp-content\/uploads\/2025\/07\/artigo-reposicao-hormonal-bioidentica-2025-2-720x406.jpg 720w, https:\/\/clinicamedicadoporto.pt\/staging\/wp-content\/uploads\/2025\/07\/artigo-reposicao-hormonal-bioidentica-2025-2-750x422.jpg 750w\" sizes=\"auto, (max-width: 832px) 100vw, 832px\" \/><\/a>\r\n\t\t\t\t\t<\/div>\r\n\t\t\t\t\t<div class=\"overthumb\"><\/div>\r\n\t\t\t\t\t\r\n\t\t\t\t<\/div>\r\n\t\t\t\t<div class=\"item-content\">\r\n\t\t\t\t\t<h4><a href=\"https:\/\/clinicamedicadoporto.pt\/staging\/prescricao-hormonas-bioidenticas\/\">Terapia Hormonal Bioid\u00eantica Passo a Passo: Da Avalia\u00e7\u00e3o \u00e0 Prescri\u00e7\u00e3o<\/a><\/h4>\r\n\t\t\t\t\t<div class=\"kwayy-meta-details\"><div class=\"kwayy-post-user\"><span class=\"author vcard\"><i class=\"kwicon-fa-user\"><\/i> <a class=\"url fn n\" href=\"https:\/\/clinicamedicadoporto.pt\/staging\/author\/m-reis-cmp\/\" title=\"View all posts by \" rel=\"author\"><\/a><\/span><\/div><span class=\"categories-links\"><i class=\"kwicon-fa-folder-open\"><\/i> <a href=\"https:\/\/clinicamedicadoporto.pt\/staging\/category\/conselhos-uteis\/\" rel=\"category tag\">Conselhos \u00dateis<\/a>, <a href=\"https:\/\/clinicamedicadoporto.pt\/staging\/category\/medicina-integrativa\/\" rel=\"category tag\">Medicina Integrativa<\/a>, <a href=\"https:\/\/clinicamedicadoporto.pt\/staging\/category\/medicina-integrativa\/reposicao-modulacao-hormonal\/\" rel=\"category tag\">Reposi\u00e7\u00e3o \/ Modula\u00e7\u00e3o Hormonal<\/a><\/span><\/div>\r\n\t\t\t\t\t<div class=\"kwayy-blogbox-desc\">[vc_row][vc_co...<div class=\"kwayy-post-readmore\"><a href=\"https:\/\/clinicamedicadoporto.pt\/staging\/prescricao-hormonas-bioidenticas\/\">Read More<i class=\"kwicon-fa-angle-right\"><\/i><\/a><\/div><\/div>\r\n\t\t\t\t<\/div>\r\n\t\t\t<\/div>\r\n\t\t<\/article>\r\n\t\r\n\t\t<article class=\"post-box blog-slider-box-width kwayy-blogbox-format-standard conselhos-uteis cuidados-de-saude estetica-clinica\">\r\n\t\t\t<div class=\"post-item\">\r\n\t\t\t\t<div class=\"post-item-thumbnail\">\r\n\t\t\t\t\t<div class=\"post-item-thumbnail-inner\">\r\n\t\t\t\t\t\t<div class=\"kwayy-postbox-small-date\"><div class=\"kwayy-post-box-date-wrapper\"><div class=\"kwayy-entry-date-wrapper\">\r\n\t\t\t\t\t\t\t\t<span class=\"kwayy-entry-date\">\r\n\t\t\t\t\t\t\t\t\t<time class=\"entry-date\" datetime=\"\" >\r\n\t\t\t\t\t\t\t\t\t\t<span class=\"entry-date\"><\/span> \r\n\t\t\t\t\t\t\t\t\t\t<span class=\"entry-month\"><\/span> \r\n\t\t\t\t\t\t\t\t\t\t<span class=\"entry-year\"><\/span> \r\n\t\t\t\t\t\t\t\t\t<\/time>\r\n\t\t\t\t\t\t\t\t<\/span>\r\n\t\t\t\t\t\t\t<\/div><\/div><\/div>\r\n\t\t\t\t\t\t<a class=\"tm-blog-link\" href=\"https:\/\/clinicamedicadoporto.pt\/staging\/guia-completo-proteccao-solar\/\"><img loading=\"lazy\" decoding=\"async\" width=\"832\" height=\"468\" src=\"https:\/\/clinicamedicadoporto.pt\/staging\/wp-content\/uploads\/2025\/06\/artigo-protecao-solar-clincia-medica-porto.jpg\" class=\"attachment-portfolio-fix-column size-portfolio-fix-column wp-post-image\" alt=\"Imagem com protetor solar e oculos de sol alusivo aos cuidados solares\" srcset=\"https:\/\/clinicamedicadoporto.pt\/staging\/wp-content\/uploads\/2025\/06\/artigo-protecao-solar-clincia-medica-porto.jpg 832w, https:\/\/clinicamedicadoporto.pt\/staging\/wp-content\/uploads\/2025\/06\/artigo-protecao-solar-clincia-medica-porto-768x432.jpg 768w, https:\/\/clinicamedicadoporto.pt\/staging\/wp-content\/uploads\/2025\/06\/artigo-protecao-solar-clincia-medica-porto-727x409.jpg 727w, https:\/\/clinicamedicadoporto.pt\/staging\/wp-content\/uploads\/2025\/06\/artigo-protecao-solar-clincia-medica-porto-720x406.jpg 720w, https:\/\/clinicamedicadoporto.pt\/staging\/wp-content\/uploads\/2025\/06\/artigo-protecao-solar-clincia-medica-porto-750x422.jpg 750w\" sizes=\"auto, (max-width: 832px) 100vw, 832px\" \/><\/a>\r\n\t\t\t\t\t<\/div>\r\n\t\t\t\t\t<div class=\"overthumb\"><\/div>\r\n\t\t\t\t\t\r\n\t\t\t\t<\/div>\r\n\t\t\t\t<div class=\"item-content\">\r\n\t\t\t\t\t<h4><a href=\"https:\/\/clinicamedicadoporto.pt\/staging\/guia-completo-proteccao-solar\/\">Protec\u00e7\u00e3o Solar: Guia Completo para Escolher e Usar Correctamente o Protetor Solar<\/a><\/h4>\r\n\t\t\t\t\t<div class=\"kwayy-meta-details\"><div class=\"kwayy-post-user\"><span class=\"author vcard\"><i class=\"kwicon-fa-user\"><\/i> <a class=\"url fn n\" href=\"https:\/\/clinicamedicadoporto.pt\/staging\/author\/m-reis-cmp\/\" title=\"View all posts by \" rel=\"author\"><\/a><\/span><\/div><span class=\"tags-links\"><i class=\"kwicon-fa-tags\"><\/i> <a href=\"https:\/\/clinicamedicadoporto.pt\/staging\/tag\/aplicar-protetor\/\" rel=\"tag\">aplicar protetor<\/a>, <a href=\"https:\/\/clinicamedicadoporto.pt\/staging\/tag\/bronzeado-seguro\/\" rel=\"tag\">bronzeado seguro<\/a>, <a href=\"https:\/\/clinicamedicadoporto.pt\/staging\/tag\/clinica\/\" rel=\"tag\">clinica<\/a>, <a href=\"https:\/\/clinicamedicadoporto.pt\/staging\/tag\/clinica-medica-do-porto\/\" rel=\"tag\">Clinica M\u00e9dica do Porto<\/a>, <a href=\"https:\/\/clinicamedicadoporto.pt\/staging\/tag\/clinica-porto\/\" rel=\"tag\">Clinica Porto<\/a>, <a href=\"https:\/\/clinicamedicadoporto.pt\/staging\/tag\/como-evitar-escaldoes\/\" rel=\"tag\">como evitar escald\u00f5es<\/a>, <a href=\"https:\/\/clinicamedicadoporto.pt\/staging\/tag\/consulta\/\" rel=\"tag\">Consulta<\/a>, <a href=\"https:\/\/clinicamedicadoporto.pt\/staging\/tag\/consulta-clinica-porto\/\" rel=\"tag\">Consulta Clinica Porto<\/a>, <a href=\"https:\/\/clinicamedicadoporto.pt\/staging\/tag\/consulta-medica\/\" rel=\"tag\">Consulta M\u00e9dica<\/a>, <a href=\"https:\/\/clinicamedicadoporto.pt\/staging\/tag\/cremes-solares\/\" rel=\"tag\">cremes solares<\/a>, <a href=\"https:\/\/clinicamedicadoporto.pt\/staging\/tag\/cuidados-com-o-sol\/\" rel=\"tag\">cuidados com o sol<\/a>, <a href=\"https:\/\/clinicamedicadoporto.pt\/staging\/tag\/cuidados-pele-verao\/\" rel=\"tag\">cuidados pele ver\u00e3o<\/a>, <a href=\"https:\/\/clinicamedicadoporto.pt\/staging\/tag\/escolher-fps\/\" rel=\"tag\">escolher FPS<\/a>, <a href=\"https:\/\/clinicamedicadoporto.pt\/staging\/tag\/evitar-sol-intenso\/\" rel=\"tag\">evitar sol intenso<\/a>, <a href=\"https:\/\/clinicamedicadoporto.pt\/staging\/tag\/filtro-solar\/\" rel=\"tag\">filtro solar<\/a>, <a href=\"https:\/\/clinicamedicadoporto.pt\/staging\/tag\/filtro-solar-rosto\/\" rel=\"tag\">filtro solar rosto<\/a>, <a href=\"https:\/\/clinicamedicadoporto.pt\/staging\/tag\/fototipo-solar\/\" rel=\"tag\">fototipo solar<\/a>, <a href=\"https:\/\/clinicamedicadoporto.pt\/staging\/tag\/fps-50\/\" rel=\"tag\">FPS 50+<\/a>, <a href=\"https:\/\/clinicamedicadoporto.pt\/staging\/tag\/fps-ideal\/\" rel=\"tag\">FPS ideal<\/a>, <a href=\"https:\/\/clinicamedicadoporto.pt\/staging\/tag\/fps-para-criancas\/\" rel=\"tag\">FPS para crian\u00e7as<\/a>, <a href=\"https:\/\/clinicamedicadoporto.pt\/staging\/tag\/medicina-alternativa\/\" rel=\"tag\">medicina alternativa<\/a>, <a href=\"https:\/\/clinicamedicadoporto.pt\/staging\/tag\/pele-e-sol\/\" rel=\"tag\">pele e sol<\/a>, <a href=\"https:\/\/clinicamedicadoporto.pt\/staging\/tag\/pele-sensivel\/\" rel=\"tag\">pele sens\u00edvel<\/a>, <a href=\"https:\/\/clinicamedicadoporto.pt\/staging\/tag\/protecao-solar\/\" rel=\"tag\">prote\u00e7\u00e3o solar<\/a>, <a href=\"https:\/\/clinicamedicadoporto.pt\/staging\/tag\/protecao-uva-uvb\/\" rel=\"tag\">prote\u00e7\u00e3o UVA UVB<\/a>, <a href=\"https:\/\/clinicamedicadoporto.pt\/staging\/tag\/protecao-verao\/\" rel=\"tag\">prote\u00e7\u00e3o ver\u00e3o<\/a>, <a href=\"https:\/\/clinicamedicadoporto.pt\/staging\/tag\/protetor-facial\/\" rel=\"tag\">protetor facial<\/a>, <a href=\"https:\/\/clinicamedicadoporto.pt\/staging\/tag\/protetor-infantil\/\" rel=\"tag\">protetor infantil<\/a>, <a href=\"https:\/\/clinicamedicadoporto.pt\/staging\/tag\/protetor-solar\/\" rel=\"tag\">protetor solar<\/a>, <a href=\"https:\/\/clinicamedicadoporto.pt\/staging\/tag\/protetores-minerais\/\" rel=\"tag\">protetores minerais<\/a>, <a href=\"https:\/\/clinicamedicadoporto.pt\/staging\/tag\/protetores-quimicos\/\" rel=\"tag\">protetores qu\u00edmicos<\/a>, <a href=\"https:\/\/clinicamedicadoporto.pt\/staging\/tag\/radiacao-uv\/\" rel=\"tag\">radia\u00e7\u00e3o UV<\/a>, <a href=\"https:\/\/clinicamedicadoporto.pt\/staging\/tag\/reaplicar-protetor\/\" rel=\"tag\">reaplicar protetor<\/a>, <a href=\"https:\/\/clinicamedicadoporto.pt\/staging\/tag\/roupa-contra-o-sol\/\" rel=\"tag\">roupa contra o sol<\/a>, <a href=\"https:\/\/clinicamedicadoporto.pt\/staging\/tag\/sol-e-envelhecimento\/\" rel=\"tag\">sol e envelhecimento<\/a>, <a href=\"https:\/\/clinicamedicadoporto.pt\/staging\/tag\/sol-e-pele\/\" rel=\"tag\">sol e pele<\/a>, <a href=\"https:\/\/clinicamedicadoporto.pt\/staging\/tag\/terapia\/\" rel=\"tag\">Terapia<\/a>, <a href=\"https:\/\/clinicamedicadoporto.pt\/staging\/tag\/terapias\/\" rel=\"tag\">Terapias<\/a>, <a href=\"https:\/\/clinicamedicadoporto.pt\/staging\/tag\/terapias-nao-convencionais\/\" rel=\"tag\">terapias n\u00e3o convencionais<\/a>, <a href=\"https:\/\/clinicamedicadoporto.pt\/staging\/tag\/todas-as-terapias\/\" rel=\"tag\">Todas as Terapias<\/a><\/span><span class=\"categories-links\"><i class=\"kwicon-fa-folder-open\"><\/i> <a href=\"https:\/\/clinicamedicadoporto.pt\/staging\/category\/conselhos-uteis\/\" rel=\"category tag\">Conselhos \u00dateis<\/a>, <a href=\"https:\/\/clinicamedicadoporto.pt\/staging\/category\/cuidados-de-saude\/\" rel=\"category tag\">Cuidados de Sa\u00fade<\/a>, <a href=\"https:\/\/clinicamedicadoporto.pt\/staging\/category\/estetica-clinica\/\" rel=\"category tag\">Est\u00e9tica Cl\u00ednica<\/a><\/span><\/div>\r\n\t\t\t\t\t<div class=\"kwayy-blogbox-desc\">[vc_row][vc_co...<div class=\"kwayy-post-readmore\"><a href=\"https:\/\/clinicamedicadoporto.pt\/staging\/guia-completo-proteccao-solar\/\">Read More<i class=\"kwicon-fa-angle-right\"><\/i><\/a><\/div><\/div>\r\n\t\t\t\t<\/div>\r\n\t\t\t<\/div>\r\n\t\t<\/article>\r\n\t\r\n\t\t<article class=\"post-box blog-slider-box-width kwayy-blogbox-format-standard conselhos-uteis cuidados-de-saude nutricao-e-dietetica\">\r\n\t\t\t<div class=\"post-item\">\r\n\t\t\t\t<div class=\"post-item-thumbnail\">\r\n\t\t\t\t\t<div class=\"post-item-thumbnail-inner\">\r\n\t\t\t\t\t\t<div class=\"kwayy-postbox-small-date\"><div class=\"kwayy-post-box-date-wrapper\"><div class=\"kwayy-entry-date-wrapper\">\r\n\t\t\t\t\t\t\t\t<span class=\"kwayy-entry-date\">\r\n\t\t\t\t\t\t\t\t\t<time class=\"entry-date\" datetime=\"\" >\r\n\t\t\t\t\t\t\t\t\t\t<span class=\"entry-date\"><\/span> \r\n\t\t\t\t\t\t\t\t\t\t<span class=\"entry-month\"><\/span> \r\n\t\t\t\t\t\t\t\t\t\t<span class=\"entry-year\"><\/span> \r\n\t\t\t\t\t\t\t\t\t<\/time>\r\n\t\t\t\t\t\t\t\t<\/span>\r\n\t\t\t\t\t\t\t<\/div><\/div><\/div>\r\n\t\t\t\t\t\t<a class=\"tm-blog-link\" href=\"https:\/\/clinicamedicadoporto.pt\/staging\/peso-ideal\/\"><img loading=\"lazy\" decoding=\"async\" width=\"832\" height=\"468\" src=\"https:\/\/clinicamedicadoporto.pt\/staging\/wp-content\/uploads\/2025\/05\/artigo-aumento-peso-clinica-medica-porto.jpg\" class=\"attachment-portfolio-fix-column size-portfolio-fix-column wp-post-image\" alt=\"Imagem com uma mulher que segura uma balan\u00e7a, alusivo ao conceito de peso ideal\" srcset=\"https:\/\/clinicamedicadoporto.pt\/staging\/wp-content\/uploads\/2025\/05\/artigo-aumento-peso-clinica-medica-porto.jpg 832w, https:\/\/clinicamedicadoporto.pt\/staging\/wp-content\/uploads\/2025\/05\/artigo-aumento-peso-clinica-medica-porto-768x432.jpg 768w, https:\/\/clinicamedicadoporto.pt\/staging\/wp-content\/uploads\/2025\/05\/artigo-aumento-peso-clinica-medica-porto-727x409.jpg 727w, https:\/\/clinicamedicadoporto.pt\/staging\/wp-content\/uploads\/2025\/05\/artigo-aumento-peso-clinica-medica-porto-720x406.jpg 720w, https:\/\/clinicamedicadoporto.pt\/staging\/wp-content\/uploads\/2025\/05\/artigo-aumento-peso-clinica-medica-porto-750x422.jpg 750w\" sizes=\"auto, (max-width: 832px) 100vw, 832px\" \/><\/a>\r\n\t\t\t\t\t<\/div>\r\n\t\t\t\t\t<div class=\"overthumb\"><\/div>\r\n\t\t\t\t\t\r\n\t\t\t\t<\/div>\r\n\t\t\t\t<div class=\"item-content\">\r\n\t\t\t\t\t<h4><a href=\"https:\/\/clinicamedicadoporto.pt\/staging\/peso-ideal\/\">Dificuldade em Ganhar Peso: Um Desafio Pouco Falado, Mas Muito Real<\/a><\/h4>\r\n\t\t\t\t\t<div class=\"kwayy-meta-details\"><div class=\"kwayy-post-user\"><span class=\"author vcard\"><i class=\"kwicon-fa-user\"><\/i> <a class=\"url fn n\" href=\"https:\/\/clinicamedicadoporto.pt\/staging\/author\/m-reis-cmp\/\" title=\"View all posts by \" rel=\"author\"><\/a><\/span><\/div><span class=\"tags-links\"><i class=\"kwicon-fa-tags\"><\/i> <a href=\"https:\/\/clinicamedicadoporto.pt\/staging\/tag\/ajuda-para-engordar\/\" rel=\"tag\">ajuda para engordar<\/a>, <a href=\"https:\/\/clinicamedicadoporto.pt\/staging\/tag\/alimentacao-para-engordar\/\" rel=\"tag\">alimenta\u00e7\u00e3o para engordar<\/a>, <a href=\"https:\/\/clinicamedicadoporto.pt\/staging\/tag\/autoimagem-e-peso\/\" rel=\"tag\">autoimagem e peso<\/a>, <a href=\"https:\/\/clinicamedicadoporto.pt\/staging\/tag\/baixo-peso-causas\/\" rel=\"tag\">baixo peso causas<\/a>, <a href=\"https:\/\/clinicamedicadoporto.pt\/staging\/tag\/clinica\/\" rel=\"tag\">clinica<\/a>, <a href=\"https:\/\/clinicamedicadoporto.pt\/staging\/tag\/clinica-medica-do-porto\/\" rel=\"tag\">Clinica M\u00e9dica do Porto<\/a>, <a href=\"https:\/\/clinicamedicadoporto.pt\/staging\/tag\/clinica-porto\/\" rel=\"tag\">Clinica Porto<\/a>, <a href=\"https:\/\/clinicamedicadoporto.pt\/staging\/tag\/como-aumentar-de-peso\/\" rel=\"tag\">como aumentar de peso<\/a>, <a href=\"https:\/\/clinicamedicadoporto.pt\/staging\/tag\/como-ter-mais-peso\/\" rel=\"tag\">como ter mais peso<\/a>, <a href=\"https:\/\/clinicamedicadoporto.pt\/staging\/tag\/consulta\/\" rel=\"tag\">Consulta<\/a>, <a href=\"https:\/\/clinicamedicadoporto.pt\/staging\/tag\/consulta-clinica-porto\/\" rel=\"tag\">Consulta Clinica Porto<\/a>, <a href=\"https:\/\/clinicamedicadoporto.pt\/staging\/tag\/consulta-medica\/\" rel=\"tag\">Consulta M\u00e9dica<\/a>, <a href=\"https:\/\/clinicamedicadoporto.pt\/staging\/tag\/consultas-para-engordar\/\" rel=\"tag\">consultas para engordar<\/a>, <a href=\"https:\/\/clinicamedicadoporto.pt\/staging\/tag\/dificuldade-em-engordar\/\" rel=\"tag\">dificuldade em engordar<\/a>, <a href=\"https:\/\/clinicamedicadoporto.pt\/staging\/tag\/equilibrio-nutricional\/\" rel=\"tag\">equil\u00edbrio nutricional<\/a>, <a href=\"https:\/\/clinicamedicadoporto.pt\/staging\/tag\/estrategias-para-engordar\/\" rel=\"tag\">estrat\u00e9gias para engordar<\/a>, <a href=\"https:\/\/clinicamedicadoporto.pt\/staging\/tag\/ganhar-massa-corporal\/\" rel=\"tag\">ganhar massa corporal<\/a>, <a href=\"https:\/\/clinicamedicadoporto.pt\/staging\/tag\/ganho-de-peso-saudavel\/\" rel=\"tag\">ganho de peso saud\u00e1vel<\/a>, <a href=\"https:\/\/clinicamedicadoporto.pt\/staging\/tag\/magreza-extrema-causas\/\" rel=\"tag\">magreza extrema causas<\/a>, <a href=\"https:\/\/clinicamedicadoporto.pt\/staging\/tag\/medicina-alternativa\/\" rel=\"tag\">medicina alternativa<\/a>, <a href=\"https:\/\/clinicamedicadoporto.pt\/staging\/tag\/metabolismo-acelerado\/\" rel=\"tag\">metabolismo acelerado<\/a>, <a href=\"https:\/\/clinicamedicadoporto.pt\/staging\/tag\/nutricao-para-engordar\/\" rel=\"tag\">nutri\u00e7\u00e3o para engordar<\/a>, <a href=\"https:\/\/clinicamedicadoporto.pt\/staging\/tag\/peso\/\" rel=\"tag\">peso<\/a>, <a href=\"https:\/\/clinicamedicadoporto.pt\/staging\/tag\/peso-saudavel\/\" rel=\"tag\">peso saudavel<\/a>, <a href=\"https:\/\/clinicamedicadoporto.pt\/staging\/tag\/problemas-em-engordar\/\" rel=\"tag\">problemas em engordar<\/a>, <a href=\"https:\/\/clinicamedicadoporto.pt\/staging\/tag\/reeducacao-alimentar\/\" rel=\"tag\">reeduca\u00e7\u00e3o alimentar<\/a>, <a href=\"https:\/\/clinicamedicadoporto.pt\/staging\/tag\/suplementos-para-engordar\/\" rel=\"tag\">suplementos para engordar<\/a>, <a href=\"https:\/\/clinicamedicadoporto.pt\/staging\/tag\/terapia\/\" rel=\"tag\">Terapia<\/a>, <a href=\"https:\/\/clinicamedicadoporto.pt\/staging\/tag\/terapias\/\" rel=\"tag\">Terapias<\/a>, <a href=\"https:\/\/clinicamedicadoporto.pt\/staging\/tag\/terapias-nao-convencionais\/\" rel=\"tag\">terapias n\u00e3o convencionais<\/a>, <a href=\"https:\/\/clinicamedicadoporto.pt\/staging\/tag\/todas-as-terapias\/\" rel=\"tag\">Todas as Terapias<\/a>, <a href=\"https:\/\/clinicamedicadoporto.pt\/staging\/tag\/tratamento-baixo-peso\/\" rel=\"tag\">tratamento baixo peso<\/a><\/span><span class=\"categories-links\"><i class=\"kwicon-fa-folder-open\"><\/i> <a href=\"https:\/\/clinicamedicadoporto.pt\/staging\/category\/conselhos-uteis\/\" rel=\"category tag\">Conselhos \u00dateis<\/a>, <a href=\"https:\/\/clinicamedicadoporto.pt\/staging\/category\/cuidados-de-saude\/\" rel=\"category tag\">Cuidados de Sa\u00fade<\/a>, <a href=\"https:\/\/clinicamedicadoporto.pt\/staging\/category\/nutricao-e-dietetica\/\" rel=\"category tag\">Nutri\u00e7\u00e3o e Diet\u00e9tica<\/a><\/span><\/div>\r\n\t\t\t\t\t<div class=\"kwayy-blogbox-desc\">[vc_row][vc_co...<div class=\"kwayy-post-readmore\"><a href=\"https:\/\/clinicamedicadoporto.pt\/staging\/peso-ideal\/\">Read More<i class=\"kwicon-fa-angle-right\"><\/i><\/a><\/div><\/div>\r\n\t\t\t\t<\/div>\r\n\t\t\t<\/div>\r\n\t\t<\/article>\r\n\t\r\n\t\t<article class=\"post-box blog-slider-box-width kwayy-blogbox-format-standard cuidados-de-saude psicossomaticas reflecoes sexologia\">\r\n\t\t\t<div class=\"post-item\">\r\n\t\t\t\t<div class=\"post-item-thumbnail\">\r\n\t\t\t\t\t<div class=\"post-item-thumbnail-inner\">\r\n\t\t\t\t\t\t<div class=\"kwayy-postbox-small-date\"><div class=\"kwayy-post-box-date-wrapper\"><div class=\"kwayy-entry-date-wrapper\">\r\n\t\t\t\t\t\t\t\t<span class=\"kwayy-entry-date\">\r\n\t\t\t\t\t\t\t\t\t<time class=\"entry-date\" datetime=\"\" >\r\n\t\t\t\t\t\t\t\t\t\t<span class=\"entry-date\"><\/span> \r\n\t\t\t\t\t\t\t\t\t\t<span class=\"entry-month\"><\/span> \r\n\t\t\t\t\t\t\t\t\t\t<span class=\"entry-year\"><\/span> \r\n\t\t\t\t\t\t\t\t\t<\/time>\r\n\t\t\t\t\t\t\t\t<\/span>\r\n\t\t\t\t\t\t\t<\/div><\/div><\/div>\r\n\t\t\t\t\t\t<a class=\"tm-blog-link\" href=\"https:\/\/clinicamedicadoporto.pt\/staging\/recuperar-desejo-sexual\/\"><img loading=\"lazy\" decoding=\"async\" width=\"1664\" height=\"936\" src=\"https:\/\/clinicamedicadoporto.pt\/staging\/wp-content\/uploads\/2025\/04\/artigo-libido-sexualidade.jpg\" class=\"attachment-portfolio-fix-column size-portfolio-fix-column wp-post-image\" alt=\"Um homem e uma mulher, casal sentados na cama em com as m\u00e3os no rosto em sinal de preocupa\u00e7\u00e3o\" srcset=\"https:\/\/clinicamedicadoporto.pt\/staging\/wp-content\/uploads\/2025\/04\/artigo-libido-sexualidade.jpg 1664w, https:\/\/clinicamedicadoporto.pt\/staging\/wp-content\/uploads\/2025\/04\/artigo-libido-sexualidade-768x432.jpg 768w, https:\/\/clinicamedicadoporto.pt\/staging\/wp-content\/uploads\/2025\/04\/artigo-libido-sexualidade-1536x864.jpg 1536w, https:\/\/clinicamedicadoporto.pt\/staging\/wp-content\/uploads\/2025\/04\/artigo-libido-sexualidade-727x409.jpg 727w, https:\/\/clinicamedicadoporto.pt\/staging\/wp-content\/uploads\/2025\/04\/artigo-libido-sexualidade-1110x624.jpg 1110w, https:\/\/clinicamedicadoporto.pt\/staging\/wp-content\/uploads\/2025\/04\/artigo-libido-sexualidade-720x406.jpg 720w, https:\/\/clinicamedicadoporto.pt\/staging\/wp-content\/uploads\/2025\/04\/artigo-libido-sexualidade-750x422.jpg 750w\" sizes=\"auto, (max-width: 1664px) 100vw, 1664px\" \/><\/a>\r\n\t\t\t\t\t<\/div>\r\n\t\t\t\t\t<div class=\"overthumb\"><\/div>\r\n\t\t\t\t\t\r\n\t\t\t\t<\/div>\r\n\t\t\t\t<div class=\"item-content\">\r\n\t\t\t\t\t<h4><a href=\"https:\/\/clinicamedicadoporto.pt\/staging\/recuperar-desejo-sexual\/\">Altos e Baixos do Desejo Sexual? Porque Acontece e como Recuperar o Prazer<\/a><\/h4>\r\n\t\t\t\t\t<div class=\"kwayy-meta-details\"><div class=\"kwayy-post-user\"><span class=\"author vcard\"><i class=\"kwicon-fa-user\"><\/i> <a class=\"url fn n\" href=\"https:\/\/clinicamedicadoporto.pt\/staging\/author\/m-reis-cmp\/\" title=\"View all posts by \" rel=\"author\"><\/a><\/span><\/div><span class=\"tags-links\"><i class=\"kwicon-fa-tags\"><\/i> <a href=\"https:\/\/clinicamedicadoporto.pt\/staging\/tag\/alimentacao-e-desejo-sexual\/\" rel=\"tag\">alimenta\u00e7\u00e3o e desejo sexual<\/a>, <a href=\"https:\/\/clinicamedicadoporto.pt\/staging\/tag\/baixa-libido-causas\/\" rel=\"tag\">baixa libido causas<\/a>, <a href=\"https:\/\/clinicamedicadoporto.pt\/staging\/tag\/baixa-libido-masculina\/\" rel=\"tag\">baixa libido masculina<\/a>, <a href=\"https:\/\/clinicamedicadoporto.pt\/staging\/tag\/clinica\/\" rel=\"tag\">clinica<\/a>, <a href=\"https:\/\/clinicamedicadoporto.pt\/staging\/tag\/clinica-medica-do-porto\/\" rel=\"tag\">Clinica M\u00e9dica do Porto<\/a>, <a href=\"https:\/\/clinicamedicadoporto.pt\/staging\/tag\/clinica-porto\/\" rel=\"tag\">Clinica Porto<\/a>, <a href=\"https:\/\/clinicamedicadoporto.pt\/staging\/tag\/como-aumentar-a-libido\/\" rel=\"tag\">como aumentar a libido<\/a>, <a href=\"https:\/\/clinicamedicadoporto.pt\/staging\/tag\/como-recuperar-o-desejo-sexual\/\" rel=\"tag\">como recuperar o desejo sexual<\/a>, <a href=\"https:\/\/clinicamedicadoporto.pt\/staging\/tag\/consulta\/\" rel=\"tag\">Consulta<\/a>, <a href=\"https:\/\/clinicamedicadoporto.pt\/staging\/tag\/consulta-clinica-porto\/\" rel=\"tag\">Consulta Clinica Porto<\/a>, <a href=\"https:\/\/clinicamedicadoporto.pt\/staging\/tag\/consulta-medica\/\" rel=\"tag\">Consulta M\u00e9dica<\/a>, <a href=\"https:\/\/clinicamedicadoporto.pt\/staging\/tag\/depressao-e-desejo-sexual\/\" rel=\"tag\">depress\u00e3o e desejo sexual<\/a>, <a href=\"https:\/\/clinicamedicadoporto.pt\/staging\/tag\/desejo-sexual-feminino\/\" rel=\"tag\">desejo sexual feminino<\/a>, <a href=\"https:\/\/clinicamedicadoporto.pt\/staging\/tag\/desejo-sexual-no-casal\/\" rel=\"tag\">desejo sexual no casal<\/a>, <a href=\"https:\/\/clinicamedicadoporto.pt\/staging\/tag\/desejo-sexual-reduzido\/\" rel=\"tag\">desejo sexual reduzido<\/a>, <a href=\"https:\/\/clinicamedicadoporto.pt\/staging\/tag\/desequilibrio-hormonal-e-libido\/\" rel=\"tag\">desequil\u00edbrio hormonal e libido<\/a>, <a href=\"https:\/\/clinicamedicadoporto.pt\/staging\/tag\/diminuicao-da-libido\/\" rel=\"tag\">diminui\u00e7\u00e3o da libido<\/a>, <a href=\"https:\/\/clinicamedicadoporto.pt\/staging\/tag\/estilo-de-vida-e-desejo-sexual\/\" rel=\"tag\">estilo de vida e desejo sexual<\/a>, <a href=\"https:\/\/clinicamedicadoporto.pt\/staging\/tag\/exercicio-fisico-e-libido\/\" rel=\"tag\">exerc\u00edcio f\u00edsico e libido<\/a>, <a href=\"https:\/\/clinicamedicadoporto.pt\/staging\/tag\/falta-de-apetite-sexual\/\" rel=\"tag\">falta de apetite sexual<\/a>, <a href=\"https:\/\/clinicamedicadoporto.pt\/staging\/tag\/falta-de-atracao-pelo-parceiro\/\" rel=\"tag\">falta de atra\u00e7\u00e3o pelo parceiro<\/a>, <a href=\"https:\/\/clinicamedicadoporto.pt\/staging\/tag\/falta-de-desejo-no-relacionamento\/\" rel=\"tag\">falta de desejo no relacionamento<\/a>, <a href=\"https:\/\/clinicamedicadoporto.pt\/staging\/tag\/falta-de-desejo-sexual\/\" rel=\"tag\">falta de desejo sexual<\/a>, <a href=\"https:\/\/clinicamedicadoporto.pt\/staging\/tag\/fatores-que-afetam-a-libido\/\" rel=\"tag\">fatores que afetam a libido<\/a>, <a href=\"https:\/\/clinicamedicadoporto.pt\/staging\/tag\/hormonas-e-apetite-sexual\/\" rel=\"tag\">hormonas e apetite sexual<\/a>, <a href=\"https:\/\/clinicamedicadoporto.pt\/staging\/tag\/idade-e-desejo-sexual\/\" rel=\"tag\">idade e desejo sexual<\/a>, <a href=\"https:\/\/clinicamedicadoporto.pt\/staging\/tag\/medicamentos-que-afetam-a-libido\/\" rel=\"tag\">medicamentos que afetam a libido<\/a>, <a href=\"https:\/\/clinicamedicadoporto.pt\/staging\/tag\/medicina-alternativa\/\" rel=\"tag\">medicina alternativa<\/a>, <a href=\"https:\/\/clinicamedicadoporto.pt\/staging\/tag\/perda-de-desejo-sexual\/\" rel=\"tag\">perda de desejo sexual<\/a>, <a href=\"https:\/\/clinicamedicadoporto.pt\/staging\/tag\/problemas-na-vida-sexual\/\" rel=\"tag\">problemas na vida sexual<\/a>, <a href=\"https:\/\/clinicamedicadoporto.pt\/staging\/tag\/relacionamento-e-vida-sexual\/\" rel=\"tag\">relacionamento e vida sexual<\/a>, <a href=\"https:\/\/clinicamedicadoporto.pt\/staging\/tag\/saude-mental-e-libido\/\" rel=\"tag\">sa\u00fade mental e libido<\/a>, <a href=\"https:\/\/clinicamedicadoporto.pt\/staging\/tag\/stress-e-libido\/\" rel=\"tag\">stress e libido<\/a>, <a href=\"https:\/\/clinicamedicadoporto.pt\/staging\/tag\/terapia\/\" rel=\"tag\">Terapia<\/a>, <a href=\"https:\/\/clinicamedicadoporto.pt\/staging\/tag\/terapia-para-problemas-sexuais\/\" rel=\"tag\">terapia para problemas sexuais<\/a>, <a href=\"https:\/\/clinicamedicadoporto.pt\/staging\/tag\/terapias\/\" rel=\"tag\">Terapias<\/a>, <a href=\"https:\/\/clinicamedicadoporto.pt\/staging\/tag\/terapias-nao-convencionais\/\" rel=\"tag\">terapias n\u00e3o convencionais<\/a>, <a href=\"https:\/\/clinicamedicadoporto.pt\/staging\/tag\/testosterona-e-libido\/\" rel=\"tag\">testosterona e libido<\/a>, <a href=\"https:\/\/clinicamedicadoporto.pt\/staging\/tag\/todas-as-terapias\/\" rel=\"tag\">Todas as Terapias<\/a>, <a href=\"https:\/\/clinicamedicadoporto.pt\/staging\/tag\/tratamento-para-baixa-libido\/\" rel=\"tag\">tratamento para baixa libido<\/a>, <a href=\"https:\/\/clinicamedicadoporto.pt\/staging\/tag\/tratamentos-naturais-para-libido\/\" rel=\"tag\">tratamentos naturais para libido<\/a><\/span><span class=\"categories-links\"><i class=\"kwicon-fa-folder-open\"><\/i> <a href=\"https:\/\/clinicamedicadoporto.pt\/staging\/category\/cuidados-de-saude\/\" rel=\"category tag\">Cuidados de Sa\u00fade<\/a>, <a href=\"https:\/\/clinicamedicadoporto.pt\/staging\/category\/psicossomaticas\/\" rel=\"category tag\">Psicossom\u00e1ticas<\/a>, <a href=\"https:\/\/clinicamedicadoporto.pt\/staging\/category\/reflecoes\/\" rel=\"category tag\">Reflex\u00f5es<\/a>, <a href=\"https:\/\/clinicamedicadoporto.pt\/staging\/category\/sexologia\/\" rel=\"category tag\">Sexologia<\/a><\/span><\/div>\r\n\t\t\t\t\t<div class=\"kwayy-blogbox-desc\">[vc_row][vc_co...<div class=\"kwayy-post-readmore\"><a href=\"https:\/\/clinicamedicadoporto.pt\/staging\/recuperar-desejo-sexual\/\">Read More<i class=\"kwicon-fa-angle-right\"><\/i><\/a><\/div><\/div>\r\n\t\t\t\t<\/div>\r\n\t\t\t<\/div>\r\n\t\t<\/article>\r\n\t\r\n\t\t<article class=\"post-box blog-slider-box-width kwayy-blogbox-format-standard cuidados-de-saude especialidades-tecnicas psicologia psicossomaticas reflecoes saude-mental sexologia\">\r\n\t\t\t<div class=\"post-item\">\r\n\t\t\t\t<div class=\"post-item-thumbnail\">\r\n\t\t\t\t\t<div class=\"post-item-thumbnail-inner\">\r\n\t\t\t\t\t\t<div class=\"kwayy-postbox-small-date\"><div class=\"kwayy-post-box-date-wrapper\"><div class=\"kwayy-entry-date-wrapper\">\r\n\t\t\t\t\t\t\t\t<span class=\"kwayy-entry-date\">\r\n\t\t\t\t\t\t\t\t\t<time class=\"entry-date\" datetime=\"\" >\r\n\t\t\t\t\t\t\t\t\t\t<span class=\"entry-date\"><\/span> \r\n\t\t\t\t\t\t\t\t\t\t<span class=\"entry-month\"><\/span> \r\n\t\t\t\t\t\t\t\t\t\t<span class=\"entry-year\"><\/span> \r\n\t\t\t\t\t\t\t\t\t<\/time>\r\n\t\t\t\t\t\t\t\t<\/span>\r\n\t\t\t\t\t\t\t<\/div><\/div><\/div>\r\n\t\t\t\t\t\t<a class=\"tm-blog-link\" href=\"https:\/\/clinicamedicadoporto.pt\/staging\/terapia-de-casal\/\"><img loading=\"lazy\" decoding=\"async\" width=\"1664\" height=\"936\" src=\"https:\/\/clinicamedicadoporto.pt\/staging\/wp-content\/uploads\/2025\/03\/artigo-terapia-sexual-clinica-medica-porto.jpg?ver=1741782263\" class=\"attachment-portfolio-fix-column size-portfolio-fix-column wp-post-image\" alt=\"A arte da capa mostra um casal se beijando carinhosamente, cercado por uma cena celestial, representando o amor em meio \u00e0 beleza do universo. Alus\u00e3o \u00e0 import\u00e2ncia da Terapia e da Conex\u00e3o\" srcset=\"https:\/\/clinicamedicadoporto.pt\/staging\/wp-content\/uploads\/2025\/03\/artigo-terapia-sexual-clinica-medica-porto.jpg 1664w, https:\/\/clinicamedicadoporto.pt\/staging\/wp-content\/uploads\/2025\/03\/artigo-terapia-sexual-clinica-medica-porto-768x432.jpg 768w, https:\/\/clinicamedicadoporto.pt\/staging\/wp-content\/uploads\/2025\/03\/artigo-terapia-sexual-clinica-medica-porto-1536x864.jpg 1536w, https:\/\/clinicamedicadoporto.pt\/staging\/wp-content\/uploads\/2025\/03\/artigo-terapia-sexual-clinica-medica-porto-727x409.jpg 727w, https:\/\/clinicamedicadoporto.pt\/staging\/wp-content\/uploads\/2025\/03\/artigo-terapia-sexual-clinica-medica-porto-1110x624.jpg 1110w, https:\/\/clinicamedicadoporto.pt\/staging\/wp-content\/uploads\/2025\/03\/artigo-terapia-sexual-clinica-medica-porto-720x406.jpg 720w, https:\/\/clinicamedicadoporto.pt\/staging\/wp-content\/uploads\/2025\/03\/artigo-terapia-sexual-clinica-medica-porto-750x422.jpg 750w\" sizes=\"auto, (max-width: 1664px) 100vw, 1664px\" \/><\/a>\r\n\t\t\t\t\t<\/div>\r\n\t\t\t\t\t<div class=\"overthumb\"><\/div>\r\n\t\t\t\t\t\r\n\t\t\t\t<\/div>\r\n\t\t\t\t<div class=\"item-content\">\r\n\t\t\t\t\t<h4><a href=\"https:\/\/clinicamedicadoporto.pt\/staging\/terapia-de-casal\/\">Terapia de Casal: Quando e Como Pode Ajudar?<\/a><\/h4>\r\n\t\t\t\t\t<div class=\"kwayy-meta-details\"><div class=\"kwayy-post-user\"><span class=\"author vcard\"><i class=\"kwicon-fa-user\"><\/i> <a class=\"url fn n\" href=\"https:\/\/clinicamedicadoporto.pt\/staging\/author\/m-reis-cmp\/\" title=\"View all posts by \" rel=\"author\"><\/a><\/span><\/div><span class=\"tags-links\"><i class=\"kwicon-fa-tags\"><\/i> <a href=\"https:\/\/clinicamedicadoporto.pt\/staging\/tag\/aconselhamento-matrimonial\/\" rel=\"tag\">aconselhamento matrimonial<\/a>, <a href=\"https:\/\/clinicamedicadoporto.pt\/staging\/tag\/amor-e-relacionamentos\/\" rel=\"tag\">amor e relacionamentos<\/a>, <a href=\"https:\/\/clinicamedicadoporto.pt\/staging\/tag\/apoio-psicologico-para-casais\/\" rel=\"tag\">apoio psicol\u00f3gico para casais<\/a>, <a href=\"https:\/\/clinicamedicadoporto.pt\/staging\/tag\/beneficios-da-terapia-de-casal\/\" rel=\"tag\">benef\u00edcios da terapia de casal<\/a>, <a href=\"https:\/\/clinicamedicadoporto.pt\/staging\/tag\/casamento-em-crise\/\" rel=\"tag\">casamento em crise<\/a>, <a href=\"https:\/\/clinicamedicadoporto.pt\/staging\/tag\/clinica\/\" rel=\"tag\">clinica<\/a>, <a href=\"https:\/\/clinicamedicadoporto.pt\/staging\/tag\/clinica-medica-do-porto\/\" rel=\"tag\">Clinica M\u00e9dica do Porto<\/a>, <a href=\"https:\/\/clinicamedicadoporto.pt\/staging\/tag\/clinica-porto\/\" rel=\"tag\">Clinica Porto<\/a>, <a href=\"https:\/\/clinicamedicadoporto.pt\/staging\/tag\/como-melhorar-o-casamento\/\" rel=\"tag\">como melhorar o casamento<\/a>, <a href=\"https:\/\/clinicamedicadoporto.pt\/staging\/tag\/como-salvar-o-casamento\/\" rel=\"tag\">como salvar o casamento<\/a>, <a href=\"https:\/\/clinicamedicadoporto.pt\/staging\/tag\/comunicacao-no-casamento\/\" rel=\"tag\">comunica\u00e7\u00e3o no casamento<\/a>, <a href=\"https:\/\/clinicamedicadoporto.pt\/staging\/tag\/conflitos-conjugais\/\" rel=\"tag\">conflitos conjugais<\/a>, <a href=\"https:\/\/clinicamedicadoporto.pt\/staging\/tag\/conflitos-no-relacionamento\/\" rel=\"tag\">conflitos no relacionamento<\/a>, <a href=\"https:\/\/clinicamedicadoporto.pt\/staging\/tag\/consulta\/\" rel=\"tag\">Consulta<\/a>, <a href=\"https:\/\/clinicamedicadoporto.pt\/staging\/tag\/consulta-clinica-porto\/\" rel=\"tag\">Consulta Clinica Porto<\/a>, <a href=\"https:\/\/clinicamedicadoporto.pt\/staging\/tag\/consulta-medica\/\" rel=\"tag\">Consulta M\u00e9dica<\/a>, <a href=\"https:\/\/clinicamedicadoporto.pt\/staging\/tag\/crise-no-relacionamento\/\" rel=\"tag\">crise no relacionamento<\/a>, <a href=\"https:\/\/clinicamedicadoporto.pt\/staging\/tag\/dialogo-no-casal\/\" rel=\"tag\">di\u00e1logo no casal<\/a>, <a href=\"https:\/\/clinicamedicadoporto.pt\/staging\/tag\/falta-de-comunicacao-no-casal\/\" rel=\"tag\">falta de comunica\u00e7\u00e3o no casal<\/a>, <a href=\"https:\/\/clinicamedicadoporto.pt\/staging\/tag\/falta-de-desejo-no-casamento\/\" rel=\"tag\">falta de desejo no casamento<\/a>, <a href=\"https:\/\/clinicamedicadoporto.pt\/staging\/tag\/intimidade-no-casal\/\" rel=\"tag\">intimidade no casal<\/a>, <a href=\"https:\/\/clinicamedicadoporto.pt\/staging\/tag\/medicina-alternativa\/\" rel=\"tag\">medicina alternativa<\/a>, <a href=\"https:\/\/clinicamedicadoporto.pt\/staging\/tag\/problemas-de-confianca-no-casal\/\" rel=\"tag\">problemas de confian\u00e7a no casal<\/a>, <a href=\"https:\/\/clinicamedicadoporto.pt\/staging\/tag\/problemas-na-vida-sexual-do-casal\/\" rel=\"tag\">problemas na vida sexual do casal<\/a>, <a href=\"https:\/\/clinicamedicadoporto.pt\/staging\/tag\/psicologia-do-relacionamento\/\" rel=\"tag\">psicologia do relacionamento<\/a>, <a href=\"https:\/\/clinicamedicadoporto.pt\/staging\/tag\/psicoterapia-de-casal\/\" rel=\"tag\">psicoterapia de casal<\/a>, <a href=\"https:\/\/clinicamedicadoporto.pt\/staging\/tag\/reconciliacao-no-casal\/\" rel=\"tag\">reconcilia\u00e7\u00e3o no casal<\/a>, <a href=\"https:\/\/clinicamedicadoporto.pt\/staging\/tag\/reconstruir-a-relacao\/\" rel=\"tag\">reconstruir a rela\u00e7\u00e3o<\/a>, <a href=\"https:\/\/clinicamedicadoporto.pt\/staging\/tag\/relacionamento-saudavel\/\" rel=\"tag\">relacionamento saud\u00e1vel<\/a>, <a href=\"https:\/\/clinicamedicadoporto.pt\/staging\/tag\/resolver-problemas-no-casamento\/\" rel=\"tag\">resolver problemas no casamento<\/a>, <a href=\"https:\/\/clinicamedicadoporto.pt\/staging\/tag\/separacao-e-terapia-de-casal\/\" rel=\"tag\">separa\u00e7\u00e3o e terapia de casal<\/a>, <a href=\"https:\/\/clinicamedicadoporto.pt\/staging\/tag\/terapeuta-de-casal\/\" rel=\"tag\">terapeuta de casal<\/a>, <a href=\"https:\/\/clinicamedicadoporto.pt\/staging\/tag\/terapia\/\" rel=\"tag\">Terapia<\/a>, <a href=\"https:\/\/clinicamedicadoporto.pt\/staging\/tag\/terapia-cognitivo-comportamental-casal\/\" rel=\"tag\">terapia cognitivo-comportamental casal<\/a>, <a href=\"https:\/\/clinicamedicadoporto.pt\/staging\/tag\/terapia-de-casal\/\" rel=\"tag\">terapia de casal<\/a>, <a href=\"https:\/\/clinicamedicadoporto.pt\/staging\/tag\/terapia-focada-nas-emocoes\/\" rel=\"tag\">terapia focada nas emo\u00e7\u00f5es<\/a>, <a href=\"https:\/\/clinicamedicadoporto.pt\/staging\/tag\/terapia-para-casais\/\" rel=\"tag\">terapia para casais<\/a>, <a href=\"https:\/\/clinicamedicadoporto.pt\/staging\/tag\/terapias\/\" rel=\"tag\">Terapias<\/a>, <a href=\"https:\/\/clinicamedicadoporto.pt\/staging\/tag\/terapias-nao-convencionais\/\" rel=\"tag\">terapias n\u00e3o convencionais<\/a>, <a href=\"https:\/\/clinicamedicadoporto.pt\/staging\/tag\/todas-as-terapias\/\" rel=\"tag\">Todas as Terapias<\/a>, <a href=\"https:\/\/clinicamedicadoporto.pt\/staging\/tag\/traicao-no-casamento\/\" rel=\"tag\">trai\u00e7\u00e3o no casamento<\/a><\/span><span class=\"categories-links\"><i class=\"kwicon-fa-folder-open\"><\/i> <a href=\"https:\/\/clinicamedicadoporto.pt\/staging\/category\/cuidados-de-saude\/\" rel=\"category tag\">Cuidados de Sa\u00fade<\/a>, <a href=\"https:\/\/clinicamedicadoporto.pt\/staging\/category\/especialidades-tecnicas\/\" rel=\"category tag\">Especialidades T\u00e9cnicas<\/a>, <a href=\"https:\/\/clinicamedicadoporto.pt\/staging\/category\/especialidades-tecnicas\/psicologia\/\" rel=\"category tag\">Psicologia<\/a>, <a href=\"https:\/\/clinicamedicadoporto.pt\/staging\/category\/psicossomaticas\/\" rel=\"category tag\">Psicossom\u00e1ticas<\/a>, <a href=\"https:\/\/clinicamedicadoporto.pt\/staging\/category\/reflecoes\/\" rel=\"category tag\">Reflex\u00f5es<\/a>, <a href=\"https:\/\/clinicamedicadoporto.pt\/staging\/category\/saude-mental\/\" rel=\"category tag\">Sa\u00fade Mental<\/a>, <a href=\"https:\/\/clinicamedicadoporto.pt\/staging\/category\/sexologia\/\" rel=\"category tag\">Sexologia<\/a><\/span><\/div>\r\n\t\t\t\t\t<div class=\"kwayy-blogbox-desc\">[vc_row][vc_co...<div class=\"kwayy-post-readmore\"><a href=\"https:\/\/clinicamedicadoporto.pt\/staging\/terapia-de-casal\/\">Read More<i class=\"kwicon-fa-angle-right\"><\/i><\/a><\/div><\/div>\r\n\t\t\t\t<\/div>\r\n\t\t\t<\/div>\r\n\t\t<\/article>\r\n\t\r\n\t\t<article class=\"post-box blog-slider-box-width kwayy-blogbox-format-standard cuidados-de-saude reflecoes saude-mental sexologia\">\r\n\t\t\t<div class=\"post-item\">\r\n\t\t\t\t<div class=\"post-item-thumbnail\">\r\n\t\t\t\t\t<div class=\"post-item-thumbnail-inner\">\r\n\t\t\t\t\t\t<div class=\"kwayy-postbox-small-date\"><div class=\"kwayy-post-box-date-wrapper\"><div class=\"kwayy-entry-date-wrapper\">\r\n\t\t\t\t\t\t\t\t<span class=\"kwayy-entry-date\">\r\n\t\t\t\t\t\t\t\t\t<time class=\"entry-date\" datetime=\"\" >\r\n\t\t\t\t\t\t\t\t\t\t<span class=\"entry-date\"><\/span> \r\n\t\t\t\t\t\t\t\t\t\t<span class=\"entry-month\"><\/span> \r\n\t\t\t\t\t\t\t\t\t\t<span class=\"entry-year\"><\/span> \r\n\t\t\t\t\t\t\t\t\t<\/time>\r\n\t\t\t\t\t\t\t\t<\/span>\r\n\t\t\t\t\t\t\t<\/div><\/div><\/div>\r\n\t\t\t\t\t\t<a class=\"tm-blog-link\" href=\"https:\/\/clinicamedicadoporto.pt\/staging\/terapia-hormonal-trangenero\/\"><img loading=\"lazy\" decoding=\"async\" width=\"932\" height=\"524\" src=\"https:\/\/clinicamedicadoporto.pt\/staging\/wp-content\/uploads\/2025\/02\/artigo-terapia-hormonal-afirmacao-genero.jpg\" class=\"attachment-portfolio-fix-column size-portfolio-fix-column wp-post-image\" alt=\"Pessoa fazendo o gesto de enquadramento fotografico\" srcset=\"https:\/\/clinicamedicadoporto.pt\/staging\/wp-content\/uploads\/2025\/02\/artigo-terapia-hormonal-afirmacao-genero.jpg 932w, https:\/\/clinicamedicadoporto.pt\/staging\/wp-content\/uploads\/2025\/02\/artigo-terapia-hormonal-afirmacao-genero-768x432.jpg 768w, https:\/\/clinicamedicadoporto.pt\/staging\/wp-content\/uploads\/2025\/02\/artigo-terapia-hormonal-afirmacao-genero-727x409.jpg 727w, https:\/\/clinicamedicadoporto.pt\/staging\/wp-content\/uploads\/2025\/02\/artigo-terapia-hormonal-afirmacao-genero-720x406.jpg 720w, https:\/\/clinicamedicadoporto.pt\/staging\/wp-content\/uploads\/2025\/02\/artigo-terapia-hormonal-afirmacao-genero-750x422.jpg 750w\" sizes=\"auto, (max-width: 932px) 100vw, 932px\" \/><\/a>\r\n\t\t\t\t\t<\/div>\r\n\t\t\t\t\t<div class=\"overthumb\"><\/div>\r\n\t\t\t\t\t\r\n\t\t\t\t<\/div>\r\n\t\t\t\t<div class=\"item-content\">\r\n\t\t\t\t\t<h4><a href=\"https:\/\/clinicamedicadoporto.pt\/staging\/terapia-hormonal-trangenero\/\">Terapia Hormonal para Pessoas Transg\u00e9nero: O Que Esperar do Tratamento<\/a><\/h4>\r\n\t\t\t\t\t<div class=\"kwayy-meta-details\"><div class=\"kwayy-post-user\"><span class=\"author vcard\"><i class=\"kwicon-fa-user\"><\/i> <a class=\"url fn n\" href=\"https:\/\/clinicamedicadoporto.pt\/staging\/author\/m-reis-cmp\/\" title=\"View all posts by \" rel=\"author\"><\/a><\/span><\/div><span class=\"tags-links\"><i class=\"kwicon-fa-tags\"><\/i> <a href=\"https:\/\/clinicamedicadoporto.pt\/staging\/tag\/acompanhamento-endocrino\/\" rel=\"tag\">acompanhamento endocrino<\/a>, <a href=\"https:\/\/clinicamedicadoporto.pt\/staging\/tag\/acompanhamento-medico-trans\/\" rel=\"tag\">acompanhamento m\u00e9dico trans<\/a>, <a href=\"https:\/\/clinicamedicadoporto.pt\/staging\/tag\/afirmacao-de-genero\/\" rel=\"tag\">afirma\u00e7\u00e3o de g\u00e9nero<\/a>, <a href=\"https:\/\/clinicamedicadoporto.pt\/staging\/tag\/ajuste-hormonal-trans\/\" rel=\"tag\">ajuste hormonal trans<\/a>, <a href=\"https:\/\/clinicamedicadoporto.pt\/staging\/tag\/beneficios-da-terapia-hormonal\/\" rel=\"tag\">benef\u00edcios da terapia hormonal<\/a>, <a href=\"https:\/\/clinicamedicadoporto.pt\/staging\/tag\/clinica\/\" rel=\"tag\">clinica<\/a>, <a href=\"https:\/\/clinicamedicadoporto.pt\/staging\/tag\/clinica-medica-do-porto\/\" rel=\"tag\">Clinica M\u00e9dica do Porto<\/a>, <a href=\"https:\/\/clinicamedicadoporto.pt\/staging\/tag\/clinica-porto\/\" rel=\"tag\">Clinica Porto<\/a>, <a href=\"https:\/\/clinicamedicadoporto.pt\/staging\/tag\/comunidade-trans-apoio\/\" rel=\"tag\">comunidade trans apoio<\/a>, <a href=\"https:\/\/clinicamedicadoporto.pt\/staging\/tag\/consulta\/\" rel=\"tag\">Consulta<\/a>, <a href=\"https:\/\/clinicamedicadoporto.pt\/staging\/tag\/consulta-medica\/\" rel=\"tag\">Consulta M\u00e9dica<\/a>, <a href=\"https:\/\/clinicamedicadoporto.pt\/staging\/tag\/disforia-de-genero\/\" rel=\"tag\">disforia de g\u00e9nero<\/a>, <a href=\"https:\/\/clinicamedicadoporto.pt\/staging\/tag\/efeitos-da-terapia-hormonal\/\" rel=\"tag\">efeitos da terapia hormonal<\/a>, <a href=\"https:\/\/clinicamedicadoporto.pt\/staging\/tag\/endocrinologia-trans\/\" rel=\"tag\">endocrinologia trans<\/a>, <a href=\"https:\/\/clinicamedicadoporto.pt\/staging\/tag\/hormonas-e-bem-estar\/\" rel=\"tag\">hormonas e bem-estar<\/a>, <a href=\"https:\/\/clinicamedicadoporto.pt\/staging\/tag\/hormonas-femininas-trans\/\" rel=\"tag\">hormonas femininas trans<\/a>, <a href=\"https:\/\/clinicamedicadoporto.pt\/staging\/tag\/hormonas-masculinas-trans\/\" rel=\"tag\">hormonas masculinas trans<\/a>, <a href=\"https:\/\/clinicamedicadoporto.pt\/staging\/tag\/hormonas-para-transgenero\/\" rel=\"tag\">hormonas para transg\u00e9nero<\/a>, <a href=\"https:\/\/clinicamedicadoporto.pt\/staging\/tag\/identidade-de-genero\/\" rel=\"tag\">identidade de g\u00e9nero<\/a>, <a href=\"https:\/\/clinicamedicadoporto.pt\/staging\/tag\/modulacao-hormonal-trans\/\" rel=\"tag\">modula\u00e7\u00e3o hormonal trans<\/a>, <a href=\"https:\/\/clinicamedicadoporto.pt\/staging\/tag\/monitorizacao-hormonal\/\" rel=\"tag\">monitoriza\u00e7\u00e3o hormonal<\/a>, <a href=\"https:\/\/clinicamedicadoporto.pt\/staging\/tag\/mudancas-fisicas-hormonais\/\" rel=\"tag\">mudan\u00e7as f\u00edsicas hormonais<\/a>, <a href=\"https:\/\/clinicamedicadoporto.pt\/staging\/tag\/qualidade-de-vida\/\" rel=\"tag\">qualidade de vida<\/a>, <a href=\"https:\/\/clinicamedicadoporto.pt\/staging\/tag\/saude-mental\/\" rel=\"tag\">Sa\u00fade Mental<\/a>, <a href=\"https:\/\/clinicamedicadoporto.pt\/staging\/tag\/saude-mental-transgenero\/\" rel=\"tag\">sa\u00fade mental transg\u00e9nero<\/a>, <a href=\"https:\/\/clinicamedicadoporto.pt\/staging\/tag\/suporte-medico-trans\/\" rel=\"tag\">suporte m\u00e9dico trans<\/a>, <a href=\"https:\/\/clinicamedicadoporto.pt\/staging\/tag\/terapia\/\" rel=\"tag\">Terapia<\/a>, <a href=\"https:\/\/clinicamedicadoporto.pt\/staging\/tag\/terapia-com-estrogenio\/\" rel=\"tag\">terapia com estrog\u00e9nio<\/a>, <a href=\"https:\/\/clinicamedicadoporto.pt\/staging\/tag\/terapia-com-testosterona\/\" rel=\"tag\">terapia com testosterona<\/a>, <a href=\"https:\/\/clinicamedicadoporto.pt\/staging\/tag\/terapia-hormonal\/\" rel=\"tag\">Terapia Hormonal<\/a>, <a href=\"https:\/\/clinicamedicadoporto.pt\/staging\/tag\/terapia-hormonal-efeitos\/\" rel=\"tag\">terapia hormonal efeitos<\/a>, <a href=\"https:\/\/clinicamedicadoporto.pt\/staging\/tag\/terapia-hormonal-ftm\/\" rel=\"tag\">terapia hormonal FTM<\/a>, <a href=\"https:\/\/clinicamedicadoporto.pt\/staging\/tag\/terapia-hormonal-mtf\/\" rel=\"tag\">terapia hormonal MTF<\/a>, <a href=\"https:\/\/clinicamedicadoporto.pt\/staging\/tag\/terapia-hormonal-para-trans\/\" rel=\"tag\">terapia hormonal para trans<\/a>, <a href=\"https:\/\/clinicamedicadoporto.pt\/staging\/tag\/terapia-hormonal-transgenero\/\" rel=\"tag\">terapia hormonal transg\u00e9nero<\/a>, <a href=\"https:\/\/clinicamedicadoporto.pt\/staging\/tag\/terapias\/\" rel=\"tag\">Terapias<\/a>, <a href=\"https:\/\/clinicamedicadoporto.pt\/staging\/tag\/testemunhos-de-transicao\/\" rel=\"tag\">testemunhos de transi\u00e7\u00e3o<\/a>, <a href=\"https:\/\/clinicamedicadoporto.pt\/staging\/tag\/todas-as-terapias\/\" rel=\"tag\">Todas as Terapias<\/a>, <a href=\"https:\/\/clinicamedicadoporto.pt\/staging\/tag\/transgenero\/\" rel=\"tag\">Transg\u00e9nero<\/a>, <a href=\"https:\/\/clinicamedicadoporto.pt\/staging\/tag\/transicao-de-genero\/\" rel=\"tag\">Transi\u00e7\u00e3o de G\u00e9nero<\/a>, <a href=\"https:\/\/clinicamedicadoporto.pt\/staging\/tag\/transicao-hormonal-segura\/\" rel=\"tag\">transi\u00e7\u00e3o hormonal segura<\/a>, <a href=\"https:\/\/clinicamedicadoporto.pt\/staging\/tag\/tratamento-para-disforia\/\" rel=\"tag\">tratamento para disforia<\/a><\/span><span class=\"categories-links\"><i class=\"kwicon-fa-folder-open\"><\/i> <a href=\"https:\/\/clinicamedicadoporto.pt\/staging\/category\/cuidados-de-saude\/\" rel=\"category tag\">Cuidados de Sa\u00fade<\/a>, <a href=\"https:\/\/clinicamedicadoporto.pt\/staging\/category\/reflecoes\/\" rel=\"category tag\">Reflex\u00f5es<\/a>, <a href=\"https:\/\/clinicamedicadoporto.pt\/staging\/category\/saude-mental\/\" rel=\"category tag\">Sa\u00fade Mental<\/a>, <a href=\"https:\/\/clinicamedicadoporto.pt\/staging\/category\/sexologia\/\" rel=\"category tag\">Sexologia<\/a><\/span><\/div>\r\n\t\t\t\t\t<div class=\"kwayy-blogbox-desc\">[vc_row][vc_co...<div class=\"kwayy-post-readmore\"><a href=\"https:\/\/clinicamedicadoporto.pt\/staging\/terapia-hormonal-trangenero\/\">Read More<i class=\"kwicon-fa-angle-right\"><\/i><\/a><\/div><\/div>\r\n\t\t\t\t<\/div>\r\n\t\t\t<\/div>\r\n\t\t<\/article>\r\n\t\r\n\t\t<article class=\"post-box blog-slider-box-width kwayy-blogbox-format-standard acupuntura medicina-integrativa medicina-tradicional-chinesa terapias-nao-convencionais\">\r\n\t\t\t<div class=\"post-item\">\r\n\t\t\t\t<div class=\"post-item-thumbnail\">\r\n\t\t\t\t\t<div class=\"post-item-thumbnail-inner\">\r\n\t\t\t\t\t\t<div class=\"kwayy-postbox-small-date\"><div class=\"kwayy-post-box-date-wrapper\"><div class=\"kwayy-entry-date-wrapper\">\r\n\t\t\t\t\t\t\t\t<span class=\"kwayy-entry-date\">\r\n\t\t\t\t\t\t\t\t\t<time class=\"entry-date\" datetime=\"\" >\r\n\t\t\t\t\t\t\t\t\t\t<span class=\"entry-date\"><\/span> \r\n\t\t\t\t\t\t\t\t\t\t<span class=\"entry-month\"><\/span> \r\n\t\t\t\t\t\t\t\t\t\t<span class=\"entry-year\"><\/span> \r\n\t\t\t\t\t\t\t\t\t<\/time>\r\n\t\t\t\t\t\t\t\t<\/span>\r\n\t\t\t\t\t\t\t<\/div><\/div><\/div>\r\n\t\t\t\t\t\t<a class=\"tm-blog-link\" href=\"https:\/\/clinicamedicadoporto.pt\/staging\/acupuntura-para-a-ansiedade\/\"><img loading=\"lazy\" decoding=\"async\" width=\"832\" height=\"468\" src=\"https:\/\/clinicamedicadoporto.pt\/staging\/wp-content\/uploads\/2025\/01\/artigo-ansiedade-clinica-medica-do-porto.jpg\" class=\"attachment-portfolio-fix-column size-portfolio-fix-column wp-post-image\" alt=\"Imagem de pessoa do sexo feminino sentada em cima de um comprimido\" srcset=\"https:\/\/clinicamedicadoporto.pt\/staging\/wp-content\/uploads\/2025\/01\/artigo-ansiedade-clinica-medica-do-porto.jpg 832w, https:\/\/clinicamedicadoporto.pt\/staging\/wp-content\/uploads\/2025\/01\/artigo-ansiedade-clinica-medica-do-porto-768x432.jpg 768w, https:\/\/clinicamedicadoporto.pt\/staging\/wp-content\/uploads\/2025\/01\/artigo-ansiedade-clinica-medica-do-porto-727x409.jpg 727w, https:\/\/clinicamedicadoporto.pt\/staging\/wp-content\/uploads\/2025\/01\/artigo-ansiedade-clinica-medica-do-porto-720x406.jpg 720w, https:\/\/clinicamedicadoporto.pt\/staging\/wp-content\/uploads\/2025\/01\/artigo-ansiedade-clinica-medica-do-porto-750x422.jpg 750w\" sizes=\"auto, (max-width: 832px) 100vw, 832px\" \/><\/a>\r\n\t\t\t\t\t<\/div>\r\n\t\t\t\t\t<div class=\"overthumb\"><\/div>\r\n\t\t\t\t\t\r\n\t\t\t\t<\/div>\r\n\t\t\t\t<div class=\"item-content\">\r\n\t\t\t\t\t<h4><a href=\"https:\/\/clinicamedicadoporto.pt\/staging\/acupuntura-para-a-ansiedade\/\">Acupuntura: Solu\u00e7\u00e3o Eficaz para a Ansiedade e Sa\u00fade Mental<\/a><\/h4>\r\n\t\t\t\t\t<div class=\"kwayy-meta-details\"><div class=\"kwayy-post-user\"><span class=\"author vcard\"><i class=\"kwicon-fa-user\"><\/i> <a class=\"url fn n\" href=\"https:\/\/clinicamedicadoporto.pt\/staging\/author\/m-reis-cmp\/\" title=\"View all posts by \" rel=\"author\"><\/a><\/span><\/div><span class=\"tags-links\"><i class=\"kwicon-fa-tags\"><\/i> <a href=\"https:\/\/clinicamedicadoporto.pt\/staging\/tag\/acupuntura-para-ansiedade\/\" rel=\"tag\">acupuntura para ansiedade<\/a>, <a href=\"https:\/\/clinicamedicadoporto.pt\/staging\/tag\/acupuntura-para-relaxamento\/\" rel=\"tag\">acupuntura para relaxamento<\/a>, <a href=\"https:\/\/clinicamedicadoporto.pt\/staging\/tag\/alivio-do-stress\/\" rel=\"tag\">al\u00edvio do stress<\/a>, <a href=\"https:\/\/clinicamedicadoporto.pt\/staging\/tag\/alivio-natural-para-ansiedade\/\" rel=\"tag\">al\u00edvio natural para ansiedade<\/a>, <a href=\"https:\/\/clinicamedicadoporto.pt\/staging\/tag\/bem-estar-mental\/\" rel=\"tag\">bem estar mental<\/a>, <a href=\"https:\/\/clinicamedicadoporto.pt\/staging\/tag\/beneficios-da-acupuntura\/\" rel=\"tag\">benef\u00edcios da acupuntura<\/a>, <a href=\"https:\/\/clinicamedicadoporto.pt\/staging\/tag\/beneficios-da-acupuntura-para-a-saude-mental\/\" rel=\"tag\">benef\u00edcios da acupuntura para a sa\u00fade mental<\/a>, <a href=\"https:\/\/clinicamedicadoporto.pt\/staging\/tag\/clinica\/\" rel=\"tag\">clinica<\/a>, <a href=\"https:\/\/clinicamedicadoporto.pt\/staging\/tag\/clinica-medica-do-porto\/\" rel=\"tag\">Clinica M\u00e9dica do Porto<\/a>, <a href=\"https:\/\/clinicamedicadoporto.pt\/staging\/tag\/clinica-porto\/\" rel=\"tag\">Clinica Porto<\/a>, <a href=\"https:\/\/clinicamedicadoporto.pt\/staging\/tag\/consulta\/\" rel=\"tag\">Consulta<\/a>, <a href=\"https:\/\/clinicamedicadoporto.pt\/staging\/tag\/consulta-medica\/\" rel=\"tag\">Consulta M\u00e9dica<\/a>, <a href=\"https:\/\/clinicamedicadoporto.pt\/staging\/tag\/equilibrio-emocional\/\" rel=\"tag\">Equil\u00edbrio emocional<\/a>, <a href=\"https:\/\/clinicamedicadoporto.pt\/staging\/tag\/gestao-do-stress\/\" rel=\"tag\">gest\u00e3o do stress<\/a>, <a href=\"https:\/\/clinicamedicadoporto.pt\/staging\/tag\/insonias-e-ansiedade\/\" rel=\"tag\">ins\u00f3nias e ansiedade<\/a>, <a href=\"https:\/\/clinicamedicadoporto.pt\/staging\/tag\/qualidade-do-sono\/\" rel=\"tag\">qualidade do sono<\/a>, <a href=\"https:\/\/clinicamedicadoporto.pt\/staging\/tag\/reduzir-o-stress-com-acupuntura\/\" rel=\"tag\">reduzir o stress com acupuntura<\/a>, <a href=\"https:\/\/clinicamedicadoporto.pt\/staging\/tag\/relaxamento-profundo\/\" rel=\"tag\">relaxamento profundo<\/a>, <a href=\"https:\/\/clinicamedicadoporto.pt\/staging\/tag\/saude-integral\/\" rel=\"tag\">sa\u00fade integral<\/a>, <a href=\"https:\/\/clinicamedicadoporto.pt\/staging\/tag\/saude-mental\/\" rel=\"tag\">Sa\u00fade Mental<\/a>, <a href=\"https:\/\/clinicamedicadoporto.pt\/staging\/tag\/sintomas-da-ansiedade\/\" rel=\"tag\">sintomas da ansiedade<\/a>, <a href=\"https:\/\/clinicamedicadoporto.pt\/staging\/tag\/tecnicas-de-relaxamento\/\" rel=\"tag\">T\u00e9cnicas de relaxamento<\/a>, <a href=\"https:\/\/clinicamedicadoporto.pt\/staging\/tag\/tecnicas-naturais-para-ansiedade\/\" rel=\"tag\">t\u00e9cnicas naturais para ansiedade<\/a>, <a href=\"https:\/\/clinicamedicadoporto.pt\/staging\/tag\/terapia\/\" rel=\"tag\">Terapia<\/a>, <a href=\"https:\/\/clinicamedicadoporto.pt\/staging\/tag\/terapia-holistica\/\" rel=\"tag\">terapia hol\u00edstica<\/a>, <a href=\"https:\/\/clinicamedicadoporto.pt\/staging\/tag\/terapia-nao-invasiva\/\" rel=\"tag\">terapia n\u00e3o invasiva<\/a>, <a href=\"https:\/\/clinicamedicadoporto.pt\/staging\/tag\/terapias\/\" rel=\"tag\">Terapias<\/a>, <a href=\"https:\/\/clinicamedicadoporto.pt\/staging\/tag\/todas-as-terapias\/\" rel=\"tag\">Todas as Terapias<\/a>, <a href=\"https:\/\/clinicamedicadoporto.pt\/staging\/tag\/tratamento-da-ansiedade\/\" rel=\"tag\">tratamento da ansiedade<\/a>, <a href=\"https:\/\/clinicamedicadoporto.pt\/staging\/tag\/tratamentos-naturais-para-ansiedade\/\" rel=\"tag\">tratamentos naturais para ansiedade<\/a><\/span><span class=\"categories-links\"><i class=\"kwicon-fa-folder-open\"><\/i> <a href=\"https:\/\/clinicamedicadoporto.pt\/staging\/category\/medicina-integrativa\/\" rel=\"category tag\">Medicina Integrativa<\/a>, <a href=\"https:\/\/clinicamedicadoporto.pt\/staging\/category\/terapias-nao-convencionais\/medicina-tradicional-chinesa\/acupuntura\/\" rel=\"category tag\">Acupuntura<\/a>, <a href=\"https:\/\/clinicamedicadoporto.pt\/staging\/category\/terapias-nao-convencionais\/medicina-tradicional-chinesa\/\" rel=\"category tag\">Medicina Tradicional Chinesa<\/a>, <a href=\"https:\/\/clinicamedicadoporto.pt\/staging\/category\/terapias-nao-convencionais\/\" rel=\"category tag\">Terapias N\u00e3o Convencionais<\/a><\/span><\/div>\r\n\t\t\t\t\t<div class=\"kwayy-blogbox-desc\">[vc_row][vc_co...<div class=\"kwayy-post-readmore\"><a href=\"https:\/\/clinicamedicadoporto.pt\/staging\/acupuntura-para-a-ansiedade\/\">Read More<i class=\"kwicon-fa-angle-right\"><\/i><\/a><\/div><\/div>\r\n\t\t\t\t<\/div>\r\n\t\t\t<\/div>\r\n\t\t<\/article>\r\n\t\r\n\t\t<article class=\"post-box blog-slider-box-width kwayy-blogbox-format-standard cuidados-de-saude nutricao-e-dietetica\">\r\n\t\t\t<div class=\"post-item\">\r\n\t\t\t\t<div class=\"post-item-thumbnail\">\r\n\t\t\t\t\t<div class=\"post-item-thumbnail-inner\">\r\n\t\t\t\t\t\t<div class=\"kwayy-postbox-small-date\"><div class=\"kwayy-post-box-date-wrapper\"><div class=\"kwayy-entry-date-wrapper\">\r\n\t\t\t\t\t\t\t\t<span class=\"kwayy-entry-date\">\r\n\t\t\t\t\t\t\t\t\t<time class=\"entry-date\" datetime=\"\" >\r\n\t\t\t\t\t\t\t\t\t\t<span class=\"entry-date\"><\/span> \r\n\t\t\t\t\t\t\t\t\t\t<span class=\"entry-month\"><\/span> \r\n\t\t\t\t\t\t\t\t\t\t<span class=\"entry-year\"><\/span> \r\n\t\t\t\t\t\t\t\t\t<\/time>\r\n\t\t\t\t\t\t\t\t<\/span>\r\n\t\t\t\t\t\t\t<\/div><\/div><\/div>\r\n\t\t\t\t\t\t<a class=\"tm-blog-link\" href=\"https:\/\/clinicamedicadoporto.pt\/staging\/prebioticos-e-probioticos\/\"><img loading=\"lazy\" decoding=\"async\" width=\"832\" height=\"468\" src=\"https:\/\/clinicamedicadoporto.pt\/staging\/wp-content\/uploads\/2025\/01\/artigo-probioticos-prebioticos.jpg\" class=\"attachment-portfolio-fix-column size-portfolio-fix-column wp-post-image\" alt=\"Imagem de Intestino - simbolizando sa\u00fade intestinal\" srcset=\"https:\/\/clinicamedicadoporto.pt\/staging\/wp-content\/uploads\/2025\/01\/artigo-probioticos-prebioticos.jpg 832w, https:\/\/clinicamedicadoporto.pt\/staging\/wp-content\/uploads\/2025\/01\/artigo-probioticos-prebioticos-768x432.jpg 768w, https:\/\/clinicamedicadoporto.pt\/staging\/wp-content\/uploads\/2025\/01\/artigo-probioticos-prebioticos-727x409.jpg 727w, https:\/\/clinicamedicadoporto.pt\/staging\/wp-content\/uploads\/2025\/01\/artigo-probioticos-prebioticos-720x406.jpg 720w, https:\/\/clinicamedicadoporto.pt\/staging\/wp-content\/uploads\/2025\/01\/artigo-probioticos-prebioticos-750x422.jpg 750w\" sizes=\"auto, (max-width: 832px) 100vw, 832px\" \/><\/a>\r\n\t\t\t\t\t<\/div>\r\n\t\t\t\t\t<div class=\"overthumb\"><\/div>\r\n\t\t\t\t\t\r\n\t\t\t\t<\/div>\r\n\t\t\t\t<div class=\"item-content\">\r\n\t\t\t\t\t<h4><a href=\"https:\/\/clinicamedicadoporto.pt\/staging\/prebioticos-e-probioticos\/\">Prebi\u00f3ticos e Probi\u00f3ticos: Dupla Din\u00e2mica para uma Sa\u00fade de Ferro<\/a><\/h4>\r\n\t\t\t\t\t<div class=\"kwayy-meta-details\"><div class=\"kwayy-post-user\"><span class=\"author vcard\"><i class=\"kwicon-fa-user\"><\/i> <a class=\"url fn n\" href=\"https:\/\/clinicamedicadoporto.pt\/staging\/author\/m-reis-cmp\/\" title=\"View all posts by \" rel=\"author\"><\/a><\/span><\/div><span class=\"tags-links\"><i class=\"kwicon-fa-tags\"><\/i> <a href=\"https:\/\/clinicamedicadoporto.pt\/staging\/tag\/alergias\/\" rel=\"tag\">alergias<\/a>, <a href=\"https:\/\/clinicamedicadoporto.pt\/staging\/tag\/alimentos-prebioticos\/\" rel=\"tag\">alimentos prebi\u00f3ticos<\/a>, <a href=\"https:\/\/clinicamedicadoporto.pt\/staging\/tag\/alimentos-probioticos\/\" rel=\"tag\">alimentos probi\u00f3ticos<\/a>, <a href=\"https:\/\/clinicamedicadoporto.pt\/staging\/tag\/bacterias-beneficas\/\" rel=\"tag\">bact\u00e9rias ben\u00e9ficas<\/a>, <a href=\"https:\/\/clinicamedicadoporto.pt\/staging\/tag\/bem-estar-emocional\/\" rel=\"tag\">bem-estar emocional<\/a>, <a href=\"https:\/\/clinicamedicadoporto.pt\/staging\/tag\/bifidobacterium\/\" rel=\"tag\">Bifidobacterium<\/a>, <a href=\"https:\/\/clinicamedicadoporto.pt\/staging\/tag\/cancer-colorretal\/\" rel=\"tag\">c\u00e2ncer colorretal<\/a>, <a href=\"https:\/\/clinicamedicadoporto.pt\/staging\/tag\/cepas-probioticas\/\" rel=\"tag\">cepas probi\u00f3ticas<\/a>, <a href=\"https:\/\/clinicamedicadoporto.pt\/staging\/tag\/clinica\/\" rel=\"tag\">clinica<\/a>, <a href=\"https:\/\/clinicamedicadoporto.pt\/staging\/tag\/clinica-medica-do-porto\/\" rel=\"tag\">Clinica M\u00e9dica do Porto<\/a>, <a href=\"https:\/\/clinicamedicadoporto.pt\/staging\/tag\/clinica-porto\/\" rel=\"tag\">Clinica Porto<\/a>, <a href=\"https:\/\/clinicamedicadoporto.pt\/staging\/tag\/colite\/\" rel=\"tag\">colite<\/a>, <a href=\"https:\/\/clinicamedicadoporto.pt\/staging\/tag\/constipacao\/\" rel=\"tag\">constipa\u00e7\u00e3o<\/a>, <a href=\"https:\/\/clinicamedicadoporto.pt\/staging\/tag\/consulta\/\" rel=\"tag\">Consulta<\/a>, <a href=\"https:\/\/clinicamedicadoporto.pt\/staging\/tag\/consulta-medica\/\" rel=\"tag\">Consulta M\u00e9dica<\/a>, <a href=\"https:\/\/clinicamedicadoporto.pt\/staging\/tag\/controle-do-colesterol\/\" rel=\"tag\">controle do colesterol<\/a>, <a href=\"https:\/\/clinicamedicadoporto.pt\/staging\/tag\/defesas-do-organismo\/\" rel=\"tag\">defesas do organismo<\/a>, <a href=\"https:\/\/clinicamedicadoporto.pt\/staging\/tag\/depressao\/\" rel=\"tag\">depress\u00e3o<\/a>, <a href=\"https:\/\/clinicamedicadoporto.pt\/staging\/tag\/doenca-de-crohn\/\" rel=\"tag\">doen\u00e7a de Crohn<\/a>, <a href=\"https:\/\/clinicamedicadoporto.pt\/staging\/tag\/eixo-intestino-cerebro\/\" rel=\"tag\">eixo intestino-c\u00e9rebro<\/a>, <a href=\"https:\/\/clinicamedicadoporto.pt\/staging\/tag\/equilibrio-da-flora-intestinal\/\" rel=\"tag\">equil\u00edbrio da flora intestinal<\/a>, <a href=\"https:\/\/clinicamedicadoporto.pt\/staging\/tag\/fermentacao\/\" rel=\"tag\">fermenta\u00e7\u00e3o<\/a>, <a href=\"https:\/\/clinicamedicadoporto.pt\/staging\/tag\/fibras-nao-digeriveis\/\" rel=\"tag\">fibras n\u00e3o diger\u00edveis<\/a>, <a href=\"https:\/\/clinicamedicadoporto.pt\/staging\/tag\/fibras-prebioticas\/\" rel=\"tag\">fibras prebi\u00f3ticas<\/a>, <a href=\"https:\/\/clinicamedicadoporto.pt\/staging\/tag\/flora-intestinal-saudavel\/\" rel=\"tag\">flora intestinal saud\u00e1vel<\/a>, <a href=\"https:\/\/clinicamedicadoporto.pt\/staging\/tag\/fortalecimento-imunologico\/\" rel=\"tag\">fortalecimento imunol\u00f3gico<\/a>, <a href=\"https:\/\/clinicamedicadoporto.pt\/staging\/tag\/humor\/\" rel=\"tag\">humor<\/a>, <a href=\"https:\/\/clinicamedicadoporto.pt\/staging\/tag\/infeccoes-urinarias\/\" rel=\"tag\">infec\u00e7\u00f5es urin\u00e1rias<\/a>, <a href=\"https:\/\/clinicamedicadoporto.pt\/staging\/tag\/intestino-e-bem-estar\/\" rel=\"tag\">intestino e bem-estar<\/a>, <a href=\"https:\/\/clinicamedicadoporto.pt\/staging\/tag\/intolerancia-a-lactose\/\" rel=\"tag\">intoler\u00e2ncia \u00e0 lactose<\/a>, <a href=\"https:\/\/clinicamedicadoporto.pt\/staging\/tag\/iogurte-probiotico\/\" rel=\"tag\">iogurte probi\u00f3tico<\/a>, <a href=\"https:\/\/clinicamedicadoporto.pt\/staging\/tag\/kefir-probiotico\/\" rel=\"tag\">kefir probi\u00f3tico<\/a>, <a href=\"https:\/\/clinicamedicadoporto.pt\/staging\/tag\/lactobacillus\/\" rel=\"tag\">Lactobacillus<\/a>, <a href=\"https:\/\/clinicamedicadoporto.pt\/staging\/tag\/manutencao-da-saude-intestinal\/\" rel=\"tag\">manuten\u00e7\u00e3o da sa\u00fade intestinal<\/a>, <a href=\"https:\/\/clinicamedicadoporto.pt\/staging\/tag\/melhoria-da-funcao-intestinal\/\" rel=\"tag\">melhoria da fun\u00e7\u00e3o intestinal<\/a>, <a href=\"https:\/\/clinicamedicadoporto.pt\/staging\/tag\/microbiota-intestinal\/\" rel=\"tag\">microbiota intestinal<\/a>, <a href=\"https:\/\/clinicamedicadoporto.pt\/staging\/tag\/microbiota-saudavel\/\" rel=\"tag\">microbiota saud\u00e1vel<\/a>, <a href=\"https:\/\/clinicamedicadoporto.pt\/staging\/tag\/prebioticos\/\" rel=\"tag\">prebi\u00f3ticos<\/a>, <a href=\"https:\/\/clinicamedicadoporto.pt\/staging\/tag\/prebioticos-e-probioticos-beneficios\/\" rel=\"tag\">prebi\u00f3ticos e probi\u00f3ticos benef\u00edcios<\/a>, <a href=\"https:\/\/clinicamedicadoporto.pt\/staging\/tag\/prevencao-de-doencas\/\" rel=\"tag\">preven\u00e7\u00e3o de doen\u00e7as<\/a>, <a href=\"https:\/\/clinicamedicadoporto.pt\/staging\/tag\/prevencao-de-doencas-intestinais\/\" rel=\"tag\">preven\u00e7\u00e3o de doen\u00e7as intestinais<\/a>, <a href=\"https:\/\/clinicamedicadoporto.pt\/staging\/tag\/prevencao-de-infeccoes\/\" rel=\"tag\">preven\u00e7\u00e3o de infec\u00e7\u00f5es<\/a>, <a href=\"https:\/\/clinicamedicadoporto.pt\/staging\/tag\/prevencao-de-problemas-digestivos\/\" rel=\"tag\">preven\u00e7\u00e3o de problemas digestivos<\/a>, <a href=\"https:\/\/clinicamedicadoporto.pt\/staging\/tag\/producao-de-vitaminas\/\" rel=\"tag\">produ\u00e7\u00e3o de vitaminas<\/a>, <a href=\"https:\/\/clinicamedicadoporto.pt\/staging\/tag\/protecao-cardiovascular\/\" rel=\"tag\">prote\u00e7\u00e3o cardiovascular<\/a>, <a href=\"https:\/\/clinicamedicadoporto.pt\/staging\/tag\/qualidade-de-vida\/\" rel=\"tag\">qualidade de vida<\/a>, <a href=\"https:\/\/clinicamedicadoporto.pt\/staging\/tag\/reducao-de-inflamacao\/\" rel=\"tag\">Redu\u00e7\u00e3o de inflama\u00e7\u00e3o<\/a>, <a href=\"https:\/\/clinicamedicadoporto.pt\/staging\/tag\/reforco-do-sistema-imunitario\/\" rel=\"tag\">refor\u00e7o do sistema imunit\u00e1rio<\/a>, <a href=\"https:\/\/clinicamedicadoporto.pt\/staging\/tag\/saude-digestiva\/\" rel=\"tag\">sa\u00fade digestiva<\/a>, <a href=\"https:\/\/clinicamedicadoporto.pt\/staging\/tag\/saude-mental\/\" rel=\"tag\">Sa\u00fade Mental<\/a>, <a href=\"https:\/\/clinicamedicadoporto.pt\/staging\/tag\/simbioticos\/\" rel=\"tag\">simbi\u00f3ticos<\/a>, <a href=\"https:\/\/clinicamedicadoporto.pt\/staging\/tag\/sindrome-do-intestino-irritavel\/\" rel=\"tag\">s\u00edndrome do intestino irrit\u00e1vel<\/a>, <a href=\"https:\/\/clinicamedicadoporto.pt\/staging\/tag\/suplementos-prebioticos\/\" rel=\"tag\">suplementos prebi\u00f3ticos<\/a>, <a href=\"https:\/\/clinicamedicadoporto.pt\/staging\/tag\/suplementos-probioticos\/\" rel=\"tag\">suplementos probi\u00f3ticos<\/a>, <a href=\"https:\/\/clinicamedicadoporto.pt\/staging\/tag\/terapia\/\" rel=\"tag\">Terapia<\/a>, <a href=\"https:\/\/clinicamedicadoporto.pt\/staging\/tag\/terapias\/\" rel=\"tag\">Terapias<\/a>, <a href=\"https:\/\/clinicamedicadoporto.pt\/staging\/tag\/todas-as-terapias\/\" rel=\"tag\">Todas as Terapias<\/a>, <a href=\"https:\/\/clinicamedicadoporto.pt\/staging\/tag\/tratar-diarreia\/\" rel=\"tag\">tratar diarreia<\/a>, <a href=\"https:\/\/clinicamedicadoporto.pt\/staging\/tag\/uso-de-antibioticos\/\" rel=\"tag\">uso de antibi\u00f3ticos<\/a><\/span><span class=\"categories-links\"><i class=\"kwicon-fa-folder-open\"><\/i> <a href=\"https:\/\/clinicamedicadoporto.pt\/staging\/category\/cuidados-de-saude\/\" rel=\"category tag\">Cuidados de Sa\u00fade<\/a>, <a href=\"https:\/\/clinicamedicadoporto.pt\/staging\/category\/nutricao-e-dietetica\/\" rel=\"category tag\">Nutri\u00e7\u00e3o e Diet\u00e9tica<\/a><\/span><\/div>\r\n\t\t\t\t\t<div class=\"kwayy-blogbox-desc\">[vc_row][vc_co...<div class=\"kwayy-post-readmore\"><a href=\"https:\/\/clinicamedicadoporto.pt\/staging\/prebioticos-e-probioticos\/\">Read More<i class=\"kwicon-fa-angle-right\"><\/i><\/a><\/div><\/div>\r\n\t\t\t\t<\/div>\r\n\t\t\t<\/div>\r\n\t\t<\/article>\r\n\t\r\n\t\t<article class=\"post-box blog-slider-box-width kwayy-blogbox-format-standard conselhos-uteis cuidados-de-saude reflecoes saude-mental\">\r\n\t\t\t<div class=\"post-item\">\r\n\t\t\t\t<div class=\"post-item-thumbnail\">\r\n\t\t\t\t\t<div class=\"post-item-thumbnail-inner\">\r\n\t\t\t\t\t\t<div class=\"kwayy-postbox-small-date\"><div class=\"kwayy-post-box-date-wrapper\"><div class=\"kwayy-entry-date-wrapper\">\r\n\t\t\t\t\t\t\t\t<span class=\"kwayy-entry-date\">\r\n\t\t\t\t\t\t\t\t\t<time class=\"entry-date\" datetime=\"\" >\r\n\t\t\t\t\t\t\t\t\t\t<span class=\"entry-date\"><\/span> \r\n\t\t\t\t\t\t\t\t\t\t<span class=\"entry-month\"><\/span> \r\n\t\t\t\t\t\t\t\t\t\t<span class=\"entry-year\"><\/span> \r\n\t\t\t\t\t\t\t\t\t<\/time>\r\n\t\t\t\t\t\t\t\t<\/span>\r\n\t\t\t\t\t\t\t<\/div><\/div><\/div>\r\n\t\t\t\t\t\t<a class=\"tm-blog-link\" href=\"https:\/\/clinicamedicadoporto.pt\/staging\/combater-a-depressao-e-ansiedade\/\"><img loading=\"lazy\" decoding=\"async\" width=\"832\" height=\"468\" src=\"https:\/\/clinicamedicadoporto.pt\/staging\/wp-content\/uploads\/2024\/11\/artigo-ansiedade-depressao-clinica-medica-porto.jpg?ver=1731089496\" class=\"attachment-portfolio-fix-column size-portfolio-fix-column wp-post-image\" alt=\"Mulher Sentada com a m\u00e3o no peito, simbolizando sofrimento\" srcset=\"https:\/\/clinicamedicadoporto.pt\/staging\/wp-content\/uploads\/2024\/11\/artigo-ansiedade-depressao-clinica-medica-porto.jpg 832w, https:\/\/clinicamedicadoporto.pt\/staging\/wp-content\/uploads\/2024\/11\/artigo-ansiedade-depressao-clinica-medica-porto-768x432.jpg 768w, https:\/\/clinicamedicadoporto.pt\/staging\/wp-content\/uploads\/2024\/11\/artigo-ansiedade-depressao-clinica-medica-porto-727x409.jpg 727w, https:\/\/clinicamedicadoporto.pt\/staging\/wp-content\/uploads\/2024\/11\/artigo-ansiedade-depressao-clinica-medica-porto-720x406.jpg 720w, https:\/\/clinicamedicadoporto.pt\/staging\/wp-content\/uploads\/2024\/11\/artigo-ansiedade-depressao-clinica-medica-porto-750x422.jpg 750w\" sizes=\"auto, (max-width: 832px) 100vw, 832px\" \/><\/a>\r\n\t\t\t\t\t<\/div>\r\n\t\t\t\t\t<div class=\"overthumb\"><\/div>\r\n\t\t\t\t\t\r\n\t\t\t\t<\/div>\r\n\t\t\t\t<div class=\"item-content\">\r\n\t\t\t\t\t<h4><a href=\"https:\/\/clinicamedicadoporto.pt\/staging\/combater-a-depressao-e-ansiedade\/\">6 Estrat\u00e9gias \u00dateis para Combater a Depress\u00e3o e a Ansiedade<\/a><\/h4>\r\n\t\t\t\t\t<div class=\"kwayy-meta-details\"><div class=\"kwayy-post-user\"><span class=\"author vcard\"><i class=\"kwicon-fa-user\"><\/i> <a class=\"url fn n\" href=\"https:\/\/clinicamedicadoporto.pt\/staging\/author\/m-reis-cmp\/\" title=\"View all posts by \" rel=\"author\"><\/a><\/span><\/div><span class=\"tags-links\"><i class=\"kwicon-fa-tags\"><\/i> <a href=\"https:\/\/clinicamedicadoporto.pt\/staging\/tag\/ansiedade-generalizada\/\" rel=\"tag\">ansiedade generalizada<\/a>, <a href=\"https:\/\/clinicamedicadoporto.pt\/staging\/tag\/ansiedade-tonturas-repentinas\/\" rel=\"tag\">ansiedade tonturas repentinas<\/a>, <a href=\"https:\/\/clinicamedicadoporto.pt\/staging\/tag\/ansiedades\/\" rel=\"tag\">ansiedades<\/a>, <a href=\"https:\/\/clinicamedicadoporto.pt\/staging\/tag\/ataque-de-ansiedade\/\" rel=\"tag\">ataque de ansiedade<\/a>, <a href=\"https:\/\/clinicamedicadoporto.pt\/staging\/tag\/ataque-de-panico\/\" rel=\"tag\">ataque de p\u00e2nico<\/a>, <a href=\"https:\/\/clinicamedicadoporto.pt\/staging\/tag\/bem-estar-mental\/\" rel=\"tag\">bem estar mental<\/a>, <a href=\"https:\/\/clinicamedicadoporto.pt\/staging\/tag\/causas-das-doencas-mentais\/\" rel=\"tag\">causas das doen\u00e7as mentais<\/a>, <a href=\"https:\/\/clinicamedicadoporto.pt\/staging\/tag\/clinica\/\" rel=\"tag\">clinica<\/a>, <a href=\"https:\/\/clinicamedicadoporto.pt\/staging\/tag\/clinica-de-saude-mental\/\" rel=\"tag\">clinica de saude mental<\/a>, <a href=\"https:\/\/clinicamedicadoporto.pt\/staging\/tag\/clinica-medica-do-porto\/\" rel=\"tag\">Clinica M\u00e9dica do Porto<\/a>, <a href=\"https:\/\/clinicamedicadoporto.pt\/staging\/tag\/clinica-porto\/\" rel=\"tag\">Clinica Porto<\/a>, <a href=\"https:\/\/clinicamedicadoporto.pt\/staging\/tag\/consulta\/\" rel=\"tag\">Consulta<\/a>, <a href=\"https:\/\/clinicamedicadoporto.pt\/staging\/tag\/consulta-medica\/\" rel=\"tag\">Consulta M\u00e9dica<\/a>, <a href=\"https:\/\/clinicamedicadoporto.pt\/staging\/tag\/controlar-ansiedade\/\" rel=\"tag\">controlar ansiedade<\/a>, <a href=\"https:\/\/clinicamedicadoporto.pt\/staging\/tag\/controlar-ansiedade-naturalmente\/\" rel=\"tag\">controlar ansiedade naturalmente<\/a>, <a href=\"https:\/\/clinicamedicadoporto.pt\/staging\/tag\/crise-de-ansiedade\/\" rel=\"tag\">crise de ansiedade<\/a>, <a href=\"https:\/\/clinicamedicadoporto.pt\/staging\/tag\/depressao\/\" rel=\"tag\">depress\u00e3o<\/a>, <a href=\"https:\/\/clinicamedicadoporto.pt\/staging\/tag\/depressao-e-ansiedade\/\" rel=\"tag\">depress\u00e3o e ansiedade<\/a>, <a href=\"https:\/\/clinicamedicadoporto.pt\/staging\/tag\/depressao-pos-parto\/\" rel=\"tag\">depressao pos parto<\/a>, <a href=\"https:\/\/clinicamedicadoporto.pt\/staging\/tag\/depressao-sintomas\/\" rel=\"tag\">depress\u00e3o sintomas<\/a>, <a href=\"https:\/\/clinicamedicadoporto.pt\/staging\/tag\/disturbios-mentais\/\" rel=\"tag\">disturbios mentais<\/a>, <a href=\"https:\/\/clinicamedicadoporto.pt\/staging\/tag\/doencas-mentais\/\" rel=\"tag\">doen\u00e7as mentais<\/a>, <a href=\"https:\/\/clinicamedicadoporto.pt\/staging\/tag\/doencas-mentais-lista\/\" rel=\"tag\">doen\u00e7as mentais lista<\/a>, <a href=\"https:\/\/clinicamedicadoporto.pt\/staging\/tag\/fobia-social\/\" rel=\"tag\">fobia social<\/a>, <a href=\"https:\/\/clinicamedicadoporto.pt\/staging\/tag\/pandemia-saude-mental\/\" rel=\"tag\">pandemia saude mental<\/a>, <a href=\"https:\/\/clinicamedicadoporto.pt\/staging\/tag\/pressao-na-cabeca-ansiedade\/\" rel=\"tag\">press\u00e3o na cabe\u00e7a ansiedade<\/a>, <a href=\"https:\/\/clinicamedicadoporto.pt\/staging\/tag\/saude-fisica-e-mental\/\" rel=\"tag\">saude fisica e mental<\/a>, <a href=\"https:\/\/clinicamedicadoporto.pt\/staging\/tag\/saude-mental\/\" rel=\"tag\">Sa\u00fade Mental<\/a>, <a href=\"https:\/\/clinicamedicadoporto.pt\/staging\/tag\/saude-mental-na-pandemia\/\" rel=\"tag\">saude mental na pandemia<\/a>, <a href=\"https:\/\/clinicamedicadoporto.pt\/staging\/tag\/saude-mental-positiva\/\" rel=\"tag\">saude mental positiva<\/a>, <a href=\"https:\/\/clinicamedicadoporto.pt\/staging\/tag\/sinais-de-depressao\/\" rel=\"tag\">sinais de depress\u00e3o<\/a>, <a href=\"https:\/\/clinicamedicadoporto.pt\/staging\/tag\/sindrome-do-panico\/\" rel=\"tag\">sindrome do panico<\/a>, <a href=\"https:\/\/clinicamedicadoporto.pt\/staging\/tag\/sintomas-de-depressao\/\" rel=\"tag\">sintomas de depress\u00e3o<\/a>, <a href=\"https:\/\/clinicamedicadoporto.pt\/staging\/tag\/terapia\/\" rel=\"tag\">Terapia<\/a>, <a href=\"https:\/\/clinicamedicadoporto.pt\/staging\/tag\/terapias\/\" rel=\"tag\">Terapias<\/a>, <a href=\"https:\/\/clinicamedicadoporto.pt\/staging\/tag\/todas-as-terapias\/\" rel=\"tag\">Todas as Terapias<\/a>, <a href=\"https:\/\/clinicamedicadoporto.pt\/staging\/tag\/transtorno-de-ansiedade\/\" rel=\"tag\">transtorno de ansiedade<\/a>, <a href=\"https:\/\/clinicamedicadoporto.pt\/staging\/tag\/transtornos-mentais\/\" rel=\"tag\">transtornos mentais<\/a><\/span><span class=\"categories-links\"><i class=\"kwicon-fa-folder-open\"><\/i> <a href=\"https:\/\/clinicamedicadoporto.pt\/staging\/category\/conselhos-uteis\/\" rel=\"category tag\">Conselhos \u00dateis<\/a>, <a href=\"https:\/\/clinicamedicadoporto.pt\/staging\/category\/cuidados-de-saude\/\" rel=\"category tag\">Cuidados de Sa\u00fade<\/a>, <a href=\"https:\/\/clinicamedicadoporto.pt\/staging\/category\/reflecoes\/\" rel=\"category tag\">Reflex\u00f5es<\/a>, <a href=\"https:\/\/clinicamedicadoporto.pt\/staging\/category\/saude-mental\/\" rel=\"category tag\">Sa\u00fade Mental<\/a><\/span><\/div>\r\n\t\t\t\t\t<div class=\"kwayy-blogbox-desc\">[vc_row][vc_co...<div class=\"kwayy-post-readmore\"><a href=\"https:\/\/clinicamedicadoporto.pt\/staging\/combater-a-depressao-e-ansiedade\/\">Read More<i class=\"kwicon-fa-angle-right\"><\/i><\/a><\/div><\/div>\r\n\t\t\t\t<\/div>\r\n\t\t\t<\/div>\r\n\t\t<\/article>\r\n\t\r\n\t\t<article class=\"post-box blog-slider-box-width kwayy-blogbox-format-standard conselhos-uteis cuidados-de-saude\">\r\n\t\t\t<div class=\"post-item\">\r\n\t\t\t\t<div class=\"post-item-thumbnail\">\r\n\t\t\t\t\t<div class=\"post-item-thumbnail-inner\">\r\n\t\t\t\t\t\t<div class=\"kwayy-postbox-small-date\"><div class=\"kwayy-post-box-date-wrapper\"><div class=\"kwayy-entry-date-wrapper\">\r\n\t\t\t\t\t\t\t\t<span class=\"kwayy-entry-date\">\r\n\t\t\t\t\t\t\t\t\t<time class=\"entry-date\" datetime=\"\" >\r\n\t\t\t\t\t\t\t\t\t\t<span class=\"entry-date\"><\/span> \r\n\t\t\t\t\t\t\t\t\t\t<span class=\"entry-month\"><\/span> \r\n\t\t\t\t\t\t\t\t\t\t<span class=\"entry-year\"><\/span> \r\n\t\t\t\t\t\t\t\t\t<\/time>\r\n\t\t\t\t\t\t\t\t<\/span>\r\n\t\t\t\t\t\t\t<\/div><\/div><\/div>\r\n\t\t\t\t\t\t<a class=\"tm-blog-link\" href=\"https:\/\/clinicamedicadoporto.pt\/staging\/adeus-cafe-aumentar-a-energia\/\"><img loading=\"lazy\" decoding=\"async\" width=\"882\" height=\"496\" src=\"https:\/\/clinicamedicadoporto.pt\/staging\/wp-content\/uploads\/2024\/09\/artigo-blog-energia-cafe.jpg\" class=\"attachment-portfolio-fix-column size-portfolio-fix-column wp-post-image\" alt=\"Imagem de uma pessoa deitada num sof\u00e1, aparentemente cansada, com um livro sobre o rosto e uma ch\u00e1vena de caf\u00e9 no ch\u00e3o \u00e0 sua frente\" srcset=\"https:\/\/clinicamedicadoporto.pt\/staging\/wp-content\/uploads\/2024\/09\/artigo-blog-energia-cafe.jpg 882w, https:\/\/clinicamedicadoporto.pt\/staging\/wp-content\/uploads\/2024\/09\/artigo-blog-energia-cafe-768x432.jpg 768w, https:\/\/clinicamedicadoporto.pt\/staging\/wp-content\/uploads\/2024\/09\/artigo-blog-energia-cafe-727x409.jpg 727w, https:\/\/clinicamedicadoporto.pt\/staging\/wp-content\/uploads\/2024\/09\/artigo-blog-energia-cafe-720x406.jpg 720w, https:\/\/clinicamedicadoporto.pt\/staging\/wp-content\/uploads\/2024\/09\/artigo-blog-energia-cafe-750x422.jpg 750w\" sizes=\"auto, (max-width: 882px) 100vw, 882px\" \/><\/a>\r\n\t\t\t\t\t<\/div>\r\n\t\t\t\t\t<div class=\"overthumb\"><\/div>\r\n\t\t\t\t\t\r\n\t\t\t\t<\/div>\r\n\t\t\t\t<div class=\"item-content\">\r\n\t\t\t\t\t<h4><a href=\"https:\/\/clinicamedicadoporto.pt\/staging\/adeus-cafe-aumentar-a-energia\/\">Adeus Caf\u00e9: Aumentar a Energia de Forma Natural<\/a><\/h4>\r\n\t\t\t\t\t<div class=\"kwayy-meta-details\"><div class=\"kwayy-post-user\"><span class=\"author vcard\"><i class=\"kwicon-fa-user\"><\/i> <a class=\"url fn n\" href=\"https:\/\/clinicamedicadoporto.pt\/staging\/author\/m-reis-cmp\/\" title=\"View all posts by \" rel=\"author\"><\/a><\/span><\/div><span class=\"tags-links\"><i class=\"kwicon-fa-tags\"><\/i> <a href=\"https:\/\/clinicamedicadoporto.pt\/staging\/tag\/alimentacao-inteligente\/\" rel=\"tag\">alimenta\u00e7\u00e3o inteligente<\/a>, <a href=\"https:\/\/clinicamedicadoporto.pt\/staging\/tag\/alimentacao-para-energia\/\" rel=\"tag\">alimenta\u00e7\u00e3o para energia<\/a>, <a href=\"https:\/\/clinicamedicadoporto.pt\/staging\/tag\/alimentos-para-energia\/\" rel=\"tag\">alimentos para energia<\/a>, <a href=\"https:\/\/clinicamedicadoporto.pt\/staging\/tag\/alternativas-ao-cafe\/\" rel=\"tag\">alternativas ao caf\u00e9<\/a>, <a href=\"https:\/\/clinicamedicadoporto.pt\/staging\/tag\/aumentar-foco-e-energia\/\" rel=\"tag\">aumentar foco e energia<\/a>, <a href=\"https:\/\/clinicamedicadoporto.pt\/staging\/tag\/cansaco-e-falta-de-energia\/\" rel=\"tag\">cansa\u00e7o e falta de energia<\/a>, <a href=\"https:\/\/clinicamedicadoporto.pt\/staging\/tag\/clinica\/\" rel=\"tag\">clinica<\/a>, <a href=\"https:\/\/clinicamedicadoporto.pt\/staging\/tag\/clinica-medica-do-porto\/\" rel=\"tag\">Clinica M\u00e9dica do Porto<\/a>, <a href=\"https:\/\/clinicamedicadoporto.pt\/staging\/tag\/clinica-porto\/\" rel=\"tag\">Clinica Porto<\/a>, <a href=\"https:\/\/clinicamedicadoporto.pt\/staging\/tag\/combater-fadiga\/\" rel=\"tag\">combater fadiga<\/a>, <a href=\"https:\/\/clinicamedicadoporto.pt\/staging\/tag\/combater-fadiga-sem-cafeina\/\" rel=\"tag\">combater fadiga sem cafe\u00edna<\/a>, <a href=\"https:\/\/clinicamedicadoporto.pt\/staging\/tag\/como-aumentar-energia\/\" rel=\"tag\">como aumentar energia<\/a>, <a href=\"https:\/\/clinicamedicadoporto.pt\/staging\/tag\/como-evitar-cafeina\/\" rel=\"tag\">como evitar cafe\u00edna<\/a>, <a href=\"https:\/\/clinicamedicadoporto.pt\/staging\/tag\/consulta\/\" rel=\"tag\">Consulta<\/a>, <a href=\"https:\/\/clinicamedicadoporto.pt\/staging\/tag\/consulta-medica\/\" rel=\"tag\">Consulta M\u00e9dica<\/a>, <a href=\"https:\/\/clinicamedicadoporto.pt\/staging\/tag\/dicas-para-energia-diaria\/\" rel=\"tag\">dicas para energia di\u00e1ria<\/a>, <a href=\"https:\/\/clinicamedicadoporto.pt\/staging\/tag\/evitar-cafeina\/\" rel=\"tag\">evitar cafe\u00edna<\/a>, <a href=\"https:\/\/clinicamedicadoporto.pt\/staging\/tag\/evitar-cansaco-diario\/\" rel=\"tag\">evitar cansa\u00e7o di\u00e1rio<\/a>, <a href=\"https:\/\/clinicamedicadoporto.pt\/staging\/tag\/evitar-queda-de-energia\/\" rel=\"tag\">evitar queda de energia<\/a>, <a href=\"https:\/\/clinicamedicadoporto.pt\/staging\/tag\/exercicio-matinal-energia\/\" rel=\"tag\">exerc\u00edcio matinal energia<\/a>, <a href=\"https:\/\/clinicamedicadoporto.pt\/staging\/tag\/hidratacao-e-disposicao\/\" rel=\"tag\">hidrata\u00e7\u00e3o e disposi\u00e7\u00e3o<\/a>, <a href=\"https:\/\/clinicamedicadoporto.pt\/staging\/tag\/hidratacao-e-energia\/\" rel=\"tag\">hidrata\u00e7\u00e3o e energia<\/a>, <a href=\"https:\/\/clinicamedicadoporto.pt\/staging\/tag\/luz-natural-e-energia\/\" rel=\"tag\">luz natural e energia<\/a>, <a href=\"https:\/\/clinicamedicadoporto.pt\/staging\/tag\/manter-energia\/\" rel=\"tag\">manter energia<\/a>, <a href=\"https:\/\/clinicamedicadoporto.pt\/staging\/tag\/manter-energia-constante\/\" rel=\"tag\">manter energia constante<\/a>, <a href=\"https:\/\/clinicamedicadoporto.pt\/staging\/tag\/melhorar-disposicao-sem-cafe\/\" rel=\"tag\">melhorar disposi\u00e7\u00e3o sem caf\u00e9<\/a>, <a href=\"https:\/\/clinicamedicadoporto.pt\/staging\/tag\/micro-pausas-e-produtividade\/\" rel=\"tag\">micro-pausas e produtividade<\/a>, <a href=\"https:\/\/clinicamedicadoporto.pt\/staging\/tag\/pausa-para-energia\/\" rel=\"tag\">pausa para energia<\/a>, <a href=\"https:\/\/clinicamedicadoporto.pt\/staging\/tag\/rotina-saudavel-energia\/\" rel=\"tag\">rotina saud\u00e1vel energia<\/a>, <a href=\"https:\/\/clinicamedicadoporto.pt\/staging\/tag\/sono-de-qualidade-energia\/\" rel=\"tag\">sono de qualidade energia<\/a>, <a href=\"https:\/\/clinicamedicadoporto.pt\/staging\/tag\/substitutos-da-cafeina\/\" rel=\"tag\">substitutos da cafe\u00edna<\/a>, <a href=\"https:\/\/clinicamedicadoporto.pt\/staging\/tag\/substitutos-do-cafe\/\" rel=\"tag\">substitutos do caf\u00e9<\/a>, <a href=\"https:\/\/clinicamedicadoporto.pt\/staging\/tag\/tecnicas-combater-fadiga\/\" rel=\"tag\">t\u00e9cnicas combater fadiga<\/a>, <a href=\"https:\/\/clinicamedicadoporto.pt\/staging\/tag\/terapia\/\" rel=\"tag\">Terapia<\/a>, <a href=\"https:\/\/clinicamedicadoporto.pt\/staging\/tag\/terapias\/\" rel=\"tag\">Terapias<\/a>, <a href=\"https:\/\/clinicamedicadoporto.pt\/staging\/tag\/todas-as-terapias\/\" rel=\"tag\">Todas as Terapias<\/a><\/span><span class=\"categories-links\"><i class=\"kwicon-fa-folder-open\"><\/i> <a href=\"https:\/\/clinicamedicadoporto.pt\/staging\/category\/conselhos-uteis\/\" rel=\"category tag\">Conselhos \u00dateis<\/a>, <a href=\"https:\/\/clinicamedicadoporto.pt\/staging\/category\/cuidados-de-saude\/\" rel=\"category tag\">Cuidados de Sa\u00fade<\/a><\/span><\/div>\r\n\t\t\t\t\t<div class=\"kwayy-blogbox-desc\">[vc_row][vc_co...<div class=\"kwayy-post-readmore\"><a href=\"https:\/\/clinicamedicadoporto.pt\/staging\/adeus-cafe-aumentar-a-energia\/\">Read More<i class=\"kwicon-fa-angle-right\"><\/i><\/a><\/div><\/div>\r\n\t\t\t\t<\/div>\r\n\t\t\t<\/div>\r\n\t\t<\/article>\r\n\t\r\n\t\t<article class=\"post-box blog-slider-box-width kwayy-blogbox-format-standard cuidados-de-saude saude-mental sexologia\">\r\n\t\t\t<div class=\"post-item\">\r\n\t\t\t\t<div class=\"post-item-thumbnail\">\r\n\t\t\t\t\t<div class=\"post-item-thumbnail-inner\">\r\n\t\t\t\t\t\t<div class=\"kwayy-postbox-small-date\"><div class=\"kwayy-post-box-date-wrapper\"><div class=\"kwayy-entry-date-wrapper\">\r\n\t\t\t\t\t\t\t\t<span class=\"kwayy-entry-date\">\r\n\t\t\t\t\t\t\t\t\t<time class=\"entry-date\" datetime=\"\" >\r\n\t\t\t\t\t\t\t\t\t\t<span class=\"entry-date\"><\/span> \r\n\t\t\t\t\t\t\t\t\t\t<span class=\"entry-month\"><\/span> \r\n\t\t\t\t\t\t\t\t\t\t<span class=\"entry-year\"><\/span> \r\n\t\t\t\t\t\t\t\t\t<\/time>\r\n\t\t\t\t\t\t\t\t<\/span>\r\n\t\t\t\t\t\t\t<\/div><\/div><\/div>\r\n\t\t\t\t\t\t<a class=\"tm-blog-link\" href=\"https:\/\/clinicamedicadoporto.pt\/staging\/estrategias-sexualidade-saudavel\/\"><img loading=\"lazy\" decoding=\"async\" width=\"832\" height=\"468\" src=\"https:\/\/clinicamedicadoporto.pt\/staging\/wp-content\/uploads\/2024\/09\/artigo-sexualidade-clinica-medica-porto.jpg\" class=\"attachment-portfolio-fix-column size-portfolio-fix-column wp-post-image\" alt=\"Imagem de Dois bonecos de luz onde os org\u00e3os sexuais s\u00e3o substitu\u00eddos por ilumina\u00e7\u00e3o\" srcset=\"https:\/\/clinicamedicadoporto.pt\/staging\/wp-content\/uploads\/2024\/09\/artigo-sexualidade-clinica-medica-porto.jpg 832w, https:\/\/clinicamedicadoporto.pt\/staging\/wp-content\/uploads\/2024\/09\/artigo-sexualidade-clinica-medica-porto-768x432.jpg 768w, https:\/\/clinicamedicadoporto.pt\/staging\/wp-content\/uploads\/2024\/09\/artigo-sexualidade-clinica-medica-porto-727x409.jpg 727w, https:\/\/clinicamedicadoporto.pt\/staging\/wp-content\/uploads\/2024\/09\/artigo-sexualidade-clinica-medica-porto-720x406.jpg 720w, https:\/\/clinicamedicadoporto.pt\/staging\/wp-content\/uploads\/2024\/09\/artigo-sexualidade-clinica-medica-porto-750x422.jpg 750w\" sizes=\"auto, (max-width: 832px) 100vw, 832px\" \/><\/a>\r\n\t\t\t\t\t<\/div>\r\n\t\t\t\t\t<div class=\"overthumb\"><\/div>\r\n\t\t\t\t\t\r\n\t\t\t\t<\/div>\r\n\t\t\t\t<div class=\"item-content\">\r\n\t\t\t\t\t<h4><a href=\"https:\/\/clinicamedicadoporto.pt\/staging\/estrategias-sexualidade-saudavel\/\">Estrat\u00e9gias para uma Sexualidade Saud\u00e1vel<\/a><\/h4>\r\n\t\t\t\t\t<div class=\"kwayy-meta-details\"><div class=\"kwayy-post-user\"><span class=\"author vcard\"><i class=\"kwicon-fa-user\"><\/i> <a class=\"url fn n\" href=\"https:\/\/clinicamedicadoporto.pt\/staging\/author\/m-reis-cmp\/\" title=\"View all posts by \" rel=\"author\"><\/a><\/span><\/div><span class=\"tags-links\"><i class=\"kwicon-fa-tags\"><\/i> <a href=\"https:\/\/clinicamedicadoporto.pt\/staging\/tag\/aceitacao-sexual\/\" rel=\"tag\">aceita\u00e7\u00e3o sexual<\/a>, <a href=\"https:\/\/clinicamedicadoporto.pt\/staging\/tag\/ansiedade-sexual\/\" rel=\"tag\">ansiedade sexual<\/a>, <a href=\"https:\/\/clinicamedicadoporto.pt\/staging\/tag\/autoestima-sexual\/\" rel=\"tag\">autoestima sexual<\/a>, <a href=\"https:\/\/clinicamedicadoporto.pt\/staging\/tag\/bem-estar-sexual\/\" rel=\"tag\">bem-estar sexual<\/a>, <a href=\"https:\/\/clinicamedicadoporto.pt\/staging\/tag\/clinica\/\" rel=\"tag\">clinica<\/a>, <a href=\"https:\/\/clinicamedicadoporto.pt\/staging\/tag\/clinica-medica-do-porto\/\" rel=\"tag\">Clinica M\u00e9dica do Porto<\/a>, <a href=\"https:\/\/clinicamedicadoporto.pt\/staging\/tag\/clinica-porto\/\" rel=\"tag\">Clinica Porto<\/a>, <a href=\"https:\/\/clinicamedicadoporto.pt\/staging\/tag\/comunicacao-sexual\/\" rel=\"tag\">comunica\u00e7\u00e3o sexual<\/a>, <a href=\"https:\/\/clinicamedicadoporto.pt\/staging\/tag\/consulta\/\" rel=\"tag\">Consulta<\/a>, <a href=\"https:\/\/clinicamedicadoporto.pt\/staging\/tag\/consulta-medica\/\" rel=\"tag\">Consulta M\u00e9dica<\/a>, <a href=\"https:\/\/clinicamedicadoporto.pt\/staging\/tag\/dependencia-sexual\/\" rel=\"tag\">depend\u00eancia sexual<\/a>, <a href=\"https:\/\/clinicamedicadoporto.pt\/staging\/tag\/disfuncao-sexual\/\" rel=\"tag\">disfun\u00e7\u00e3o sexual<\/a>, <a href=\"https:\/\/clinicamedicadoporto.pt\/staging\/tag\/fadiga-sexual\/\" rel=\"tag\">fadiga sexual<\/a>, <a href=\"https:\/\/clinicamedicadoporto.pt\/staging\/tag\/identidade-lgbtq\/\" rel=\"tag\">identidade LGBTQ+<\/a>, <a href=\"https:\/\/clinicamedicadoporto.pt\/staging\/tag\/intervencao-sexual\/\" rel=\"tag\">interven\u00e7\u00e3o sexual<\/a>, <a href=\"https:\/\/clinicamedicadoporto.pt\/staging\/tag\/intimidade-sexual\/\" rel=\"tag\">intimidade sexual<\/a>, <a href=\"https:\/\/clinicamedicadoporto.pt\/staging\/tag\/mindfulness-sexual\/\" rel=\"tag\">mindfulness sexual<\/a>, <a href=\"https:\/\/clinicamedicadoporto.pt\/staging\/tag\/orientacao-sexual\/\" rel=\"tag\">orienta\u00e7\u00e3o sexual<\/a>, <a href=\"https:\/\/clinicamedicadoporto.pt\/staging\/tag\/pratica-sexual-saudavel\/\" rel=\"tag\">pr\u00e1tica sexual saud\u00e1vel<\/a>, <a href=\"https:\/\/clinicamedicadoporto.pt\/staging\/tag\/problemas-sexuais\/\" rel=\"tag\">problemas sexuais<\/a>, <a href=\"https:\/\/clinicamedicadoporto.pt\/staging\/tag\/psicologia-sexual\/\" rel=\"tag\">psicologia sexual<\/a>, <a href=\"https:\/\/clinicamedicadoporto.pt\/staging\/tag\/recuperacao-sexual\/\" rel=\"tag\">recupera\u00e7\u00e3o sexual<\/a>, <a href=\"https:\/\/clinicamedicadoporto.pt\/staging\/tag\/relacionamento-saudavel\/\" rel=\"tag\">relacionamento saud\u00e1vel<\/a>, <a href=\"https:\/\/clinicamedicadoporto.pt\/staging\/tag\/satisfacao-sexual\/\" rel=\"tag\">satisfa\u00e7\u00e3o sexual<\/a>, <a href=\"https:\/\/clinicamedicadoporto.pt\/staging\/tag\/saude-mental-sexual\/\" rel=\"tag\">sa\u00fade mental sexual<\/a>, <a href=\"https:\/\/clinicamedicadoporto.pt\/staging\/tag\/saude-sexual\/\" rel=\"tag\">sa\u00fade sexual<\/a>, <a href=\"https:\/\/clinicamedicadoporto.pt\/staging\/tag\/sexualidade-saudavel\/\" rel=\"tag\">sexualidade saud\u00e1vel<\/a>, <a href=\"https:\/\/clinicamedicadoporto.pt\/staging\/tag\/stress-sexual\/\" rel=\"tag\">stress sexual<\/a>, <a href=\"https:\/\/clinicamedicadoporto.pt\/staging\/tag\/tecnicas-sexuais\/\" rel=\"tag\">t\u00e9cnicas sexuais<\/a>, <a href=\"https:\/\/clinicamedicadoporto.pt\/staging\/tag\/terapia\/\" rel=\"tag\">Terapia<\/a>, <a href=\"https:\/\/clinicamedicadoporto.pt\/staging\/tag\/terapia-cognitiva-sexual\/\" rel=\"tag\">terapia cognitiva sexual<\/a>, <a href=\"https:\/\/clinicamedicadoporto.pt\/staging\/tag\/terapia-de-casal\/\" rel=\"tag\">terapia de casal<\/a>, <a href=\"https:\/\/clinicamedicadoporto.pt\/staging\/tag\/terapia-psicologica-sexual\/\" rel=\"tag\">terapia psicol\u00f3gica sexual<\/a>, <a href=\"https:\/\/clinicamedicadoporto.pt\/staging\/tag\/terapia-sexual\/\" rel=\"tag\">terapia sexual<\/a>, <a href=\"https:\/\/clinicamedicadoporto.pt\/staging\/tag\/terapias\/\" rel=\"tag\">Terapias<\/a>, <a href=\"https:\/\/clinicamedicadoporto.pt\/staging\/tag\/todas-as-terapias\/\" rel=\"tag\">Todas as Terapias<\/a>, <a href=\"https:\/\/clinicamedicadoporto.pt\/staging\/tag\/tratamento-psicologico-sexual\/\" rel=\"tag\">tratamento psicol\u00f3gico sexual<\/a>, <a href=\"https:\/\/clinicamedicadoporto.pt\/staging\/tag\/tratamento-sexual\/\" rel=\"tag\">tratamento sexual<\/a>, <a href=\"https:\/\/clinicamedicadoporto.pt\/staging\/tag\/trauma-sexual\/\" rel=\"tag\">trauma sexual<\/a><\/span><span class=\"categories-links\"><i class=\"kwicon-fa-folder-open\"><\/i> <a href=\"https:\/\/clinicamedicadoporto.pt\/staging\/category\/cuidados-de-saude\/\" rel=\"category tag\">Cuidados de Sa\u00fade<\/a>, <a href=\"https:\/\/clinicamedicadoporto.pt\/staging\/category\/saude-mental\/\" rel=\"category tag\">Sa\u00fade Mental<\/a>, <a href=\"https:\/\/clinicamedicadoporto.pt\/staging\/category\/sexologia\/\" rel=\"category tag\">Sexologia<\/a><\/span><\/div>\r\n\t\t\t\t\t<div class=\"kwayy-blogbox-desc\">[vc_row][vc_co...<div class=\"kwayy-post-readmore\"><a href=\"https:\/\/clinicamedicadoporto.pt\/staging\/estrategias-sexualidade-saudavel\/\">Read More<i class=\"kwicon-fa-angle-right\"><\/i><\/a><\/div><\/div>\r\n\t\t\t\t<\/div>\r\n\t\t\t<\/div>\r\n\t\t<\/article>\r\n\t\r\n\t\t<article class=\"post-box blog-slider-box-width kwayy-blogbox-format-standard acupuntura fitoterapia-chinesa massagem-tuina medicina-integrativa medicina-tradicional-chinesa qigong terapias-nao-convencionais\">\r\n\t\t\t<div class=\"post-item\">\r\n\t\t\t\t<div class=\"post-item-thumbnail\">\r\n\t\t\t\t\t<div class=\"post-item-thumbnail-inner\">\r\n\t\t\t\t\t\t<div class=\"kwayy-postbox-small-date\"><div class=\"kwayy-post-box-date-wrapper\"><div class=\"kwayy-entry-date-wrapper\">\r\n\t\t\t\t\t\t\t\t<span class=\"kwayy-entry-date\">\r\n\t\t\t\t\t\t\t\t\t<time class=\"entry-date\" datetime=\"\" >\r\n\t\t\t\t\t\t\t\t\t\t<span class=\"entry-date\"><\/span> \r\n\t\t\t\t\t\t\t\t\t\t<span class=\"entry-month\"><\/span> \r\n\t\t\t\t\t\t\t\t\t\t<span class=\"entry-year\"><\/span> \r\n\t\t\t\t\t\t\t\t\t<\/time>\r\n\t\t\t\t\t\t\t\t<\/span>\r\n\t\t\t\t\t\t\t<\/div><\/div><\/div>\r\n\t\t\t\t\t\t<a class=\"tm-blog-link\" href=\"https:\/\/clinicamedicadoporto.pt\/staging\/acupuntura-e-medicina-chinesa-no-tratamento-de-patologias-cronicas\/\"><img loading=\"lazy\" decoding=\"async\" width=\"832\" height=\"468\" src=\"https:\/\/clinicamedicadoporto.pt\/staging\/wp-content\/uploads\/2024\/07\/artigo-acupuntura-medicina-chinesa-doenca-cronica-0.jpg\" class=\"attachment-portfolio-fix-column size-portfolio-fix-column wp-post-image\" alt=\"Pessoa a realizar tratamento de Cupping ou Ventosaterapia englobado na consulta de Medicina Chinesa\" srcset=\"https:\/\/clinicamedicadoporto.pt\/staging\/wp-content\/uploads\/2024\/07\/artigo-acupuntura-medicina-chinesa-doenca-cronica-0.jpg 832w, https:\/\/clinicamedicadoporto.pt\/staging\/wp-content\/uploads\/2024\/07\/artigo-acupuntura-medicina-chinesa-doenca-cronica-0-768x432.jpg 768w, https:\/\/clinicamedicadoporto.pt\/staging\/wp-content\/uploads\/2024\/07\/artigo-acupuntura-medicina-chinesa-doenca-cronica-0-727x409.jpg 727w, https:\/\/clinicamedicadoporto.pt\/staging\/wp-content\/uploads\/2024\/07\/artigo-acupuntura-medicina-chinesa-doenca-cronica-0-720x406.jpg 720w, https:\/\/clinicamedicadoporto.pt\/staging\/wp-content\/uploads\/2024\/07\/artigo-acupuntura-medicina-chinesa-doenca-cronica-0-750x422.jpg 750w\" sizes=\"auto, (max-width: 832px) 100vw, 832px\" \/><\/a>\r\n\t\t\t\t\t<\/div>\r\n\t\t\t\t\t<div class=\"overthumb\"><\/div>\r\n\t\t\t\t\t\r\n\t\t\t\t<\/div>\r\n\t\t\t\t<div class=\"item-content\">\r\n\t\t\t\t\t<h4><a href=\"https:\/\/clinicamedicadoporto.pt\/staging\/acupuntura-e-medicina-chinesa-no-tratamento-de-patologias-cronicas\/\">Acupuntura e Medicina Chinesa no Tratamento de Patologias Cr\u00f3nicas<\/a><\/h4>\r\n\t\t\t\t\t<div class=\"kwayy-meta-details\"><div class=\"kwayy-post-user\"><span class=\"author vcard\"><i class=\"kwicon-fa-user\"><\/i> <a class=\"url fn n\" href=\"https:\/\/clinicamedicadoporto.pt\/staging\/author\/m-reis-cmp\/\" title=\"View all posts by \" rel=\"author\"><\/a><\/span><\/div><span class=\"tags-links\"><i class=\"kwicon-fa-tags\"><\/i> <a href=\"https:\/\/clinicamedicadoporto.pt\/staging\/tag\/acupuntura\/\" rel=\"tag\">acupuntura<\/a>, <a href=\"https:\/\/clinicamedicadoporto.pt\/staging\/tag\/acupuntura-para-ansiedade\/\" rel=\"tag\">acupuntura para ansiedade<\/a>, <a href=\"https:\/\/clinicamedicadoporto.pt\/staging\/tag\/acupuntura-para-depressao\/\" rel=\"tag\">acupuntura para depress\u00e3o<\/a>, <a href=\"https:\/\/clinicamedicadoporto.pt\/staging\/tag\/acupuntura-porto\/\" rel=\"tag\">Acupuntura Porto<\/a>, <a href=\"https:\/\/clinicamedicadoporto.pt\/staging\/tag\/alivio-da-dor\/\" rel=\"tag\">Al\u00edvio da dor<\/a>, <a href=\"https:\/\/clinicamedicadoporto.pt\/staging\/tag\/artrite\/\" rel=\"tag\">artrite<\/a>, <a href=\"https:\/\/clinicamedicadoporto.pt\/staging\/tag\/asma\/\" rel=\"tag\">asma<\/a>, <a href=\"https:\/\/clinicamedicadoporto.pt\/staging\/tag\/clinica\/\" rel=\"tag\">clinica<\/a>, <a href=\"https:\/\/clinicamedicadoporto.pt\/staging\/tag\/clinica-medica-do-porto\/\" rel=\"tag\">Clinica M\u00e9dica do Porto<\/a>, <a href=\"https:\/\/clinicamedicadoporto.pt\/staging\/tag\/clinica-porto\/\" rel=\"tag\">Clinica Porto<\/a>, <a href=\"https:\/\/clinicamedicadoporto.pt\/staging\/tag\/consulta\/\" rel=\"tag\">Consulta<\/a>, <a href=\"https:\/\/clinicamedicadoporto.pt\/staging\/tag\/consulta-clinica-porto\/\" rel=\"tag\">Consulta Clinica Porto<\/a>, <a href=\"https:\/\/clinicamedicadoporto.pt\/staging\/tag\/consulta-de-acupuntura\/\" rel=\"tag\">Consulta de Acupuntura<\/a>, <a href=\"https:\/\/clinicamedicadoporto.pt\/staging\/tag\/consulta-de-acupuntura-porto\/\" rel=\"tag\">Consulta de Acupuntura Porto<\/a>, <a href=\"https:\/\/clinicamedicadoporto.pt\/staging\/tag\/consulta-medica\/\" rel=\"tag\">Consulta M\u00e9dica<\/a>, <a href=\"https:\/\/clinicamedicadoporto.pt\/staging\/tag\/cuidados-complementares\/\" rel=\"tag\">Cuidados complementares<\/a>, <a href=\"https:\/\/clinicamedicadoporto.pt\/staging\/tag\/doenca-cardiaca\/\" rel=\"tag\">Doen\u00e7a card\u00edaca<\/a>, <a href=\"https:\/\/clinicamedicadoporto.pt\/staging\/tag\/doenca-inflamatoria-intestinal\/\" rel=\"tag\">Doen\u00e7a inflamat\u00f3ria intestinal<\/a>, <a href=\"https:\/\/clinicamedicadoporto.pt\/staging\/tag\/enxaqueca\/\" rel=\"tag\">Enxaqueca<\/a>, <a href=\"https:\/\/clinicamedicadoporto.pt\/staging\/tag\/equilibrio-emocional\/\" rel=\"tag\">Equil\u00edbrio emocional<\/a>, <a href=\"https:\/\/clinicamedicadoporto.pt\/staging\/tag\/fibromialgia\/\" rel=\"tag\">Fibromialgia<\/a>, <a href=\"https:\/\/clinicamedicadoporto.pt\/staging\/tag\/inflamacao\/\" rel=\"tag\">inflama\u00e7\u00e3o<\/a>, <a href=\"https:\/\/clinicamedicadoporto.pt\/staging\/tag\/medicina-alternativa\/\" rel=\"tag\">medicina alternativa<\/a>, <a href=\"https:\/\/clinicamedicadoporto.pt\/staging\/tag\/medicina-integrativa\/\" rel=\"tag\">medicina integrativa<\/a>, <a href=\"https:\/\/clinicamedicadoporto.pt\/staging\/tag\/reducao-de-inflamacao\/\" rel=\"tag\">Redu\u00e7\u00e3o de inflama\u00e7\u00e3o<\/a>, <a href=\"https:\/\/clinicamedicadoporto.pt\/staging\/tag\/saude-cardiovascular\/\" rel=\"tag\">Sa\u00fade cardiovascular<\/a>, <a href=\"https:\/\/clinicamedicadoporto.pt\/staging\/tag\/saude-e-bem-estar\/\" rel=\"tag\">Sa\u00fade e bem-estar<\/a>, <a href=\"https:\/\/clinicamedicadoporto.pt\/staging\/tag\/sistema-digestivo\/\" rel=\"tag\">Sistema digestivo<\/a>, <a href=\"https:\/\/clinicamedicadoporto.pt\/staging\/tag\/sistema-imunologico\/\" rel=\"tag\">Sistema imunol\u00f3gico<\/a>, <a href=\"https:\/\/clinicamedicadoporto.pt\/staging\/tag\/terapia\/\" rel=\"tag\">Terapia<\/a>, <a href=\"https:\/\/clinicamedicadoporto.pt\/staging\/tag\/terapias\/\" rel=\"tag\">Terapias<\/a>, <a href=\"https:\/\/clinicamedicadoporto.pt\/staging\/tag\/terapias-nao-convencionais\/\" rel=\"tag\">terapias n\u00e3o convencionais<\/a>, <a href=\"https:\/\/clinicamedicadoporto.pt\/staging\/tag\/todas-as-terapias\/\" rel=\"tag\">Todas as Terapias<\/a>, <a href=\"https:\/\/clinicamedicadoporto.pt\/staging\/tag\/tratamento-alternativo\/\" rel=\"tag\">Tratamento alternativo<\/a><\/span><span class=\"categories-links\"><i class=\"kwicon-fa-folder-open\"><\/i> <a href=\"https:\/\/clinicamedicadoporto.pt\/staging\/category\/terapias-nao-convencionais\/medicina-tradicional-chinesa\/acupuntura\/\" rel=\"category tag\">Acupuntura<\/a>, <a href=\"https:\/\/clinicamedicadoporto.pt\/staging\/category\/terapias-nao-convencionais\/medicina-tradicional-chinesa\/fitoterapia-chinesa\/\" rel=\"category tag\">Fitoterapia Chinesa<\/a>, <a href=\"https:\/\/clinicamedicadoporto.pt\/staging\/category\/terapias-nao-convencionais\/medicina-tradicional-chinesa\/massagem-tuina\/\" rel=\"category tag\">Massagem TuiNa<\/a>, <a href=\"https:\/\/clinicamedicadoporto.pt\/staging\/category\/medicina-integrativa\/\" rel=\"category tag\">Medicina Integrativa<\/a>, <a href=\"https:\/\/clinicamedicadoporto.pt\/staging\/category\/terapias-nao-convencionais\/medicina-tradicional-chinesa\/\" rel=\"category tag\">Medicina Tradicional Chinesa<\/a>, <a href=\"https:\/\/clinicamedicadoporto.pt\/staging\/category\/terapias-nao-convencionais\/medicina-tradicional-chinesa\/qigong\/\" rel=\"category tag\">QiGong<\/a>, <a href=\"https:\/\/clinicamedicadoporto.pt\/staging\/category\/terapias-nao-convencionais\/\" rel=\"category tag\">Terapias N\u00e3o Convencionais<\/a><\/span><\/div>\r\n\t\t\t\t\t<div class=\"kwayy-blogbox-desc\">[vc_row][vc_co...<div class=\"kwayy-post-readmore\"><a href=\"https:\/\/clinicamedicadoporto.pt\/staging\/acupuntura-e-medicina-chinesa-no-tratamento-de-patologias-cronicas\/\">Read More<i class=\"kwicon-fa-angle-right\"><\/i><\/a><\/div><\/div>\r\n\t\t\t\t<\/div>\r\n\t\t\t<\/div>\r\n\t\t<\/article>\r\n\t\r\n\t\t<article class=\"post-box blog-slider-box-width kwayy-blogbox-format-standard cuidados-de-saude especialidades-tecnicas fisioterapia-uro-ginecologica\">\r\n\t\t\t<div class=\"post-item\">\r\n\t\t\t\t<div class=\"post-item-thumbnail\">\r\n\t\t\t\t\t<div class=\"post-item-thumbnail-inner\">\r\n\t\t\t\t\t\t<div class=\"kwayy-postbox-small-date\"><div class=\"kwayy-post-box-date-wrapper\"><div class=\"kwayy-entry-date-wrapper\">\r\n\t\t\t\t\t\t\t\t<span class=\"kwayy-entry-date\">\r\n\t\t\t\t\t\t\t\t\t<time class=\"entry-date\" datetime=\"\" >\r\n\t\t\t\t\t\t\t\t\t\t<span class=\"entry-date\"><\/span> \r\n\t\t\t\t\t\t\t\t\t\t<span class=\"entry-month\"><\/span> \r\n\t\t\t\t\t\t\t\t\t\t<span class=\"entry-year\"><\/span> \r\n\t\t\t\t\t\t\t\t\t<\/time>\r\n\t\t\t\t\t\t\t\t<\/span>\r\n\t\t\t\t\t\t\t<\/div><\/div><\/div>\r\n\t\t\t\t\t\t<a class=\"tm-blog-link\" href=\"https:\/\/clinicamedicadoporto.pt\/staging\/cuidados-pelvicos-essenciais-no-pos-parto\/\"><img loading=\"lazy\" decoding=\"async\" width=\"832\" height=\"468\" src=\"https:\/\/clinicamedicadoporto.pt\/staging\/wp-content\/uploads\/2024\/04\/recuperacao-pos-parto-clinica-medica-porto.jpg\" class=\"attachment-portfolio-fix-column size-portfolio-fix-column wp-post-image\" alt=\"Mulher gr\u00e1vida segura sapatinhos de beb\u00e9\" srcset=\"https:\/\/clinicamedicadoporto.pt\/staging\/wp-content\/uploads\/2024\/04\/recuperacao-pos-parto-clinica-medica-porto.jpg 832w, https:\/\/clinicamedicadoporto.pt\/staging\/wp-content\/uploads\/2024\/04\/recuperacao-pos-parto-clinica-medica-porto-768x432.jpg 768w, https:\/\/clinicamedicadoporto.pt\/staging\/wp-content\/uploads\/2024\/04\/recuperacao-pos-parto-clinica-medica-porto-727x409.jpg 727w, https:\/\/clinicamedicadoporto.pt\/staging\/wp-content\/uploads\/2024\/04\/recuperacao-pos-parto-clinica-medica-porto-720x406.jpg 720w, https:\/\/clinicamedicadoporto.pt\/staging\/wp-content\/uploads\/2024\/04\/recuperacao-pos-parto-clinica-medica-porto-750x422.jpg 750w\" sizes=\"auto, (max-width: 832px) 100vw, 832px\" \/><\/a>\r\n\t\t\t\t\t<\/div>\r\n\t\t\t\t\t<div class=\"overthumb\"><\/div>\r\n\t\t\t\t\t\r\n\t\t\t\t<\/div>\r\n\t\t\t\t<div class=\"item-content\">\r\n\t\t\t\t\t<h4><a href=\"https:\/\/clinicamedicadoporto.pt\/staging\/cuidados-pelvicos-essenciais-no-pos-parto\/\">Cuidados P\u00e9lvicos Essenciais no P\u00f3s Parto<\/a><\/h4>\r\n\t\t\t\t\t<div class=\"kwayy-meta-details\"><div class=\"kwayy-post-user\"><span class=\"author vcard\"><i class=\"kwicon-fa-user\"><\/i> <a class=\"url fn n\" href=\"https:\/\/clinicamedicadoporto.pt\/staging\/author\/m-reis-cmp\/\" title=\"View all posts by \" rel=\"author\"><\/a><\/span><\/div><span class=\"tags-links\"><i class=\"kwicon-fa-tags\"><\/i> <a href=\"https:\/\/clinicamedicadoporto.pt\/staging\/tag\/aconselhamento-pos-parto\/\" rel=\"tag\">Aconselhamento p\u00f3s-parto<\/a>, <a href=\"https:\/\/clinicamedicadoporto.pt\/staging\/tag\/bexiga-hiperativa\/\" rel=\"tag\">Bexiga hiperativa<\/a>, <a href=\"https:\/\/clinicamedicadoporto.pt\/staging\/tag\/cesariana\/\" rel=\"tag\">Cesariana<\/a>, <a href=\"https:\/\/clinicamedicadoporto.pt\/staging\/tag\/clinica\/\" rel=\"tag\">clinica<\/a>, <a href=\"https:\/\/clinicamedicadoporto.pt\/staging\/tag\/clinica-medica-do-porto\/\" rel=\"tag\">Clinica M\u00e9dica do Porto<\/a>, <a href=\"https:\/\/clinicamedicadoporto.pt\/staging\/tag\/clinica-porto\/\" rel=\"tag\">Clinica Porto<\/a>, <a href=\"https:\/\/clinicamedicadoporto.pt\/staging\/tag\/consulta\/\" rel=\"tag\">Consulta<\/a>, <a href=\"https:\/\/clinicamedicadoporto.pt\/staging\/tag\/consulta-clinica-porto\/\" rel=\"tag\">Consulta Clinica Porto<\/a>, <a href=\"https:\/\/clinicamedicadoporto.pt\/staging\/tag\/consulta-medica\/\" rel=\"tag\">Consulta M\u00e9dica<\/a>, <a href=\"https:\/\/clinicamedicadoporto.pt\/staging\/tag\/cuidados-pos-parto\/\" rel=\"tag\">Cuidados p\u00f3s-parto<\/a>, <a href=\"https:\/\/clinicamedicadoporto.pt\/staging\/tag\/disfuncao-do-assoalho-pelvico\/\" rel=\"tag\">Disfun\u00e7\u00e3o do assoalho p\u00e9lvico<\/a>, <a href=\"https:\/\/clinicamedicadoporto.pt\/staging\/tag\/exercicios-de-kegel\/\" rel=\"tag\">Exerc\u00edcios de Kegel<\/a>, <a href=\"https:\/\/clinicamedicadoporto.pt\/staging\/tag\/exercicios-pelvicos\/\" rel=\"tag\">Exerc\u00edcios p\u00e9lvicos<\/a>, <a href=\"https:\/\/clinicamedicadoporto.pt\/staging\/tag\/fisioterapia-pelvica\/\" rel=\"tag\">Fisioterapia p\u00e9lvica<\/a>, <a href=\"https:\/\/clinicamedicadoporto.pt\/staging\/tag\/fortalecimento-do-perineo\/\" rel=\"tag\">Fortalecimento do per\u00edneo<\/a>, <a href=\"https:\/\/clinicamedicadoporto.pt\/staging\/tag\/gestacao\/\" rel=\"tag\">Gesta\u00e7\u00e3o<\/a>, <a href=\"https:\/\/clinicamedicadoporto.pt\/staging\/tag\/gravidez\/\" rel=\"tag\">gravidez<\/a>, <a href=\"https:\/\/clinicamedicadoporto.pt\/staging\/tag\/impacto-da-gravidez-no-pavimento-pelvico\/\" rel=\"tag\">Impacto da gravidez no pavimento p\u00e9lvico<\/a>, <a href=\"https:\/\/clinicamedicadoporto.pt\/staging\/tag\/incontinencia-urinaria\/\" rel=\"tag\">Incontin\u00eancia urin\u00e1ria<\/a>, <a href=\"https:\/\/clinicamedicadoporto.pt\/staging\/tag\/massagem-perineal\/\" rel=\"tag\">Massagem perineal<\/a>, <a href=\"https:\/\/clinicamedicadoporto.pt\/staging\/tag\/medicina-alternativa\/\" rel=\"tag\">medicina alternativa<\/a>, <a href=\"https:\/\/clinicamedicadoporto.pt\/staging\/tag\/parto-vaginal\/\" rel=\"tag\">Parto vaginal<\/a>, <a href=\"https:\/\/clinicamedicadoporto.pt\/staging\/tag\/pavimento-pelvico\/\" rel=\"tag\">pavimento p\u00e9lvico<\/a>, <a href=\"https:\/\/clinicamedicadoporto.pt\/staging\/tag\/prevencao-de-prolapsos\/\" rel=\"tag\">Preven\u00e7\u00e3o de prolapsos<\/a>, <a href=\"https:\/\/clinicamedicadoporto.pt\/staging\/tag\/reabilitacao-pos-parto\/\" rel=\"tag\">Reabilita\u00e7\u00e3o P\u00f3s Parto<\/a>, <a href=\"https:\/\/clinicamedicadoporto.pt\/staging\/tag\/recuperacao-pos-parto\/\" rel=\"tag\">Recupera\u00e7\u00e3o p\u00f3s-parto<\/a>, <a href=\"https:\/\/clinicamedicadoporto.pt\/staging\/tag\/saude-pelvica\/\" rel=\"tag\">Sa\u00fade p\u00e9lvica<\/a>, <a href=\"https:\/\/clinicamedicadoporto.pt\/staging\/tag\/tecnicas-de-relaxamento\/\" rel=\"tag\">T\u00e9cnicas de relaxamento<\/a>, <a href=\"https:\/\/clinicamedicadoporto.pt\/staging\/tag\/terapia\/\" rel=\"tag\">Terapia<\/a>, <a href=\"https:\/\/clinicamedicadoporto.pt\/staging\/tag\/terapia-manual\/\" rel=\"tag\">Terapia manual<\/a>, <a href=\"https:\/\/clinicamedicadoporto.pt\/staging\/tag\/terapias\/\" rel=\"tag\">Terapias<\/a>, <a href=\"https:\/\/clinicamedicadoporto.pt\/staging\/tag\/terapias-nao-convencionais\/\" rel=\"tag\">terapias n\u00e3o convencionais<\/a>, <a href=\"https:\/\/clinicamedicadoporto.pt\/staging\/tag\/todas-as-terapias\/\" rel=\"tag\">Todas as Terapias<\/a><\/span><span class=\"categories-links\"><i class=\"kwicon-fa-folder-open\"><\/i> <a href=\"https:\/\/clinicamedicadoporto.pt\/staging\/category\/cuidados-de-saude\/\" rel=\"category tag\">Cuidados de Sa\u00fade<\/a>, <a href=\"https:\/\/clinicamedicadoporto.pt\/staging\/category\/especialidades-tecnicas\/\" rel=\"category tag\">Especialidades T\u00e9cnicas<\/a>, <a href=\"https:\/\/clinicamedicadoporto.pt\/staging\/category\/especialidades-tecnicas\/fisioterapia-uro-ginecologica\/\" rel=\"category tag\">Fisioterapia Uro-Ginecol\u00f3gica<\/a><\/span><\/div>\r\n\t\t\t\t\t<div class=\"kwayy-blogbox-desc\">[vc_row][vc_co...<div class=\"kwayy-post-readmore\"><a href=\"https:\/\/clinicamedicadoporto.pt\/staging\/cuidados-pelvicos-essenciais-no-pos-parto\/\">Read More<i class=\"kwicon-fa-angle-right\"><\/i><\/a><\/div><\/div>\r\n\t\t\t\t<\/div>\r\n\t\t\t<\/div>\r\n\t\t<\/article>\r\n\t\r\n\t\t<article class=\"post-box blog-slider-box-width kwayy-blogbox-format-standard acupuntura conselhos-uteis fitoterapia medicina-tradicional-chinesa naturopatia terapias-nao-convencionais\">\r\n\t\t\t<div class=\"post-item\">\r\n\t\t\t\t<div class=\"post-item-thumbnail\">\r\n\t\t\t\t\t<div class=\"post-item-thumbnail-inner\">\r\n\t\t\t\t\t\t<div class=\"kwayy-postbox-small-date\"><div class=\"kwayy-post-box-date-wrapper\"><div class=\"kwayy-entry-date-wrapper\">\r\n\t\t\t\t\t\t\t\t<span class=\"kwayy-entry-date\">\r\n\t\t\t\t\t\t\t\t\t<time class=\"entry-date\" datetime=\"\" >\r\n\t\t\t\t\t\t\t\t\t\t<span class=\"entry-date\"><\/span> \r\n\t\t\t\t\t\t\t\t\t\t<span class=\"entry-month\"><\/span> \r\n\t\t\t\t\t\t\t\t\t\t<span class=\"entry-year\"><\/span> \r\n\t\t\t\t\t\t\t\t\t<\/time>\r\n\t\t\t\t\t\t\t\t<\/span>\r\n\t\t\t\t\t\t\t<\/div><\/div><\/div>\r\n\t\t\t\t\t\t<a class=\"tm-blog-link\" href=\"https:\/\/clinicamedicadoporto.pt\/staging\/tratar-obstipacao-ou-prisao-de-ventre\/\"><img loading=\"lazy\" decoding=\"async\" width=\"832\" height=\"468\" src=\"https:\/\/clinicamedicadoporto.pt\/staging\/wp-content\/uploads\/2024\/03\/artigo-obstipacao-clinica-medica-porto.jpg\" class=\"attachment-portfolio-fix-column size-portfolio-fix-column wp-post-image\" alt=\"Mulher sentada na sanita, sensa\u00e7\u00e3o de felicidade\" srcset=\"https:\/\/clinicamedicadoporto.pt\/staging\/wp-content\/uploads\/2024\/03\/artigo-obstipacao-clinica-medica-porto.jpg 832w, https:\/\/clinicamedicadoporto.pt\/staging\/wp-content\/uploads\/2024\/03\/artigo-obstipacao-clinica-medica-porto-768x432.jpg 768w, https:\/\/clinicamedicadoporto.pt\/staging\/wp-content\/uploads\/2024\/03\/artigo-obstipacao-clinica-medica-porto-727x409.jpg 727w, https:\/\/clinicamedicadoporto.pt\/staging\/wp-content\/uploads\/2024\/03\/artigo-obstipacao-clinica-medica-porto-720x406.jpg 720w, https:\/\/clinicamedicadoporto.pt\/staging\/wp-content\/uploads\/2024\/03\/artigo-obstipacao-clinica-medica-porto-750x422.jpg 750w\" sizes=\"auto, (max-width: 832px) 100vw, 832px\" \/><\/a>\r\n\t\t\t\t\t<\/div>\r\n\t\t\t\t\t<div class=\"overthumb\"><\/div>\r\n\t\t\t\t\t\r\n\t\t\t\t<\/div>\r\n\t\t\t\t<div class=\"item-content\">\r\n\t\t\t\t\t<h4><a href=\"https:\/\/clinicamedicadoporto.pt\/staging\/tratar-obstipacao-ou-prisao-de-ventre\/\">Obstipa\u00e7\u00e3o: Causas, Sintomas, Dicas (Naturais) e Tratamento<\/a><\/h4>\r\n\t\t\t\t\t<div class=\"kwayy-meta-details\"><div class=\"kwayy-post-user\"><span class=\"author vcard\"><i class=\"kwicon-fa-user\"><\/i> <a class=\"url fn n\" href=\"https:\/\/clinicamedicadoporto.pt\/staging\/author\/m-reis-cmp\/\" title=\"View all posts by \" rel=\"author\"><\/a><\/span><\/div><span class=\"tags-links\"><i class=\"kwicon-fa-tags\"><\/i> <a href=\"https:\/\/clinicamedicadoporto.pt\/staging\/tag\/acupuntura-porto\/\" rel=\"tag\">Acupuntura Porto<\/a>, <a href=\"https:\/\/clinicamedicadoporto.pt\/staging\/tag\/clinica\/\" rel=\"tag\">clinica<\/a>, <a href=\"https:\/\/clinicamedicadoporto.pt\/staging\/tag\/clinica-medica-do-porto\/\" rel=\"tag\">Clinica M\u00e9dica do Porto<\/a>, <a href=\"https:\/\/clinicamedicadoporto.pt\/staging\/tag\/clinica-porto\/\" rel=\"tag\">Clinica Porto<\/a>, <a href=\"https:\/\/clinicamedicadoporto.pt\/staging\/tag\/consulta\/\" rel=\"tag\">Consulta<\/a>, <a href=\"https:\/\/clinicamedicadoporto.pt\/staging\/tag\/consulta-clinica-porto\/\" rel=\"tag\">Consulta Clinica Porto<\/a>, <a href=\"https:\/\/clinicamedicadoporto.pt\/staging\/tag\/consulta-de-acupuntura\/\" rel=\"tag\">Consulta de Acupuntura<\/a>, <a href=\"https:\/\/clinicamedicadoporto.pt\/staging\/tag\/consulta-de-acupuntura-no-porto\/\" rel=\"tag\">Consulta de Acupuntura no Porto<\/a>, <a href=\"https:\/\/clinicamedicadoporto.pt\/staging\/tag\/consulta-de-medicina-alternativa\/\" rel=\"tag\">Consulta de Medicina Alternativa<\/a>, <a href=\"https:\/\/clinicamedicadoporto.pt\/staging\/tag\/consulta-de-medicina-chinesa\/\" rel=\"tag\">Consulta de Medicina Chinesa<\/a>, <a href=\"https:\/\/clinicamedicadoporto.pt\/staging\/tag\/consulta-medica\/\" rel=\"tag\">Consulta M\u00e9dica<\/a>, <a href=\"https:\/\/clinicamedicadoporto.pt\/staging\/tag\/dicas-para-tratar-a-prisao-de-ventre\/\" rel=\"tag\">dicas para tratar a pris\u00e3o de ventre<\/a>, <a href=\"https:\/\/clinicamedicadoporto.pt\/staging\/tag\/dificuldade-para-obrar\/\" rel=\"tag\">dificuldade para obrar<\/a>, <a href=\"https:\/\/clinicamedicadoporto.pt\/staging\/tag\/evacuacao-intestinal\/\" rel=\"tag\">evacua\u00e7\u00e3o intestinal<\/a>, <a href=\"https:\/\/clinicamedicadoporto.pt\/staging\/tag\/fibras\/\" rel=\"tag\">fibras<\/a>, <a href=\"https:\/\/clinicamedicadoporto.pt\/staging\/tag\/intestino-preso\/\" rel=\"tag\">intestino preso<\/a>, <a href=\"https:\/\/clinicamedicadoporto.pt\/staging\/tag\/laxante\/\" rel=\"tag\">laxante<\/a>, <a href=\"https:\/\/clinicamedicadoporto.pt\/staging\/tag\/laxantes-para-a-obstipacao\/\" rel=\"tag\">laxantes para a obstipa\u00e7\u00e3o<\/a>, <a href=\"https:\/\/clinicamedicadoporto.pt\/staging\/tag\/medicamentos-para-tratar-a-obstipacao\/\" rel=\"tag\">medicamentos para tratar a obstipa\u00e7\u00e3o<\/a>, <a href=\"https:\/\/clinicamedicadoporto.pt\/staging\/tag\/medicina-alternativa\/\" rel=\"tag\">medicina alternativa<\/a>, <a href=\"https:\/\/clinicamedicadoporto.pt\/staging\/tag\/obrar-sem-problemas\/\" rel=\"tag\">obrar sem problemas<\/a>, <a href=\"https:\/\/clinicamedicadoporto.pt\/staging\/tag\/obstipacao\/\" rel=\"tag\">obstipa\u00e7\u00e3o<\/a>, <a href=\"https:\/\/clinicamedicadoporto.pt\/staging\/tag\/obstipacao-cronica\/\" rel=\"tag\">obstipa\u00e7\u00e3o cr\u00f3nica<\/a>, <a href=\"https:\/\/clinicamedicadoporto.pt\/staging\/tag\/obstipacao-intestinal\/\" rel=\"tag\">obstipa\u00e7\u00e3o intestinal<\/a>, <a href=\"https:\/\/clinicamedicadoporto.pt\/staging\/tag\/obstipacao-ocasional\/\" rel=\"tag\">obstipa\u00e7\u00e3o ocasional<\/a>, <a href=\"https:\/\/clinicamedicadoporto.pt\/staging\/tag\/prisao-de-ventre\/\" rel=\"tag\">pris\u00e3o de ventre<\/a>, <a href=\"https:\/\/clinicamedicadoporto.pt\/staging\/tag\/problemas-para-evacuar\/\" rel=\"tag\">problemas para evacuar<\/a>, <a href=\"https:\/\/clinicamedicadoporto.pt\/staging\/tag\/sintomas-da-prisao-de-ventre\/\" rel=\"tag\">sintomas da pris\u00e3o de ventre<\/a>, <a href=\"https:\/\/clinicamedicadoporto.pt\/staging\/tag\/terapia\/\" rel=\"tag\">Terapia<\/a>, <a href=\"https:\/\/clinicamedicadoporto.pt\/staging\/tag\/terapias\/\" rel=\"tag\">Terapias<\/a>, <a href=\"https:\/\/clinicamedicadoporto.pt\/staging\/tag\/terapias-nao-convencionais\/\" rel=\"tag\">terapias n\u00e3o convencionais<\/a>, <a href=\"https:\/\/clinicamedicadoporto.pt\/staging\/tag\/todas-as-terapias\/\" rel=\"tag\">Todas as Terapias<\/a>, <a href=\"https:\/\/clinicamedicadoporto.pt\/staging\/tag\/tratamento-da-obstipacao\/\" rel=\"tag\">tratamento da obstipa\u00e7\u00e3o<\/a>, <a href=\"https:\/\/clinicamedicadoporto.pt\/staging\/tag\/tratamento-da-prisao-de-ventre\/\" rel=\"tag\">tratamento da pris\u00e3o de ventre<\/a>, <a href=\"https:\/\/clinicamedicadoporto.pt\/staging\/tag\/tratamento-de-acupuntura\/\" rel=\"tag\">Tratamento de Acupuntura<\/a>, <a href=\"https:\/\/clinicamedicadoporto.pt\/staging\/tag\/tratamento-de-medicina-chinesa\/\" rel=\"tag\">Tratamento de Medicina Chinesa<\/a>, <a href=\"https:\/\/clinicamedicadoporto.pt\/staging\/tag\/tratar-prisao-de-ventre\/\" rel=\"tag\">tratar pris\u00e3o de ventre<\/a><\/span><span class=\"categories-links\"><i class=\"kwicon-fa-folder-open\"><\/i> <a href=\"https:\/\/clinicamedicadoporto.pt\/staging\/category\/terapias-nao-convencionais\/medicina-tradicional-chinesa\/acupuntura\/\" rel=\"category tag\">Acupuntura<\/a>, <a href=\"https:\/\/clinicamedicadoporto.pt\/staging\/category\/conselhos-uteis\/\" rel=\"category tag\">Conselhos \u00dateis<\/a>, <a href=\"https:\/\/clinicamedicadoporto.pt\/staging\/category\/terapias-nao-convencionais\/fitoterapia\/\" rel=\"category tag\">Fitoterapia<\/a>, <a href=\"https:\/\/clinicamedicadoporto.pt\/staging\/category\/terapias-nao-convencionais\/medicina-tradicional-chinesa\/\" rel=\"category tag\">Medicina Tradicional Chinesa<\/a>, <a href=\"https:\/\/clinicamedicadoporto.pt\/staging\/category\/terapias-nao-convencionais\/naturopatia\/\" rel=\"category tag\">Naturopatia<\/a>, <a href=\"https:\/\/clinicamedicadoporto.pt\/staging\/category\/terapias-nao-convencionais\/\" rel=\"category tag\">Terapias N\u00e3o Convencionais<\/a><\/span><\/div>\r\n\t\t\t\t\t<div class=\"kwayy-blogbox-desc\">[vc_row][vc_co...<div class=\"kwayy-post-readmore\"><a href=\"https:\/\/clinicamedicadoporto.pt\/staging\/tratar-obstipacao-ou-prisao-de-ventre\/\">Read More<i class=\"kwicon-fa-angle-right\"><\/i><\/a><\/div><\/div>\r\n\t\t\t\t<\/div>\r\n\t\t\t<\/div>\r\n\t\t<\/article>\r\n\t\r\n\t\t<article class=\"post-box blog-slider-box-width kwayy-blogbox-format-standard especialidades-tecnicas fisioterapia-uro-ginecologica\">\r\n\t\t\t<div class=\"post-item\">\r\n\t\t\t\t<div class=\"post-item-thumbnail\">\r\n\t\t\t\t\t<div class=\"post-item-thumbnail-inner\">\r\n\t\t\t\t\t\t<div class=\"kwayy-postbox-small-date\"><div class=\"kwayy-post-box-date-wrapper\"><div class=\"kwayy-entry-date-wrapper\">\r\n\t\t\t\t\t\t\t\t<span class=\"kwayy-entry-date\">\r\n\t\t\t\t\t\t\t\t\t<time class=\"entry-date\" datetime=\"\" >\r\n\t\t\t\t\t\t\t\t\t\t<span class=\"entry-date\"><\/span> \r\n\t\t\t\t\t\t\t\t\t\t<span class=\"entry-month\"><\/span> \r\n\t\t\t\t\t\t\t\t\t\t<span class=\"entry-year\"><\/span> \r\n\t\t\t\t\t\t\t\t\t<\/time>\r\n\t\t\t\t\t\t\t\t<\/span>\r\n\t\t\t\t\t\t\t<\/div><\/div><\/div>\r\n\t\t\t\t\t\t<a class=\"tm-blog-link\" href=\"https:\/\/clinicamedicadoporto.pt\/staging\/exercicio-seguro-na-gravidez-o-caso-especial-da-corrida\/\"><img loading=\"lazy\" decoding=\"async\" width=\"832\" height=\"468\" src=\"https:\/\/clinicamedicadoporto.pt\/staging\/wp-content\/uploads\/2024\/01\/corrida-e-gravidez-clinica-medica-porto.jpg\" class=\"attachment-portfolio-fix-column size-portfolio-fix-column wp-post-image\" alt=\"Imagem de mulher gr\u00e1vida numa pista de atletismo a correr\" srcset=\"https:\/\/clinicamedicadoporto.pt\/staging\/wp-content\/uploads\/2024\/01\/corrida-e-gravidez-clinica-medica-porto.jpg 832w, https:\/\/clinicamedicadoporto.pt\/staging\/wp-content\/uploads\/2024\/01\/corrida-e-gravidez-clinica-medica-porto-768x432.jpg 768w, https:\/\/clinicamedicadoporto.pt\/staging\/wp-content\/uploads\/2024\/01\/corrida-e-gravidez-clinica-medica-porto-727x409.jpg 727w, https:\/\/clinicamedicadoporto.pt\/staging\/wp-content\/uploads\/2024\/01\/corrida-e-gravidez-clinica-medica-porto-720x406.jpg 720w, https:\/\/clinicamedicadoporto.pt\/staging\/wp-content\/uploads\/2024\/01\/corrida-e-gravidez-clinica-medica-porto-750x422.jpg 750w\" sizes=\"auto, (max-width: 832px) 100vw, 832px\" \/><\/a>\r\n\t\t\t\t\t<\/div>\r\n\t\t\t\t\t<div class=\"overthumb\"><\/div>\r\n\t\t\t\t\t\r\n\t\t\t\t<\/div>\r\n\t\t\t\t<div class=\"item-content\">\r\n\t\t\t\t\t<h4><a href=\"https:\/\/clinicamedicadoporto.pt\/staging\/exercicio-seguro-na-gravidez-o-caso-especial-da-corrida\/\">Exerc\u00edcio Seguro na Gravidez: O Caso Especial da Corrida<\/a><\/h4>\r\n\t\t\t\t\t<div class=\"kwayy-meta-details\"><div class=\"kwayy-post-user\"><span class=\"author vcard\"><i class=\"kwicon-fa-user\"><\/i> <a class=\"url fn n\" href=\"https:\/\/clinicamedicadoporto.pt\/staging\/author\/m-reis-cmp\/\" title=\"View all posts by \" rel=\"author\"><\/a><\/span><\/div><span class=\"tags-links\"><i class=\"kwicon-fa-tags\"><\/i> <a href=\"https:\/\/clinicamedicadoporto.pt\/staging\/tag\/atividade-fisica-moderada-durante-a-gestacao\/\" rel=\"tag\">atividade f\u00edsica moderada durante a gesta\u00e7\u00e3o<\/a>, <a href=\"https:\/\/clinicamedicadoporto.pt\/staging\/tag\/beneficios-da-atividade-fisica-na-gestacao\/\" rel=\"tag\">benef\u00edcios da atividade f\u00edsica na gesta\u00e7\u00e3o<\/a>, <a href=\"https:\/\/clinicamedicadoporto.pt\/staging\/tag\/beneficios-do-exercicio-para-a-mae-e-o-bebe\/\" rel=\"tag\">benef\u00edcios do exerc\u00edcio para a m\u00e3e e o beb\u00e9<\/a>, <a href=\"https:\/\/clinicamedicadoporto.pt\/staging\/tag\/clinica\/\" rel=\"tag\">clinica<\/a>, <a href=\"https:\/\/clinicamedicadoporto.pt\/staging\/tag\/clinica-medica-do-porto\/\" rel=\"tag\">Clinica M\u00e9dica do Porto<\/a>, <a href=\"https:\/\/clinicamedicadoporto.pt\/staging\/tag\/clinica-porto\/\" rel=\"tag\">Clinica Porto<\/a>, <a href=\"https:\/\/clinicamedicadoporto.pt\/staging\/tag\/consulta\/\" rel=\"tag\">Consulta<\/a>, <a href=\"https:\/\/clinicamedicadoporto.pt\/staging\/tag\/consulta-clinica-porto\/\" rel=\"tag\">Consulta Clinica Porto<\/a>, <a href=\"https:\/\/clinicamedicadoporto.pt\/staging\/tag\/consulta-de-reabilitacao-pelvica\/\" rel=\"tag\">Consulta de Reabilita\u00e7\u00e3o P\u00e9lvica<\/a>, <a href=\"https:\/\/clinicamedicadoporto.pt\/staging\/tag\/consulta-medica\/\" rel=\"tag\">Consulta M\u00e9dica<\/a>, <a href=\"https:\/\/clinicamedicadoporto.pt\/staging\/tag\/corrida-na-gravidez\/\" rel=\"tag\">corrida na gravidez<\/a>, <a href=\"https:\/\/clinicamedicadoporto.pt\/staging\/tag\/cuidados-com-o-pavimento-pelvico-na-gravidez\/\" rel=\"tag\">cuidados com o pavimento p\u00e9lvico na gravidez<\/a>, <a href=\"https:\/\/clinicamedicadoporto.pt\/staging\/tag\/dicas-para-exercicios-na-gravidez\/\" rel=\"tag\">dicas para exerc\u00edcios na gravidez<\/a>, <a href=\"https:\/\/clinicamedicadoporto.pt\/staging\/tag\/especialista-em-reabilitacao-pelvica\/\" rel=\"tag\">especialista em reabilita\u00e7\u00e3o p\u00e9lvica<\/a>, <a href=\"https:\/\/clinicamedicadoporto.pt\/staging\/tag\/exercicio-fisico-na-gravidez\/\" rel=\"tag\">exerc\u00edcio f\u00edsico na gravidez<\/a>, <a href=\"https:\/\/clinicamedicadoporto.pt\/staging\/tag\/exercicios-seguros-para-gravidas\/\" rel=\"tag\">exerc\u00edcios seguros para gr\u00e1vidas<\/a>, <a href=\"https:\/\/clinicamedicadoporto.pt\/staging\/tag\/fisioterapia-para-incontinencia-urinaria\/\" rel=\"tag\">Fisioterapia para Incontin\u00eancia Urin\u00e1ria<\/a>, <a href=\"https:\/\/clinicamedicadoporto.pt\/staging\/tag\/fisioterapia-pelvica-para-bexiga-hiperativa\/\" rel=\"tag\">Fisioterapia P\u00e9lvica para Bexiga Hiperativa<\/a>, <a href=\"https:\/\/clinicamedicadoporto.pt\/staging\/tag\/fisioterapia-pelvica-para-diastese\/\" rel=\"tag\">Fisioterapia P\u00e9lvica para Diastese<\/a>, <a href=\"https:\/\/clinicamedicadoporto.pt\/staging\/tag\/fisioterapia-pelvica-para-gravidas\/\" rel=\"tag\">Fisioterapia P\u00e9lvica para Gr\u00e1vidas<\/a>, <a href=\"https:\/\/clinicamedicadoporto.pt\/staging\/tag\/fitness-e-gravidez\/\" rel=\"tag\">fitness e gravidez<\/a>, <a href=\"https:\/\/clinicamedicadoporto.pt\/staging\/tag\/incontinencia-urinaria-na-gravidez\/\" rel=\"tag\">incontin\u00eancia urin\u00e1ria na gravidez<\/a>, <a href=\"https:\/\/clinicamedicadoporto.pt\/staging\/tag\/medicina-alternativa\/\" rel=\"tag\">medicina alternativa<\/a>, <a href=\"https:\/\/clinicamedicadoporto.pt\/staging\/tag\/melhores-desportos-para-gravidas\/\" rel=\"tag\">melhores desportos para gr\u00e1vidas<\/a>, <a href=\"https:\/\/clinicamedicadoporto.pt\/staging\/tag\/pavimento-pelvico\/\" rel=\"tag\">pavimento p\u00e9lvico<\/a>, <a href=\"https:\/\/clinicamedicadoporto.pt\/staging\/tag\/pavimento-pelvico-na-gravidez\/\" rel=\"tag\">pavimento p\u00e9lvico na gravidez<\/a>, <a href=\"https:\/\/clinicamedicadoporto.pt\/staging\/tag\/pratica-desportiva-durante-a-gestacao\/\" rel=\"tag\">pr\u00e1tica desportiva durante a gesta\u00e7\u00e3o<\/a>, <a href=\"https:\/\/clinicamedicadoporto.pt\/staging\/tag\/reabilitacao-pelvica\/\" rel=\"tag\">Reabilita\u00e7\u00e3o P\u00e9lvica<\/a>, <a href=\"https:\/\/clinicamedicadoporto.pt\/staging\/tag\/reabilitacao-pelvica-na-gravidez\/\" rel=\"tag\">Reabilita\u00e7\u00e3o P\u00e9lvica na Gravidez<\/a>, <a href=\"https:\/\/clinicamedicadoporto.pt\/staging\/tag\/riscos-da-corrida-na-gestacao\/\" rel=\"tag\">riscos da corrida na gesta\u00e7\u00e3o<\/a>, <a href=\"https:\/\/clinicamedicadoporto.pt\/staging\/tag\/riscos-da-corrida-na-gravidez\/\" rel=\"tag\">riscos da corrida na gravidez<\/a>, <a href=\"https:\/\/clinicamedicadoporto.pt\/staging\/tag\/saude-da-mulher-gravida-e-exercicio\/\" rel=\"tag\">sa\u00fade da mulher gr\u00e1vida e exerc\u00edcio<\/a>, <a href=\"https:\/\/clinicamedicadoporto.pt\/staging\/tag\/soalho-pelvico\/\" rel=\"tag\">soalho p\u00e9lvico<\/a>, <a href=\"https:\/\/clinicamedicadoporto.pt\/staging\/tag\/terapia\/\" rel=\"tag\">Terapia<\/a>, <a href=\"https:\/\/clinicamedicadoporto.pt\/staging\/tag\/terapias\/\" rel=\"tag\">Terapias<\/a>, <a href=\"https:\/\/clinicamedicadoporto.pt\/staging\/tag\/terapias-nao-convencionais\/\" rel=\"tag\">terapias n\u00e3o convencionais<\/a>, <a href=\"https:\/\/clinicamedicadoporto.pt\/staging\/tag\/todas-as-terapias\/\" rel=\"tag\">Todas as Terapias<\/a>, <a href=\"https:\/\/clinicamedicadoporto.pt\/staging\/tag\/tratamento-do-soalho-pelvico\/\" rel=\"tag\">Tratamento do Soalho P\u00e9lvico<\/a>, <a href=\"https:\/\/clinicamedicadoporto.pt\/staging\/tag\/tratar-incontinencia\/\" rel=\"tag\">Tratar Incontin\u00eancia<\/a>, <a href=\"https:\/\/clinicamedicadoporto.pt\/staging\/tag\/tratar-incontinencia-sem-medicamentos\/\" rel=\"tag\">Tratar Incontin\u00eancia Sem Medicamentos<\/a>, <a href=\"https:\/\/clinicamedicadoporto.pt\/staging\/tag\/treino-pre-natal\/\" rel=\"tag\">treino pr\u00e9-natal<\/a>, <a href=\"https:\/\/clinicamedicadoporto.pt\/staging\/tag\/treino-seguro-para-gestantes\/\" rel=\"tag\">treino seguro para gestantes<\/a><\/span><span class=\"categories-links\"><i class=\"kwicon-fa-folder-open\"><\/i> <a href=\"https:\/\/clinicamedicadoporto.pt\/staging\/category\/especialidades-tecnicas\/\" rel=\"category tag\">Especialidades T\u00e9cnicas<\/a>, <a href=\"https:\/\/clinicamedicadoporto.pt\/staging\/category\/especialidades-tecnicas\/fisioterapia-uro-ginecologica\/\" rel=\"category tag\">Fisioterapia Uro-Ginecol\u00f3gica<\/a><\/span><\/div>\r\n\t\t\t\t\t<div class=\"kwayy-blogbox-desc\">[vc_row][vc_co...<div class=\"kwayy-post-readmore\"><a href=\"https:\/\/clinicamedicadoporto.pt\/staging\/exercicio-seguro-na-gravidez-o-caso-especial-da-corrida\/\">Read More<i class=\"kwicon-fa-angle-right\"><\/i><\/a><\/div><\/div>\r\n\t\t\t\t<\/div>\r\n\t\t\t<\/div>\r\n\t\t<\/article>\r\n\t\r\n\t\t<article class=\"post-box blog-slider-box-width kwayy-blogbox-format-standard conselhos-uteis cuidados-de-saude saude-mental\">\r\n\t\t\t<div class=\"post-item\">\r\n\t\t\t\t<div class=\"post-item-thumbnail\">\r\n\t\t\t\t\t<div class=\"post-item-thumbnail-inner\">\r\n\t\t\t\t\t\t<div class=\"kwayy-postbox-small-date\"><div class=\"kwayy-post-box-date-wrapper\"><div class=\"kwayy-entry-date-wrapper\">\r\n\t\t\t\t\t\t\t\t<span class=\"kwayy-entry-date\">\r\n\t\t\t\t\t\t\t\t\t<time class=\"entry-date\" datetime=\"\" >\r\n\t\t\t\t\t\t\t\t\t\t<span class=\"entry-date\"><\/span> \r\n\t\t\t\t\t\t\t\t\t\t<span class=\"entry-month\"><\/span> \r\n\t\t\t\t\t\t\t\t\t\t<span class=\"entry-year\"><\/span> \r\n\t\t\t\t\t\t\t\t\t<\/time>\r\n\t\t\t\t\t\t\t\t<\/span>\r\n\t\t\t\t\t\t\t<\/div><\/div><\/div>\r\n\t\t\t\t\t\t<a class=\"tm-blog-link\" href=\"https:\/\/clinicamedicadoporto.pt\/staging\/depressao-ansiedade-sintomas-recuperar-a-saude-mental\/\"><img loading=\"lazy\" decoding=\"async\" width=\"832\" height=\"468\" src=\"https:\/\/clinicamedicadoporto.pt\/staging\/wp-content\/uploads\/2023\/11\/depressao-ansiedade-blog-clinica-medica-porto.jpg?ver=1701954603\" class=\"attachment-portfolio-fix-column size-portfolio-fix-column wp-post-image\" alt=\"Pessoa Deprimida e Ansiosa - Sintomas de Depress\u00e3o\" srcset=\"https:\/\/clinicamedicadoporto.pt\/staging\/wp-content\/uploads\/2023\/11\/depressao-ansiedade-blog-clinica-medica-porto.jpg 832w, https:\/\/clinicamedicadoporto.pt\/staging\/wp-content\/uploads\/2023\/11\/depressao-ansiedade-blog-clinica-medica-porto-768x432.jpg 768w, https:\/\/clinicamedicadoporto.pt\/staging\/wp-content\/uploads\/2023\/11\/depressao-ansiedade-blog-clinica-medica-porto-727x409.jpg 727w, https:\/\/clinicamedicadoporto.pt\/staging\/wp-content\/uploads\/2023\/11\/depressao-ansiedade-blog-clinica-medica-porto-720x406.jpg 720w, https:\/\/clinicamedicadoporto.pt\/staging\/wp-content\/uploads\/2023\/11\/depressao-ansiedade-blog-clinica-medica-porto-750x422.jpg 750w\" sizes=\"auto, (max-width: 832px) 100vw, 832px\" \/><\/a>\r\n\t\t\t\t\t<\/div>\r\n\t\t\t\t\t<div class=\"overthumb\"><\/div>\r\n\t\t\t\t\t\r\n\t\t\t\t<\/div>\r\n\t\t\t\t<div class=\"item-content\">\r\n\t\t\t\t\t<h4><a href=\"https:\/\/clinicamedicadoporto.pt\/staging\/depressao-ansiedade-sintomas-recuperar-a-saude-mental\/\">Depress\u00e3o e Ansiedade: Identificar Sintomas para Recuperar a Sa\u00fade Mental<\/a><\/h4>\r\n\t\t\t\t\t<div class=\"kwayy-meta-details\"><div class=\"kwayy-post-user\"><span class=\"author vcard\"><i class=\"kwicon-fa-user\"><\/i> <a class=\"url fn n\" href=\"https:\/\/clinicamedicadoporto.pt\/staging\/author\/m-reis-cmp\/\" title=\"View all posts by \" rel=\"author\"><\/a><\/span><\/div><span class=\"tags-links\"><i class=\"kwicon-fa-tags\"><\/i> <a href=\"https:\/\/clinicamedicadoporto.pt\/staging\/tag\/ansiedade-generalizada\/\" rel=\"tag\">ansiedade generalizada<\/a>, <a href=\"https:\/\/clinicamedicadoporto.pt\/staging\/tag\/ansiedade-tonturas-repentinas\/\" rel=\"tag\">ansiedade tonturas repentinas<\/a>, <a href=\"https:\/\/clinicamedicadoporto.pt\/staging\/tag\/ansiedades\/\" rel=\"tag\">ansiedades<\/a>, <a href=\"https:\/\/clinicamedicadoporto.pt\/staging\/tag\/ataque-de-ansiedade\/\" rel=\"tag\">ataque de ansiedade<\/a>, <a href=\"https:\/\/clinicamedicadoporto.pt\/staging\/tag\/ataque-de-panico\/\" rel=\"tag\">ataque de p\u00e2nico<\/a>, <a href=\"https:\/\/clinicamedicadoporto.pt\/staging\/tag\/bem-estar-mental\/\" rel=\"tag\">bem estar mental<\/a>, <a href=\"https:\/\/clinicamedicadoporto.pt\/staging\/tag\/causas-das-doencas-mentais\/\" rel=\"tag\">causas das doen\u00e7as mentais<\/a>, <a href=\"https:\/\/clinicamedicadoporto.pt\/staging\/tag\/clinica\/\" rel=\"tag\">clinica<\/a>, <a href=\"https:\/\/clinicamedicadoporto.pt\/staging\/tag\/clinica-de-saude-mental\/\" rel=\"tag\">clinica de saude mental<\/a>, <a href=\"https:\/\/clinicamedicadoporto.pt\/staging\/tag\/clinica-medica-do-porto\/\" rel=\"tag\">Clinica M\u00e9dica do Porto<\/a>, <a href=\"https:\/\/clinicamedicadoporto.pt\/staging\/tag\/clinica-porto\/\" rel=\"tag\">Clinica Porto<\/a>, <a href=\"https:\/\/clinicamedicadoporto.pt\/staging\/tag\/consulta\/\" rel=\"tag\">Consulta<\/a>, <a href=\"https:\/\/clinicamedicadoporto.pt\/staging\/tag\/consulta-clinica-porto\/\" rel=\"tag\">Consulta Clinica Porto<\/a>, <a href=\"https:\/\/clinicamedicadoporto.pt\/staging\/tag\/consulta-medica\/\" rel=\"tag\">Consulta M\u00e9dica<\/a>, <a href=\"https:\/\/clinicamedicadoporto.pt\/staging\/tag\/controlar-ansiedade\/\" rel=\"tag\">controlar ansiedade<\/a>, <a href=\"https:\/\/clinicamedicadoporto.pt\/staging\/tag\/controlar-ansiedade-naturalmente\/\" rel=\"tag\">controlar ansiedade naturalmente<\/a>, <a href=\"https:\/\/clinicamedicadoporto.pt\/staging\/tag\/crise-de-ansiedade\/\" rel=\"tag\">crise de ansiedade<\/a>, <a href=\"https:\/\/clinicamedicadoporto.pt\/staging\/tag\/depressao\/\" rel=\"tag\">depress\u00e3o<\/a>, <a href=\"https:\/\/clinicamedicadoporto.pt\/staging\/tag\/depressao-e-ansiedade\/\" rel=\"tag\">depress\u00e3o e ansiedade<\/a>, <a href=\"https:\/\/clinicamedicadoporto.pt\/staging\/tag\/depressao-pos-parto\/\" rel=\"tag\">depressao pos parto<\/a>, <a href=\"https:\/\/clinicamedicadoporto.pt\/staging\/tag\/depressao-sintomas\/\" rel=\"tag\">depress\u00e3o sintomas<\/a>, <a href=\"https:\/\/clinicamedicadoporto.pt\/staging\/tag\/disturbios-mentais\/\" rel=\"tag\">disturbios mentais<\/a>, <a href=\"https:\/\/clinicamedicadoporto.pt\/staging\/tag\/doencas-mentais\/\" rel=\"tag\">doen\u00e7as mentais<\/a>, <a href=\"https:\/\/clinicamedicadoporto.pt\/staging\/tag\/doencas-mentais-lista\/\" rel=\"tag\">doen\u00e7as mentais lista<\/a>, <a href=\"https:\/\/clinicamedicadoporto.pt\/staging\/tag\/fobia-social\/\" rel=\"tag\">fobia social<\/a>, <a href=\"https:\/\/clinicamedicadoporto.pt\/staging\/tag\/medicina-alternativa\/\" rel=\"tag\">medicina alternativa<\/a>, <a href=\"https:\/\/clinicamedicadoporto.pt\/staging\/tag\/pandemia-saude-mental\/\" rel=\"tag\">pandemia saude mental<\/a>, <a href=\"https:\/\/clinicamedicadoporto.pt\/staging\/tag\/pressao-na-cabeca-ansiedade\/\" rel=\"tag\">press\u00e3o na cabe\u00e7a ansiedade<\/a>, <a href=\"https:\/\/clinicamedicadoporto.pt\/staging\/tag\/saude-fisica-e-mental\/\" rel=\"tag\">saude fisica e mental<\/a>, <a href=\"https:\/\/clinicamedicadoporto.pt\/staging\/tag\/saude-mental\/\" rel=\"tag\">Sa\u00fade Mental<\/a>, <a href=\"https:\/\/clinicamedicadoporto.pt\/staging\/tag\/saude-mental-na-pandemia\/\" rel=\"tag\">saude mental na pandemia<\/a>, <a href=\"https:\/\/clinicamedicadoporto.pt\/staging\/tag\/saude-mental-positiva\/\" rel=\"tag\">saude mental positiva<\/a>, <a href=\"https:\/\/clinicamedicadoporto.pt\/staging\/tag\/sinais-de-depressao\/\" rel=\"tag\">sinais de depress\u00e3o<\/a>, <a href=\"https:\/\/clinicamedicadoporto.pt\/staging\/tag\/sindrome-do-panico\/\" rel=\"tag\">sindrome do panico<\/a>, <a href=\"https:\/\/clinicamedicadoporto.pt\/staging\/tag\/sintomas-de-depressao\/\" rel=\"tag\">sintomas de depress\u00e3o<\/a>, <a href=\"https:\/\/clinicamedicadoporto.pt\/staging\/tag\/terapia\/\" rel=\"tag\">Terapia<\/a>, <a href=\"https:\/\/clinicamedicadoporto.pt\/staging\/tag\/terapias\/\" rel=\"tag\">Terapias<\/a>, <a href=\"https:\/\/clinicamedicadoporto.pt\/staging\/tag\/terapias-nao-convencionais\/\" rel=\"tag\">terapias n\u00e3o convencionais<\/a>, <a href=\"https:\/\/clinicamedicadoporto.pt\/staging\/tag\/todas-as-terapias\/\" rel=\"tag\">Todas as Terapias<\/a>, <a href=\"https:\/\/clinicamedicadoporto.pt\/staging\/tag\/transtorno-de-ansiedade\/\" rel=\"tag\">transtorno de ansiedade<\/a>, <a href=\"https:\/\/clinicamedicadoporto.pt\/staging\/tag\/transtornos-mentais\/\" rel=\"tag\">transtornos mentais<\/a><\/span><span class=\"categories-links\"><i class=\"kwicon-fa-folder-open\"><\/i> <a href=\"https:\/\/clinicamedicadoporto.pt\/staging\/category\/conselhos-uteis\/\" rel=\"category tag\">Conselhos \u00dateis<\/a>, <a href=\"https:\/\/clinicamedicadoporto.pt\/staging\/category\/cuidados-de-saude\/\" rel=\"category tag\">Cuidados de Sa\u00fade<\/a>, <a href=\"https:\/\/clinicamedicadoporto.pt\/staging\/category\/saude-mental\/\" rel=\"category tag\">Sa\u00fade Mental<\/a><\/span><\/div>\r\n\t\t\t\t\t<div class=\"kwayy-blogbox-desc\">[vc_row][vc_co...<div class=\"kwayy-post-readmore\"><a href=\"https:\/\/clinicamedicadoporto.pt\/staging\/depressao-ansiedade-sintomas-recuperar-a-saude-mental\/\">Read More<i class=\"kwicon-fa-angle-right\"><\/i><\/a><\/div><\/div>\r\n\t\t\t\t<\/div>\r\n\t\t\t<\/div>\r\n\t\t<\/article>\r\n\t\r\n\t\t<article class=\"post-box blog-slider-box-width kwayy-blogbox-format-standard conselhos-uteis cuidados-de-saude especialidades-tecnicas fisioterapia-uro-ginecologica\">\r\n\t\t\t<div class=\"post-item\">\r\n\t\t\t\t<div class=\"post-item-thumbnail\">\r\n\t\t\t\t\t<div class=\"post-item-thumbnail-inner\">\r\n\t\t\t\t\t\t<div class=\"kwayy-postbox-small-date\"><div class=\"kwayy-post-box-date-wrapper\"><div class=\"kwayy-entry-date-wrapper\">\r\n\t\t\t\t\t\t\t\t<span class=\"kwayy-entry-date\">\r\n\t\t\t\t\t\t\t\t\t<time class=\"entry-date\" datetime=\"\" >\r\n\t\t\t\t\t\t\t\t\t\t<span class=\"entry-date\"><\/span> \r\n\t\t\t\t\t\t\t\t\t\t<span class=\"entry-month\"><\/span> \r\n\t\t\t\t\t\t\t\t\t\t<span class=\"entry-year\"><\/span> \r\n\t\t\t\t\t\t\t\t\t<\/time>\r\n\t\t\t\t\t\t\t\t<\/span>\r\n\t\t\t\t\t\t\t<\/div><\/div><\/div>\r\n\t\t\t\t\t\t<a class=\"tm-blog-link\" href=\"https:\/\/clinicamedicadoporto.pt\/staging\/desporto-e-gravidez-riscos-e-beneficios-da-pratica-desportiva-durante-a-gravidez\/\"><img loading=\"lazy\" decoding=\"async\" width=\"832\" height=\"468\" src=\"https:\/\/clinicamedicadoporto.pt\/staging\/wp-content\/uploads\/2023\/09\/desporto-e-gravidez-clinica-medica-porto.jpg?ver=1694689024\" class=\"attachment-portfolio-fix-column size-portfolio-fix-column wp-post-image\" alt=\"Imagem de mulher gr\u00e1vida a realizar exerc\u00edcio f\u00edsico em paisagem id\u00edlica\" srcset=\"https:\/\/clinicamedicadoporto.pt\/staging\/wp-content\/uploads\/2023\/09\/desporto-e-gravidez-clinica-medica-porto.jpg 832w, https:\/\/clinicamedicadoporto.pt\/staging\/wp-content\/uploads\/2023\/09\/desporto-e-gravidez-clinica-medica-porto-768x432.jpg 768w, https:\/\/clinicamedicadoporto.pt\/staging\/wp-content\/uploads\/2023\/09\/desporto-e-gravidez-clinica-medica-porto-727x409.jpg 727w, https:\/\/clinicamedicadoporto.pt\/staging\/wp-content\/uploads\/2023\/09\/desporto-e-gravidez-clinica-medica-porto-720x406.jpg 720w, https:\/\/clinicamedicadoporto.pt\/staging\/wp-content\/uploads\/2023\/09\/desporto-e-gravidez-clinica-medica-porto-750x422.jpg 750w\" sizes=\"auto, (max-width: 832px) 100vw, 832px\" \/><\/a>\r\n\t\t\t\t\t<\/div>\r\n\t\t\t\t\t<div class=\"overthumb\"><\/div>\r\n\t\t\t\t\t\r\n\t\t\t\t<\/div>\r\n\t\t\t\t<div class=\"item-content\">\r\n\t\t\t\t\t<h4><a href=\"https:\/\/clinicamedicadoporto.pt\/staging\/desporto-e-gravidez-riscos-e-beneficios-da-pratica-desportiva-durante-a-gravidez\/\">Desporto e Gravidez: Riscos e Benef\u00edcios da Pr\u00e1tica Desportiva Durante a Gravidez<\/a><\/h4>\r\n\t\t\t\t\t<div class=\"kwayy-meta-details\"><div class=\"kwayy-post-user\"><span class=\"author vcard\"><i class=\"kwicon-fa-user\"><\/i> <a class=\"url fn n\" href=\"https:\/\/clinicamedicadoporto.pt\/staging\/author\/m-reis-cmp\/\" title=\"View all posts by \" rel=\"author\"><\/a><\/span><\/div><span class=\"tags-links\"><i class=\"kwicon-fa-tags\"><\/i> <a href=\"https:\/\/clinicamedicadoporto.pt\/staging\/tag\/atividade-fisica-durante-a-gestacao\/\" rel=\"tag\">atividade f\u00edsica durante a gesta\u00e7\u00e3o<\/a>, <a href=\"https:\/\/clinicamedicadoporto.pt\/staging\/tag\/beneficios-da-atividade-fisica-na-gestacao\/\" rel=\"tag\">benef\u00edcios da atividade f\u00edsica na gesta\u00e7\u00e3o<\/a>, <a href=\"https:\/\/clinicamedicadoporto.pt\/staging\/tag\/beneficios-do-exercicio-para-a-mae-e-o-bebe\/\" rel=\"tag\">benef\u00edcios do exerc\u00edcio para a m\u00e3e e o beb\u00e9<\/a>, <a href=\"https:\/\/clinicamedicadoporto.pt\/staging\/tag\/consulta-de-reabilitacao-pelvica\/\" rel=\"tag\">Consulta de Reabilita\u00e7\u00e3o P\u00e9lvica<\/a>, <a href=\"https:\/\/clinicamedicadoporto.pt\/staging\/tag\/cuidados-com-o-pavimento-pelvico-na-gravidez\/\" rel=\"tag\">cuidados com o pavimento p\u00e9lvico na gravidez<\/a>, <a href=\"https:\/\/clinicamedicadoporto.pt\/staging\/tag\/deporto-para-gravidas\/\" rel=\"tag\">deporto para gr\u00e1vidas<\/a>, <a href=\"https:\/\/clinicamedicadoporto.pt\/staging\/tag\/desporto\/\" rel=\"tag\">desporto<\/a>, <a href=\"https:\/\/clinicamedicadoporto.pt\/staging\/tag\/dicas-para-exercicios-na-gravidez\/\" rel=\"tag\">dicas para exerc\u00edcios na gravidez<\/a>, <a href=\"https:\/\/clinicamedicadoporto.pt\/staging\/tag\/especialista-em-reabilitacao-pelvica\/\" rel=\"tag\">especialista em reabilita\u00e7\u00e3o p\u00e9lvica<\/a>, <a href=\"https:\/\/clinicamedicadoporto.pt\/staging\/tag\/exercicio\/\" rel=\"tag\">exerc\u00edcio<\/a>, <a href=\"https:\/\/clinicamedicadoporto.pt\/staging\/tag\/exercicio-fisico\/\" rel=\"tag\">exerc\u00edcio f\u00edsico<\/a>, <a href=\"https:\/\/clinicamedicadoporto.pt\/staging\/tag\/exercicio-fisico-na-gravidez\/\" rel=\"tag\">exerc\u00edcio f\u00edsico na gravidez<\/a>, <a href=\"https:\/\/clinicamedicadoporto.pt\/staging\/tag\/exercicios-seguros-para-gravidas\/\" rel=\"tag\">exerc\u00edcios seguros para gr\u00e1vidas<\/a>, <a href=\"https:\/\/clinicamedicadoporto.pt\/staging\/tag\/fisioterapia-para-incontinencia-urinaria\/\" rel=\"tag\">Fisioterapia para Incontin\u00eancia Urin\u00e1ria<\/a>, <a href=\"https:\/\/clinicamedicadoporto.pt\/staging\/tag\/fisioterapia-pelvica-para-bexiga-hiperativa\/\" rel=\"tag\">Fisioterapia P\u00e9lvica para Bexiga Hiperativa<\/a>, <a href=\"https:\/\/clinicamedicadoporto.pt\/staging\/tag\/fisioterapia-pelvica-para-diastese\/\" rel=\"tag\">Fisioterapia P\u00e9lvica para Diastese<\/a>, <a href=\"https:\/\/clinicamedicadoporto.pt\/staging\/tag\/fisioterapia-pelvica-para-gravidas\/\" rel=\"tag\">Fisioterapia P\u00e9lvica para Gr\u00e1vidas<\/a>, <a href=\"https:\/\/clinicamedicadoporto.pt\/staging\/tag\/fitness-e-gravidez\/\" rel=\"tag\">fitness e gravidez<\/a>, <a href=\"https:\/\/clinicamedicadoporto.pt\/staging\/tag\/gravidez\/\" rel=\"tag\">gravidez<\/a>, <a href=\"https:\/\/clinicamedicadoporto.pt\/staging\/tag\/incontinencia-urinaria-na-gravidez\/\" rel=\"tag\">incontin\u00eancia urin\u00e1ria na gravidez<\/a>, <a href=\"https:\/\/clinicamedicadoporto.pt\/staging\/tag\/melhores-desportos-para-gravidas\/\" rel=\"tag\">melhores desportos para gr\u00e1vidas<\/a>, <a href=\"https:\/\/clinicamedicadoporto.pt\/staging\/tag\/pavimento-pelvico\/\" rel=\"tag\">pavimento p\u00e9lvico<\/a>, <a href=\"https:\/\/clinicamedicadoporto.pt\/staging\/tag\/pavimento-pelvico-na-gravidez\/\" rel=\"tag\">pavimento p\u00e9lvico na gravidez<\/a>, <a href=\"https:\/\/clinicamedicadoporto.pt\/staging\/tag\/pratica-desportiva-durante-a-gestacao\/\" rel=\"tag\">pr\u00e1tica desportiva durante a gesta\u00e7\u00e3o<\/a>, <a href=\"https:\/\/clinicamedicadoporto.pt\/staging\/tag\/reabilitacao-pelvica\/\" rel=\"tag\">Reabilita\u00e7\u00e3o P\u00e9lvica<\/a>, <a href=\"https:\/\/clinicamedicadoporto.pt\/staging\/tag\/reabilitacao-pelvica-na-gravidez\/\" rel=\"tag\">Reabilita\u00e7\u00e3o P\u00e9lvica na Gravidez<\/a>, <a href=\"https:\/\/clinicamedicadoporto.pt\/staging\/tag\/riscos-da-corrida-na-gestacao\/\" rel=\"tag\">riscos da corrida na gesta\u00e7\u00e3o<\/a>, <a href=\"https:\/\/clinicamedicadoporto.pt\/staging\/tag\/saude-da-mulher-gravida-e-exercicio\/\" rel=\"tag\">sa\u00fade da mulher gr\u00e1vida e exerc\u00edcio<\/a>, <a href=\"https:\/\/clinicamedicadoporto.pt\/staging\/tag\/soalho-pelvico\/\" rel=\"tag\">soalho p\u00e9lvico<\/a>, <a href=\"https:\/\/clinicamedicadoporto.pt\/staging\/tag\/tratamento-do-soalho-pelvico\/\" rel=\"tag\">Tratamento do Soalho P\u00e9lvico<\/a>, <a href=\"https:\/\/clinicamedicadoporto.pt\/staging\/tag\/tratar-incontinencia\/\" rel=\"tag\">Tratar Incontin\u00eancia<\/a>, <a href=\"https:\/\/clinicamedicadoporto.pt\/staging\/tag\/tratar-incontinencia-sem-medicamentos\/\" rel=\"tag\">Tratar Incontin\u00eancia Sem Medicamentos<\/a>, <a href=\"https:\/\/clinicamedicadoporto.pt\/staging\/tag\/treino\/\" rel=\"tag\">treino<\/a>, <a href=\"https:\/\/clinicamedicadoporto.pt\/staging\/tag\/treino-para-gestantes\/\" rel=\"tag\">treino para gestantes<\/a>, <a href=\"https:\/\/clinicamedicadoporto.pt\/staging\/tag\/treino-para-gravidas\/\" rel=\"tag\">treino para gr\u00e1vidas<\/a>, <a href=\"https:\/\/clinicamedicadoporto.pt\/staging\/tag\/treino-pre-natal\/\" rel=\"tag\">treino pr\u00e9-natal<\/a>, <a href=\"https:\/\/clinicamedicadoporto.pt\/staging\/tag\/treino-seguro-na-gestacao\/\" rel=\"tag\">treino seguro na gesta\u00e7\u00e3o<\/a><\/span><span class=\"categories-links\"><i class=\"kwicon-fa-folder-open\"><\/i> <a href=\"https:\/\/clinicamedicadoporto.pt\/staging\/category\/conselhos-uteis\/\" rel=\"category tag\">Conselhos \u00dateis<\/a>, <a href=\"https:\/\/clinicamedicadoporto.pt\/staging\/category\/cuidados-de-saude\/\" rel=\"category tag\">Cuidados de Sa\u00fade<\/a>, <a href=\"https:\/\/clinicamedicadoporto.pt\/staging\/category\/especialidades-tecnicas\/\" rel=\"category tag\">Especialidades T\u00e9cnicas<\/a>, <a href=\"https:\/\/clinicamedicadoporto.pt\/staging\/category\/especialidades-tecnicas\/fisioterapia-uro-ginecologica\/\" rel=\"category tag\">Fisioterapia Uro-Ginecol\u00f3gica<\/a><\/span><\/div>\r\n\t\t\t\t\t<div class=\"kwayy-blogbox-desc\">[vc_row][vc_co...<div class=\"kwayy-post-readmore\"><a href=\"https:\/\/clinicamedicadoporto.pt\/staging\/desporto-e-gravidez-riscos-e-beneficios-da-pratica-desportiva-durante-a-gravidez\/\">Read More<i class=\"kwicon-fa-angle-right\"><\/i><\/a><\/div><\/div>\r\n\t\t\t\t<\/div>\r\n\t\t\t<\/div>\r\n\t\t<\/article>\r\n\t\r\n\t\t<article class=\"post-box blog-slider-box-width kwayy-blogbox-format-standard conselhos-uteis cuidados-de-saude estetica-clinica\">\r\n\t\t\t<div class=\"post-item\">\r\n\t\t\t\t<div class=\"post-item-thumbnail\">\r\n\t\t\t\t\t<div class=\"post-item-thumbnail-inner\">\r\n\t\t\t\t\t\t<div class=\"kwayy-postbox-small-date\"><div class=\"kwayy-post-box-date-wrapper\"><div class=\"kwayy-entry-date-wrapper\">\r\n\t\t\t\t\t\t\t\t<span class=\"kwayy-entry-date\">\r\n\t\t\t\t\t\t\t\t\t<time class=\"entry-date\" datetime=\"\" >\r\n\t\t\t\t\t\t\t\t\t\t<span class=\"entry-date\"><\/span> \r\n\t\t\t\t\t\t\t\t\t\t<span class=\"entry-month\"><\/span> \r\n\t\t\t\t\t\t\t\t\t\t<span class=\"entry-year\"><\/span> \r\n\t\t\t\t\t\t\t\t\t<\/time>\r\n\t\t\t\t\t\t\t\t<\/span>\r\n\t\t\t\t\t\t\t<\/div><\/div><\/div>\r\n\t\t\t\t\t\t<a class=\"tm-blog-link\" href=\"https:\/\/clinicamedicadoporto.pt\/staging\/ioga-facial-estrategia-natural-para-cuidar-da-sua-beleza-facial\/\"><img loading=\"lazy\" decoding=\"async\" width=\"832\" height=\"468\" src=\"https:\/\/clinicamedicadoporto.pt\/staging\/wp-content\/uploads\/2023\/07\/ioga-facial-clinica-medica-porto.jpg\" class=\"attachment-portfolio-fix-column size-portfolio-fix-column wp-post-image\" alt=\"Dois rostos com pele firme e bem cuidada. Mulher branca e mulher negra com olhar intenso.\" srcset=\"https:\/\/clinicamedicadoporto.pt\/staging\/wp-content\/uploads\/2023\/07\/ioga-facial-clinica-medica-porto.jpg 832w, https:\/\/clinicamedicadoporto.pt\/staging\/wp-content\/uploads\/2023\/07\/ioga-facial-clinica-medica-porto-768x432.jpg 768w, https:\/\/clinicamedicadoporto.pt\/staging\/wp-content\/uploads\/2023\/07\/ioga-facial-clinica-medica-porto-727x409.jpg 727w, https:\/\/clinicamedicadoporto.pt\/staging\/wp-content\/uploads\/2023\/07\/ioga-facial-clinica-medica-porto-720x406.jpg 720w, https:\/\/clinicamedicadoporto.pt\/staging\/wp-content\/uploads\/2023\/07\/ioga-facial-clinica-medica-porto-750x422.jpg 750w\" sizes=\"auto, (max-width: 832px) 100vw, 832px\" \/><\/a>\r\n\t\t\t\t\t<\/div>\r\n\t\t\t\t\t<div class=\"overthumb\"><\/div>\r\n\t\t\t\t\t\r\n\t\t\t\t<\/div>\r\n\t\t\t\t<div class=\"item-content\">\r\n\t\t\t\t\t<h4><a href=\"https:\/\/clinicamedicadoporto.pt\/staging\/ioga-facial-estrategia-natural-para-cuidar-da-sua-beleza-facial\/\">Ioga Facial: Estrat\u00e9gia Natural para Cuidar da sua Beleza Facial<\/a><\/h4>\r\n\t\t\t\t\t<div class=\"kwayy-meta-details\"><div class=\"kwayy-post-user\"><span class=\"author vcard\"><i class=\"kwicon-fa-user\"><\/i> <a class=\"url fn n\" href=\"https:\/\/clinicamedicadoporto.pt\/staging\/author\/m-reis-cmp\/\" title=\"View all posts by \" rel=\"author\"><\/a><\/span><\/div><span class=\"tags-links\"><i class=\"kwicon-fa-tags\"><\/i> <a href=\"https:\/\/clinicamedicadoporto.pt\/staging\/tag\/acido-hialuronico\/\" rel=\"tag\">\u00c1cido Hialuronico<\/a>, <a href=\"https:\/\/clinicamedicadoporto.pt\/staging\/tag\/beleza\/\" rel=\"tag\">Beleza<\/a>, <a href=\"https:\/\/clinicamedicadoporto.pt\/staging\/tag\/beleza-natural\/\" rel=\"tag\">Beleza natural<\/a>, <a href=\"https:\/\/clinicamedicadoporto.pt\/staging\/tag\/bem-estar-facial\/\" rel=\"tag\">Bem-estar facial<\/a>, <a href=\"https:\/\/clinicamedicadoporto.pt\/staging\/tag\/botox\/\" rel=\"tag\">Botox<\/a>, <a href=\"https:\/\/clinicamedicadoporto.pt\/staging\/tag\/clinica\/\" rel=\"tag\">clinica<\/a>, <a href=\"https:\/\/clinicamedicadoporto.pt\/staging\/tag\/clinica-medica-do-porto\/\" rel=\"tag\">Clinica M\u00e9dica do Porto<\/a>, <a href=\"https:\/\/clinicamedicadoporto.pt\/staging\/tag\/clinica-porto\/\" rel=\"tag\">Clinica Porto<\/a>, <a href=\"https:\/\/clinicamedicadoporto.pt\/staging\/tag\/consulta\/\" rel=\"tag\">Consulta<\/a>, <a href=\"https:\/\/clinicamedicadoporto.pt\/staging\/tag\/consulta-clinica-porto\/\" rel=\"tag\">Consulta Clinica Porto<\/a>, <a href=\"https:\/\/clinicamedicadoporto.pt\/staging\/tag\/consulta-medica\/\" rel=\"tag\">Consulta M\u00e9dica<\/a>, <a href=\"https:\/\/clinicamedicadoporto.pt\/staging\/tag\/cuidados-faciais\/\" rel=\"tag\">Cuidados faciais<\/a>, <a href=\"https:\/\/clinicamedicadoporto.pt\/staging\/tag\/dermaroller\/\" rel=\"tag\">Dermaroller<\/a>, <a href=\"https:\/\/clinicamedicadoporto.pt\/staging\/tag\/estetica\/\" rel=\"tag\">Est\u00e9tica<\/a>, <a href=\"https:\/\/clinicamedicadoporto.pt\/staging\/tag\/estetica-holistica\/\" rel=\"tag\">Est\u00e9tica hol\u00edstica<\/a>, <a href=\"https:\/\/clinicamedicadoporto.pt\/staging\/tag\/estetica-medica\/\" rel=\"tag\">Estetica Medica<\/a>, <a href=\"https:\/\/clinicamedicadoporto.pt\/staging\/tag\/exercicios-faciais\/\" rel=\"tag\">Exerc\u00edcios faciais<\/a>, <a href=\"https:\/\/clinicamedicadoporto.pt\/staging\/tag\/filler\/\" rel=\"tag\">Filler<\/a>, <a href=\"https:\/\/clinicamedicadoporto.pt\/staging\/tag\/fillers\/\" rel=\"tag\">Fillers<\/a>, <a href=\"https:\/\/clinicamedicadoporto.pt\/staging\/tag\/harmonizacao\/\" rel=\"tag\">Harmoniza\u00e7\u00e3o<\/a>, <a href=\"https:\/\/clinicamedicadoporto.pt\/staging\/tag\/harmonizacao-facial\/\" rel=\"tag\">Harmoniza\u00e7\u00e3o facial<\/a>, <a href=\"https:\/\/clinicamedicadoporto.pt\/staging\/tag\/ioga\/\" rel=\"tag\">Ioga<\/a>, <a href=\"https:\/\/clinicamedicadoporto.pt\/staging\/tag\/ioga-facial\/\" rel=\"tag\">Ioga facial<\/a>, <a href=\"https:\/\/clinicamedicadoporto.pt\/staging\/tag\/medicina-alternativa\/\" rel=\"tag\">medicina alternativa<\/a>, <a href=\"https:\/\/clinicamedicadoporto.pt\/staging\/tag\/mesoestetica\/\" rel=\"tag\">Mesoestetica<\/a>, <a href=\"https:\/\/clinicamedicadoporto.pt\/staging\/tag\/microneedling\/\" rel=\"tag\">Microneedling<\/a>, <a href=\"https:\/\/clinicamedicadoporto.pt\/staging\/tag\/nanopore\/\" rel=\"tag\">Nanopore<\/a>, <a href=\"https:\/\/clinicamedicadoporto.pt\/staging\/tag\/peeling\/\" rel=\"tag\">Peeling<\/a>, <a href=\"https:\/\/clinicamedicadoporto.pt\/staging\/tag\/rejuvenescimento-facial\/\" rel=\"tag\">Rejuvenescimento facial<\/a>, <a href=\"https:\/\/clinicamedicadoporto.pt\/staging\/tag\/relaxamento-facial\/\" rel=\"tag\">Relaxamento facial<\/a>, <a href=\"https:\/\/clinicamedicadoporto.pt\/staging\/tag\/rituais-de-beleza\/\" rel=\"tag\">Rituais de beleza<\/a>, <a href=\"https:\/\/clinicamedicadoporto.pt\/staging\/tag\/terapia\/\" rel=\"tag\">Terapia<\/a>, <a href=\"https:\/\/clinicamedicadoporto.pt\/staging\/tag\/terapias\/\" rel=\"tag\">Terapias<\/a>, <a href=\"https:\/\/clinicamedicadoporto.pt\/staging\/tag\/terapias-nao-convencionais\/\" rel=\"tag\">terapias n\u00e3o convencionais<\/a>, <a href=\"https:\/\/clinicamedicadoporto.pt\/staging\/tag\/todas-as-terapias\/\" rel=\"tag\">Todas as Terapias<\/a>, <a href=\"https:\/\/clinicamedicadoporto.pt\/staging\/tag\/toxina-botulinica\/\" rel=\"tag\">Toxina Botulinica<\/a><\/span><span class=\"categories-links\"><i class=\"kwicon-fa-folder-open\"><\/i> <a href=\"https:\/\/clinicamedicadoporto.pt\/staging\/category\/conselhos-uteis\/\" rel=\"category tag\">Conselhos \u00dateis<\/a>, <a href=\"https:\/\/clinicamedicadoporto.pt\/staging\/category\/cuidados-de-saude\/\" rel=\"category tag\">Cuidados de Sa\u00fade<\/a>, <a href=\"https:\/\/clinicamedicadoporto.pt\/staging\/category\/estetica-clinica\/\" rel=\"category tag\">Est\u00e9tica Cl\u00ednica<\/a><\/span><\/div>\r\n\t\t\t\t\t<div class=\"kwayy-blogbox-desc\">[vc_row][vc_co...<div class=\"kwayy-post-readmore\"><a href=\"https:\/\/clinicamedicadoporto.pt\/staging\/ioga-facial-estrategia-natural-para-cuidar-da-sua-beleza-facial\/\">Read More<i class=\"kwicon-fa-angle-right\"><\/i><\/a><\/div><\/div>\r\n\t\t\t\t<\/div>\r\n\t\t\t<\/div>\r\n\t\t<\/article>\r\n\t\r\n\t\t<article class=\"post-box blog-slider-box-width kwayy-blogbox-format-standard osteopatia osteopatia-pedriatrica terapias-nao-convencionais\">\r\n\t\t\t<div class=\"post-item\">\r\n\t\t\t\t<div class=\"post-item-thumbnail\">\r\n\t\t\t\t\t<div class=\"post-item-thumbnail-inner\">\r\n\t\t\t\t\t\t<div class=\"kwayy-postbox-small-date\"><div class=\"kwayy-post-box-date-wrapper\"><div class=\"kwayy-entry-date-wrapper\">\r\n\t\t\t\t\t\t\t\t<span class=\"kwayy-entry-date\">\r\n\t\t\t\t\t\t\t\t\t<time class=\"entry-date\" datetime=\"\" >\r\n\t\t\t\t\t\t\t\t\t\t<span class=\"entry-date\"><\/span> \r\n\t\t\t\t\t\t\t\t\t\t<span class=\"entry-month\"><\/span> \r\n\t\t\t\t\t\t\t\t\t\t<span class=\"entry-year\"><\/span> \r\n\t\t\t\t\t\t\t\t\t<\/time>\r\n\t\t\t\t\t\t\t\t<\/span>\r\n\t\t\t\t\t\t\t<\/div><\/div><\/div>\r\n\t\t\t\t\t\t<a class=\"tm-blog-link\" href=\"https:\/\/clinicamedicadoporto.pt\/staging\/refluxo-gastro-esofagico-no-recem-nascido-sinais-e-sintomas\/\"><img loading=\"lazy\" decoding=\"async\" width=\"832\" height=\"468\" src=\"https:\/\/clinicamedicadoporto.pt\/staging\/wp-content\/uploads\/2023\/05\/Refluxo-Bebe-Clinica-Medica-Porto.jpg\" class=\"attachment-portfolio-fix-column size-portfolio-fix-column wp-post-image\" alt=\"Imagem de Beb\u00e9 Recem Nascido acerca da Consulta de Osteopatia Pedi\u00e1trica da Cl\u00ednica M\u00e9dica do Porto\" srcset=\"https:\/\/clinicamedicadoporto.pt\/staging\/wp-content\/uploads\/2023\/05\/Refluxo-Bebe-Clinica-Medica-Porto.jpg 832w, https:\/\/clinicamedicadoporto.pt\/staging\/wp-content\/uploads\/2023\/05\/Refluxo-Bebe-Clinica-Medica-Porto-768x432.jpg 768w, https:\/\/clinicamedicadoporto.pt\/staging\/wp-content\/uploads\/2023\/05\/Refluxo-Bebe-Clinica-Medica-Porto-727x409.jpg 727w, https:\/\/clinicamedicadoporto.pt\/staging\/wp-content\/uploads\/2023\/05\/Refluxo-Bebe-Clinica-Medica-Porto-720x406.jpg 720w, https:\/\/clinicamedicadoporto.pt\/staging\/wp-content\/uploads\/2023\/05\/Refluxo-Bebe-Clinica-Medica-Porto-750x422.jpg 750w\" sizes=\"auto, (max-width: 832px) 100vw, 832px\" \/><\/a>\r\n\t\t\t\t\t<\/div>\r\n\t\t\t\t\t<div class=\"overthumb\"><\/div>\r\n\t\t\t\t\t\r\n\t\t\t\t<\/div>\r\n\t\t\t\t<div class=\"item-content\">\r\n\t\t\t\t\t<h4><a href=\"https:\/\/clinicamedicadoporto.pt\/staging\/refluxo-gastro-esofagico-no-recem-nascido-sinais-e-sintomas\/\">Refluxo Gastro Esof\u00e1gico no Rec\u00e9m Nascido: Sinais e Sintomas<\/a><\/h4>\r\n\t\t\t\t\t<div class=\"kwayy-meta-details\"><div class=\"kwayy-post-user\"><span class=\"author vcard\"><i class=\"kwicon-fa-user\"><\/i> <a class=\"url fn n\" href=\"https:\/\/clinicamedicadoporto.pt\/staging\/author\/m-reis-cmp\/\" title=\"View all posts by \" rel=\"author\"><\/a><\/span><\/div><span class=\"tags-links\"><i class=\"kwicon-fa-tags\"><\/i> <a href=\"https:\/\/clinicamedicadoporto.pt\/staging\/tag\/clinica\/\" rel=\"tag\">clinica<\/a>, <a href=\"https:\/\/clinicamedicadoporto.pt\/staging\/tag\/clinica-medica-do-porto\/\" rel=\"tag\">Clinica M\u00e9dica do Porto<\/a>, <a href=\"https:\/\/clinicamedicadoporto.pt\/staging\/tag\/clinica-porto\/\" rel=\"tag\">Clinica Porto<\/a>, <a href=\"https:\/\/clinicamedicadoporto.pt\/staging\/tag\/colicas\/\" rel=\"tag\">c\u00f3licas<\/a>, <a href=\"https:\/\/clinicamedicadoporto.pt\/staging\/tag\/colicas-no-recem-nascido\/\" rel=\"tag\">C\u00f3licas no Rec\u00e9m Nascido<\/a>, <a href=\"https:\/\/clinicamedicadoporto.pt\/staging\/tag\/consulta\/\" rel=\"tag\">Consulta<\/a>, <a href=\"https:\/\/clinicamedicadoporto.pt\/staging\/tag\/consulta-clinica-porto\/\" rel=\"tag\">Consulta Clinica Porto<\/a>, <a href=\"https:\/\/clinicamedicadoporto.pt\/staging\/tag\/consulta-de-osteopatia-para-bebe\/\" rel=\"tag\">Consulta de Osteopatia para Beb\u00e9<\/a>, <a href=\"https:\/\/clinicamedicadoporto.pt\/staging\/tag\/consulta-medica\/\" rel=\"tag\">Consulta M\u00e9dica<\/a>, <a href=\"https:\/\/clinicamedicadoporto.pt\/staging\/tag\/medicina-alternativa\/\" rel=\"tag\">medicina alternativa<\/a>, <a href=\"https:\/\/clinicamedicadoporto.pt\/staging\/tag\/plagiocefalia\/\" rel=\"tag\">plagiocefalia<\/a>, <a href=\"https:\/\/clinicamedicadoporto.pt\/staging\/tag\/refluxo\/\" rel=\"tag\">refluxo<\/a>, <a href=\"https:\/\/clinicamedicadoporto.pt\/staging\/tag\/refluxo-no-recem-nascido\/\" rel=\"tag\">Refluxo no Rec\u00e9m Nascido<\/a>, <a href=\"https:\/\/clinicamedicadoporto.pt\/staging\/tag\/resolver-torcicolo-do-recem-nascido\/\" rel=\"tag\">Resolver Torcicolo do Rec\u00e9m Nascido<\/a>, <a href=\"https:\/\/clinicamedicadoporto.pt\/staging\/tag\/terapia\/\" rel=\"tag\">Terapia<\/a>, <a href=\"https:\/\/clinicamedicadoporto.pt\/staging\/tag\/terapias\/\" rel=\"tag\">Terapias<\/a>, <a href=\"https:\/\/clinicamedicadoporto.pt\/staging\/tag\/terapias-nao-convencionais\/\" rel=\"tag\">terapias n\u00e3o convencionais<\/a>, <a href=\"https:\/\/clinicamedicadoporto.pt\/staging\/tag\/todas-as-terapias\/\" rel=\"tag\">Todas as Terapias<\/a><\/span><span class=\"categories-links\"><i class=\"kwicon-fa-folder-open\"><\/i> <a href=\"https:\/\/clinicamedicadoporto.pt\/staging\/category\/terapias-nao-convencionais\/osteopatia\/\" rel=\"category tag\">Osteopatia<\/a>, <a href=\"https:\/\/clinicamedicadoporto.pt\/staging\/category\/terapias-nao-convencionais\/osteopatia\/osteopatia-pedriatrica\/\" rel=\"category tag\">Osteopatia Pedri\u00e1trica<\/a>, <a href=\"https:\/\/clinicamedicadoporto.pt\/staging\/category\/terapias-nao-convencionais\/\" rel=\"category tag\">Terapias N\u00e3o Convencionais<\/a><\/span><\/div>\r\n\t\t\t\t\t<div class=\"kwayy-blogbox-desc\">[vc_row][vc_co...<div class=\"kwayy-post-readmore\"><a href=\"https:\/\/clinicamedicadoporto.pt\/staging\/refluxo-gastro-esofagico-no-recem-nascido-sinais-e-sintomas\/\">Read More<i class=\"kwicon-fa-angle-right\"><\/i><\/a><\/div><\/div>\r\n\t\t\t\t<\/div>\r\n\t\t\t<\/div>\r\n\t\t<\/article>\r\n\t\r\n\t\t<article class=\"post-box blog-slider-box-width kwayy-blogbox-format-standard cuidados-de-saude\">\r\n\t\t\t<div class=\"post-item\">\r\n\t\t\t\t<div class=\"post-item-thumbnail\">\r\n\t\t\t\t\t<div class=\"post-item-thumbnail-inner\">\r\n\t\t\t\t\t\t<div class=\"kwayy-postbox-small-date\"><div class=\"kwayy-post-box-date-wrapper\"><div class=\"kwayy-entry-date-wrapper\">\r\n\t\t\t\t\t\t\t\t<span class=\"kwayy-entry-date\">\r\n\t\t\t\t\t\t\t\t\t<time class=\"entry-date\" datetime=\"\" >\r\n\t\t\t\t\t\t\t\t\t\t<span class=\"entry-date\"><\/span> \r\n\t\t\t\t\t\t\t\t\t\t<span class=\"entry-month\"><\/span> \r\n\t\t\t\t\t\t\t\t\t\t<span class=\"entry-year\"><\/span> \r\n\t\t\t\t\t\t\t\t\t<\/time>\r\n\t\t\t\t\t\t\t\t<\/span>\r\n\t\t\t\t\t\t\t<\/div><\/div><\/div>\r\n\t\t\t\t\t\t<a class=\"tm-blog-link\" href=\"https:\/\/clinicamedicadoporto.pt\/staging\/reflexologia-podal-dos-pes-para-os-orgaos\/\"><img loading=\"lazy\" decoding=\"async\" width=\"832\" height=\"468\" src=\"https:\/\/clinicamedicadoporto.pt\/staging\/wp-content\/uploads\/2023\/04\/reflexologia-podal-clinica-medica-porto.jpg\" class=\"attachment-portfolio-fix-column size-portfolio-fix-column wp-post-image\" alt=\"Imagem consulta de reflexologia podal na Clinica M\u00e9dica do Porto\" srcset=\"https:\/\/clinicamedicadoporto.pt\/staging\/wp-content\/uploads\/2023\/04\/reflexologia-podal-clinica-medica-porto.jpg 832w, https:\/\/clinicamedicadoporto.pt\/staging\/wp-content\/uploads\/2023\/04\/reflexologia-podal-clinica-medica-porto-768x432.jpg 768w, https:\/\/clinicamedicadoporto.pt\/staging\/wp-content\/uploads\/2023\/04\/reflexologia-podal-clinica-medica-porto-727x409.jpg 727w, https:\/\/clinicamedicadoporto.pt\/staging\/wp-content\/uploads\/2023\/04\/reflexologia-podal-clinica-medica-porto-720x406.jpg 720w, https:\/\/clinicamedicadoporto.pt\/staging\/wp-content\/uploads\/2023\/04\/reflexologia-podal-clinica-medica-porto-750x422.jpg 750w\" sizes=\"auto, (max-width: 832px) 100vw, 832px\" \/><\/a>\r\n\t\t\t\t\t<\/div>\r\n\t\t\t\t\t<div class=\"overthumb\"><\/div>\r\n\t\t\t\t\t\r\n\t\t\t\t<\/div>\r\n\t\t\t\t<div class=\"item-content\">\r\n\t\t\t\t\t<h4><a href=\"https:\/\/clinicamedicadoporto.pt\/staging\/reflexologia-podal-dos-pes-para-os-orgaos\/\">Reflexologia Podal: dos P\u00e9s para os Org\u00e3os<\/a><\/h4>\r\n\t\t\t\t\t<div class=\"kwayy-meta-details\"><div class=\"kwayy-post-user\"><span class=\"author vcard\"><i class=\"kwicon-fa-user\"><\/i> <a class=\"url fn n\" href=\"https:\/\/clinicamedicadoporto.pt\/staging\/author\/m-reis-cmp\/\" title=\"View all posts by \" rel=\"author\"><\/a><\/span><\/div><span class=\"tags-links\"><i class=\"kwicon-fa-tags\"><\/i> <a href=\"https:\/\/clinicamedicadoporto.pt\/staging\/tag\/clinica\/\" rel=\"tag\">clinica<\/a>, <a href=\"https:\/\/clinicamedicadoporto.pt\/staging\/tag\/clinica-medica-do-porto\/\" rel=\"tag\">Clinica M\u00e9dica do Porto<\/a>, <a href=\"https:\/\/clinicamedicadoporto.pt\/staging\/tag\/clinica-porto\/\" rel=\"tag\">Clinica Porto<\/a>, <a href=\"https:\/\/clinicamedicadoporto.pt\/staging\/tag\/consulta\/\" rel=\"tag\">Consulta<\/a>, <a href=\"https:\/\/clinicamedicadoporto.pt\/staging\/tag\/consulta-clinica-porto\/\" rel=\"tag\">Consulta Clinica Porto<\/a>, <a href=\"https:\/\/clinicamedicadoporto.pt\/staging\/tag\/consulta-medica\/\" rel=\"tag\">Consulta M\u00e9dica<\/a>, <a href=\"https:\/\/clinicamedicadoporto.pt\/staging\/tag\/massagem\/\" rel=\"tag\">massagem<\/a>, <a href=\"https:\/\/clinicamedicadoporto.pt\/staging\/tag\/medicina-alternativa\/\" rel=\"tag\">medicina alternativa<\/a>, <a href=\"https:\/\/clinicamedicadoporto.pt\/staging\/tag\/podologia\/\" rel=\"tag\">Podologia<\/a>, <a href=\"https:\/\/clinicamedicadoporto.pt\/staging\/tag\/podologo\/\" rel=\"tag\">Pod\u00f3logo<\/a>, <a href=\"https:\/\/clinicamedicadoporto.pt\/staging\/tag\/podologo-porto\/\" rel=\"tag\">Pod\u00f3logo Porto<\/a>, <a href=\"https:\/\/clinicamedicadoporto.pt\/staging\/tag\/podoreflexologia\/\" rel=\"tag\">Podoreflexologia<\/a>, <a href=\"https:\/\/clinicamedicadoporto.pt\/staging\/tag\/reflexologia\/\" rel=\"tag\">Reflexologia<\/a>, <a href=\"https:\/\/clinicamedicadoporto.pt\/staging\/tag\/reflexologia-podal\/\" rel=\"tag\">Reflexologia Podal<\/a>, <a href=\"https:\/\/clinicamedicadoporto.pt\/staging\/tag\/terapia\/\" rel=\"tag\">Terapia<\/a>, <a href=\"https:\/\/clinicamedicadoporto.pt\/staging\/tag\/terapias\/\" rel=\"tag\">Terapias<\/a>, <a href=\"https:\/\/clinicamedicadoporto.pt\/staging\/tag\/terapias-nao-convencionais\/\" rel=\"tag\">terapias n\u00e3o convencionais<\/a>, <a href=\"https:\/\/clinicamedicadoporto.pt\/staging\/tag\/todas-as-terapias\/\" rel=\"tag\">Todas as Terapias<\/a><\/span><span class=\"categories-links\"><i class=\"kwicon-fa-folder-open\"><\/i> <a href=\"https:\/\/clinicamedicadoporto.pt\/staging\/category\/cuidados-de-saude\/\" rel=\"category tag\">Cuidados de Sa\u00fade<\/a><\/span><\/div>\r\n\t\t\t\t\t<div class=\"kwayy-blogbox-desc\">[vc_row][vc_co...<div class=\"kwayy-post-readmore\"><a href=\"https:\/\/clinicamedicadoporto.pt\/staging\/reflexologia-podal-dos-pes-para-os-orgaos\/\">Read More<i class=\"kwicon-fa-angle-right\"><\/i><\/a><\/div><\/div>\r\n\t\t\t\t<\/div>\r\n\t\t\t<\/div>\r\n\t\t<\/article>\r\n\t\r\n\t\t<article class=\"post-box blog-slider-box-width kwayy-blogbox-format-standard sexologia\">\r\n\t\t\t<div class=\"post-item\">\r\n\t\t\t\t<div class=\"post-item-thumbnail\">\r\n\t\t\t\t\t<div class=\"post-item-thumbnail-inner\">\r\n\t\t\t\t\t\t<div class=\"kwayy-postbox-small-date\"><div class=\"kwayy-post-box-date-wrapper\"><div class=\"kwayy-entry-date-wrapper\">\r\n\t\t\t\t\t\t\t\t<span class=\"kwayy-entry-date\">\r\n\t\t\t\t\t\t\t\t\t<time class=\"entry-date\" datetime=\"\" >\r\n\t\t\t\t\t\t\t\t\t\t<span class=\"entry-date\"><\/span> \r\n\t\t\t\t\t\t\t\t\t\t<span class=\"entry-month\"><\/span> \r\n\t\t\t\t\t\t\t\t\t\t<span class=\"entry-year\"><\/span> \r\n\t\t\t\t\t\t\t\t\t<\/time>\r\n\t\t\t\t\t\t\t\t<\/span>\r\n\t\t\t\t\t\t\t<\/div><\/div><\/div>\r\n\t\t\t\t\t\t<a class=\"tm-blog-link\" href=\"https:\/\/clinicamedicadoporto.pt\/staging\/quando-o-apetite-sexual-diminui-sexualidade-feminina\/\"><img loading=\"lazy\" decoding=\"async\" width=\"832\" height=\"468\" src=\"https:\/\/clinicamedicadoporto.pt\/staging\/wp-content\/uploads\/2023\/02\/Dimimuicao-desejo-sexual-clinica-medica-porto.jpg\" class=\"attachment-portfolio-fix-column size-portfolio-fix-column wp-post-image\" alt=\"Imagem com casal numa cama numa rela\u00e7\u00e3o sexual em que o elemento feminino consulta o telefone. Conceito de desinteresse sexual, ou aus\u00eancia de Desejo Sexual\" srcset=\"https:\/\/clinicamedicadoporto.pt\/staging\/wp-content\/uploads\/2023\/02\/Dimimuicao-desejo-sexual-clinica-medica-porto.jpg 832w, https:\/\/clinicamedicadoporto.pt\/staging\/wp-content\/uploads\/2023\/02\/Dimimuicao-desejo-sexual-clinica-medica-porto-768x432.jpg 768w, https:\/\/clinicamedicadoporto.pt\/staging\/wp-content\/uploads\/2023\/02\/Dimimuicao-desejo-sexual-clinica-medica-porto-727x409.jpg 727w, https:\/\/clinicamedicadoporto.pt\/staging\/wp-content\/uploads\/2023\/02\/Dimimuicao-desejo-sexual-clinica-medica-porto-720x406.jpg 720w, https:\/\/clinicamedicadoporto.pt\/staging\/wp-content\/uploads\/2023\/02\/Dimimuicao-desejo-sexual-clinica-medica-porto-750x422.jpg 750w\" sizes=\"auto, (max-width: 832px) 100vw, 832px\" \/><\/a>\r\n\t\t\t\t\t<\/div>\r\n\t\t\t\t\t<div class=\"overthumb\"><\/div>\r\n\t\t\t\t\t\r\n\t\t\t\t<\/div>\r\n\t\t\t\t<div class=\"item-content\">\r\n\t\t\t\t\t<h4><a href=\"https:\/\/clinicamedicadoporto.pt\/staging\/quando-o-apetite-sexual-diminui-sexualidade-feminina\/\">Quando o Apetite Sexual Diminui &#8211; Sexualidade Feminina<\/a><\/h4>\r\n\t\t\t\t\t<div class=\"kwayy-meta-details\"><div class=\"kwayy-post-user\"><span class=\"author vcard\"><i class=\"kwicon-fa-user\"><\/i> <a class=\"url fn n\" href=\"https:\/\/clinicamedicadoporto.pt\/staging\/author\/m-reis-cmp\/\" title=\"View all posts by \" rel=\"author\"><\/a><\/span><\/div><span class=\"tags-links\"><i class=\"kwicon-fa-tags\"><\/i> <a href=\"https:\/\/clinicamedicadoporto.pt\/staging\/tag\/apetite-sexual\/\" rel=\"tag\">apetite sexual<\/a>, <a href=\"https:\/\/clinicamedicadoporto.pt\/staging\/tag\/clinica\/\" rel=\"tag\">clinica<\/a>, <a href=\"https:\/\/clinicamedicadoporto.pt\/staging\/tag\/clinica-medica-do-porto\/\" rel=\"tag\">Clinica M\u00e9dica do Porto<\/a>, <a href=\"https:\/\/clinicamedicadoporto.pt\/staging\/tag\/clinica-porto\/\" rel=\"tag\">Clinica Porto<\/a>, <a href=\"https:\/\/clinicamedicadoporto.pt\/staging\/tag\/consulta\/\" rel=\"tag\">Consulta<\/a>, <a href=\"https:\/\/clinicamedicadoporto.pt\/staging\/tag\/consulta-clinica-porto\/\" rel=\"tag\">Consulta Clinica Porto<\/a>, <a href=\"https:\/\/clinicamedicadoporto.pt\/staging\/tag\/consulta-de-sexologia-clinica\/\" rel=\"tag\">consulta de sexologia clinica<\/a>, <a href=\"https:\/\/clinicamedicadoporto.pt\/staging\/tag\/consulta-medica\/\" rel=\"tag\">Consulta M\u00e9dica<\/a>, <a href=\"https:\/\/clinicamedicadoporto.pt\/staging\/tag\/desejo-sexual-hipoativo\/\" rel=\"tag\">desejo sexual hipoativo<\/a>, <a href=\"https:\/\/clinicamedicadoporto.pt\/staging\/tag\/desejos-sexuais\/\" rel=\"tag\">desejos sexuais<\/a>, <a href=\"https:\/\/clinicamedicadoporto.pt\/staging\/tag\/falta-de-desejo-sexual\/\" rel=\"tag\">falta de desejo sexual<\/a>, <a href=\"https:\/\/clinicamedicadoporto.pt\/staging\/tag\/falta-de-libido\/\" rel=\"tag\">Falta de l\u00edbido<\/a>, <a href=\"https:\/\/clinicamedicadoporto.pt\/staging\/tag\/libido\/\" rel=\"tag\">libido<\/a>, <a href=\"https:\/\/clinicamedicadoporto.pt\/staging\/tag\/medicina-alternativa\/\" rel=\"tag\">medicina alternativa<\/a>, <a href=\"https:\/\/clinicamedicadoporto.pt\/staging\/tag\/medicina-sexual\/\" rel=\"tag\">medicina sexual<\/a>, <a href=\"https:\/\/clinicamedicadoporto.pt\/staging\/tag\/mulher-sem-libido\/\" rel=\"tag\">mulher sem libido<\/a>, <a href=\"https:\/\/clinicamedicadoporto.pt\/staging\/tag\/sexologia\/\" rel=\"tag\">sexologia<\/a>, <a href=\"https:\/\/clinicamedicadoporto.pt\/staging\/tag\/sexualidade\/\" rel=\"tag\">sexualidade<\/a>, <a href=\"https:\/\/clinicamedicadoporto.pt\/staging\/tag\/sexualidade-da-mulher\/\" rel=\"tag\">sexualidade da mulher<\/a>, <a href=\"https:\/\/clinicamedicadoporto.pt\/staging\/tag\/sexualidade-do-casal\/\" rel=\"tag\">sexualidade do casal<\/a>, <a href=\"https:\/\/clinicamedicadoporto.pt\/staging\/tag\/terapia\/\" rel=\"tag\">Terapia<\/a>, <a href=\"https:\/\/clinicamedicadoporto.pt\/staging\/tag\/terapia-sexual\/\" rel=\"tag\">terapia sexual<\/a>, <a href=\"https:\/\/clinicamedicadoporto.pt\/staging\/tag\/terapias\/\" rel=\"tag\">Terapias<\/a>, <a href=\"https:\/\/clinicamedicadoporto.pt\/staging\/tag\/terapias-nao-convencionais\/\" rel=\"tag\">terapias n\u00e3o convencionais<\/a>, <a href=\"https:\/\/clinicamedicadoporto.pt\/staging\/tag\/todas-as-terapias\/\" rel=\"tag\">Todas as Terapias<\/a>, <a href=\"https:\/\/clinicamedicadoporto.pt\/staging\/tag\/tratamento-para-a-falta-de-desejo\/\" rel=\"tag\">tratamento para a falta de desejo<\/a><\/span><span class=\"categories-links\"><i class=\"kwicon-fa-folder-open\"><\/i> <a href=\"https:\/\/clinicamedicadoporto.pt\/staging\/category\/sexologia\/\" rel=\"category tag\">Sexologia<\/a><\/span><\/div>\r\n\t\t\t\t\t<div class=\"kwayy-blogbox-desc\">[vc_row][vc_co...<div class=\"kwayy-post-readmore\"><a href=\"https:\/\/clinicamedicadoporto.pt\/staging\/quando-o-apetite-sexual-diminui-sexualidade-feminina\/\">Read More<i class=\"kwicon-fa-angle-right\"><\/i><\/a><\/div><\/div>\r\n\t\t\t\t<\/div>\r\n\t\t\t<\/div>\r\n\t\t<\/article>\r\n\t\r\n\t\t<article class=\"post-box blog-slider-box-width kwayy-blogbox-format-standard conselhos-uteis cuidados-de-saude\">\r\n\t\t\t<div class=\"post-item\">\r\n\t\t\t\t<div class=\"post-item-thumbnail\">\r\n\t\t\t\t\t<div class=\"post-item-thumbnail-inner\">\r\n\t\t\t\t\t\t<div class=\"kwayy-postbox-small-date\"><div class=\"kwayy-post-box-date-wrapper\"><div class=\"kwayy-entry-date-wrapper\">\r\n\t\t\t\t\t\t\t\t<span class=\"kwayy-entry-date\">\r\n\t\t\t\t\t\t\t\t\t<time class=\"entry-date\" datetime=\"\" >\r\n\t\t\t\t\t\t\t\t\t\t<span class=\"entry-date\"><\/span> \r\n\t\t\t\t\t\t\t\t\t\t<span class=\"entry-month\"><\/span> \r\n\t\t\t\t\t\t\t\t\t\t<span class=\"entry-year\"><\/span> \r\n\t\t\t\t\t\t\t\t\t<\/time>\r\n\t\t\t\t\t\t\t\t<\/span>\r\n\t\t\t\t\t\t\t<\/div><\/div><\/div>\r\n\t\t\t\t\t\t<a class=\"tm-blog-link\" href=\"https:\/\/clinicamedicadoporto.pt\/staging\/novo-ano-com-desejos-de-boa-saude\/\"><img loading=\"lazy\" decoding=\"async\" width=\"832\" height=\"468\" src=\"https:\/\/clinicamedicadoporto.pt\/staging\/wp-content\/uploads\/2023\/01\/imagem-ano-novo-boa-saude-clinica-medica-porto.jpg\" class=\"attachment-portfolio-fix-column size-portfolio-fix-column wp-post-image\" alt=\"Imagem Celebra\u00e7\u00e3o Ano Novo\" srcset=\"https:\/\/clinicamedicadoporto.pt\/staging\/wp-content\/uploads\/2023\/01\/imagem-ano-novo-boa-saude-clinica-medica-porto.jpg 832w, https:\/\/clinicamedicadoporto.pt\/staging\/wp-content\/uploads\/2023\/01\/imagem-ano-novo-boa-saude-clinica-medica-porto-768x432.jpg 768w, https:\/\/clinicamedicadoporto.pt\/staging\/wp-content\/uploads\/2023\/01\/imagem-ano-novo-boa-saude-clinica-medica-porto-727x409.jpg 727w, https:\/\/clinicamedicadoporto.pt\/staging\/wp-content\/uploads\/2023\/01\/imagem-ano-novo-boa-saude-clinica-medica-porto-720x406.jpg 720w, https:\/\/clinicamedicadoporto.pt\/staging\/wp-content\/uploads\/2023\/01\/imagem-ano-novo-boa-saude-clinica-medica-porto-750x422.jpg 750w\" sizes=\"auto, (max-width: 832px) 100vw, 832px\" \/><\/a>\r\n\t\t\t\t\t<\/div>\r\n\t\t\t\t\t<div class=\"overthumb\"><\/div>\r\n\t\t\t\t\t\r\n\t\t\t\t<\/div>\r\n\t\t\t\t<div class=\"item-content\">\r\n\t\t\t\t\t<h4><a href=\"https:\/\/clinicamedicadoporto.pt\/staging\/novo-ano-com-desejos-de-boa-saude\/\">Novo Ano com Desejos de Boa Sa\u00fade<\/a><\/h4>\r\n\t\t\t\t\t<div class=\"kwayy-meta-details\"><div class=\"kwayy-post-user\"><span class=\"author vcard\"><i class=\"kwicon-fa-user\"><\/i> <a class=\"url fn n\" href=\"https:\/\/clinicamedicadoporto.pt\/staging\/author\/m-reis-cmp\/\" title=\"View all posts by \" rel=\"author\"><\/a><\/span><\/div><span class=\"categories-links\"><i class=\"kwicon-fa-folder-open\"><\/i> <a href=\"https:\/\/clinicamedicadoporto.pt\/staging\/category\/conselhos-uteis\/\" rel=\"category tag\">Conselhos \u00dateis<\/a>, <a href=\"https:\/\/clinicamedicadoporto.pt\/staging\/category\/cuidados-de-saude\/\" rel=\"category tag\">Cuidados de Sa\u00fade<\/a><\/span><\/div>\r\n\t\t\t\t\t<div class=\"kwayy-blogbox-desc\">[vc_row][vc_co...<div class=\"kwayy-post-readmore\"><a href=\"https:\/\/clinicamedicadoporto.pt\/staging\/novo-ano-com-desejos-de-boa-saude\/\">Read More<i class=\"kwicon-fa-angle-right\"><\/i><\/a><\/div><\/div>\r\n\t\t\t\t<\/div>\r\n\t\t\t<\/div>\r\n\t\t<\/article>\r\n\t\r\n\t\t<article class=\"post-box blog-slider-box-width kwayy-blogbox-format-standard estetica-clinica medicina-integrativa reposicao-modulacao-hormonal\">\r\n\t\t\t<div class=\"post-item\">\r\n\t\t\t\t<div class=\"post-item-thumbnail\">\r\n\t\t\t\t\t<div class=\"post-item-thumbnail-inner\">\r\n\t\t\t\t\t\t<div class=\"kwayy-postbox-small-date\"><div class=\"kwayy-post-box-date-wrapper\"><div class=\"kwayy-entry-date-wrapper\">\r\n\t\t\t\t\t\t\t\t<span class=\"kwayy-entry-date\">\r\n\t\t\t\t\t\t\t\t\t<time class=\"entry-date\" datetime=\"\" >\r\n\t\t\t\t\t\t\t\t\t\t<span class=\"entry-date\"><\/span> \r\n\t\t\t\t\t\t\t\t\t\t<span class=\"entry-month\"><\/span> \r\n\t\t\t\t\t\t\t\t\t\t<span class=\"entry-year\"><\/span> \r\n\t\t\t\t\t\t\t\t\t<\/time>\r\n\t\t\t\t\t\t\t\t<\/span>\r\n\t\t\t\t\t\t\t<\/div><\/div><\/div>\r\n\t\t\t\t\t\t<a class=\"tm-blog-link\" href=\"https:\/\/clinicamedicadoporto.pt\/staging\/atrasar-o-relogio-envelhecimento-e-modulacao-hormonal-bioidentica\/\"><img loading=\"lazy\" decoding=\"async\" width=\"832\" height=\"468\" src=\"https:\/\/clinicamedicadoporto.pt\/staging\/wp-content\/uploads\/2022\/11\/reposicao-hormonal-bioidentica-clinica-medica-porto.jpg\" class=\"attachment-portfolio-fix-column size-portfolio-fix-column wp-post-image\" alt=\"Imagem Mulher de meia-idade com olhar confiante\" srcset=\"https:\/\/clinicamedicadoporto.pt\/staging\/wp-content\/uploads\/2022\/11\/reposicao-hormonal-bioidentica-clinica-medica-porto.jpg 832w, https:\/\/clinicamedicadoporto.pt\/staging\/wp-content\/uploads\/2022\/11\/reposicao-hormonal-bioidentica-clinica-medica-porto-768x432.jpg 768w, https:\/\/clinicamedicadoporto.pt\/staging\/wp-content\/uploads\/2022\/11\/reposicao-hormonal-bioidentica-clinica-medica-porto-727x409.jpg 727w, https:\/\/clinicamedicadoporto.pt\/staging\/wp-content\/uploads\/2022\/11\/reposicao-hormonal-bioidentica-clinica-medica-porto-720x406.jpg 720w, https:\/\/clinicamedicadoporto.pt\/staging\/wp-content\/uploads\/2022\/11\/reposicao-hormonal-bioidentica-clinica-medica-porto-750x422.jpg 750w\" sizes=\"auto, (max-width: 832px) 100vw, 832px\" \/><\/a>\r\n\t\t\t\t\t<\/div>\r\n\t\t\t\t\t<div class=\"overthumb\"><\/div>\r\n\t\t\t\t\t\r\n\t\t\t\t<\/div>\r\n\t\t\t\t<div class=\"item-content\">\r\n\t\t\t\t\t<h4><a href=\"https:\/\/clinicamedicadoporto.pt\/staging\/atrasar-o-relogio-envelhecimento-e-modulacao-hormonal-bioidentica\/\">Atrasar o Rel\u00f3gio Biol\u00f3gico: Envelhecimento e Modula\u00e7\u00e3o Hormonal Bioid\u00eantica<\/a><\/h4>\r\n\t\t\t\t\t<div class=\"kwayy-meta-details\"><div class=\"kwayy-post-user\"><span class=\"author vcard\"><i class=\"kwicon-fa-user\"><\/i> <a class=\"url fn n\" href=\"https:\/\/clinicamedicadoporto.pt\/staging\/author\/m-reis-cmp\/\" title=\"View all posts by \" rel=\"author\"><\/a><\/span><\/div><span class=\"tags-links\"><i class=\"kwicon-fa-tags\"><\/i> <a href=\"https:\/\/clinicamedicadoporto.pt\/staging\/tag\/clinica\/\" rel=\"tag\">clinica<\/a>, <a href=\"https:\/\/clinicamedicadoporto.pt\/staging\/tag\/clinica-medica-do-porto\/\" rel=\"tag\">Clinica M\u00e9dica do Porto<\/a>, <a href=\"https:\/\/clinicamedicadoporto.pt\/staging\/tag\/clinica-porto\/\" rel=\"tag\">Clinica Porto<\/a>, <a href=\"https:\/\/clinicamedicadoporto.pt\/staging\/tag\/consulta\/\" rel=\"tag\">Consulta<\/a>, <a href=\"https:\/\/clinicamedicadoporto.pt\/staging\/tag\/consulta-clinica-porto\/\" rel=\"tag\">Consulta Clinica Porto<\/a>, <a href=\"https:\/\/clinicamedicadoporto.pt\/staging\/tag\/consulta-de-anti-envelhecimento\/\" rel=\"tag\">Consulta de Anti-Envelhecimento<\/a>, <a href=\"https:\/\/clinicamedicadoporto.pt\/staging\/tag\/consulta-de-medicina-anti-aging\/\" rel=\"tag\">Consulta de Medicina Anti-Aging<\/a>, <a href=\"https:\/\/clinicamedicadoporto.pt\/staging\/tag\/consulta-de-modulacao-hormonal\/\" rel=\"tag\">Consulta de Modula\u00e7\u00e3o Hormonal<\/a>, <a href=\"https:\/\/clinicamedicadoporto.pt\/staging\/tag\/consulta-de-reposicao-e-modulacao-com-hormonal-bioidenticas\/\" rel=\"tag\">Consulta de Reposi\u00e7\u00e3o e Modula\u00e7\u00e3o com Hormonal Bioid\u00eanticas<\/a>, <a href=\"https:\/\/clinicamedicadoporto.pt\/staging\/tag\/consulta-de-reposicao-hormonal\/\" rel=\"tag\">Consulta de Reposi\u00e7\u00e3o Hormonal<\/a>, <a href=\"https:\/\/clinicamedicadoporto.pt\/staging\/tag\/consulta-medica\/\" rel=\"tag\">Consulta M\u00e9dica<\/a>, <a href=\"https:\/\/clinicamedicadoporto.pt\/staging\/tag\/falta-de-energia-na-menopausa\/\" rel=\"tag\">Falta de Energia na Menopausa<\/a>, <a href=\"https:\/\/clinicamedicadoporto.pt\/staging\/tag\/medicamentos-bioidenticos\/\" rel=\"tag\">Medicamentos Bioid\u00eanticos<\/a>, <a href=\"https:\/\/clinicamedicadoporto.pt\/staging\/tag\/medicina-alternativa\/\" rel=\"tag\">medicina alternativa<\/a>, <a href=\"https:\/\/clinicamedicadoporto.pt\/staging\/tag\/modulacao-e-reposicao-hormonal-porto\/\" rel=\"tag\">Modula\u00e7\u00e3o e Reposi\u00e7\u00e3o Hormonal Porto<\/a>, <a href=\"https:\/\/clinicamedicadoporto.pt\/staging\/tag\/o-que-e-modulacao-hormonal-bio-identica\/\" rel=\"tag\">O que \u00e9 Modula\u00e7\u00e3o Hormonal Bio-Identica<\/a>, <a href=\"https:\/\/clinicamedicadoporto.pt\/staging\/tag\/o-que-sao-hormonas-bioidenticas\/\" rel=\"tag\">O que s\u00e3o Hormonas BioIdenticas<\/a>, <a href=\"https:\/\/clinicamedicadoporto.pt\/staging\/tag\/reducao-da-libido\/\" rel=\"tag\">Redu\u00e7\u00e3o da Libido<\/a>, <a href=\"https:\/\/clinicamedicadoporto.pt\/staging\/tag\/secura-vaginal\/\" rel=\"tag\">Secura Vaginal<\/a>, <a href=\"https:\/\/clinicamedicadoporto.pt\/staging\/tag\/terapia\/\" rel=\"tag\">Terapia<\/a>, <a href=\"https:\/\/clinicamedicadoporto.pt\/staging\/tag\/terapias\/\" rel=\"tag\">Terapias<\/a>, <a href=\"https:\/\/clinicamedicadoporto.pt\/staging\/tag\/terapias-nao-convencionais\/\" rel=\"tag\">terapias n\u00e3o convencionais<\/a>, <a href=\"https:\/\/clinicamedicadoporto.pt\/staging\/tag\/todas-as-terapias\/\" rel=\"tag\">Todas as Terapias<\/a>, <a href=\"https:\/\/clinicamedicadoporto.pt\/staging\/tag\/tratamento-com-hormonas-bioidenticas\/\" rel=\"tag\">Tratamento com Hormonas BioIdenticas<\/a>, <a href=\"https:\/\/clinicamedicadoporto.pt\/staging\/tag\/tratar-sintomas-da-menopausa\/\" rel=\"tag\">Tratar sintomas da Menopausa<\/a><\/span><span class=\"categories-links\"><i class=\"kwicon-fa-folder-open\"><\/i> <a href=\"https:\/\/clinicamedicadoporto.pt\/staging\/category\/estetica-clinica\/\" rel=\"category tag\">Est\u00e9tica Cl\u00ednica<\/a>, <a href=\"https:\/\/clinicamedicadoporto.pt\/staging\/category\/medicina-integrativa\/\" rel=\"category tag\">Medicina Integrativa<\/a>, <a href=\"https:\/\/clinicamedicadoporto.pt\/staging\/category\/medicina-integrativa\/reposicao-modulacao-hormonal\/\" rel=\"category tag\">Reposi\u00e7\u00e3o \/ Modula\u00e7\u00e3o Hormonal<\/a><\/span><\/div>\r\n\t\t\t\t\t<div class=\"kwayy-blogbox-desc\">[vc_row][vc_co...<div class=\"kwayy-post-readmore\"><a href=\"https:\/\/clinicamedicadoporto.pt\/staging\/atrasar-o-relogio-envelhecimento-e-modulacao-hormonal-bioidentica\/\">Read More<i class=\"kwicon-fa-angle-right\"><\/i><\/a><\/div><\/div>\r\n\t\t\t\t<\/div>\r\n\t\t\t<\/div>\r\n\t\t<\/article>\r\n\t\r\n\t\t<article class=\"post-box blog-slider-box-width kwayy-blogbox-format-standard conselhos-uteis cuidados-de-saude medicina-integrativa medicina-tradicional-chinesa saude-mental terapias-nao-convencionais\">\r\n\t\t\t<div class=\"post-item\">\r\n\t\t\t\t<div class=\"post-item-thumbnail\">\r\n\t\t\t\t\t<div class=\"post-item-thumbnail-inner\">\r\n\t\t\t\t\t\t<div class=\"kwayy-postbox-small-date\"><div class=\"kwayy-post-box-date-wrapper\"><div class=\"kwayy-entry-date-wrapper\">\r\n\t\t\t\t\t\t\t\t<span class=\"kwayy-entry-date\">\r\n\t\t\t\t\t\t\t\t\t<time class=\"entry-date\" datetime=\"\" >\r\n\t\t\t\t\t\t\t\t\t\t<span class=\"entry-date\"><\/span> \r\n\t\t\t\t\t\t\t\t\t\t<span class=\"entry-month\"><\/span> \r\n\t\t\t\t\t\t\t\t\t\t<span class=\"entry-year\"><\/span> \r\n\t\t\t\t\t\t\t\t\t<\/time>\r\n\t\t\t\t\t\t\t\t<\/span>\r\n\t\t\t\t\t\t\t<\/div><\/div><\/div>\r\n\t\t\t\t\t\t<a class=\"tm-blog-link\" href=\"https:\/\/clinicamedicadoporto.pt\/staging\/in-fertilidade-causas-sinais-e-tratamento\/\"><img loading=\"lazy\" decoding=\"async\" width=\"832\" height=\"468\" src=\"https:\/\/clinicamedicadoporto.pt\/staging\/wp-content\/uploads\/2022\/10\/Fertilidade-e-Infertilidade-Clinica-Medica-Porto.jpg\" class=\"attachment-portfolio-fix-column size-portfolio-fix-column wp-post-image\" alt=\"Imagem contendo conceito de Fertilidade e Fecunda\u00e7\u00e3o. Rom\u00e3 simbolizando o aparelho reprodutor feminino e espermatoz\u00f3ides. Tratamentos de Fertilidade na Cl\u00ednica M\u00e9dica do Porto. Sinais, Sintomas e Tratamento da Infertilidade. T\u00e9cnicas para melhorar a probabilidade de engravidar.\" srcset=\"https:\/\/clinicamedicadoporto.pt\/staging\/wp-content\/uploads\/2022\/10\/Fertilidade-e-Infertilidade-Clinica-Medica-Porto.jpg 832w, https:\/\/clinicamedicadoporto.pt\/staging\/wp-content\/uploads\/2022\/10\/Fertilidade-e-Infertilidade-Clinica-Medica-Porto-768x432.jpg 768w, https:\/\/clinicamedicadoporto.pt\/staging\/wp-content\/uploads\/2022\/10\/Fertilidade-e-Infertilidade-Clinica-Medica-Porto-727x409.jpg 727w, https:\/\/clinicamedicadoporto.pt\/staging\/wp-content\/uploads\/2022\/10\/Fertilidade-e-Infertilidade-Clinica-Medica-Porto-720x406.jpg 720w, https:\/\/clinicamedicadoporto.pt\/staging\/wp-content\/uploads\/2022\/10\/Fertilidade-e-Infertilidade-Clinica-Medica-Porto-750x422.jpg 750w\" sizes=\"auto, (max-width: 832px) 100vw, 832px\" \/><\/a>\r\n\t\t\t\t\t<\/div>\r\n\t\t\t\t\t<div class=\"overthumb\"><\/div>\r\n\t\t\t\t\t\r\n\t\t\t\t<\/div>\r\n\t\t\t\t<div class=\"item-content\">\r\n\t\t\t\t\t<h4><a href=\"https:\/\/clinicamedicadoporto.pt\/staging\/in-fertilidade-causas-sinais-e-tratamento\/\">(In) Fertilidade: Causas, Sinais e Tratamento<\/a><\/h4>\r\n\t\t\t\t\t<div class=\"kwayy-meta-details\"><div class=\"kwayy-post-user\"><span class=\"author vcard\"><i class=\"kwicon-fa-user\"><\/i> <a class=\"url fn n\" href=\"https:\/\/clinicamedicadoporto.pt\/staging\/author\/m-reis-cmp\/\" title=\"View all posts by \" rel=\"author\"><\/a><\/span><\/div><span class=\"tags-links\"><i class=\"kwicon-fa-tags\"><\/i> <a href=\"https:\/\/clinicamedicadoporto.pt\/staging\/tag\/aumentar-a-fertilidade\/\" rel=\"tag\">Aumentar a Fertilidade<\/a>, <a href=\"https:\/\/clinicamedicadoporto.pt\/staging\/tag\/aumentar-a-fertilidade-masculina\/\" rel=\"tag\">Aumentar a Fertilidade masculina<\/a>, <a href=\"https:\/\/clinicamedicadoporto.pt\/staging\/tag\/causas-de-infertilidade\/\" rel=\"tag\">causas de Infertilidade<\/a>, <a href=\"https:\/\/clinicamedicadoporto.pt\/staging\/tag\/clinica\/\" rel=\"tag\">clinica<\/a>, <a href=\"https:\/\/clinicamedicadoporto.pt\/staging\/tag\/clinica-medica-do-porto\/\" rel=\"tag\">Clinica M\u00e9dica do Porto<\/a>, <a href=\"https:\/\/clinicamedicadoporto.pt\/staging\/tag\/clinica-porto\/\" rel=\"tag\">Clinica Porto<\/a>, <a href=\"https:\/\/clinicamedicadoporto.pt\/staging\/tag\/consulta\/\" rel=\"tag\">Consulta<\/a>, <a href=\"https:\/\/clinicamedicadoporto.pt\/staging\/tag\/consulta-clinica-porto\/\" rel=\"tag\">Consulta Clinica Porto<\/a>, <a href=\"https:\/\/clinicamedicadoporto.pt\/staging\/tag\/consulta-medica\/\" rel=\"tag\">Consulta M\u00e9dica<\/a>, <a href=\"https:\/\/clinicamedicadoporto.pt\/staging\/tag\/dificuldade-de-engravidar-apos-40-anos\/\" rel=\"tag\">dificuldade de engravidar apos 40 anos<\/a>, <a href=\"https:\/\/clinicamedicadoporto.pt\/staging\/tag\/dificuldade-de-engravidar-depois-dos-30\/\" rel=\"tag\">dificuldade de engravidar depois dos 30<\/a>, <a href=\"https:\/\/clinicamedicadoporto.pt\/staging\/tag\/dificuldade-de-engravidar-endometriose\/\" rel=\"tag\">dificuldade de engravidar endometriose<\/a>, <a href=\"https:\/\/clinicamedicadoporto.pt\/staging\/tag\/dificuldade-engravidar-segundo-filho\/\" rel=\"tag\">Dificuldade engravidar segundo filho<\/a>, <a href=\"https:\/\/clinicamedicadoporto.pt\/staging\/tag\/dificuldade-para-engravidar-causas\/\" rel=\"tag\">Dificuldade para engravidar causas<\/a>, <a href=\"https:\/\/clinicamedicadoporto.pt\/staging\/tag\/engravidar\/\" rel=\"tag\">engravidar<\/a>, <a href=\"https:\/\/clinicamedicadoporto.pt\/staging\/tag\/factores-de-risco-de-infertilidade\/\" rel=\"tag\">factores de risco de infertilidade<\/a>, <a href=\"https:\/\/clinicamedicadoporto.pt\/staging\/tag\/fertilidade\/\" rel=\"tag\">fertilidade<\/a>, <a href=\"https:\/\/clinicamedicadoporto.pt\/staging\/tag\/fertilidade-feminina\/\" rel=\"tag\">fertilidade feminina<\/a>, <a href=\"https:\/\/clinicamedicadoporto.pt\/staging\/tag\/fertilidade-masculina\/\" rel=\"tag\">fertilidade masculina<\/a>, <a href=\"https:\/\/clinicamedicadoporto.pt\/staging\/tag\/fertilizacao\/\" rel=\"tag\">Fertiliza\u00e7\u00e3o<\/a>, <a href=\"https:\/\/clinicamedicadoporto.pt\/staging\/tag\/fiv\/\" rel=\"tag\">fiv<\/a>, <a href=\"https:\/\/clinicamedicadoporto.pt\/staging\/tag\/infertilidade\/\" rel=\"tag\">infertilidade<\/a>, <a href=\"https:\/\/clinicamedicadoporto.pt\/staging\/tag\/infertilidade-feminina\/\" rel=\"tag\">Infertilidade Feminina<\/a>, <a href=\"https:\/\/clinicamedicadoporto.pt\/staging\/tag\/infertilidade-feminina-causas\/\" rel=\"tag\">Infertilidade Feminina Causas<\/a>, <a href=\"https:\/\/clinicamedicadoporto.pt\/staging\/tag\/infertilidade-feminina-sintomas\/\" rel=\"tag\">Infertilidade Feminina Sintomas<\/a>, <a href=\"https:\/\/clinicamedicadoporto.pt\/staging\/tag\/infertilidade-feminina-tratamento\/\" rel=\"tag\">Infertilidade Feminina Tratamento<\/a>, <a href=\"https:\/\/clinicamedicadoporto.pt\/staging\/tag\/infertilidade-masculina-sintomas\/\" rel=\"tag\">Infertilidade Masculina Sintomas<\/a>, <a href=\"https:\/\/clinicamedicadoporto.pt\/staging\/tag\/infertilidade-masculina-tratamento\/\" rel=\"tag\">Infertilidade Masculina Tratamento<\/a>, <a href=\"https:\/\/clinicamedicadoporto.pt\/staging\/tag\/infertilidade-secundaria\/\" rel=\"tag\">Infertilidade Secund\u00e1ria<\/a>, <a href=\"https:\/\/clinicamedicadoporto.pt\/staging\/tag\/medicina-alternativa\/\" rel=\"tag\">medicina alternativa<\/a>, <a href=\"https:\/\/clinicamedicadoporto.pt\/staging\/tag\/o-que-fazer-para-aumentar-as-chances-de-engravidar\/\" rel=\"tag\">O que fazer para aumentar as chances de engravidar<\/a>, <a href=\"https:\/\/clinicamedicadoporto.pt\/staging\/tag\/o-que-fazer-para-engravidar\/\" rel=\"tag\">o que fazer para engravidar<\/a>, <a href=\"https:\/\/clinicamedicadoporto.pt\/staging\/tag\/pma\/\" rel=\"tag\">PMA<\/a>, <a href=\"https:\/\/clinicamedicadoporto.pt\/staging\/tag\/porque-nao-consigo-engravidar\/\" rel=\"tag\">Porque n\u00e3o consigo engravidar<\/a>, <a href=\"https:\/\/clinicamedicadoporto.pt\/staging\/tag\/probabilidade-de-engravidar-aos-45-anos\/\" rel=\"tag\">probabilidade de engravidar aos 45 anos<\/a>, <a href=\"https:\/\/clinicamedicadoporto.pt\/staging\/tag\/procriacao-medicamente-assistida\/\" rel=\"tag\">Procria\u00e7\u00e3o Medicamente Assistida<\/a>, <a href=\"https:\/\/clinicamedicadoporto.pt\/staging\/tag\/quais-os-sintomas-de-quem-nao-pode-ter-filhos\/\" rel=\"tag\">Quais os sintomas de quem n\u00e3o pode ter filhos<\/a>, <a href=\"https:\/\/clinicamedicadoporto.pt\/staging\/tag\/qual-e-o-tratamento-da-infertilidade\/\" rel=\"tag\">Qual \u00e9 o Tratamento da Infertilidade<\/a>, <a href=\"https:\/\/clinicamedicadoporto.pt\/staging\/tag\/que-tipo-de-tratamentos-existem-para-engravidar\/\" rel=\"tag\">Que tipo de Tratamentos existem para engravidar<\/a>, <a href=\"https:\/\/clinicamedicadoporto.pt\/staging\/tag\/terapia\/\" rel=\"tag\">Terapia<\/a>, <a href=\"https:\/\/clinicamedicadoporto.pt\/staging\/tag\/terapias\/\" rel=\"tag\">Terapias<\/a>, <a href=\"https:\/\/clinicamedicadoporto.pt\/staging\/tag\/terapias-nao-convencionais\/\" rel=\"tag\">terapias n\u00e3o convencionais<\/a>, <a href=\"https:\/\/clinicamedicadoporto.pt\/staging\/tag\/todas-as-terapias\/\" rel=\"tag\">Todas as Terapias<\/a>, <a href=\"https:\/\/clinicamedicadoporto.pt\/staging\/tag\/tratamento-de-fertilidade\/\" rel=\"tag\">Tratamento de fertilidade<\/a>, <a href=\"https:\/\/clinicamedicadoporto.pt\/staging\/tag\/tratamento-de-fertilidade-como-funciona\/\" rel=\"tag\">Tratamento de fertilidade como funciona<\/a>, <a href=\"https:\/\/clinicamedicadoporto.pt\/staging\/tag\/tratamento-de-fertilidade-para-homens\/\" rel=\"tag\">Tratamento de fertilidade para homens<\/a>, <a href=\"https:\/\/clinicamedicadoporto.pt\/staging\/tag\/tratamento-de-fertilidade-preco\/\" rel=\"tag\">Tratamento de fertilidade pre\u00e7o<\/a>, <a href=\"https:\/\/clinicamedicadoporto.pt\/staging\/tag\/tratamento-de-fertilizacao\/\" rel=\"tag\">Tratamento de fertiliza\u00e7\u00e3o<\/a>, <a href=\"https:\/\/clinicamedicadoporto.pt\/staging\/tag\/truques-para-engravidar\/\" rel=\"tag\">Truques para engravidar<\/a><\/span><span class=\"categories-links\"><i class=\"kwicon-fa-folder-open\"><\/i> <a href=\"https:\/\/clinicamedicadoporto.pt\/staging\/category\/conselhos-uteis\/\" rel=\"category tag\">Conselhos \u00dateis<\/a>, <a href=\"https:\/\/clinicamedicadoporto.pt\/staging\/category\/cuidados-de-saude\/\" rel=\"category tag\">Cuidados de Sa\u00fade<\/a>, <a href=\"https:\/\/clinicamedicadoporto.pt\/staging\/category\/medicina-integrativa\/\" rel=\"category tag\">Medicina Integrativa<\/a>, <a href=\"https:\/\/clinicamedicadoporto.pt\/staging\/category\/terapias-nao-convencionais\/medicina-tradicional-chinesa\/\" rel=\"category tag\">Medicina Tradicional Chinesa<\/a>, <a href=\"https:\/\/clinicamedicadoporto.pt\/staging\/category\/saude-mental\/\" rel=\"category tag\">Sa\u00fade Mental<\/a>, <a href=\"https:\/\/clinicamedicadoporto.pt\/staging\/category\/terapias-nao-convencionais\/\" rel=\"category tag\">Terapias N\u00e3o Convencionais<\/a><\/span><\/div>\r\n\t\t\t\t\t<div class=\"kwayy-blogbox-desc\">[vc_row][vc_co...<div class=\"kwayy-post-readmore\"><a href=\"https:\/\/clinicamedicadoporto.pt\/staging\/in-fertilidade-causas-sinais-e-tratamento\/\">Read More<i class=\"kwicon-fa-angle-right\"><\/i><\/a><\/div><\/div>\r\n\t\t\t\t<\/div>\r\n\t\t\t<\/div>\r\n\t\t<\/article>\r\n\t\r\n\t\t<article class=\"post-box blog-slider-box-width kwayy-blogbox-format-standard conselhos-uteis cuidados-de-saude medicina-integrativa nutricao-e-dietetica\">\r\n\t\t\t<div class=\"post-item\">\r\n\t\t\t\t<div class=\"post-item-thumbnail\">\r\n\t\t\t\t\t<div class=\"post-item-thumbnail-inner\">\r\n\t\t\t\t\t\t<div class=\"kwayy-postbox-small-date\"><div class=\"kwayy-post-box-date-wrapper\"><div class=\"kwayy-entry-date-wrapper\">\r\n\t\t\t\t\t\t\t\t<span class=\"kwayy-entry-date\">\r\n\t\t\t\t\t\t\t\t\t<time class=\"entry-date\" datetime=\"\" >\r\n\t\t\t\t\t\t\t\t\t\t<span class=\"entry-date\"><\/span> \r\n\t\t\t\t\t\t\t\t\t\t<span class=\"entry-month\"><\/span> \r\n\t\t\t\t\t\t\t\t\t\t<span class=\"entry-year\"><\/span> \r\n\t\t\t\t\t\t\t\t\t<\/time>\r\n\t\t\t\t\t\t\t\t<\/span>\r\n\t\t\t\t\t\t\t<\/div><\/div><\/div>\r\n\t\t\t\t\t\t<a class=\"tm-blog-link\" href=\"https:\/\/clinicamedicadoporto.pt\/staging\/vlog-video-dieta-da-felicidade\/\"><img loading=\"lazy\" decoding=\"async\" width=\"1920\" height=\"1080\" src=\"https:\/\/clinicamedicadoporto.pt\/staging\/wp-content\/uploads\/2022\/08\/Youtube-Frame.jpg\" class=\"attachment-portfolio-fix-column size-portfolio-fix-column wp-post-image\" alt=\"Nutrologia Dieta da Felicidade\" srcset=\"https:\/\/clinicamedicadoporto.pt\/staging\/wp-content\/uploads\/2022\/08\/Youtube-Frame.jpg 1920w, https:\/\/clinicamedicadoporto.pt\/staging\/wp-content\/uploads\/2022\/08\/Youtube-Frame-768x432.jpg 768w, https:\/\/clinicamedicadoporto.pt\/staging\/wp-content\/uploads\/2022\/08\/Youtube-Frame-1536x864.jpg 1536w, https:\/\/clinicamedicadoporto.pt\/staging\/wp-content\/uploads\/2022\/08\/Youtube-Frame-727x409.jpg 727w, https:\/\/clinicamedicadoporto.pt\/staging\/wp-content\/uploads\/2022\/08\/Youtube-Frame-1110x624.jpg 1110w, https:\/\/clinicamedicadoporto.pt\/staging\/wp-content\/uploads\/2022\/08\/Youtube-Frame-720x406.jpg 720w, https:\/\/clinicamedicadoporto.pt\/staging\/wp-content\/uploads\/2022\/08\/Youtube-Frame-750x422.jpg 750w\" sizes=\"auto, (max-width: 1920px) 100vw, 1920px\" \/><\/a>\r\n\t\t\t\t\t<\/div>\r\n\t\t\t\t\t<div class=\"overthumb\"><\/div>\r\n\t\t\t\t\t\r\n\t\t\t\t<\/div>\r\n\t\t\t\t<div class=\"item-content\">\r\n\t\t\t\t\t<h4><a href=\"https:\/\/clinicamedicadoporto.pt\/staging\/vlog-video-dieta-da-felicidade\/\">VLOG: Dieta da Felicidade (Video). Alimentos e Nutrientes para uma Vida mais Feliz<\/a><\/h4>\r\n\t\t\t\t\t<div class=\"kwayy-meta-details\"><div class=\"kwayy-post-user\"><span class=\"author vcard\"><i class=\"kwicon-fa-user\"><\/i> <a class=\"url fn n\" href=\"https:\/\/clinicamedicadoporto.pt\/staging\/author\/m-reis-cmp\/\" title=\"View all posts by \" rel=\"author\"><\/a><\/span><\/div><span class=\"tags-links\"><i class=\"kwicon-fa-tags\"><\/i> <a href=\"https:\/\/clinicamedicadoporto.pt\/staging\/tag\/alimentacao\/\" rel=\"tag\">alimenta\u00e7\u00e3o<\/a>, <a href=\"https:\/\/clinicamedicadoporto.pt\/staging\/tag\/alimentos-inflamatorios\/\" rel=\"tag\">Alimentos inflamat\u00f3rios<\/a>, <a href=\"https:\/\/clinicamedicadoporto.pt\/staging\/tag\/clinica\/\" rel=\"tag\">clinica<\/a>, <a href=\"https:\/\/clinicamedicadoporto.pt\/staging\/tag\/clinica-medica-do-porto\/\" rel=\"tag\">Clinica M\u00e9dica do Porto<\/a>, <a href=\"https:\/\/clinicamedicadoporto.pt\/staging\/tag\/clinica-porto\/\" rel=\"tag\">Clinica Porto<\/a>, <a href=\"https:\/\/clinicamedicadoporto.pt\/staging\/tag\/consulta\/\" rel=\"tag\">Consulta<\/a>, <a href=\"https:\/\/clinicamedicadoporto.pt\/staging\/tag\/consulta-clinica-porto\/\" rel=\"tag\">Consulta Clinica Porto<\/a>, <a href=\"https:\/\/clinicamedicadoporto.pt\/staging\/tag\/consulta-medica\/\" rel=\"tag\">Consulta M\u00e9dica<\/a>, <a href=\"https:\/\/clinicamedicadoporto.pt\/staging\/tag\/dieta-da-felicidade\/\" rel=\"tag\">dieta da felicidade<\/a>, <a href=\"https:\/\/clinicamedicadoporto.pt\/staging\/tag\/felicidade\/\" rel=\"tag\">felicidade<\/a>, <a href=\"https:\/\/clinicamedicadoporto.pt\/staging\/tag\/felicidade-pelos-alimentos\/\" rel=\"tag\">Felicidade pelos Alimentos<\/a>, <a href=\"https:\/\/clinicamedicadoporto.pt\/staging\/tag\/foconadieta\/\" rel=\"tag\">foconadieta<\/a>, <a href=\"https:\/\/clinicamedicadoporto.pt\/staging\/tag\/medicina-alternativa\/\" rel=\"tag\">medicina alternativa<\/a>, <a href=\"https:\/\/clinicamedicadoporto.pt\/staging\/tag\/nutricao\/\" rel=\"tag\">Nutri\u00e7\u00e3o<\/a>, <a href=\"https:\/\/clinicamedicadoporto.pt\/staging\/tag\/nutrologia\/\" rel=\"tag\">nutrologia<\/a>, <a href=\"https:\/\/clinicamedicadoporto.pt\/staging\/tag\/nutrologo\/\" rel=\"tag\">nutrologo<\/a>, <a href=\"https:\/\/clinicamedicadoporto.pt\/staging\/tag\/nutrologo-porto\/\" rel=\"tag\">Nutrologo Porto<\/a>, <a href=\"https:\/\/clinicamedicadoporto.pt\/staging\/tag\/reeducacaoalimentar\/\" rel=\"tag\">reeduca\u00e7\u00e3oalimentar<\/a>, <a href=\"https:\/\/clinicamedicadoporto.pt\/staging\/tag\/saude\/\" rel=\"tag\">sa\u00fade<\/a>, <a href=\"https:\/\/clinicamedicadoporto.pt\/staging\/tag\/terapia\/\" rel=\"tag\">Terapia<\/a>, <a href=\"https:\/\/clinicamedicadoporto.pt\/staging\/tag\/terapias\/\" rel=\"tag\">Terapias<\/a>, <a href=\"https:\/\/clinicamedicadoporto.pt\/staging\/tag\/terapias-nao-convencionais\/\" rel=\"tag\">terapias n\u00e3o convencionais<\/a>, <a href=\"https:\/\/clinicamedicadoporto.pt\/staging\/tag\/todas-as-terapias\/\" rel=\"tag\">Todas as Terapias<\/a>, <a href=\"https:\/\/clinicamedicadoporto.pt\/staging\/tag\/vidasaudavel\/\" rel=\"tag\">vidasaudavel<\/a><\/span><span class=\"categories-links\"><i class=\"kwicon-fa-folder-open\"><\/i> <a href=\"https:\/\/clinicamedicadoporto.pt\/staging\/category\/conselhos-uteis\/\" rel=\"category tag\">Conselhos \u00dateis<\/a>, <a href=\"https:\/\/clinicamedicadoporto.pt\/staging\/category\/cuidados-de-saude\/\" rel=\"category tag\">Cuidados de Sa\u00fade<\/a>, <a href=\"https:\/\/clinicamedicadoporto.pt\/staging\/category\/medicina-integrativa\/\" rel=\"category tag\">Medicina Integrativa<\/a>, <a href=\"https:\/\/clinicamedicadoporto.pt\/staging\/category\/nutricao-e-dietetica\/\" rel=\"category tag\">Nutri\u00e7\u00e3o e Diet\u00e9tica<\/a><\/span><\/div>\r\n\t\t\t\t\t<div class=\"kwayy-blogbox-desc\">[vc_row][vc_co...<div class=\"kwayy-post-readmore\"><a href=\"https:\/\/clinicamedicadoporto.pt\/staging\/vlog-video-dieta-da-felicidade\/\">Read More<i class=\"kwicon-fa-angle-right\"><\/i><\/a><\/div><\/div>\r\n\t\t\t\t<\/div>\r\n\t\t\t<\/div>\r\n\t\t<\/article>\r\n\t\r\n\t\t<article class=\"post-box blog-slider-box-width kwayy-blogbox-format-standard conselhos-uteis cuidados-de-saude nutricao-e-dietetica\">\r\n\t\t\t<div class=\"post-item\">\r\n\t\t\t\t<div class=\"post-item-thumbnail\">\r\n\t\t\t\t\t<div class=\"post-item-thumbnail-inner\">\r\n\t\t\t\t\t\t<div class=\"kwayy-postbox-small-date\"><div class=\"kwayy-post-box-date-wrapper\"><div class=\"kwayy-entry-date-wrapper\">\r\n\t\t\t\t\t\t\t\t<span class=\"kwayy-entry-date\">\r\n\t\t\t\t\t\t\t\t\t<time class=\"entry-date\" datetime=\"\" >\r\n\t\t\t\t\t\t\t\t\t\t<span class=\"entry-date\"><\/span> \r\n\t\t\t\t\t\t\t\t\t\t<span class=\"entry-month\"><\/span> \r\n\t\t\t\t\t\t\t\t\t\t<span class=\"entry-year\"><\/span> \r\n\t\t\t\t\t\t\t\t\t<\/time>\r\n\t\t\t\t\t\t\t\t<\/span>\r\n\t\t\t\t\t\t\t<\/div><\/div><\/div>\r\n\t\t\t\t\t\t<a class=\"tm-blog-link\" href=\"https:\/\/clinicamedicadoporto.pt\/staging\/doenca-celiaca-diagnostico-sintomas-e-tratamento\/\"><img loading=\"lazy\" decoding=\"async\" width=\"832\" height=\"468\" src=\"https:\/\/clinicamedicadoporto.pt\/staging\/wp-content\/uploads\/2022\/08\/Doenca-Celiaca-Clincia-Medica-do-Porto.jpg\" class=\"attachment-portfolio-fix-column size-portfolio-fix-column wp-post-image\" alt=\"Imagem Blog Doenca Celiaca Clinica Medica do Porto\" srcset=\"https:\/\/clinicamedicadoporto.pt\/staging\/wp-content\/uploads\/2022\/08\/Doenca-Celiaca-Clincia-Medica-do-Porto.jpg 832w, https:\/\/clinicamedicadoporto.pt\/staging\/wp-content\/uploads\/2022\/08\/Doenca-Celiaca-Clincia-Medica-do-Porto-768x432.jpg 768w, https:\/\/clinicamedicadoporto.pt\/staging\/wp-content\/uploads\/2022\/08\/Doenca-Celiaca-Clincia-Medica-do-Porto-727x409.jpg 727w, https:\/\/clinicamedicadoporto.pt\/staging\/wp-content\/uploads\/2022\/08\/Doenca-Celiaca-Clincia-Medica-do-Porto-720x406.jpg 720w, https:\/\/clinicamedicadoporto.pt\/staging\/wp-content\/uploads\/2022\/08\/Doenca-Celiaca-Clincia-Medica-do-Porto-750x422.jpg 750w\" sizes=\"auto, (max-width: 832px) 100vw, 832px\" \/><\/a>\r\n\t\t\t\t\t<\/div>\r\n\t\t\t\t\t<div class=\"overthumb\"><\/div>\r\n\t\t\t\t\t\r\n\t\t\t\t<\/div>\r\n\t\t\t\t<div class=\"item-content\">\r\n\t\t\t\t\t<h4><a href=\"https:\/\/clinicamedicadoporto.pt\/staging\/doenca-celiaca-diagnostico-sintomas-e-tratamento\/\">Doen\u00e7a Cel\u00edaca: Diagn\u00f3stico, Sintomas e Tratamento<\/a><\/h4>\r\n\t\t\t\t\t<div class=\"kwayy-meta-details\"><div class=\"kwayy-post-user\"><span class=\"author vcard\"><i class=\"kwicon-fa-user\"><\/i> <a class=\"url fn n\" href=\"https:\/\/clinicamedicadoporto.pt\/staging\/author\/m-reis-cmp\/\" title=\"View all posts by \" rel=\"author\"><\/a><\/span><\/div><span class=\"tags-links\"><i class=\"kwicon-fa-tags\"><\/i> <a href=\"https:\/\/clinicamedicadoporto.pt\/staging\/tag\/celiaco\/\" rel=\"tag\">celiaco<\/a>, <a href=\"https:\/\/clinicamedicadoporto.pt\/staging\/tag\/clinica\/\" rel=\"tag\">clinica<\/a>, <a href=\"https:\/\/clinicamedicadoporto.pt\/staging\/tag\/clinica-medica-do-porto\/\" rel=\"tag\">Clinica M\u00e9dica do Porto<\/a>, <a href=\"https:\/\/clinicamedicadoporto.pt\/staging\/tag\/clinica-porto\/\" rel=\"tag\">Clinica Porto<\/a>, <a href=\"https:\/\/clinicamedicadoporto.pt\/staging\/tag\/consulta\/\" rel=\"tag\">Consulta<\/a>, <a href=\"https:\/\/clinicamedicadoporto.pt\/staging\/tag\/consulta-clinica-porto\/\" rel=\"tag\">Consulta Clinica Porto<\/a>, <a href=\"https:\/\/clinicamedicadoporto.pt\/staging\/tag\/consulta-medica\/\" rel=\"tag\">Consulta M\u00e9dica<\/a>, <a href=\"https:\/\/clinicamedicadoporto.pt\/staging\/tag\/dieta-sem-gluten\/\" rel=\"tag\">dieta sem gluten<\/a>, <a href=\"https:\/\/clinicamedicadoporto.pt\/staging\/tag\/doenca-celiaca\/\" rel=\"tag\">doen\u00e7a cel\u00edaca<\/a>, <a href=\"https:\/\/clinicamedicadoporto.pt\/staging\/tag\/gluten\/\" rel=\"tag\">gluten<\/a>, <a href=\"https:\/\/clinicamedicadoporto.pt\/staging\/tag\/medicina-alternativa\/\" rel=\"tag\">medicina alternativa<\/a>, <a href=\"https:\/\/clinicamedicadoporto.pt\/staging\/tag\/sintomas-da-doenca-celiaca\/\" rel=\"tag\">sintomas da doen\u00e7a cel\u00edaca<\/a>, <a href=\"https:\/\/clinicamedicadoporto.pt\/staging\/tag\/terapia\/\" rel=\"tag\">Terapia<\/a>, <a href=\"https:\/\/clinicamedicadoporto.pt\/staging\/tag\/terapias\/\" rel=\"tag\">Terapias<\/a>, <a href=\"https:\/\/clinicamedicadoporto.pt\/staging\/tag\/terapias-nao-convencionais\/\" rel=\"tag\">terapias n\u00e3o convencionais<\/a>, <a href=\"https:\/\/clinicamedicadoporto.pt\/staging\/tag\/todas-as-terapias\/\" rel=\"tag\">Todas as Terapias<\/a>, <a href=\"https:\/\/clinicamedicadoporto.pt\/staging\/tag\/tratamento-do-doente-celiaco\/\" rel=\"tag\">tratamento do doente cel\u00edaco<\/a><\/span><span class=\"categories-links\"><i class=\"kwicon-fa-folder-open\"><\/i> <a href=\"https:\/\/clinicamedicadoporto.pt\/staging\/category\/conselhos-uteis\/\" rel=\"category tag\">Conselhos \u00dateis<\/a>, <a href=\"https:\/\/clinicamedicadoporto.pt\/staging\/category\/cuidados-de-saude\/\" rel=\"category tag\">Cuidados de Sa\u00fade<\/a>, <a href=\"https:\/\/clinicamedicadoporto.pt\/staging\/category\/nutricao-e-dietetica\/\" rel=\"category tag\">Nutri\u00e7\u00e3o e Diet\u00e9tica<\/a><\/span><\/div>\r\n\t\t\t\t\t<div class=\"kwayy-blogbox-desc\">[vc_row][vc_co...<div class=\"kwayy-post-readmore\"><a href=\"https:\/\/clinicamedicadoporto.pt\/staging\/doenca-celiaca-diagnostico-sintomas-e-tratamento\/\">Read More<i class=\"kwicon-fa-angle-right\"><\/i><\/a><\/div><\/div>\r\n\t\t\t\t<\/div>\r\n\t\t\t<\/div>\r\n\t\t<\/article>\r\n\t\r\n\t\t<article class=\"post-box blog-slider-box-width kwayy-blogbox-format-standard conselhos-uteis cuidados-de-saude especialidades-tecnicas\">\r\n\t\t\t<div class=\"post-item\">\r\n\t\t\t\t<div class=\"post-item-thumbnail\">\r\n\t\t\t\t\t<div class=\"post-item-thumbnail-inner\">\r\n\t\t\t\t\t\t<div class=\"kwayy-postbox-small-date\"><div class=\"kwayy-post-box-date-wrapper\"><div class=\"kwayy-entry-date-wrapper\">\r\n\t\t\t\t\t\t\t\t<span class=\"kwayy-entry-date\">\r\n\t\t\t\t\t\t\t\t\t<time class=\"entry-date\" datetime=\"\" >\r\n\t\t\t\t\t\t\t\t\t\t<span class=\"entry-date\"><\/span> \r\n\t\t\t\t\t\t\t\t\t\t<span class=\"entry-month\"><\/span> \r\n\t\t\t\t\t\t\t\t\t\t<span class=\"entry-year\"><\/span> \r\n\t\t\t\t\t\t\t\t\t<\/time>\r\n\t\t\t\t\t\t\t\t<\/span>\r\n\t\t\t\t\t\t\t<\/div><\/div><\/div>\r\n\t\t\t\t\t\t<a class=\"tm-blog-link\" href=\"https:\/\/clinicamedicadoporto.pt\/staging\/reabilitacao-pos-covid\/\"><img loading=\"lazy\" decoding=\"async\" width=\"832\" height=\"468\" src=\"https:\/\/clinicamedicadoporto.pt\/staging\/wp-content\/uploads\/2022\/07\/Fisioterapia-pos-covid-recuperacao-clinica-medica-porto-opt.jpg\" class=\"attachment-portfolio-fix-column size-portfolio-fix-column wp-post-image\" alt=\"Fisioterapia-pos-covid-recuperacao-clinica-medica-porto\" srcset=\"https:\/\/clinicamedicadoporto.pt\/staging\/wp-content\/uploads\/2022\/07\/Fisioterapia-pos-covid-recuperacao-clinica-medica-porto-opt.jpg 832w, https:\/\/clinicamedicadoporto.pt\/staging\/wp-content\/uploads\/2022\/07\/Fisioterapia-pos-covid-recuperacao-clinica-medica-porto-opt-768x432.jpg 768w, https:\/\/clinicamedicadoporto.pt\/staging\/wp-content\/uploads\/2022\/07\/Fisioterapia-pos-covid-recuperacao-clinica-medica-porto-opt-727x409.jpg 727w, https:\/\/clinicamedicadoporto.pt\/staging\/wp-content\/uploads\/2022\/07\/Fisioterapia-pos-covid-recuperacao-clinica-medica-porto-opt-720x406.jpg 720w, https:\/\/clinicamedicadoporto.pt\/staging\/wp-content\/uploads\/2022\/07\/Fisioterapia-pos-covid-recuperacao-clinica-medica-porto-opt-750x422.jpg 750w\" sizes=\"auto, (max-width: 832px) 100vw, 832px\" \/><\/a>\r\n\t\t\t\t\t<\/div>\r\n\t\t\t\t\t<div class=\"overthumb\"><\/div>\r\n\t\t\t\t\t\r\n\t\t\t\t<\/div>\r\n\t\t\t\t<div class=\"item-content\">\r\n\t\t\t\t\t<h4><a href=\"https:\/\/clinicamedicadoporto.pt\/staging\/reabilitacao-pos-covid\/\">Reabilita\u00e7\u00e3o P\u00f3s Covid<\/a><\/h4>\r\n\t\t\t\t\t<div class=\"kwayy-meta-details\"><div class=\"kwayy-post-user\"><span class=\"author vcard\"><i class=\"kwicon-fa-user\"><\/i> <a class=\"url fn n\" href=\"https:\/\/clinicamedicadoporto.pt\/staging\/author\/m-reis-cmp\/\" title=\"View all posts by \" rel=\"author\"><\/a><\/span><\/div><span class=\"tags-links\"><i class=\"kwicon-fa-tags\"><\/i> <a href=\"https:\/\/clinicamedicadoporto.pt\/staging\/tag\/cansaco-extremo\/\" rel=\"tag\">Cansa\u00e7o extremo<\/a>, <a href=\"https:\/\/clinicamedicadoporto.pt\/staging\/tag\/clinica\/\" rel=\"tag\">clinica<\/a>, <a href=\"https:\/\/clinicamedicadoporto.pt\/staging\/tag\/clinica-medica-do-porto\/\" rel=\"tag\">Clinica M\u00e9dica do Porto<\/a>, <a href=\"https:\/\/clinicamedicadoporto.pt\/staging\/tag\/clinica-porto\/\" rel=\"tag\">Clinica Porto<\/a>, <a href=\"https:\/\/clinicamedicadoporto.pt\/staging\/tag\/consulta\/\" rel=\"tag\">Consulta<\/a>, <a href=\"https:\/\/clinicamedicadoporto.pt\/staging\/tag\/consulta-clinica-porto\/\" rel=\"tag\">Consulta Clinica Porto<\/a>, <a href=\"https:\/\/clinicamedicadoporto.pt\/staging\/tag\/consulta-medica\/\" rel=\"tag\">Consulta M\u00e9dica<\/a>, <a href=\"https:\/\/clinicamedicadoporto.pt\/staging\/tag\/covid\/\" rel=\"tag\">COVID<\/a>, <a href=\"https:\/\/clinicamedicadoporto.pt\/staging\/tag\/covid-19\/\" rel=\"tag\">COVID-19<\/a>, <a href=\"https:\/\/clinicamedicadoporto.pt\/staging\/tag\/dificuldade-respiratoria\/\" rel=\"tag\">Dificuldade respirat\u00f3ria<\/a>, <a href=\"https:\/\/clinicamedicadoporto.pt\/staging\/tag\/fadiga\/\" rel=\"tag\">Fadiga<\/a>, <a href=\"https:\/\/clinicamedicadoporto.pt\/staging\/tag\/falta-de-ar\/\" rel=\"tag\">Falta de Ar<\/a>, <a href=\"https:\/\/clinicamedicadoporto.pt\/staging\/tag\/medicina-alternativa\/\" rel=\"tag\">medicina alternativa<\/a>, <a href=\"https:\/\/clinicamedicadoporto.pt\/staging\/tag\/reabilitacao-covid\/\" rel=\"tag\">REABILITA\u00c7\u00c3O COVID<\/a>, <a href=\"https:\/\/clinicamedicadoporto.pt\/staging\/tag\/terapia\/\" rel=\"tag\">Terapia<\/a>, <a href=\"https:\/\/clinicamedicadoporto.pt\/staging\/tag\/terapias\/\" rel=\"tag\">Terapias<\/a>, <a href=\"https:\/\/clinicamedicadoporto.pt\/staging\/tag\/terapias-nao-convencionais\/\" rel=\"tag\">terapias n\u00e3o convencionais<\/a>, <a href=\"https:\/\/clinicamedicadoporto.pt\/staging\/tag\/todas-as-terapias\/\" rel=\"tag\">Todas as Terapias<\/a><\/span><span class=\"categories-links\"><i class=\"kwicon-fa-folder-open\"><\/i> <a href=\"https:\/\/clinicamedicadoporto.pt\/staging\/category\/conselhos-uteis\/\" rel=\"category tag\">Conselhos \u00dateis<\/a>, <a href=\"https:\/\/clinicamedicadoporto.pt\/staging\/category\/cuidados-de-saude\/\" rel=\"category tag\">Cuidados de Sa\u00fade<\/a>, <a href=\"https:\/\/clinicamedicadoporto.pt\/staging\/category\/especialidades-tecnicas\/\" rel=\"category tag\">Especialidades T\u00e9cnicas<\/a><\/span><\/div>\r\n\t\t\t\t\t<div class=\"kwayy-blogbox-desc\">[vc_row][vc_co...<div class=\"kwayy-post-readmore\"><a href=\"https:\/\/clinicamedicadoporto.pt\/staging\/reabilitacao-pos-covid\/\">Read More<i class=\"kwicon-fa-angle-right\"><\/i><\/a><\/div><\/div>\r\n\t\t\t\t<\/div>\r\n\t\t\t<\/div>\r\n\t\t<\/article>\r\n\t\r\n\t\t<article class=\"post-box blog-slider-box-width kwayy-blogbox-format-standard osteopatia terapias-nao-convencionais\">\r\n\t\t\t<div class=\"post-item\">\r\n\t\t\t\t<div class=\"post-item-thumbnail\">\r\n\t\t\t\t\t<div class=\"post-item-thumbnail-inner\">\r\n\t\t\t\t\t\t<div class=\"kwayy-postbox-small-date\"><div class=\"kwayy-post-box-date-wrapper\"><div class=\"kwayy-entry-date-wrapper\">\r\n\t\t\t\t\t\t\t\t<span class=\"kwayy-entry-date\">\r\n\t\t\t\t\t\t\t\t\t<time class=\"entry-date\" datetime=\"\" >\r\n\t\t\t\t\t\t\t\t\t\t<span class=\"entry-date\"><\/span> \r\n\t\t\t\t\t\t\t\t\t\t<span class=\"entry-month\"><\/span> \r\n\t\t\t\t\t\t\t\t\t\t<span class=\"entry-year\"><\/span> \r\n\t\t\t\t\t\t\t\t\t<\/time>\r\n\t\t\t\t\t\t\t\t<\/span>\r\n\t\t\t\t\t\t\t<\/div><\/div><\/div>\r\n\t\t\t\t\t\t<a class=\"tm-blog-link\" href=\"https:\/\/clinicamedicadoporto.pt\/staging\/vlog-acerca-da-consulta-de-osteopatia\/\"><img loading=\"lazy\" decoding=\"async\" width=\"1920\" height=\"1080\" src=\"https:\/\/clinicamedicadoporto.pt\/staging\/wp-content\/uploads\/2022\/05\/Thumbnail-Osteopatia-Te\u0301cnicas-Jose-clinica-medica-do-porto.jpg\" class=\"attachment-portfolio-fix-column size-portfolio-fix-column wp-post-image\" alt=\"Acerca da Consulta de Osteopatia da Cl\u00ednica M\u00e9dica do Porto\" srcset=\"https:\/\/clinicamedicadoporto.pt\/staging\/wp-content\/uploads\/2022\/05\/Thumbnail-Osteopatia-Te\u0301cnicas-Jose-clinica-medica-do-porto.jpg 1920w, https:\/\/clinicamedicadoporto.pt\/staging\/wp-content\/uploads\/2022\/05\/Thumbnail-Osteopatia-Te\u0301cnicas-Jose-clinica-medica-do-porto-768x432.jpg 768w, https:\/\/clinicamedicadoporto.pt\/staging\/wp-content\/uploads\/2022\/05\/Thumbnail-Osteopatia-Te\u0301cnicas-Jose-clinica-medica-do-porto-1536x864.jpg 1536w, https:\/\/clinicamedicadoporto.pt\/staging\/wp-content\/uploads\/2022\/05\/Thumbnail-Osteopatia-Te\u0301cnicas-Jose-clinica-medica-do-porto-727x409.jpg 727w, https:\/\/clinicamedicadoporto.pt\/staging\/wp-content\/uploads\/2022\/05\/Thumbnail-Osteopatia-Te\u0301cnicas-Jose-clinica-medica-do-porto-1110x624.jpg 1110w, https:\/\/clinicamedicadoporto.pt\/staging\/wp-content\/uploads\/2022\/05\/Thumbnail-Osteopatia-Te\u0301cnicas-Jose-clinica-medica-do-porto-720x406.jpg 720w, https:\/\/clinicamedicadoporto.pt\/staging\/wp-content\/uploads\/2022\/05\/Thumbnail-Osteopatia-Te\u0301cnicas-Jose-clinica-medica-do-porto-750x422.jpg 750w\" sizes=\"auto, (max-width: 1920px) 100vw, 1920px\" \/><\/a>\r\n\t\t\t\t\t<\/div>\r\n\t\t\t\t\t<div class=\"overthumb\"><\/div>\r\n\t\t\t\t\t\r\n\t\t\t\t<\/div>\r\n\t\t\t\t<div class=\"item-content\">\r\n\t\t\t\t\t<h4><a href=\"https:\/\/clinicamedicadoporto.pt\/staging\/vlog-acerca-da-consulta-de-osteopatia\/\">VLOG: Consulta de Osteopatia e T\u00e9cnica Osteop\u00e1tica<\/a><\/h4>\r\n\t\t\t\t\t<div class=\"kwayy-meta-details\"><div class=\"kwayy-post-user\"><span class=\"author vcard\"><i class=\"kwicon-fa-user\"><\/i> <a class=\"url fn n\" href=\"https:\/\/clinicamedicadoporto.pt\/staging\/author\/m-reis-cmp\/\" title=\"View all posts by \" rel=\"author\"><\/a><\/span><\/div><span class=\"tags-links\"><i class=\"kwicon-fa-tags\"><\/i> <a href=\"https:\/\/clinicamedicadoporto.pt\/staging\/tag\/clinica\/\" rel=\"tag\">clinica<\/a>, <a href=\"https:\/\/clinicamedicadoporto.pt\/staging\/tag\/clinica-medica-do-porto\/\" rel=\"tag\">Clinica M\u00e9dica do Porto<\/a>, <a href=\"https:\/\/clinicamedicadoporto.pt\/staging\/tag\/clinica-porto\/\" rel=\"tag\">Clinica Porto<\/a>, <a href=\"https:\/\/clinicamedicadoporto.pt\/staging\/tag\/consulta\/\" rel=\"tag\">Consulta<\/a>, <a href=\"https:\/\/clinicamedicadoporto.pt\/staging\/tag\/consulta-clinica-porto\/\" rel=\"tag\">Consulta Clinica Porto<\/a>, <a href=\"https:\/\/clinicamedicadoporto.pt\/staging\/tag\/consulta-de-osteopatia\/\" rel=\"tag\">consulta de osteopatia<\/a>, <a href=\"https:\/\/clinicamedicadoporto.pt\/staging\/tag\/consulta-de-osteopatia-porto\/\" rel=\"tag\">consulta de osteopatia porto<\/a>, <a href=\"https:\/\/clinicamedicadoporto.pt\/staging\/tag\/consulta-medica\/\" rel=\"tag\">Consulta M\u00e9dica<\/a>, <a href=\"https:\/\/clinicamedicadoporto.pt\/staging\/tag\/medicina-alternativa\/\" rel=\"tag\">medicina alternativa<\/a>, <a href=\"https:\/\/clinicamedicadoporto.pt\/staging\/tag\/o-que-trata-a-osteopatia\/\" rel=\"tag\">O que trata a Osteopatia<\/a>, <a href=\"https:\/\/clinicamedicadoporto.pt\/staging\/tag\/osteopata-porto\/\" rel=\"tag\">Osteopata Porto<\/a>, <a href=\"https:\/\/clinicamedicadoporto.pt\/staging\/tag\/osteopatia\/\" rel=\"tag\">osteopatia<\/a>, <a href=\"https:\/\/clinicamedicadoporto.pt\/staging\/tag\/preco-da-consulta-de-osteopatia\/\" rel=\"tag\">Pre\u00e7o da Consulta de Osteopatia<\/a>, <a href=\"https:\/\/clinicamedicadoporto.pt\/staging\/tag\/terapia\/\" rel=\"tag\">Terapia<\/a>, <a href=\"https:\/\/clinicamedicadoporto.pt\/staging\/tag\/terapias\/\" rel=\"tag\">Terapias<\/a>, <a href=\"https:\/\/clinicamedicadoporto.pt\/staging\/tag\/terapias-nao-convencionais\/\" rel=\"tag\">terapias n\u00e3o convencionais<\/a>, <a href=\"https:\/\/clinicamedicadoporto.pt\/staging\/tag\/todas-as-terapias\/\" rel=\"tag\">Todas as Terapias<\/a>, <a href=\"https:\/\/clinicamedicadoporto.pt\/staging\/tag\/tratar-dor-ciatica\/\" rel=\"tag\">Tratar Dor Ci\u00e1tica<\/a>, <a href=\"https:\/\/clinicamedicadoporto.pt\/staging\/tag\/tratar-dor-de-costas\/\" rel=\"tag\">Tratar dor de Costas<\/a>, <a href=\"https:\/\/clinicamedicadoporto.pt\/staging\/tag\/tratar-dor-lombar\/\" rel=\"tag\">Tratar Dor Lombar<\/a><\/span><span class=\"categories-links\"><i class=\"kwicon-fa-folder-open\"><\/i> <a href=\"https:\/\/clinicamedicadoporto.pt\/staging\/category\/terapias-nao-convencionais\/osteopatia\/\" rel=\"category tag\">Osteopatia<\/a>, <a href=\"https:\/\/clinicamedicadoporto.pt\/staging\/category\/terapias-nao-convencionais\/\" rel=\"category tag\">Terapias N\u00e3o Convencionais<\/a><\/span><\/div>\r\n\t\t\t\t\t<div class=\"kwayy-blogbox-desc\">[vc_section][v...<div class=\"kwayy-post-readmore\"><a href=\"https:\/\/clinicamedicadoporto.pt\/staging\/vlog-acerca-da-consulta-de-osteopatia\/\">Read More<i class=\"kwicon-fa-angle-right\"><\/i><\/a><\/div><\/div>\r\n\t\t\t\t<\/div>\r\n\t\t\t<\/div>\r\n\t\t<\/article>\r\n\t\r\n\t\t<article class=\"post-box blog-slider-box-width kwayy-blogbox-format-standard conselhos-uteis cuidados-de-saude psicossomaticas reflecoes saude-mental\">\r\n\t\t\t<div class=\"post-item\">\r\n\t\t\t\t<div class=\"post-item-thumbnail\">\r\n\t\t\t\t\t<div class=\"post-item-thumbnail-inner\">\r\n\t\t\t\t\t\t<div class=\"kwayy-postbox-small-date\"><div class=\"kwayy-post-box-date-wrapper\"><div class=\"kwayy-entry-date-wrapper\">\r\n\t\t\t\t\t\t\t\t<span class=\"kwayy-entry-date\">\r\n\t\t\t\t\t\t\t\t\t<time class=\"entry-date\" datetime=\"\" >\r\n\t\t\t\t\t\t\t\t\t\t<span class=\"entry-date\"><\/span> \r\n\t\t\t\t\t\t\t\t\t\t<span class=\"entry-month\"><\/span> \r\n\t\t\t\t\t\t\t\t\t\t<span class=\"entry-year\"><\/span> \r\n\t\t\t\t\t\t\t\t\t<\/time>\r\n\t\t\t\t\t\t\t\t<\/span>\r\n\t\t\t\t\t\t\t<\/div><\/div><\/div>\r\n\t\t\t\t\t\t<a class=\"tm-blog-link\" href=\"https:\/\/clinicamedicadoporto.pt\/staging\/sinais-de-alerta-e-estrategias-para-cuidar-da-saude-mental\/\"><img loading=\"lazy\" decoding=\"async\" width=\"832\" height=\"468\" src=\"https:\/\/clinicamedicadoporto.pt\/staging\/wp-content\/uploads\/2022\/04\/saude-mental-clinica-Medica-Porto.jpg\" class=\"attachment-portfolio-fix-column size-portfolio-fix-column wp-post-image\" alt=\"Imagem Sa\u00fade Mental e Transtornos Mentais: Sinais de Alerta e Estrat\u00e9gias para Melhorar a Sua Sa\u00fade Mental\" srcset=\"https:\/\/clinicamedicadoporto.pt\/staging\/wp-content\/uploads\/2022\/04\/saude-mental-clinica-Medica-Porto.jpg 832w, https:\/\/clinicamedicadoporto.pt\/staging\/wp-content\/uploads\/2022\/04\/saude-mental-clinica-Medica-Porto-768x432.jpg 768w, https:\/\/clinicamedicadoporto.pt\/staging\/wp-content\/uploads\/2022\/04\/saude-mental-clinica-Medica-Porto-727x409.jpg 727w, https:\/\/clinicamedicadoporto.pt\/staging\/wp-content\/uploads\/2022\/04\/saude-mental-clinica-Medica-Porto-720x406.jpg 720w, https:\/\/clinicamedicadoporto.pt\/staging\/wp-content\/uploads\/2022\/04\/saude-mental-clinica-Medica-Porto-750x422.jpg 750w\" sizes=\"auto, (max-width: 832px) 100vw, 832px\" \/><\/a>\r\n\t\t\t\t\t<\/div>\r\n\t\t\t\t\t<div class=\"overthumb\"><\/div>\r\n\t\t\t\t\t\r\n\t\t\t\t<\/div>\r\n\t\t\t\t<div class=\"item-content\">\r\n\t\t\t\t\t<h4><a href=\"https:\/\/clinicamedicadoporto.pt\/staging\/sinais-de-alerta-e-estrategias-para-cuidar-da-saude-mental\/\">Alta-Mente: Sinais de Alerta e Estrat\u00e9gias para Cuidar da Sa\u00fade Mental<\/a><\/h4>\r\n\t\t\t\t\t<div class=\"kwayy-meta-details\"><div class=\"kwayy-post-user\"><span class=\"author vcard\"><i class=\"kwicon-fa-user\"><\/i> <a class=\"url fn n\" href=\"https:\/\/clinicamedicadoporto.pt\/staging\/author\/m-reis-cmp\/\" title=\"View all posts by \" rel=\"author\"><\/a><\/span><\/div><span class=\"tags-links\"><i class=\"kwicon-fa-tags\"><\/i> <a href=\"https:\/\/clinicamedicadoporto.pt\/staging\/tag\/clinicamedicadoporto\/\" rel=\"tag\">#clinicamedicadoporto<\/a>, <a href=\"https:\/\/clinicamedicadoporto.pt\/staging\/tag\/porto\/\" rel=\"tag\">#porto<\/a>, <a href=\"https:\/\/clinicamedicadoporto.pt\/staging\/tag\/todasasterapias\/\" rel=\"tag\">#todasasterapias<\/a>, <a href=\"https:\/\/clinicamedicadoporto.pt\/staging\/tag\/ansiedade\/\" rel=\"tag\">ansiedade<\/a>, <a href=\"https:\/\/clinicamedicadoporto.pt\/staging\/tag\/bem-estar-mental\/\" rel=\"tag\">bem estar mental<\/a>, <a href=\"https:\/\/clinicamedicadoporto.pt\/staging\/tag\/causas-das-doencas-mentais\/\" rel=\"tag\">causas das doen\u00e7as mentais<\/a>, <a href=\"https:\/\/clinicamedicadoporto.pt\/staging\/tag\/clinica\/\" rel=\"tag\">clinica<\/a>, <a href=\"https:\/\/clinicamedicadoporto.pt\/staging\/tag\/clinica-de-saude-mental\/\" rel=\"tag\">clinica de saude mental<\/a>, <a href=\"https:\/\/clinicamedicadoporto.pt\/staging\/tag\/clinica-medica-do-porto\/\" rel=\"tag\">Clinica M\u00e9dica do Porto<\/a>, <a href=\"https:\/\/clinicamedicadoporto.pt\/staging\/tag\/clinica-porto\/\" rel=\"tag\">Clinica Porto<\/a>, <a href=\"https:\/\/clinicamedicadoporto.pt\/staging\/tag\/consulta\/\" rel=\"tag\">Consulta<\/a>, <a href=\"https:\/\/clinicamedicadoporto.pt\/staging\/tag\/consulta-clinica-porto\/\" rel=\"tag\">Consulta Clinica Porto<\/a>, <a href=\"https:\/\/clinicamedicadoporto.pt\/staging\/tag\/consulta-medica\/\" rel=\"tag\">Consulta M\u00e9dica<\/a>, <a href=\"https:\/\/clinicamedicadoporto.pt\/staging\/tag\/depressao\/\" rel=\"tag\">depress\u00e3o<\/a>, <a href=\"https:\/\/clinicamedicadoporto.pt\/staging\/tag\/disturbios-mentais\/\" rel=\"tag\">disturbios mentais<\/a>, <a href=\"https:\/\/clinicamedicadoporto.pt\/staging\/tag\/doencas-mentais\/\" rel=\"tag\">doen\u00e7as mentais<\/a>, <a href=\"https:\/\/clinicamedicadoporto.pt\/staging\/tag\/doencas-mentais-lista\/\" rel=\"tag\">doen\u00e7as mentais lista<\/a>, <a href=\"https:\/\/clinicamedicadoporto.pt\/staging\/tag\/medicina-alternativa\/\" rel=\"tag\">medicina alternativa<\/a>, <a href=\"https:\/\/clinicamedicadoporto.pt\/staging\/tag\/pandemia-saude-mental\/\" rel=\"tag\">pandemia saude mental<\/a>, <a href=\"https:\/\/clinicamedicadoporto.pt\/staging\/tag\/saude-fisica-e-mental\/\" rel=\"tag\">saude fisica e mental<\/a>, <a href=\"https:\/\/clinicamedicadoporto.pt\/staging\/tag\/saude-mental\/\" rel=\"tag\">Sa\u00fade Mental<\/a>, <a href=\"https:\/\/clinicamedicadoporto.pt\/staging\/tag\/saude-mental-na-pandemia\/\" rel=\"tag\">saude mental na pandemia<\/a>, <a href=\"https:\/\/clinicamedicadoporto.pt\/staging\/tag\/saude-mental-positiva\/\" rel=\"tag\">saude mental positiva<\/a>, <a href=\"https:\/\/clinicamedicadoporto.pt\/staging\/tag\/terapia\/\" rel=\"tag\">Terapia<\/a>, <a href=\"https:\/\/clinicamedicadoporto.pt\/staging\/tag\/terapias\/\" rel=\"tag\">Terapias<\/a>, <a href=\"https:\/\/clinicamedicadoporto.pt\/staging\/tag\/terapias-nao-convencionais\/\" rel=\"tag\">terapias n\u00e3o convencionais<\/a>, <a href=\"https:\/\/clinicamedicadoporto.pt\/staging\/tag\/todas-as-terapias\/\" rel=\"tag\">Todas as Terapias<\/a>, <a href=\"https:\/\/clinicamedicadoporto.pt\/staging\/tag\/transtorno-ansioso\/\" rel=\"tag\">transtorno ansioso<\/a>, <a href=\"https:\/\/clinicamedicadoporto.pt\/staging\/tag\/transtornos-mentais\/\" rel=\"tag\">transtornos mentais<\/a><\/span><span class=\"categories-links\"><i class=\"kwicon-fa-folder-open\"><\/i> <a href=\"https:\/\/clinicamedicadoporto.pt\/staging\/category\/conselhos-uteis\/\" rel=\"category tag\">Conselhos \u00dateis<\/a>, <a href=\"https:\/\/clinicamedicadoporto.pt\/staging\/category\/cuidados-de-saude\/\" rel=\"category tag\">Cuidados de Sa\u00fade<\/a>, <a href=\"https:\/\/clinicamedicadoporto.pt\/staging\/category\/psicossomaticas\/\" rel=\"category tag\">Psicossom\u00e1ticas<\/a>, <a href=\"https:\/\/clinicamedicadoporto.pt\/staging\/category\/reflecoes\/\" rel=\"category tag\">Reflex\u00f5es<\/a>, <a href=\"https:\/\/clinicamedicadoporto.pt\/staging\/category\/saude-mental\/\" rel=\"category tag\">Sa\u00fade Mental<\/a><\/span><\/div>\r\n\t\t\t\t\t<div class=\"kwayy-blogbox-desc\">[vc_row][vc_co...<div class=\"kwayy-post-readmore\"><a href=\"https:\/\/clinicamedicadoporto.pt\/staging\/sinais-de-alerta-e-estrategias-para-cuidar-da-saude-mental\/\">Read More<i class=\"kwicon-fa-angle-right\"><\/i><\/a><\/div><\/div>\r\n\t\t\t\t<\/div>\r\n\t\t\t<\/div>\r\n\t\t<\/article>\r\n\t\r\n\t\t<article class=\"post-box blog-slider-box-width kwayy-blogbox-format-standard osteopatia osteopatia-pedriatrica terapias-nao-convencionais\">\r\n\t\t\t<div class=\"post-item\">\r\n\t\t\t\t<div class=\"post-item-thumbnail\">\r\n\t\t\t\t\t<div class=\"post-item-thumbnail-inner\">\r\n\t\t\t\t\t\t<div class=\"kwayy-postbox-small-date\"><div class=\"kwayy-post-box-date-wrapper\"><div class=\"kwayy-entry-date-wrapper\">\r\n\t\t\t\t\t\t\t\t<span class=\"kwayy-entry-date\">\r\n\t\t\t\t\t\t\t\t\t<time class=\"entry-date\" datetime=\"\" >\r\n\t\t\t\t\t\t\t\t\t\t<span class=\"entry-date\"><\/span> \r\n\t\t\t\t\t\t\t\t\t\t<span class=\"entry-month\"><\/span> \r\n\t\t\t\t\t\t\t\t\t\t<span class=\"entry-year\"><\/span> \r\n\t\t\t\t\t\t\t\t\t<\/time>\r\n\t\t\t\t\t\t\t\t<\/span>\r\n\t\t\t\t\t\t\t<\/div><\/div><\/div>\r\n\t\t\t\t\t\t<a class=\"tm-blog-link\" href=\"https:\/\/clinicamedicadoporto.pt\/staging\/desconfia-que-o-seu-bebe-pode-ter-sofrer-de-plagiocefalia\/\"><img loading=\"lazy\" decoding=\"async\" width=\"832\" height=\"501\" src=\"https:\/\/clinicamedicadoporto.pt\/staging\/wp-content\/uploads\/2022\/04\/plagiocefalia-torcicolo-clinica-medica-do-porto.jpg\" class=\"attachment-portfolio-fix-column size-portfolio-fix-column wp-post-image\" alt=\"Plagiocefalia no Recem Nascido\" srcset=\"https:\/\/clinicamedicadoporto.pt\/staging\/wp-content\/uploads\/2022\/04\/plagiocefalia-torcicolo-clinica-medica-do-porto.jpg 832w, https:\/\/clinicamedicadoporto.pt\/staging\/wp-content\/uploads\/2022\/04\/plagiocefalia-torcicolo-clinica-medica-do-porto-768x462.jpg 768w\" sizes=\"auto, (max-width: 832px) 100vw, 832px\" \/><\/a>\r\n\t\t\t\t\t<\/div>\r\n\t\t\t\t\t<div class=\"overthumb\"><\/div>\r\n\t\t\t\t\t\r\n\t\t\t\t<\/div>\r\n\t\t\t\t<div class=\"item-content\">\r\n\t\t\t\t\t<h4><a href=\"https:\/\/clinicamedicadoporto.pt\/staging\/desconfia-que-o-seu-bebe-pode-ter-sofrer-de-plagiocefalia\/\">VLOG: Desconfia que o seu Beb\u00e9 pode Sofrer de Plagiocefalia?<\/a><\/h4>\r\n\t\t\t\t\t<div class=\"kwayy-meta-details\"><div class=\"kwayy-post-user\"><span class=\"author vcard\"><i class=\"kwicon-fa-user\"><\/i> <a class=\"url fn n\" href=\"https:\/\/clinicamedicadoporto.pt\/staging\/author\/m-reis-cmp\/\" title=\"View all posts by \" rel=\"author\"><\/a><\/span><\/div><span class=\"tags-links\"><i class=\"kwicon-fa-tags\"><\/i> <a href=\"https:\/\/clinicamedicadoporto.pt\/staging\/tag\/clinicamedicadoporto\/\" rel=\"tag\">#clinicamedicadoporto<\/a>, <a href=\"https:\/\/clinicamedicadoporto.pt\/staging\/tag\/porto\/\" rel=\"tag\">#porto<\/a>, <a href=\"https:\/\/clinicamedicadoporto.pt\/staging\/tag\/todasasterapias\/\" rel=\"tag\">#todasasterapias<\/a>, <a href=\"https:\/\/clinicamedicadoporto.pt\/staging\/tag\/clinica\/\" rel=\"tag\">clinica<\/a>, <a href=\"https:\/\/clinicamedicadoporto.pt\/staging\/tag\/clinica-medica-do-porto\/\" rel=\"tag\">Clinica M\u00e9dica do Porto<\/a>, <a href=\"https:\/\/clinicamedicadoporto.pt\/staging\/tag\/clinica-porto\/\" rel=\"tag\">Clinica Porto<\/a>, <a href=\"https:\/\/clinicamedicadoporto.pt\/staging\/tag\/como-devo-posicionar-o-recem-nascido\/\" rel=\"tag\">Como devo Posicionar o Rec\u00e9m Nascido<\/a>, <a href=\"https:\/\/clinicamedicadoporto.pt\/staging\/tag\/consulta\/\" rel=\"tag\">Consulta<\/a>, <a href=\"https:\/\/clinicamedicadoporto.pt\/staging\/tag\/consulta-clinica-porto\/\" rel=\"tag\">Consulta Clinica Porto<\/a>, <a href=\"https:\/\/clinicamedicadoporto.pt\/staging\/tag\/consulta-de-osteopatia-para-bebe\/\" rel=\"tag\">Consulta de Osteopatia para Beb\u00e9<\/a>, <a href=\"https:\/\/clinicamedicadoporto.pt\/staging\/tag\/consulta-medica\/\" rel=\"tag\">Consulta M\u00e9dica<\/a>, <a href=\"https:\/\/clinicamedicadoporto.pt\/staging\/tag\/consulta-para-tratar-plagiocefalia-no-recem-nascido\/\" rel=\"tag\">Consulta para Tratar Plagiocefalia no Rec\u00e9m Nascido<\/a>, <a href=\"https:\/\/clinicamedicadoporto.pt\/staging\/tag\/medicina-alternativa\/\" rel=\"tag\">medicina alternativa<\/a>, <a href=\"https:\/\/clinicamedicadoporto.pt\/staging\/tag\/o-que-e-tummy-time\/\" rel=\"tag\">O que \u00e9 Tummy Time<\/a>, <a href=\"https:\/\/clinicamedicadoporto.pt\/staging\/tag\/o-tummy-time-faz-bem\/\" rel=\"tag\">O Tummy Time Faz Bem<\/a>, <a href=\"https:\/\/clinicamedicadoporto.pt\/staging\/tag\/plagiocefalia\/\" rel=\"tag\">plagiocefalia<\/a>, <a href=\"https:\/\/clinicamedicadoporto.pt\/staging\/tag\/resolver-torcicolo-do-recem-nascido\/\" rel=\"tag\">Resolver Torcicolo do Rec\u00e9m Nascido<\/a>, <a href=\"https:\/\/clinicamedicadoporto.pt\/staging\/tag\/terapia\/\" rel=\"tag\">Terapia<\/a>, <a href=\"https:\/\/clinicamedicadoporto.pt\/staging\/tag\/terapias\/\" rel=\"tag\">Terapias<\/a>, <a href=\"https:\/\/clinicamedicadoporto.pt\/staging\/tag\/terapias-nao-convencionais\/\" rel=\"tag\">terapias n\u00e3o convencionais<\/a>, <a href=\"https:\/\/clinicamedicadoporto.pt\/staging\/tag\/todas-as-terapias\/\" rel=\"tag\">Todas as Terapias<\/a>, <a href=\"https:\/\/clinicamedicadoporto.pt\/staging\/tag\/torcicolo-congenito\/\" rel=\"tag\">torcicolo cong\u00e9nito<\/a>, <a href=\"https:\/\/clinicamedicadoporto.pt\/staging\/tag\/torcicolos-no-recem-nascido\/\" rel=\"tag\">torcicolos no recem nascido<\/a><\/span><span class=\"categories-links\"><i class=\"kwicon-fa-folder-open\"><\/i> <a href=\"https:\/\/clinicamedicadoporto.pt\/staging\/category\/terapias-nao-convencionais\/osteopatia\/\" rel=\"category tag\">Osteopatia<\/a>, <a href=\"https:\/\/clinicamedicadoporto.pt\/staging\/category\/terapias-nao-convencionais\/osteopatia\/osteopatia-pedriatrica\/\" rel=\"category tag\">Osteopatia Pedri\u00e1trica<\/a>, <a href=\"https:\/\/clinicamedicadoporto.pt\/staging\/category\/terapias-nao-convencionais\/\" rel=\"category tag\">Terapias N\u00e3o Convencionais<\/a><\/span><\/div>\r\n\t\t\t\t\t<div class=\"kwayy-blogbox-desc\">[vc_row][vc_co...<div class=\"kwayy-post-readmore\"><a href=\"https:\/\/clinicamedicadoporto.pt\/staging\/desconfia-que-o-seu-bebe-pode-ter-sofrer-de-plagiocefalia\/\">Read More<i class=\"kwicon-fa-angle-right\"><\/i><\/a><\/div><\/div>\r\n\t\t\t\t<\/div>\r\n\t\t\t<\/div>\r\n\t\t<\/article>\r\n\t\r\n\t\t<article class=\"post-box blog-slider-box-width kwayy-blogbox-format-standard conselhos-uteis cuidados-de-saude especialidades-tecnicas fisioterapia-uro-ginecologica\">\r\n\t\t\t<div class=\"post-item\">\r\n\t\t\t\t<div class=\"post-item-thumbnail\">\r\n\t\t\t\t\t<div class=\"post-item-thumbnail-inner\">\r\n\t\t\t\t\t\t<div class=\"kwayy-postbox-small-date\"><div class=\"kwayy-post-box-date-wrapper\"><div class=\"kwayy-entry-date-wrapper\">\r\n\t\t\t\t\t\t\t\t<span class=\"kwayy-entry-date\">\r\n\t\t\t\t\t\t\t\t\t<time class=\"entry-date\" datetime=\"\" >\r\n\t\t\t\t\t\t\t\t\t\t<span class=\"entry-date\"><\/span> \r\n\t\t\t\t\t\t\t\t\t\t<span class=\"entry-month\"><\/span> \r\n\t\t\t\t\t\t\t\t\t\t<span class=\"entry-year\"><\/span> \r\n\t\t\t\t\t\t\t\t\t<\/time>\r\n\t\t\t\t\t\t\t\t<\/span>\r\n\t\t\t\t\t\t\t<\/div><\/div><\/div>\r\n\t\t\t\t\t\t<a class=\"tm-blog-link\" href=\"https:\/\/clinicamedicadoporto.pt\/staging\/incontinencia-urinaria-e-perdas-de-urina-causas-sintomas-tratamento-e-prevencao\/\"><img loading=\"lazy\" decoding=\"async\" width=\"832\" height=\"468\" src=\"https:\/\/clinicamedicadoporto.pt\/staging\/wp-content\/uploads\/2022\/03\/incontinencia-urinaria-perda-urina-clinica-medica-porto.jpg\" class=\"attachment-portfolio-fix-column size-portfolio-fix-column wp-post-image\" alt=\"Imagem Incontin\u00eancia Urin\u00e1ria e Perdas de Urina Cl\u00ednica M\u00e9dica do Porto\" srcset=\"https:\/\/clinicamedicadoporto.pt\/staging\/wp-content\/uploads\/2022\/03\/incontinencia-urinaria-perda-urina-clinica-medica-porto.jpg 832w, https:\/\/clinicamedicadoporto.pt\/staging\/wp-content\/uploads\/2022\/03\/incontinencia-urinaria-perda-urina-clinica-medica-porto-768x432.jpg 768w, https:\/\/clinicamedicadoporto.pt\/staging\/wp-content\/uploads\/2022\/03\/incontinencia-urinaria-perda-urina-clinica-medica-porto-727x409.jpg 727w, https:\/\/clinicamedicadoporto.pt\/staging\/wp-content\/uploads\/2022\/03\/incontinencia-urinaria-perda-urina-clinica-medica-porto-720x406.jpg 720w, https:\/\/clinicamedicadoporto.pt\/staging\/wp-content\/uploads\/2022\/03\/incontinencia-urinaria-perda-urina-clinica-medica-porto-750x422.jpg 750w\" sizes=\"auto, (max-width: 832px) 100vw, 832px\" \/><\/a>\r\n\t\t\t\t\t<\/div>\r\n\t\t\t\t\t<div class=\"overthumb\"><\/div>\r\n\t\t\t\t\t\r\n\t\t\t\t<\/div>\r\n\t\t\t\t<div class=\"item-content\">\r\n\t\t\t\t\t<h4><a href=\"https:\/\/clinicamedicadoporto.pt\/staging\/incontinencia-urinaria-e-perdas-de-urina-causas-sintomas-tratamento-e-prevencao\/\">Incontin\u00eancia Urin\u00e1ria e Perdas de Urina: Causas, Sintomas, Tratamento e Preven\u00e7\u00e3o<\/a><\/h4>\r\n\t\t\t\t\t<div class=\"kwayy-meta-details\"><div class=\"kwayy-post-user\"><span class=\"author vcard\"><i class=\"kwicon-fa-user\"><\/i> <a class=\"url fn n\" href=\"https:\/\/clinicamedicadoporto.pt\/staging\/author\/m-reis-cmp\/\" title=\"View all posts by \" rel=\"author\"><\/a><\/span><\/div><span class=\"tags-links\"><i class=\"kwicon-fa-tags\"><\/i> <a href=\"https:\/\/clinicamedicadoporto.pt\/staging\/tag\/clinicamedicadoporto\/\" rel=\"tag\">#clinicamedicadoporto<\/a>, <a href=\"https:\/\/clinicamedicadoporto.pt\/staging\/tag\/porto\/\" rel=\"tag\">#porto<\/a>, <a href=\"https:\/\/clinicamedicadoporto.pt\/staging\/tag\/todasasterapias\/\" rel=\"tag\">#todasasterapias<\/a>, <a href=\"https:\/\/clinicamedicadoporto.pt\/staging\/tag\/bexiga-hiperactiva\/\" rel=\"tag\">bexiga hiperactiva<\/a>, <a href=\"https:\/\/clinicamedicadoporto.pt\/staging\/tag\/clinica\/\" rel=\"tag\">clinica<\/a>, <a href=\"https:\/\/clinicamedicadoporto.pt\/staging\/tag\/clinica-medica-do-porto\/\" rel=\"tag\">Clinica M\u00e9dica do Porto<\/a>, <a href=\"https:\/\/clinicamedicadoporto.pt\/staging\/tag\/clinica-porto\/\" rel=\"tag\">Clinica Porto<\/a>, <a href=\"https:\/\/clinicamedicadoporto.pt\/staging\/tag\/como-tratar-perdas-de-urina\/\" rel=\"tag\">como tratar perdas de urina<\/a>, <a href=\"https:\/\/clinicamedicadoporto.pt\/staging\/tag\/consulta\/\" rel=\"tag\">Consulta<\/a>, <a href=\"https:\/\/clinicamedicadoporto.pt\/staging\/tag\/consulta-clinica-porto\/\" rel=\"tag\">Consulta Clinica Porto<\/a>, <a href=\"https:\/\/clinicamedicadoporto.pt\/staging\/tag\/consulta-medica\/\" rel=\"tag\">Consulta M\u00e9dica<\/a>, <a href=\"https:\/\/clinicamedicadoporto.pt\/staging\/tag\/fisioterapia-para-incontinencia-urinaria\/\" rel=\"tag\">Fisioterapia para Incontin\u00eancia Urin\u00e1ria<\/a>, <a href=\"https:\/\/clinicamedicadoporto.pt\/staging\/tag\/incontinencia-fecal\/\" rel=\"tag\">incontinencia fecal<\/a>, <a href=\"https:\/\/clinicamedicadoporto.pt\/staging\/tag\/incontinencia-urinaria\/\" rel=\"tag\">Incontin\u00eancia urin\u00e1ria<\/a>, <a href=\"https:\/\/clinicamedicadoporto.pt\/staging\/tag\/incontinencia-urinaria-causas\/\" rel=\"tag\">incontinencia urin\u00e1ria causas<\/a>, <a href=\"https:\/\/clinicamedicadoporto.pt\/staging\/tag\/incontinencia-urinaria-cirurgia\/\" rel=\"tag\">incontinencia urin\u00e1ria cirurgia<\/a>, <a href=\"https:\/\/clinicamedicadoporto.pt\/staging\/tag\/incontinencia-urinaria-como-se-cura\/\" rel=\"tag\">incontinencia urin\u00e1ria como se cura<\/a>, <a href=\"https:\/\/clinicamedicadoporto.pt\/staging\/tag\/incontinencia-urinaria-de-esforco\/\" rel=\"tag\">incontin\u00eancia urin\u00e1ria de esfor\u00e7o<\/a>, <a href=\"https:\/\/clinicamedicadoporto.pt\/staging\/tag\/incontinencia-urinaria-de-urgencia\/\" rel=\"tag\">incontinencia urin\u00e1ria de urg\u00eancia<\/a>, <a href=\"https:\/\/clinicamedicadoporto.pt\/staging\/tag\/incontinencia-urinaria-em-homens\/\" rel=\"tag\">incontin\u00eancia urin\u00e1ria em homens<\/a>, <a href=\"https:\/\/clinicamedicadoporto.pt\/staging\/tag\/incontinencia-urinaria-em-homens-tratamento-natural\/\" rel=\"tag\">incontin\u00eancia urin\u00e1ria em homens tratamento natural<\/a>, <a href=\"https:\/\/clinicamedicadoporto.pt\/staging\/tag\/incontinencia-urinaria-tratamento\/\" rel=\"tag\">incontinencia urin\u00e1ria tratamento<\/a>, <a href=\"https:\/\/clinicamedicadoporto.pt\/staging\/tag\/incontinencia-urinaria-tratamento-farmacologico\/\" rel=\"tag\">incontinencia urin\u00e1ria tratamento farmacologico<\/a>, <a href=\"https:\/\/clinicamedicadoporto.pt\/staging\/tag\/incontinencia-urinaria-tratamento-fisioterapeutico\/\" rel=\"tag\">incontinencia urin\u00e1ria tratamento fisioterapeutico<\/a>, <a href=\"https:\/\/clinicamedicadoporto.pt\/staging\/tag\/incontinencia-urinaria-tratamento-natural\/\" rel=\"tag\">incontinencia urin\u00e1ria tratamento natural<\/a>, <a href=\"https:\/\/clinicamedicadoporto.pt\/staging\/tag\/medicina-alternativa\/\" rel=\"tag\">medicina alternativa<\/a>, <a href=\"https:\/\/clinicamedicadoporto.pt\/staging\/tag\/o-que-e-a-incontinencia-urinaria\/\" rel=\"tag\">o que \u00e9 a incontin\u00eancia urin\u00e1ria<\/a>, <a href=\"https:\/\/clinicamedicadoporto.pt\/staging\/tag\/pequenas-perdas-de-urina\/\" rel=\"tag\">pequenas perdas de urina<\/a>, <a href=\"https:\/\/clinicamedicadoporto.pt\/staging\/tag\/perda-de-urina\/\" rel=\"tag\">perda de urina<\/a>, <a href=\"https:\/\/clinicamedicadoporto.pt\/staging\/tag\/perda-de-urina-ao-tossir\/\" rel=\"tag\">perda de urina ao tossir<\/a>, <a href=\"https:\/\/clinicamedicadoporto.pt\/staging\/tag\/perda-de-urina-na-gravidez\/\" rel=\"tag\">perda de urina na gravidez<\/a>, <a href=\"https:\/\/clinicamedicadoporto.pt\/staging\/tag\/terapia\/\" rel=\"tag\">Terapia<\/a>, <a href=\"https:\/\/clinicamedicadoporto.pt\/staging\/tag\/terapias\/\" rel=\"tag\">Terapias<\/a>, <a href=\"https:\/\/clinicamedicadoporto.pt\/staging\/tag\/terapias-nao-convencionais\/\" rel=\"tag\">terapias n\u00e3o convencionais<\/a>, <a href=\"https:\/\/clinicamedicadoporto.pt\/staging\/tag\/todas-as-terapias\/\" rel=\"tag\">Todas as Terapias<\/a>, <a href=\"https:\/\/clinicamedicadoporto.pt\/staging\/tag\/vontade-de-urinar-mesmo-com-a-bexiga-vazia\/\" rel=\"tag\">vontade de urinar mesmo com a bexiga vazia<\/a><\/span><span class=\"categories-links\"><i class=\"kwicon-fa-folder-open\"><\/i> <a href=\"https:\/\/clinicamedicadoporto.pt\/staging\/category\/conselhos-uteis\/\" rel=\"category tag\">Conselhos \u00dateis<\/a>, <a href=\"https:\/\/clinicamedicadoporto.pt\/staging\/category\/cuidados-de-saude\/\" rel=\"category tag\">Cuidados de Sa\u00fade<\/a>, <a href=\"https:\/\/clinicamedicadoporto.pt\/staging\/category\/especialidades-tecnicas\/\" rel=\"category tag\">Especialidades T\u00e9cnicas<\/a>, <a href=\"https:\/\/clinicamedicadoporto.pt\/staging\/category\/especialidades-tecnicas\/fisioterapia-uro-ginecologica\/\" rel=\"category tag\">Fisioterapia Uro-Ginecol\u00f3gica<\/a><\/span><\/div>\r\n\t\t\t\t\t<div class=\"kwayy-blogbox-desc\">[vc_row][vc_co...<div class=\"kwayy-post-readmore\"><a href=\"https:\/\/clinicamedicadoporto.pt\/staging\/incontinencia-urinaria-e-perdas-de-urina-causas-sintomas-tratamento-e-prevencao\/\">Read More<i class=\"kwicon-fa-angle-right\"><\/i><\/a><\/div><\/div>\r\n\t\t\t\t<\/div>\r\n\t\t\t<\/div>\r\n\t\t<\/article>\r\n\t\r\n\t\t<article class=\"post-box blog-slider-box-width kwayy-blogbox-format-standard conselhos-uteis cuidados-de-saude\">\r\n\t\t\t<div class=\"post-item\">\r\n\t\t\t\t<div class=\"post-item-thumbnail\">\r\n\t\t\t\t\t<div class=\"post-item-thumbnail-inner\">\r\n\t\t\t\t\t\t<div class=\"kwayy-postbox-small-date\"><div class=\"kwayy-post-box-date-wrapper\"><div class=\"kwayy-entry-date-wrapper\">\r\n\t\t\t\t\t\t\t\t<span class=\"kwayy-entry-date\">\r\n\t\t\t\t\t\t\t\t\t<time class=\"entry-date\" datetime=\"\" >\r\n\t\t\t\t\t\t\t\t\t\t<span class=\"entry-date\"><\/span> \r\n\t\t\t\t\t\t\t\t\t\t<span class=\"entry-month\"><\/span> \r\n\t\t\t\t\t\t\t\t\t\t<span class=\"entry-year\"><\/span> \r\n\t\t\t\t\t\t\t\t\t<\/time>\r\n\t\t\t\t\t\t\t\t<\/span>\r\n\t\t\t\t\t\t\t<\/div><\/div><\/div>\r\n\t\t\t\t\t\t<a class=\"tm-blog-link\" href=\"https:\/\/clinicamedicadoporto.pt\/staging\/gripe-resfriado-ou-constipacao-como-prevenir-tratar-e-remediar\/\"><img loading=\"lazy\" decoding=\"async\" width=\"832\" height=\"468\" src=\"https:\/\/clinicamedicadoporto.pt\/staging\/wp-content\/uploads\/2022\/02\/diferencas-entre-gripe-constipacao-resfriado-clinica-medica-do-porto-foto-1.jpg\" class=\"attachment-portfolio-fix-column size-portfolio-fix-column wp-post-image\" alt=\"Conhecer as Diferen\u00e7as entre Uma Gripe e uma Constipa\u00e7\u00e3o\" srcset=\"https:\/\/clinicamedicadoporto.pt\/staging\/wp-content\/uploads\/2022\/02\/diferencas-entre-gripe-constipacao-resfriado-clinica-medica-do-porto-foto-1.jpg 832w, https:\/\/clinicamedicadoporto.pt\/staging\/wp-content\/uploads\/2022\/02\/diferencas-entre-gripe-constipacao-resfriado-clinica-medica-do-porto-foto-1-768x432.jpg 768w, https:\/\/clinicamedicadoporto.pt\/staging\/wp-content\/uploads\/2022\/02\/diferencas-entre-gripe-constipacao-resfriado-clinica-medica-do-porto-foto-1-727x409.jpg 727w, https:\/\/clinicamedicadoporto.pt\/staging\/wp-content\/uploads\/2022\/02\/diferencas-entre-gripe-constipacao-resfriado-clinica-medica-do-porto-foto-1-720x406.jpg 720w, https:\/\/clinicamedicadoporto.pt\/staging\/wp-content\/uploads\/2022\/02\/diferencas-entre-gripe-constipacao-resfriado-clinica-medica-do-porto-foto-1-750x422.jpg 750w\" sizes=\"auto, (max-width: 832px) 100vw, 832px\" \/><\/a>\r\n\t\t\t\t\t<\/div>\r\n\t\t\t\t\t<div class=\"overthumb\"><\/div>\r\n\t\t\t\t\t\r\n\t\t\t\t<\/div>\r\n\t\t\t\t<div class=\"item-content\">\r\n\t\t\t\t\t<h4><a href=\"https:\/\/clinicamedicadoporto.pt\/staging\/gripe-resfriado-ou-constipacao-como-prevenir-tratar-e-remediar\/\">Gripe Resfriado ou Constipa\u00e7\u00e3o: Como Prevenir, Tratar e Remediar!<\/a><\/h4>\r\n\t\t\t\t\t<div class=\"kwayy-meta-details\"><div class=\"kwayy-post-user\"><span class=\"author vcard\"><i class=\"kwicon-fa-user\"><\/i> <a class=\"url fn n\" href=\"https:\/\/clinicamedicadoporto.pt\/staging\/author\/m-reis-cmp\/\" title=\"View all posts by \" rel=\"author\"><\/a><\/span><\/div><span class=\"tags-links\"><i class=\"kwicon-fa-tags\"><\/i> <a href=\"https:\/\/clinicamedicadoporto.pt\/staging\/tag\/clinicamedicadoporto\/\" rel=\"tag\">#clinicamedicadoporto<\/a>, <a href=\"https:\/\/clinicamedicadoporto.pt\/staging\/tag\/porto\/\" rel=\"tag\">#porto<\/a>, <a href=\"https:\/\/clinicamedicadoporto.pt\/staging\/tag\/todasasterapias\/\" rel=\"tag\">#todasasterapias<\/a>, <a href=\"https:\/\/clinicamedicadoporto.pt\/staging\/tag\/clinica\/\" rel=\"tag\">clinica<\/a>, <a href=\"https:\/\/clinicamedicadoporto.pt\/staging\/tag\/clinica-medica-do-porto\/\" rel=\"tag\">Clinica M\u00e9dica do Porto<\/a>, <a href=\"https:\/\/clinicamedicadoporto.pt\/staging\/tag\/clinica-porto\/\" rel=\"tag\">Clinica Porto<\/a>, <a href=\"https:\/\/clinicamedicadoporto.pt\/staging\/tag\/como-prevenir-um-resfriado\/\" rel=\"tag\">como prevenir um resfriado<\/a>, <a href=\"https:\/\/clinicamedicadoporto.pt\/staging\/tag\/como-prevenir-uma-gripe\/\" rel=\"tag\">como prevenir uma gripe<\/a>, <a href=\"https:\/\/clinicamedicadoporto.pt\/staging\/tag\/como-tratar-um-resfriado\/\" rel=\"tag\">como tratar um resfriado<\/a>, <a href=\"https:\/\/clinicamedicadoporto.pt\/staging\/tag\/como-tratar-uma-constipacao\/\" rel=\"tag\">como tratar uma constipa\u00e7\u00e3o<\/a>, <a href=\"https:\/\/clinicamedicadoporto.pt\/staging\/tag\/como-tratar-uma-gripe\/\" rel=\"tag\">como tratar uma gripe<\/a>, <a href=\"https:\/\/clinicamedicadoporto.pt\/staging\/tag\/consulta\/\" rel=\"tag\">Consulta<\/a>, <a href=\"https:\/\/clinicamedicadoporto.pt\/staging\/tag\/consulta-clinica-porto\/\" rel=\"tag\">Consulta Clinica Porto<\/a>, <a href=\"https:\/\/clinicamedicadoporto.pt\/staging\/tag\/consulta-medica\/\" rel=\"tag\">Consulta M\u00e9dica<\/a>, <a href=\"https:\/\/clinicamedicadoporto.pt\/staging\/tag\/diferenca-entre-gripe-constipacao-e-resfriado\/\" rel=\"tag\">diferen\u00e7a entre gripe constipa\u00e7\u00e3o e resfriado<\/a>, <a href=\"https:\/\/clinicamedicadoporto.pt\/staging\/tag\/diferenca-entre-gripe-e-constipacao\/\" rel=\"tag\">diferen\u00e7a entre gripe e constipa\u00e7\u00e3o<\/a>, <a href=\"https:\/\/clinicamedicadoporto.pt\/staging\/tag\/gripe-e-sintomas\/\" rel=\"tag\">gripe e sintomas<\/a>, <a href=\"https:\/\/clinicamedicadoporto.pt\/staging\/tag\/gripe-ou-covid\/\" rel=\"tag\">gripe ou covid<\/a>, <a href=\"https:\/\/clinicamedicadoporto.pt\/staging\/tag\/inicio-de-constipacao\/\" rel=\"tag\">in\u00edcio de constipa\u00e7\u00e3o<\/a>, <a href=\"https:\/\/clinicamedicadoporto.pt\/staging\/tag\/inicio-de-gripe\/\" rel=\"tag\">in\u00edcio de gripe<\/a>, <a href=\"https:\/\/clinicamedicadoporto.pt\/staging\/tag\/medicina-alternativa\/\" rel=\"tag\">medicina alternativa<\/a>, <a href=\"https:\/\/clinicamedicadoporto.pt\/staging\/tag\/resfriado-e-contagioso\/\" rel=\"tag\">resfriado \u00e9 contagioso<\/a>, <a href=\"https:\/\/clinicamedicadoporto.pt\/staging\/tag\/sintomas-comuns-das-gripes-e-constipacoes\/\" rel=\"tag\">sintomas comuns das gripes e constipa\u00e7\u00f5es<\/a>, <a href=\"https:\/\/clinicamedicadoporto.pt\/staging\/tag\/sintomas-da-constipacao\/\" rel=\"tag\">sintomas da constipa\u00e7\u00e3o<\/a>, <a href=\"https:\/\/clinicamedicadoporto.pt\/staging\/tag\/sintomas-do-resfriado\/\" rel=\"tag\">sintomas do resfriado<\/a>, <a href=\"https:\/\/clinicamedicadoporto.pt\/staging\/tag\/terapia\/\" rel=\"tag\">Terapia<\/a>, <a href=\"https:\/\/clinicamedicadoporto.pt\/staging\/tag\/terapias\/\" rel=\"tag\">Terapias<\/a>, <a href=\"https:\/\/clinicamedicadoporto.pt\/staging\/tag\/terapias-nao-convencionais\/\" rel=\"tag\">terapias n\u00e3o convencionais<\/a>, <a href=\"https:\/\/clinicamedicadoporto.pt\/staging\/tag\/todas-as-terapias\/\" rel=\"tag\">Todas as Terapias<\/a>, <a href=\"https:\/\/clinicamedicadoporto.pt\/staging\/tag\/tratar-a-constipacao\/\" rel=\"tag\">tratar a constipa\u00e7\u00e3o<\/a>, <a href=\"https:\/\/clinicamedicadoporto.pt\/staging\/tag\/tratar-a-gripe-sem-recorrer-a-medicamentos\/\" rel=\"tag\">tratar a gripe sem recorrer a medicamentos<\/a>, <a href=\"https:\/\/clinicamedicadoporto.pt\/staging\/tag\/tratar-uma-gripe\/\" rel=\"tag\">tratar uma gripe<\/a>, <a href=\"https:\/\/clinicamedicadoporto.pt\/staging\/tag\/virus-da-gripe\/\" rel=\"tag\">virus da gripe<\/a>, <a href=\"https:\/\/clinicamedicadoporto.pt\/staging\/tag\/virus-das-constipacoes\/\" rel=\"tag\">v\u00edrus das constipa\u00e7\u00f5es<\/a><\/span><span class=\"categories-links\"><i class=\"kwicon-fa-folder-open\"><\/i> <a href=\"https:\/\/clinicamedicadoporto.pt\/staging\/category\/conselhos-uteis\/\" rel=\"category tag\">Conselhos \u00dateis<\/a>, <a href=\"https:\/\/clinicamedicadoporto.pt\/staging\/category\/cuidados-de-saude\/\" rel=\"category tag\">Cuidados de Sa\u00fade<\/a><\/span><\/div>\r\n\t\t\t\t\t<div class=\"kwayy-blogbox-desc\">[vc_row][vc_co...<div class=\"kwayy-post-readmore\"><a href=\"https:\/\/clinicamedicadoporto.pt\/staging\/gripe-resfriado-ou-constipacao-como-prevenir-tratar-e-remediar\/\">Read More<i class=\"kwicon-fa-angle-right\"><\/i><\/a><\/div><\/div>\r\n\t\t\t\t<\/div>\r\n\t\t\t<\/div>\r\n\t\t<\/article>\r\n\t\r\n\t\t<article class=\"post-box blog-slider-box-width kwayy-blogbox-format-standard conselhos-uteis cuidados-de-saude nutricao-e-dietetica reflecoes\">\r\n\t\t\t<div class=\"post-item\">\r\n\t\t\t\t<div class=\"post-item-thumbnail\">\r\n\t\t\t\t\t<div class=\"post-item-thumbnail-inner\">\r\n\t\t\t\t\t\t<div class=\"kwayy-postbox-small-date\"><div class=\"kwayy-post-box-date-wrapper\"><div class=\"kwayy-entry-date-wrapper\">\r\n\t\t\t\t\t\t\t\t<span class=\"kwayy-entry-date\">\r\n\t\t\t\t\t\t\t\t\t<time class=\"entry-date\" datetime=\"\" >\r\n\t\t\t\t\t\t\t\t\t\t<span class=\"entry-date\"><\/span> \r\n\t\t\t\t\t\t\t\t\t\t<span class=\"entry-month\"><\/span> \r\n\t\t\t\t\t\t\t\t\t\t<span class=\"entry-year\"><\/span> \r\n\t\t\t\t\t\t\t\t\t<\/time>\r\n\t\t\t\t\t\t\t\t<\/span>\r\n\t\t\t\t\t\t\t<\/div><\/div><\/div>\r\n\t\t\t\t\t\t<a class=\"tm-blog-link\" href=\"https:\/\/clinicamedicadoporto.pt\/staging\/novo-ano-sem-velhos-habitos-6-orientacoes-para-os-seus-objetivos-de-saude\/\"><img decoding=\"async\" src=\"https:\/\/clinicamedicadoporto.pt\/staging\/wp-content\/uploads\/2022\/01\/Habitos-Saudaveis-de-Saude-Clinica-Medica-Porto-Foto-1.jpg\" class=\"attachment-portfolio-fix-column size-portfolio-fix-column wp-post-image\" alt=\"Habitos-Saudaveis-de-Saude-Clinica-Medica-Porto-Foto-1\" \/><\/a>\r\n\t\t\t\t\t<\/div>\r\n\t\t\t\t\t<div class=\"overthumb\"><\/div>\r\n\t\t\t\t\t\r\n\t\t\t\t<\/div>\r\n\t\t\t\t<div class=\"item-content\">\r\n\t\t\t\t\t<h4><a href=\"https:\/\/clinicamedicadoporto.pt\/staging\/novo-ano-sem-velhos-habitos-6-orientacoes-para-os-seus-objetivos-de-saude\/\">Novo Ano (sem) Velhos H\u00e1bitos: 6 Orienta\u00e7\u00f5es para os Seus Objetivos de Sa\u00fade<\/a><\/h4>\r\n\t\t\t\t\t<div class=\"kwayy-meta-details\"><div class=\"kwayy-post-user\"><span class=\"author vcard\"><i class=\"kwicon-fa-user\"><\/i> <a class=\"url fn n\" href=\"https:\/\/clinicamedicadoporto.pt\/staging\/author\/m-reis-cmp\/\" title=\"View all posts by \" rel=\"author\"><\/a><\/span><\/div><span class=\"tags-links\"><i class=\"kwicon-fa-tags\"><\/i> <a href=\"https:\/\/clinicamedicadoporto.pt\/staging\/tag\/clinicamedicadoporto\/\" rel=\"tag\">#clinicamedicadoporto<\/a>, <a href=\"https:\/\/clinicamedicadoporto.pt\/staging\/tag\/porto\/\" rel=\"tag\">#porto<\/a>, <a href=\"https:\/\/clinicamedicadoporto.pt\/staging\/tag\/todasasterapias\/\" rel=\"tag\">#todasasterapias<\/a>, <a href=\"https:\/\/clinicamedicadoporto.pt\/staging\/tag\/clinica\/\" rel=\"tag\">clinica<\/a>, <a href=\"https:\/\/clinicamedicadoporto.pt\/staging\/tag\/clinica-medica-do-porto\/\" rel=\"tag\">Clinica M\u00e9dica do Porto<\/a>, <a href=\"https:\/\/clinicamedicadoporto.pt\/staging\/tag\/clinica-porto\/\" rel=\"tag\">Clinica Porto<\/a>, <a href=\"https:\/\/clinicamedicadoporto.pt\/staging\/tag\/consulta\/\" rel=\"tag\">Consulta<\/a>, <a href=\"https:\/\/clinicamedicadoporto.pt\/staging\/tag\/consulta-clinica-porto\/\" rel=\"tag\">Consulta Clinica Porto<\/a>, <a href=\"https:\/\/clinicamedicadoporto.pt\/staging\/tag\/consulta-medica\/\" rel=\"tag\">Consulta M\u00e9dica<\/a>, <a href=\"https:\/\/clinicamedicadoporto.pt\/staging\/tag\/criar-novos-habitos\/\" rel=\"tag\">criar novos habitos<\/a>, <a href=\"https:\/\/clinicamedicadoporto.pt\/staging\/tag\/deixar-de-fumar\/\" rel=\"tag\">deixar de fumar<\/a>, <a href=\"https:\/\/clinicamedicadoporto.pt\/staging\/tag\/habitos\/\" rel=\"tag\">habitos<\/a>, <a href=\"https:\/\/clinicamedicadoporto.pt\/staging\/tag\/habitos-de-saude\/\" rel=\"tag\">h\u00e1bitos de sa\u00fade<\/a>, <a href=\"https:\/\/clinicamedicadoporto.pt\/staging\/tag\/medicina-alternativa\/\" rel=\"tag\">medicina alternativa<\/a>, <a href=\"https:\/\/clinicamedicadoporto.pt\/staging\/tag\/melhorar-a-vida-atraves-da-saude\/\" rel=\"tag\">melhorar a vida atrav\u00e9s da sa\u00fade<\/a>, <a href=\"https:\/\/clinicamedicadoporto.pt\/staging\/tag\/melhorar-habitos-de-alimentacao\/\" rel=\"tag\">melhorar h\u00e1bitos de alimenta\u00e7\u00e3o<\/a>, <a href=\"https:\/\/clinicamedicadoporto.pt\/staging\/tag\/melhores-habitos-de-vida\/\" rel=\"tag\">melhores habitos de vida<\/a>, <a href=\"https:\/\/clinicamedicadoporto.pt\/staging\/tag\/perder-maus-habitos\/\" rel=\"tag\">perder maus habitos<\/a>, <a href=\"https:\/\/clinicamedicadoporto.pt\/staging\/tag\/perder-peso\/\" rel=\"tag\">perder peso<\/a>, <a href=\"https:\/\/clinicamedicadoporto.pt\/staging\/tag\/regime-de-exercicio-fisico\/\" rel=\"tag\">regime de exerc\u00edcio fisico<\/a>, <a href=\"https:\/\/clinicamedicadoporto.pt\/staging\/tag\/terapia\/\" rel=\"tag\">Terapia<\/a>, <a href=\"https:\/\/clinicamedicadoporto.pt\/staging\/tag\/terapias\/\" rel=\"tag\">Terapias<\/a>, <a href=\"https:\/\/clinicamedicadoporto.pt\/staging\/tag\/terapias-nao-convencionais\/\" rel=\"tag\">terapias n\u00e3o convencionais<\/a>, <a href=\"https:\/\/clinicamedicadoporto.pt\/staging\/tag\/todas-as-terapias\/\" rel=\"tag\">Todas as Terapias<\/a><\/span><span class=\"categories-links\"><i class=\"kwicon-fa-folder-open\"><\/i> <a href=\"https:\/\/clinicamedicadoporto.pt\/staging\/category\/conselhos-uteis\/\" rel=\"category tag\">Conselhos \u00dateis<\/a>, <a href=\"https:\/\/clinicamedicadoporto.pt\/staging\/category\/cuidados-de-saude\/\" rel=\"category tag\">Cuidados de Sa\u00fade<\/a>, <a href=\"https:\/\/clinicamedicadoporto.pt\/staging\/category\/nutricao-e-dietetica\/\" rel=\"category tag\">Nutri\u00e7\u00e3o e Diet\u00e9tica<\/a>, <a href=\"https:\/\/clinicamedicadoporto.pt\/staging\/category\/reflecoes\/\" rel=\"category tag\">Reflex\u00f5es<\/a><\/span><\/div>\r\n\t\t\t\t\t<div class=\"kwayy-blogbox-desc\">[vc_row][vc_co...<div class=\"kwayy-post-readmore\"><a href=\"https:\/\/clinicamedicadoporto.pt\/staging\/novo-ano-sem-velhos-habitos-6-orientacoes-para-os-seus-objetivos-de-saude\/\">Read More<i class=\"kwicon-fa-angle-right\"><\/i><\/a><\/div><\/div>\r\n\t\t\t\t<\/div>\r\n\t\t\t<\/div>\r\n\t\t<\/article>\r\n\t\r\n\t\t<article class=\"post-box blog-slider-box-width kwayy-blogbox-format-standard cuidados-de-saude nutricao-e-dietetica reflecoes\">\r\n\t\t\t<div class=\"post-item\">\r\n\t\t\t\t<div class=\"post-item-thumbnail\">\r\n\t\t\t\t\t<div class=\"post-item-thumbnail-inner\">\r\n\t\t\t\t\t\t<div class=\"kwayy-postbox-small-date\"><div class=\"kwayy-post-box-date-wrapper\"><div class=\"kwayy-entry-date-wrapper\">\r\n\t\t\t\t\t\t\t\t<span class=\"kwayy-entry-date\">\r\n\t\t\t\t\t\t\t\t\t<time class=\"entry-date\" datetime=\"\" >\r\n\t\t\t\t\t\t\t\t\t\t<span class=\"entry-date\"><\/span> \r\n\t\t\t\t\t\t\t\t\t\t<span class=\"entry-month\"><\/span> \r\n\t\t\t\t\t\t\t\t\t\t<span class=\"entry-year\"><\/span> \r\n\t\t\t\t\t\t\t\t\t<\/time>\r\n\t\t\t\t\t\t\t\t<\/span>\r\n\t\t\t\t\t\t\t<\/div><\/div><\/div>\r\n\t\t\t\t\t\t<a class=\"tm-blog-link\" href=\"https:\/\/clinicamedicadoporto.pt\/staging\/viver-com-diabetes-7-estrategias-controlar-a-diabetes-e-manter-a-qualidade-de-vida\/\"><img decoding=\"async\" src=\"https:\/\/clinicamedicadoporto.pt\/staging\/wp-content\/uploads\/2021\/11\/Foto-Capa-Diabetes-Clinica-Medica-Porto-1.jpg\" class=\"attachment-portfolio-fix-column size-portfolio-fix-column wp-post-image\" alt=\"Foto-Capa-Diabetes-Clinica-Medica-Porto\" \/><\/a>\r\n\t\t\t\t\t<\/div>\r\n\t\t\t\t\t<div class=\"overthumb\"><\/div>\r\n\t\t\t\t\t\r\n\t\t\t\t<\/div>\r\n\t\t\t\t<div class=\"item-content\">\r\n\t\t\t\t\t<h4><a href=\"https:\/\/clinicamedicadoporto.pt\/staging\/viver-com-diabetes-7-estrategias-controlar-a-diabetes-e-manter-a-qualidade-de-vida\/\">Viver com Diabetes: 7 Estrat\u00e9gias Controlar a Diabetes e Manter a Qualidade de Vida<\/a><\/h4>\r\n\t\t\t\t\t<div class=\"kwayy-meta-details\"><div class=\"kwayy-post-user\"><span class=\"author vcard\"><i class=\"kwicon-fa-user\"><\/i> <a class=\"url fn n\" href=\"https:\/\/clinicamedicadoporto.pt\/staging\/author\/m-reis-cmp\/\" title=\"View all posts by \" rel=\"author\"><\/a><\/span><\/div><span class=\"tags-links\"><i class=\"kwicon-fa-tags\"><\/i> <a href=\"https:\/\/clinicamedicadoporto.pt\/staging\/tag\/clinica\/\" rel=\"tag\">clinica<\/a>, <a href=\"https:\/\/clinicamedicadoporto.pt\/staging\/tag\/clinica-medica-do-porto\/\" rel=\"tag\">Clinica M\u00e9dica do Porto<\/a>, <a href=\"https:\/\/clinicamedicadoporto.pt\/staging\/tag\/clinica-porto\/\" rel=\"tag\">Clinica Porto<\/a>, <a href=\"https:\/\/clinicamedicadoporto.pt\/staging\/tag\/consulta\/\" rel=\"tag\">Consulta<\/a>, <a href=\"https:\/\/clinicamedicadoporto.pt\/staging\/tag\/consulta-clinica-porto\/\" rel=\"tag\">Consulta Clinica Porto<\/a>, <a href=\"https:\/\/clinicamedicadoporto.pt\/staging\/tag\/consulta-medica\/\" rel=\"tag\">Consulta M\u00e9dica<\/a>, <a href=\"https:\/\/clinicamedicadoporto.pt\/staging\/tag\/diabetes\/\" rel=\"tag\">Diabetes<\/a>, <a href=\"https:\/\/clinicamedicadoporto.pt\/staging\/tag\/diabetes-gestacional\/\" rel=\"tag\">Diabetes Gestacional<\/a>, <a href=\"https:\/\/clinicamedicadoporto.pt\/staging\/tag\/diabetes-mellitus\/\" rel=\"tag\">Diabetes Mellitus<\/a>, <a href=\"https:\/\/clinicamedicadoporto.pt\/staging\/tag\/diabetes-sintomas\/\" rel=\"tag\">diabetes sintomas<\/a>, <a href=\"https:\/\/clinicamedicadoporto.pt\/staging\/tag\/diabetes-tipo-2\/\" rel=\"tag\">diabetes tipo 2<\/a>, <a href=\"https:\/\/clinicamedicadoporto.pt\/staging\/tag\/diabetes-tipo1\/\" rel=\"tag\">diabetes tipo1<\/a>, <a href=\"https:\/\/clinicamedicadoporto.pt\/staging\/tag\/glicemia-pre-prandial\/\" rel=\"tag\">glicemia pre-prandial<\/a>, <a href=\"https:\/\/clinicamedicadoporto.pt\/staging\/tag\/glucose\/\" rel=\"tag\">glucose<\/a>, <a href=\"https:\/\/clinicamedicadoporto.pt\/staging\/tag\/insulina\/\" rel=\"tag\">insulina<\/a>, <a href=\"https:\/\/clinicamedicadoporto.pt\/staging\/tag\/medicina-alternativa\/\" rel=\"tag\">medicina alternativa<\/a>, <a href=\"https:\/\/clinicamedicadoporto.pt\/staging\/tag\/polidipsia\/\" rel=\"tag\">polidipsia<\/a>, <a href=\"https:\/\/clinicamedicadoporto.pt\/staging\/tag\/polifagia\/\" rel=\"tag\">polifagia<\/a>, <a href=\"https:\/\/clinicamedicadoporto.pt\/staging\/tag\/poliuria\/\" rel=\"tag\">poliuria<\/a>, <a href=\"https:\/\/clinicamedicadoporto.pt\/staging\/tag\/terapia\/\" rel=\"tag\">Terapia<\/a>, <a href=\"https:\/\/clinicamedicadoporto.pt\/staging\/tag\/terapias\/\" rel=\"tag\">Terapias<\/a>, <a href=\"https:\/\/clinicamedicadoporto.pt\/staging\/tag\/terapias-nao-convencionais\/\" rel=\"tag\">terapias n\u00e3o convencionais<\/a>, <a href=\"https:\/\/clinicamedicadoporto.pt\/staging\/tag\/todas-as-terapias\/\" rel=\"tag\">Todas as Terapias<\/a><\/span><span class=\"categories-links\"><i class=\"kwicon-fa-folder-open\"><\/i> <a href=\"https:\/\/clinicamedicadoporto.pt\/staging\/category\/cuidados-de-saude\/\" rel=\"category tag\">Cuidados de Sa\u00fade<\/a>, <a href=\"https:\/\/clinicamedicadoporto.pt\/staging\/category\/nutricao-e-dietetica\/\" rel=\"category tag\">Nutri\u00e7\u00e3o e Diet\u00e9tica<\/a>, <a href=\"https:\/\/clinicamedicadoporto.pt\/staging\/category\/reflecoes\/\" rel=\"category tag\">Reflex\u00f5es<\/a><\/span><\/div>\r\n\t\t\t\t\t<div class=\"kwayy-blogbox-desc\">[vc_row][vc_co...<div class=\"kwayy-post-readmore\"><a href=\"https:\/\/clinicamedicadoporto.pt\/staging\/viver-com-diabetes-7-estrategias-controlar-a-diabetes-e-manter-a-qualidade-de-vida\/\">Read More<i class=\"kwicon-fa-angle-right\"><\/i><\/a><\/div><\/div>\r\n\t\t\t\t<\/div>\r\n\t\t\t<\/div>\r\n\t\t<\/article>\r\n\t\r\n\t\t<article class=\"post-box blog-slider-box-width kwayy-blogbox-format-standard conselhos-uteis cuidados-de-saude\">\r\n\t\t\t<div class=\"post-item\">\r\n\t\t\t\t<div class=\"post-item-thumbnail\">\r\n\t\t\t\t\t<div class=\"post-item-thumbnail-inner\">\r\n\t\t\t\t\t\t<div class=\"kwayy-postbox-small-date\"><div class=\"kwayy-post-box-date-wrapper\"><div class=\"kwayy-entry-date-wrapper\">\r\n\t\t\t\t\t\t\t\t<span class=\"kwayy-entry-date\">\r\n\t\t\t\t\t\t\t\t\t<time class=\"entry-date\" datetime=\"\" >\r\n\t\t\t\t\t\t\t\t\t\t<span class=\"entry-date\"><\/span> \r\n\t\t\t\t\t\t\t\t\t\t<span class=\"entry-month\"><\/span> \r\n\t\t\t\t\t\t\t\t\t\t<span class=\"entry-year\"><\/span> \r\n\t\t\t\t\t\t\t\t\t<\/time>\r\n\t\t\t\t\t\t\t\t<\/span>\r\n\t\t\t\t\t\t\t<\/div><\/div><\/div>\r\n\t\t\t\t\t\t<a class=\"tm-blog-link\" href=\"https:\/\/clinicamedicadoporto.pt\/staging\/6-estrategias-para-lidar-com-o-cansaco-na-ressaca-de-ferias\/\"><img loading=\"lazy\" decoding=\"async\" width=\"862\" height=\"485\" src=\"https:\/\/clinicamedicadoporto.pt\/staging\/wp-content\/uploads\/2021\/09\/Cansaco-Exaustao-Burnout-Ferias-Clinica-Medica-Porto-Foto.jpg\" class=\"attachment-portfolio-fix-column size-portfolio-fix-column wp-post-image\" alt=\"Foto-Cansaco-Exaustao-Burnout-Ferias-Clinica-Medica-Porto\" srcset=\"https:\/\/clinicamedicadoporto.pt\/staging\/wp-content\/uploads\/2021\/09\/Cansaco-Exaustao-Burnout-Ferias-Clinica-Medica-Porto-Foto.jpg 862w, https:\/\/clinicamedicadoporto.pt\/staging\/wp-content\/uploads\/2021\/09\/Cansaco-Exaustao-Burnout-Ferias-Clinica-Medica-Porto-Foto-768x432.jpg 768w, https:\/\/clinicamedicadoporto.pt\/staging\/wp-content\/uploads\/2021\/09\/Cansaco-Exaustao-Burnout-Ferias-Clinica-Medica-Porto-Foto-727x409.jpg 727w, https:\/\/clinicamedicadoporto.pt\/staging\/wp-content\/uploads\/2021\/09\/Cansaco-Exaustao-Burnout-Ferias-Clinica-Medica-Porto-Foto-720x406.jpg 720w, https:\/\/clinicamedicadoporto.pt\/staging\/wp-content\/uploads\/2021\/09\/Cansaco-Exaustao-Burnout-Ferias-Clinica-Medica-Porto-Foto-750x422.jpg 750w\" sizes=\"auto, (max-width: 862px) 100vw, 862px\" \/><\/a>\r\n\t\t\t\t\t<\/div>\r\n\t\t\t\t\t<div class=\"overthumb\"><\/div>\r\n\t\t\t\t\t\r\n\t\t\t\t<\/div>\r\n\t\t\t\t<div class=\"item-content\">\r\n\t\t\t\t\t<h4><a href=\"https:\/\/clinicamedicadoporto.pt\/staging\/6-estrategias-para-lidar-com-o-cansaco-na-ressaca-de-ferias\/\">6 Estrat\u00e9gias para Lidar com o Cansa\u00e7o na Ressaca de F\u00e9rias<\/a><\/h4>\r\n\t\t\t\t\t<div class=\"kwayy-meta-details\"><div class=\"kwayy-post-user\"><span class=\"author vcard\"><i class=\"kwicon-fa-user\"><\/i> <a class=\"url fn n\" href=\"https:\/\/clinicamedicadoporto.pt\/staging\/author\/m-reis-cmp\/\" title=\"View all posts by \" rel=\"author\"><\/a><\/span><\/div><span class=\"tags-links\"><i class=\"kwicon-fa-tags\"><\/i> <a href=\"https:\/\/clinicamedicadoporto.pt\/staging\/tag\/clinicamedicadoporto\/\" rel=\"tag\">#clinicamedicadoporto<\/a>, <a href=\"https:\/\/clinicamedicadoporto.pt\/staging\/tag\/porto\/\" rel=\"tag\">#porto<\/a>, <a href=\"https:\/\/clinicamedicadoporto.pt\/staging\/tag\/todasasterapias\/\" rel=\"tag\">#todasasterapias<\/a>, <a href=\"https:\/\/clinicamedicadoporto.pt\/staging\/tag\/anedonia\/\" rel=\"tag\">anedonia<\/a>, <a href=\"https:\/\/clinicamedicadoporto.pt\/staging\/tag\/burnout\/\" rel=\"tag\">Burnout<\/a>, <a href=\"https:\/\/clinicamedicadoporto.pt\/staging\/tag\/cansaco\/\" rel=\"tag\">cansa\u00e7o<\/a>, <a href=\"https:\/\/clinicamedicadoporto.pt\/staging\/tag\/clinica\/\" rel=\"tag\">clinica<\/a>, <a href=\"https:\/\/clinicamedicadoporto.pt\/staging\/tag\/clinica-medica-do-porto\/\" rel=\"tag\">Clinica M\u00e9dica do Porto<\/a>, <a href=\"https:\/\/clinicamedicadoporto.pt\/staging\/tag\/clinica-porto\/\" rel=\"tag\">Clinica Porto<\/a>, <a href=\"https:\/\/clinicamedicadoporto.pt\/staging\/tag\/consulta\/\" rel=\"tag\">Consulta<\/a>, <a href=\"https:\/\/clinicamedicadoporto.pt\/staging\/tag\/consulta-clinica-porto\/\" rel=\"tag\">Consulta Clinica Porto<\/a>, <a href=\"https:\/\/clinicamedicadoporto.pt\/staging\/tag\/consulta-medica\/\" rel=\"tag\">Consulta M\u00e9dica<\/a>, <a href=\"https:\/\/clinicamedicadoporto.pt\/staging\/tag\/dificuldades-de-sono\/\" rel=\"tag\">dificuldades de sono<\/a>, <a href=\"https:\/\/clinicamedicadoporto.pt\/staging\/tag\/exaustao\/\" rel=\"tag\">Exaust\u00e3o<\/a>, <a href=\"https:\/\/clinicamedicadoporto.pt\/staging\/tag\/falta-de-descanso\/\" rel=\"tag\">Falta de Descanso<\/a>, <a href=\"https:\/\/clinicamedicadoporto.pt\/staging\/tag\/falta-de-energia\/\" rel=\"tag\">falta de energia<\/a>, <a href=\"https:\/\/clinicamedicadoporto.pt\/staging\/tag\/ferias\/\" rel=\"tag\">F\u00e9rias<\/a>, <a href=\"https:\/\/clinicamedicadoporto.pt\/staging\/tag\/insonia\/\" rel=\"tag\">ins\u00f3nia<\/a>, <a href=\"https:\/\/clinicamedicadoporto.pt\/staging\/tag\/medicina-alternativa\/\" rel=\"tag\">medicina alternativa<\/a>, <a href=\"https:\/\/clinicamedicadoporto.pt\/staging\/tag\/ressaca-de-fericas\/\" rel=\"tag\">Ressaca de F\u00e9ricas<\/a>, <a href=\"https:\/\/clinicamedicadoporto.pt\/staging\/tag\/terapia\/\" rel=\"tag\">Terapia<\/a>, <a href=\"https:\/\/clinicamedicadoporto.pt\/staging\/tag\/terapias\/\" rel=\"tag\">Terapias<\/a>, <a href=\"https:\/\/clinicamedicadoporto.pt\/staging\/tag\/terapias-nao-convencionais\/\" rel=\"tag\">terapias n\u00e3o convencionais<\/a>, <a href=\"https:\/\/clinicamedicadoporto.pt\/staging\/tag\/todas-as-terapias\/\" rel=\"tag\">Todas as Terapias<\/a><\/span><span class=\"categories-links\"><i class=\"kwicon-fa-folder-open\"><\/i> <a href=\"https:\/\/clinicamedicadoporto.pt\/staging\/category\/conselhos-uteis\/\" rel=\"category tag\">Conselhos \u00dateis<\/a>, <a href=\"https:\/\/clinicamedicadoporto.pt\/staging\/category\/cuidados-de-saude\/\" rel=\"category tag\">Cuidados de Sa\u00fade<\/a><\/span><\/div>\r\n\t\t\t\t\t<div class=\"kwayy-blogbox-desc\">[vc_row][vc_co...<div class=\"kwayy-post-readmore\"><a href=\"https:\/\/clinicamedicadoporto.pt\/staging\/6-estrategias-para-lidar-com-o-cansaco-na-ressaca-de-ferias\/\">Read More<i class=\"kwicon-fa-angle-right\"><\/i><\/a><\/div><\/div>\r\n\t\t\t\t<\/div>\r\n\t\t\t<\/div>\r\n\t\t<\/article>\r\n\t\r\n\t\t<article class=\"post-box blog-slider-box-width kwayy-blogbox-format-standard conselhos-uteis cuidados-de-saude nutricao-e-dietetica\">\r\n\t\t\t<div class=\"post-item\">\r\n\t\t\t\t<div class=\"post-item-thumbnail\">\r\n\t\t\t\t\t<div class=\"post-item-thumbnail-inner\">\r\n\t\t\t\t\t\t<div class=\"kwayy-postbox-small-date\"><div class=\"kwayy-post-box-date-wrapper\"><div class=\"kwayy-entry-date-wrapper\">\r\n\t\t\t\t\t\t\t\t<span class=\"kwayy-entry-date\">\r\n\t\t\t\t\t\t\t\t\t<time class=\"entry-date\" datetime=\"\" >\r\n\t\t\t\t\t\t\t\t\t\t<span class=\"entry-date\"><\/span> \r\n\t\t\t\t\t\t\t\t\t\t<span class=\"entry-month\"><\/span> \r\n\t\t\t\t\t\t\t\t\t\t<span class=\"entry-year\"><\/span> \r\n\t\t\t\t\t\t\t\t\t<\/time>\r\n\t\t\t\t\t\t\t\t<\/span>\r\n\t\t\t\t\t\t\t<\/div><\/div><\/div>\r\n\t\t\t\t\t\t<a class=\"tm-blog-link\" href=\"https:\/\/clinicamedicadoporto.pt\/staging\/pratos-na-balanca-4-dietas-que-vai-querer-conhecer-melhor-pros-e-contras-das-dietas-mais-famosas\/\"><img loading=\"lazy\" decoding=\"async\" width=\"832\" height=\"468\" src=\"https:\/\/clinicamedicadoporto.pt\/staging\/wp-content\/uploads\/2021\/07\/Dietas-Famosas-Low-Carb-Paleo-Detox-Jejum-Intermitente-Clinica-Medica-Porto.jpg\" class=\"attachment-portfolio-fix-column size-portfolio-fix-column wp-post-image\" alt=\"Dietas-Low-Carb-Paleo-Detox-Jejum-Intermitente-Clinica-Medica-Porto\" srcset=\"https:\/\/clinicamedicadoporto.pt\/staging\/wp-content\/uploads\/2021\/07\/Dietas-Famosas-Low-Carb-Paleo-Detox-Jejum-Intermitente-Clinica-Medica-Porto.jpg 832w, https:\/\/clinicamedicadoporto.pt\/staging\/wp-content\/uploads\/2021\/07\/Dietas-Famosas-Low-Carb-Paleo-Detox-Jejum-Intermitente-Clinica-Medica-Porto-768x432.jpg 768w, https:\/\/clinicamedicadoporto.pt\/staging\/wp-content\/uploads\/2021\/07\/Dietas-Famosas-Low-Carb-Paleo-Detox-Jejum-Intermitente-Clinica-Medica-Porto-727x409.jpg 727w, https:\/\/clinicamedicadoporto.pt\/staging\/wp-content\/uploads\/2021\/07\/Dietas-Famosas-Low-Carb-Paleo-Detox-Jejum-Intermitente-Clinica-Medica-Porto-720x406.jpg 720w, https:\/\/clinicamedicadoporto.pt\/staging\/wp-content\/uploads\/2021\/07\/Dietas-Famosas-Low-Carb-Paleo-Detox-Jejum-Intermitente-Clinica-Medica-Porto-750x422.jpg 750w\" sizes=\"auto, (max-width: 832px) 100vw, 832px\" \/><\/a>\r\n\t\t\t\t\t<\/div>\r\n\t\t\t\t\t<div class=\"overthumb\"><\/div>\r\n\t\t\t\t\t\r\n\t\t\t\t<\/div>\r\n\t\t\t\t<div class=\"item-content\">\r\n\t\t\t\t\t<h4><a href=\"https:\/\/clinicamedicadoporto.pt\/staging\/pratos-na-balanca-4-dietas-que-vai-querer-conhecer-melhor-pros-e-contras-das-dietas-mais-famosas\/\">Pratos na Balan\u00e7a: 4 Dietas que Vai Querer Conhecer Melhor. Pr\u00f3s e Contras das Dietas mais Famosas<\/a><\/h4>\r\n\t\t\t\t\t<div class=\"kwayy-meta-details\"><div class=\"kwayy-post-user\"><span class=\"author vcard\"><i class=\"kwicon-fa-user\"><\/i> <a class=\"url fn n\" href=\"https:\/\/clinicamedicadoporto.pt\/staging\/author\/m-reis-cmp\/\" title=\"View all posts by \" rel=\"author\"><\/a><\/span><\/div><span class=\"tags-links\"><i class=\"kwicon-fa-tags\"><\/i> <a href=\"https:\/\/clinicamedicadoporto.pt\/staging\/tag\/clinicamedicadoporto\/\" rel=\"tag\">#clinicamedicadoporto<\/a>, <a href=\"https:\/\/clinicamedicadoporto.pt\/staging\/tag\/porto\/\" rel=\"tag\">#porto<\/a>, <a href=\"https:\/\/clinicamedicadoporto.pt\/staging\/tag\/todasasterapias\/\" rel=\"tag\">#todasasterapias<\/a>, <a href=\"https:\/\/clinicamedicadoporto.pt\/staging\/tag\/clinica\/\" rel=\"tag\">clinica<\/a>, <a href=\"https:\/\/clinicamedicadoporto.pt\/staging\/tag\/clinica-medica-do-porto\/\" rel=\"tag\">Clinica M\u00e9dica do Porto<\/a>, <a href=\"https:\/\/clinicamedicadoporto.pt\/staging\/tag\/clinica-porto\/\" rel=\"tag\">Clinica Porto<\/a>, <a href=\"https:\/\/clinicamedicadoporto.pt\/staging\/tag\/consulta\/\" rel=\"tag\">Consulta<\/a>, <a href=\"https:\/\/clinicamedicadoporto.pt\/staging\/tag\/consulta-alimentar\/\" rel=\"tag\">Consulta Alimentar<\/a>, <a href=\"https:\/\/clinicamedicadoporto.pt\/staging\/tag\/consulta-clinica-porto\/\" rel=\"tag\">Consulta Clinica Porto<\/a>, <a href=\"https:\/\/clinicamedicadoporto.pt\/staging\/tag\/consulta-de-nutricao\/\" rel=\"tag\">Consulta de Nutri\u00e7\u00e3o<\/a>, <a href=\"https:\/\/clinicamedicadoporto.pt\/staging\/tag\/consulta-de-nutrologia\/\" rel=\"tag\">Consulta de Nutrologia<\/a>, <a href=\"https:\/\/clinicamedicadoporto.pt\/staging\/tag\/consulta-medica\/\" rel=\"tag\">Consulta M\u00e9dica<\/a>, <a href=\"https:\/\/clinicamedicadoporto.pt\/staging\/tag\/detox\/\" rel=\"tag\">Detox<\/a>, <a href=\"https:\/\/clinicamedicadoporto.pt\/staging\/tag\/dieta\/\" rel=\"tag\">Dieta<\/a>, <a href=\"https:\/\/clinicamedicadoporto.pt\/staging\/tag\/dieta-cetogenica\/\" rel=\"tag\">Dieta Cetog\u00e9nica<\/a>, <a href=\"https:\/\/clinicamedicadoporto.pt\/staging\/tag\/dieta-detox\/\" rel=\"tag\">Dieta Detox<\/a>, <a href=\"https:\/\/clinicamedicadoporto.pt\/staging\/tag\/dieta-jejum-intermitente\/\" rel=\"tag\">Dieta Jejum Intermitente<\/a>, <a href=\"https:\/\/clinicamedicadoporto.pt\/staging\/tag\/dieta-low-carb\/\" rel=\"tag\">Dieta Low Carb<\/a>, <a href=\"https:\/\/clinicamedicadoporto.pt\/staging\/tag\/dieta-mediterranica\/\" rel=\"tag\">Dieta Mediterr\u00e2nica<\/a>, <a href=\"https:\/\/clinicamedicadoporto.pt\/staging\/tag\/dieta-paleo\/\" rel=\"tag\">dieta paleo<\/a>, <a href=\"https:\/\/clinicamedicadoporto.pt\/staging\/tag\/dieta-vegetariana\/\" rel=\"tag\">Dieta Vegetariana<\/a>, <a href=\"https:\/\/clinicamedicadoporto.pt\/staging\/tag\/fasting\/\" rel=\"tag\">Fasting<\/a>, <a href=\"https:\/\/clinicamedicadoporto.pt\/staging\/tag\/medicina-alternativa\/\" rel=\"tag\">medicina alternativa<\/a>, <a href=\"https:\/\/clinicamedicadoporto.pt\/staging\/tag\/nutricao-e-dietetica\/\" rel=\"tag\">Nutri\u00e7\u00e3o e Diet\u00e9tica<\/a>, <a href=\"https:\/\/clinicamedicadoporto.pt\/staging\/tag\/pontos-fortes-e-fracos-de-dietas-famosas\/\" rel=\"tag\">Pontos Fortes e Fracos de Dietas Famosas<\/a>, <a href=\"https:\/\/clinicamedicadoporto.pt\/staging\/tag\/terapia\/\" rel=\"tag\">Terapia<\/a>, <a href=\"https:\/\/clinicamedicadoporto.pt\/staging\/tag\/terapias\/\" rel=\"tag\">Terapias<\/a>, <a href=\"https:\/\/clinicamedicadoporto.pt\/staging\/tag\/terapias-nao-convencionais\/\" rel=\"tag\">terapias n\u00e3o convencionais<\/a>, <a href=\"https:\/\/clinicamedicadoporto.pt\/staging\/tag\/todas-as-terapias\/\" rel=\"tag\">Todas as Terapias<\/a><\/span><span class=\"categories-links\"><i class=\"kwicon-fa-folder-open\"><\/i> <a href=\"https:\/\/clinicamedicadoporto.pt\/staging\/category\/conselhos-uteis\/\" rel=\"category tag\">Conselhos \u00dateis<\/a>, <a href=\"https:\/\/clinicamedicadoporto.pt\/staging\/category\/cuidados-de-saude\/\" rel=\"category tag\">Cuidados de Sa\u00fade<\/a>, <a href=\"https:\/\/clinicamedicadoporto.pt\/staging\/category\/nutricao-e-dietetica\/\" rel=\"category tag\">Nutri\u00e7\u00e3o e Diet\u00e9tica<\/a><\/span><\/div>\r\n\t\t\t\t\t<div class=\"kwayy-blogbox-desc\">[vc_row][vc_co...<div class=\"kwayy-post-readmore\"><a href=\"https:\/\/clinicamedicadoporto.pt\/staging\/pratos-na-balanca-4-dietas-que-vai-querer-conhecer-melhor-pros-e-contras-das-dietas-mais-famosas\/\">Read More<i class=\"kwicon-fa-angle-right\"><\/i><\/a><\/div><\/div>\r\n\t\t\t\t<\/div>\r\n\t\t\t<\/div>\r\n\t\t<\/article>\r\n\t\r\n\t\t<article class=\"post-box blog-slider-box-width kwayy-blogbox-format-standard conselhos-uteis nutricao-e-dietetica\">\r\n\t\t\t<div class=\"post-item\">\r\n\t\t\t\t<div class=\"post-item-thumbnail\">\r\n\t\t\t\t\t<div class=\"post-item-thumbnail-inner\">\r\n\t\t\t\t\t\t<div class=\"kwayy-postbox-small-date\"><div class=\"kwayy-post-box-date-wrapper\"><div class=\"kwayy-entry-date-wrapper\">\r\n\t\t\t\t\t\t\t\t<span class=\"kwayy-entry-date\">\r\n\t\t\t\t\t\t\t\t\t<time class=\"entry-date\" datetime=\"\" >\r\n\t\t\t\t\t\t\t\t\t\t<span class=\"entry-date\"><\/span> \r\n\t\t\t\t\t\t\t\t\t\t<span class=\"entry-month\"><\/span> \r\n\t\t\t\t\t\t\t\t\t\t<span class=\"entry-year\"><\/span> \r\n\t\t\t\t\t\t\t\t\t<\/time>\r\n\t\t\t\t\t\t\t\t<\/span>\r\n\t\t\t\t\t\t\t<\/div><\/div><\/div>\r\n\t\t\t\t\t\t<a class=\"tm-blog-link\" href=\"https:\/\/clinicamedicadoporto.pt\/staging\/padrao-alimentar-ou-dieta-a-opcao-mediterranica-e-vegetariana\/\"><img loading=\"lazy\" decoding=\"async\" width=\"832\" height=\"468\" src=\"https:\/\/clinicamedicadoporto.pt\/staging\/wp-content\/uploads\/2021\/07\/Dieta-e-Padrao-Alimentar-Mediterranico-Vegetariano-Clinica-Medica-Porto.jpg\" class=\"attachment-portfolio-fix-column size-portfolio-fix-column wp-post-image\" alt=\"Dieta-e-Padrao-Alimentar-Mediterranico-Vegetariano-Clinica-Medica-Porto\" srcset=\"https:\/\/clinicamedicadoporto.pt\/staging\/wp-content\/uploads\/2021\/07\/Dieta-e-Padrao-Alimentar-Mediterranico-Vegetariano-Clinica-Medica-Porto.jpg 832w, https:\/\/clinicamedicadoporto.pt\/staging\/wp-content\/uploads\/2021\/07\/Dieta-e-Padrao-Alimentar-Mediterranico-Vegetariano-Clinica-Medica-Porto-768x432.jpg 768w, https:\/\/clinicamedicadoporto.pt\/staging\/wp-content\/uploads\/2021\/07\/Dieta-e-Padrao-Alimentar-Mediterranico-Vegetariano-Clinica-Medica-Porto-727x409.jpg 727w, https:\/\/clinicamedicadoporto.pt\/staging\/wp-content\/uploads\/2021\/07\/Dieta-e-Padrao-Alimentar-Mediterranico-Vegetariano-Clinica-Medica-Porto-720x406.jpg 720w, https:\/\/clinicamedicadoporto.pt\/staging\/wp-content\/uploads\/2021\/07\/Dieta-e-Padrao-Alimentar-Mediterranico-Vegetariano-Clinica-Medica-Porto-750x422.jpg 750w\" sizes=\"auto, (max-width: 832px) 100vw, 832px\" \/><\/a>\r\n\t\t\t\t\t<\/div>\r\n\t\t\t\t\t<div class=\"overthumb\"><\/div>\r\n\t\t\t\t\t\r\n\t\t\t\t<\/div>\r\n\t\t\t\t<div class=\"item-content\">\r\n\t\t\t\t\t<h4><a href=\"https:\/\/clinicamedicadoporto.pt\/staging\/padrao-alimentar-ou-dieta-a-opcao-mediterranica-e-vegetariana\/\">Padr\u00e3o Alimentar ou Dieta: A Op\u00e7\u00e3o Mediterr\u00e2nica e Vegetariana<\/a><\/h4>\r\n\t\t\t\t\t<div class=\"kwayy-meta-details\"><div class=\"kwayy-post-user\"><span class=\"author vcard\"><i class=\"kwicon-fa-user\"><\/i> <a class=\"url fn n\" href=\"https:\/\/clinicamedicadoporto.pt\/staging\/author\/m-reis-cmp\/\" title=\"View all posts by \" rel=\"author\"><\/a><\/span><\/div><span class=\"tags-links\"><i class=\"kwicon-fa-tags\"><\/i> <a href=\"https:\/\/clinicamedicadoporto.pt\/staging\/tag\/clinicamedicadoporto\/\" rel=\"tag\">#clinicamedicadoporto<\/a>, <a href=\"https:\/\/clinicamedicadoporto.pt\/staging\/tag\/porto\/\" rel=\"tag\">#porto<\/a>, <a href=\"https:\/\/clinicamedicadoporto.pt\/staging\/tag\/todasasterapias\/\" rel=\"tag\">#todasasterapias<\/a>, <a href=\"https:\/\/clinicamedicadoporto.pt\/staging\/tag\/clinica\/\" rel=\"tag\">clinica<\/a>, <a href=\"https:\/\/clinicamedicadoporto.pt\/staging\/tag\/clinica-medica-do-porto\/\" rel=\"tag\">Clinica M\u00e9dica do Porto<\/a>, <a href=\"https:\/\/clinicamedicadoporto.pt\/staging\/tag\/clinica-porto\/\" rel=\"tag\">Clinica Porto<\/a>, <a href=\"https:\/\/clinicamedicadoporto.pt\/staging\/tag\/consulta\/\" rel=\"tag\">Consulta<\/a>, <a href=\"https:\/\/clinicamedicadoporto.pt\/staging\/tag\/consulta-alimentar\/\" rel=\"tag\">Consulta Alimentar<\/a>, <a href=\"https:\/\/clinicamedicadoporto.pt\/staging\/tag\/consulta-clinica-porto\/\" rel=\"tag\">Consulta Clinica Porto<\/a>, <a href=\"https:\/\/clinicamedicadoporto.pt\/staging\/tag\/consulta-de-nutricao\/\" rel=\"tag\">Consulta de Nutri\u00e7\u00e3o<\/a>, <a href=\"https:\/\/clinicamedicadoporto.pt\/staging\/tag\/consulta-de-nutrologia\/\" rel=\"tag\">Consulta de Nutrologia<\/a>, <a href=\"https:\/\/clinicamedicadoporto.pt\/staging\/tag\/consulta-medica\/\" rel=\"tag\">Consulta M\u00e9dica<\/a>, <a href=\"https:\/\/clinicamedicadoporto.pt\/staging\/tag\/dicas-alimentares\/\" rel=\"tag\">Dicas Alimentares<\/a>, <a href=\"https:\/\/clinicamedicadoporto.pt\/staging\/tag\/dieta\/\" rel=\"tag\">Dieta<\/a>, <a href=\"https:\/\/clinicamedicadoporto.pt\/staging\/tag\/dieta-cetogenica\/\" rel=\"tag\">Dieta Cetog\u00e9nica<\/a>, <a href=\"https:\/\/clinicamedicadoporto.pt\/staging\/tag\/dieta-jejum-intermitente\/\" rel=\"tag\">Dieta Jejum Intermitente<\/a>, <a href=\"https:\/\/clinicamedicadoporto.pt\/staging\/tag\/dieta-low-carb\/\" rel=\"tag\">Dieta Low Carb<\/a>, <a href=\"https:\/\/clinicamedicadoporto.pt\/staging\/tag\/dieta-mediterranica\/\" rel=\"tag\">Dieta Mediterr\u00e2nica<\/a>, <a href=\"https:\/\/clinicamedicadoporto.pt\/staging\/tag\/dieta-paleo\/\" rel=\"tag\">dieta paleo<\/a>, <a href=\"https:\/\/clinicamedicadoporto.pt\/staging\/tag\/dieta-vegetariana\/\" rel=\"tag\">Dieta Vegetariana<\/a>, <a href=\"https:\/\/clinicamedicadoporto.pt\/staging\/tag\/dietas\/\" rel=\"tag\">Dietas<\/a>, <a href=\"https:\/\/clinicamedicadoporto.pt\/staging\/tag\/medicina-alternativa\/\" rel=\"tag\">medicina alternativa<\/a>, <a href=\"https:\/\/clinicamedicadoporto.pt\/staging\/tag\/nutricao-e-dietetica\/\" rel=\"tag\">Nutri\u00e7\u00e3o e Diet\u00e9tica<\/a>, <a href=\"https:\/\/clinicamedicadoporto.pt\/staging\/tag\/padrao-alimentar\/\" rel=\"tag\">Padr\u00e3o Alimentar<\/a>, <a href=\"https:\/\/clinicamedicadoporto.pt\/staging\/tag\/pontos-fortes-e-pontos-fracos-das-dietas\/\" rel=\"tag\">Pontos Fortes e Pontos Fracos das Dietas<\/a>, <a href=\"https:\/\/clinicamedicadoporto.pt\/staging\/tag\/terapia\/\" rel=\"tag\">Terapia<\/a>, <a href=\"https:\/\/clinicamedicadoporto.pt\/staging\/tag\/terapias\/\" rel=\"tag\">Terapias<\/a>, <a href=\"https:\/\/clinicamedicadoporto.pt\/staging\/tag\/terapias-nao-convencionais\/\" rel=\"tag\">terapias n\u00e3o convencionais<\/a>, <a href=\"https:\/\/clinicamedicadoporto.pt\/staging\/tag\/todas-as-terapias\/\" rel=\"tag\">Todas as Terapias<\/a>, <a href=\"https:\/\/clinicamedicadoporto.pt\/staging\/tag\/veganismo\/\" rel=\"tag\">Veganismo<\/a>, <a href=\"https:\/\/clinicamedicadoporto.pt\/staging\/tag\/vegetarianismo\/\" rel=\"tag\">Vegetarianismo<\/a><\/span><span class=\"categories-links\"><i class=\"kwicon-fa-folder-open\"><\/i> <a href=\"https:\/\/clinicamedicadoporto.pt\/staging\/category\/conselhos-uteis\/\" rel=\"category tag\">Conselhos \u00dateis<\/a>, <a href=\"https:\/\/clinicamedicadoporto.pt\/staging\/category\/nutricao-e-dietetica\/\" rel=\"category tag\">Nutri\u00e7\u00e3o e Diet\u00e9tica<\/a><\/span><\/div>\r\n\t\t\t\t\t<div class=\"kwayy-blogbox-desc\">[vc_row][vc_co...<div class=\"kwayy-post-readmore\"><a href=\"https:\/\/clinicamedicadoporto.pt\/staging\/padrao-alimentar-ou-dieta-a-opcao-mediterranica-e-vegetariana\/\">Read More<i class=\"kwicon-fa-angle-right\"><\/i><\/a><\/div><\/div>\r\n\t\t\t\t<\/div>\r\n\t\t\t<\/div>\r\n\t\t<\/article>\r\n\t\r\n\t\t<article class=\"post-box blog-slider-box-width kwayy-blogbox-format-standard conselhos-uteis cuidados-de-saude nutricao-e-dietetica reflecoes\">\r\n\t\t\t<div class=\"post-item\">\r\n\t\t\t\t<div class=\"post-item-thumbnail\">\r\n\t\t\t\t\t<div class=\"post-item-thumbnail-inner\">\r\n\t\t\t\t\t\t<div class=\"kwayy-postbox-small-date\"><div class=\"kwayy-post-box-date-wrapper\"><div class=\"kwayy-entry-date-wrapper\">\r\n\t\t\t\t\t\t\t\t<span class=\"kwayy-entry-date\">\r\n\t\t\t\t\t\t\t\t\t<time class=\"entry-date\" datetime=\"\" >\r\n\t\t\t\t\t\t\t\t\t\t<span class=\"entry-date\"><\/span> \r\n\t\t\t\t\t\t\t\t\t\t<span class=\"entry-month\"><\/span> \r\n\t\t\t\t\t\t\t\t\t\t<span class=\"entry-year\"><\/span> \r\n\t\t\t\t\t\t\t\t\t<\/time>\r\n\t\t\t\t\t\t\t\t<\/span>\r\n\t\t\t\t\t\t\t<\/div><\/div><\/div>\r\n\t\t\t\t\t\t<a class=\"tm-blog-link\" href=\"https:\/\/clinicamedicadoporto.pt\/staging\/5-alimentos-e-ingredientes-pro-inflamatorios-escondidos-na-sua-despensa\/\"><img loading=\"lazy\" decoding=\"async\" width=\"832\" height=\"468\" src=\"https:\/\/clinicamedicadoporto.pt\/staging\/wp-content\/uploads\/2021\/05\/5-alimentos-anti-inflamatorios-clinica-medica-porto.jpg\" class=\"attachment-portfolio-fix-column size-portfolio-fix-column wp-post-image\" alt=\"Alimentos Pr\u00f3-inflamatorios Clinica Medica Porto\" srcset=\"https:\/\/clinicamedicadoporto.pt\/staging\/wp-content\/uploads\/2021\/05\/5-alimentos-anti-inflamatorios-clinica-medica-porto.jpg 832w, https:\/\/clinicamedicadoporto.pt\/staging\/wp-content\/uploads\/2021\/05\/5-alimentos-anti-inflamatorios-clinica-medica-porto-768x432.jpg 768w, https:\/\/clinicamedicadoporto.pt\/staging\/wp-content\/uploads\/2021\/05\/5-alimentos-anti-inflamatorios-clinica-medica-porto-727x409.jpg 727w, https:\/\/clinicamedicadoporto.pt\/staging\/wp-content\/uploads\/2021\/05\/5-alimentos-anti-inflamatorios-clinica-medica-porto-720x406.jpg 720w, https:\/\/clinicamedicadoporto.pt\/staging\/wp-content\/uploads\/2021\/05\/5-alimentos-anti-inflamatorios-clinica-medica-porto-750x422.jpg 750w\" sizes=\"auto, (max-width: 832px) 100vw, 832px\" \/><\/a>\r\n\t\t\t\t\t<\/div>\r\n\t\t\t\t\t<div class=\"overthumb\"><\/div>\r\n\t\t\t\t\t\r\n\t\t\t\t<\/div>\r\n\t\t\t\t<div class=\"item-content\">\r\n\t\t\t\t\t<h4><a href=\"https:\/\/clinicamedicadoporto.pt\/staging\/5-alimentos-e-ingredientes-pro-inflamatorios-escondidos-na-sua-despensa\/\">5 Alimentos (e Ingredientes) Pr\u00f3-Inflamat\u00f3rios Escondidos na Sua Despensa<\/a><\/h4>\r\n\t\t\t\t\t<div class=\"kwayy-meta-details\"><div class=\"kwayy-post-user\"><span class=\"author vcard\"><i class=\"kwicon-fa-user\"><\/i> <a class=\"url fn n\" href=\"https:\/\/clinicamedicadoporto.pt\/staging\/author\/m-reis-cmp\/\" title=\"View all posts by \" rel=\"author\"><\/a><\/span><\/div><span class=\"tags-links\"><i class=\"kwicon-fa-tags\"><\/i> <a href=\"https:\/\/clinicamedicadoporto.pt\/staging\/tag\/clinicamedicadoporto\/\" rel=\"tag\">#clinicamedicadoporto<\/a>, <a href=\"https:\/\/clinicamedicadoporto.pt\/staging\/tag\/porto\/\" rel=\"tag\">#porto<\/a>, <a href=\"https:\/\/clinicamedicadoporto.pt\/staging\/tag\/todasasterapias\/\" rel=\"tag\">#todasasterapias<\/a>, <a href=\"https:\/\/clinicamedicadoporto.pt\/staging\/tag\/acidos-gordos-insaturados\/\" rel=\"tag\">\u00c1cidos Gordos Insaturados<\/a>, <a href=\"https:\/\/clinicamedicadoporto.pt\/staging\/tag\/acidos-gordos-poli-saturados\/\" rel=\"tag\">\u00c1cidos Gordos Poli-Saturados<\/a>, <a href=\"https:\/\/clinicamedicadoporto.pt\/staging\/tag\/acidos-gordos-saturados\/\" rel=\"tag\">\u00c1cidos Gordos Saturados<\/a>, <a href=\"https:\/\/clinicamedicadoporto.pt\/staging\/tag\/acucar\/\" rel=\"tag\">A\u00e7ucar<\/a>, <a href=\"https:\/\/clinicamedicadoporto.pt\/staging\/tag\/acucares\/\" rel=\"tag\">A\u00e7ucares<\/a>, <a href=\"https:\/\/clinicamedicadoporto.pt\/staging\/tag\/alimentacao\/\" rel=\"tag\">alimenta\u00e7\u00e3o<\/a>, <a href=\"https:\/\/clinicamedicadoporto.pt\/staging\/tag\/alimentacao-inflamatoria\/\" rel=\"tag\">Alimenta\u00e7\u00e3o Inflamat\u00f3ria<\/a>, <a href=\"https:\/\/clinicamedicadoporto.pt\/staging\/tag\/alimentos-inflamatorios\/\" rel=\"tag\">Alimentos inflamat\u00f3rios<\/a>, <a href=\"https:\/\/clinicamedicadoporto.pt\/staging\/tag\/alimentos-ultra-processados\/\" rel=\"tag\">Alimentos Ultra-Processados<\/a>, <a href=\"https:\/\/clinicamedicadoporto.pt\/staging\/tag\/alimetnos-bons-e-alimentos-maus\/\" rel=\"tag\">Alimetnos Bons e Alimentos Maus<\/a>, <a href=\"https:\/\/clinicamedicadoporto.pt\/staging\/tag\/cereais-refinados\/\" rel=\"tag\">Cereais Refinados<\/a>, <a href=\"https:\/\/clinicamedicadoporto.pt\/staging\/tag\/clinica\/\" rel=\"tag\">clinica<\/a>, <a href=\"https:\/\/clinicamedicadoporto.pt\/staging\/tag\/clinica-medica-do-porto\/\" rel=\"tag\">Clinica M\u00e9dica do Porto<\/a>, <a href=\"https:\/\/clinicamedicadoporto.pt\/staging\/tag\/clinica-porto\/\" rel=\"tag\">Clinica Porto<\/a>, <a href=\"https:\/\/clinicamedicadoporto.pt\/staging\/tag\/consulta\/\" rel=\"tag\">Consulta<\/a>, <a href=\"https:\/\/clinicamedicadoporto.pt\/staging\/tag\/consulta-alimentar\/\" rel=\"tag\">Consulta Alimentar<\/a>, <a href=\"https:\/\/clinicamedicadoporto.pt\/staging\/tag\/consulta-clinica-porto\/\" rel=\"tag\">Consulta Clinica Porto<\/a>, <a href=\"https:\/\/clinicamedicadoporto.pt\/staging\/tag\/consulta-de-nutrologia\/\" rel=\"tag\">Consulta de Nutrologia<\/a>, <a href=\"https:\/\/clinicamedicadoporto.pt\/staging\/tag\/consulta-de-reeducacao-alimentar\/\" rel=\"tag\">Consulta de Reeduca\u00e7\u00e3o Alimentar<\/a>, <a href=\"https:\/\/clinicamedicadoporto.pt\/staging\/tag\/consulta-medica\/\" rel=\"tag\">Consulta M\u00e9dica<\/a>, <a href=\"https:\/\/clinicamedicadoporto.pt\/staging\/tag\/escolhas-nutricionais-saudaveis\/\" rel=\"tag\">Escolhas Nutricionais Saud\u00e1veis<\/a>, <a href=\"https:\/\/clinicamedicadoporto.pt\/staging\/tag\/gordura-trans\/\" rel=\"tag\">Gordura Trans<\/a>, <a href=\"https:\/\/clinicamedicadoporto.pt\/staging\/tag\/gorduras-saturadas\/\" rel=\"tag\">Gorduras Saturadas<\/a>, <a href=\"https:\/\/clinicamedicadoporto.pt\/staging\/tag\/hidratos-de-carbono\/\" rel=\"tag\">Hidratos de Carbono<\/a>, <a href=\"https:\/\/clinicamedicadoporto.pt\/staging\/tag\/maus-alimentos\/\" rel=\"tag\">Maus alimentos<\/a>, <a href=\"https:\/\/clinicamedicadoporto.pt\/staging\/tag\/medicina-alternativa\/\" rel=\"tag\">medicina alternativa<\/a>, <a href=\"https:\/\/clinicamedicadoporto.pt\/staging\/tag\/nutricao\/\" rel=\"tag\">Nutri\u00e7\u00e3o<\/a>, <a href=\"https:\/\/clinicamedicadoporto.pt\/staging\/tag\/nutrologia-porto\/\" rel=\"tag\">Nutrologia Porto<\/a>, <a href=\"https:\/\/clinicamedicadoporto.pt\/staging\/tag\/nutrologia-portugal\/\" rel=\"tag\">Nutrologia Portugal<\/a>, <a href=\"https:\/\/clinicamedicadoporto.pt\/staging\/tag\/nutrologo-porto\/\" rel=\"tag\">Nutrologo Porto<\/a>, <a href=\"https:\/\/clinicamedicadoporto.pt\/staging\/tag\/omega-6\/\" rel=\"tag\">\u00d3mega-6<\/a>, <a href=\"https:\/\/clinicamedicadoporto.pt\/staging\/tag\/prevenir-doencas-atraves-da-alimentacao\/\" rel=\"tag\">Prevenir Doen\u00e7as atrav\u00e9s da Alimenta\u00e7\u00e3o<\/a>, <a href=\"https:\/\/clinicamedicadoporto.pt\/staging\/tag\/pro-inflamatorios\/\" rel=\"tag\">Pr\u00f3-Inflamat\u00f3rios<\/a>, <a href=\"https:\/\/clinicamedicadoporto.pt\/staging\/tag\/processamento-alimentar\/\" rel=\"tag\">Processamento Alimentar<\/a>, <a href=\"https:\/\/clinicamedicadoporto.pt\/staging\/tag\/rotulos-alimentares\/\" rel=\"tag\">R\u00f3tulos Alimentares<\/a>, <a href=\"https:\/\/clinicamedicadoporto.pt\/staging\/tag\/terapia\/\" rel=\"tag\">Terapia<\/a>, <a href=\"https:\/\/clinicamedicadoporto.pt\/staging\/tag\/terapias\/\" rel=\"tag\">Terapias<\/a>, <a href=\"https:\/\/clinicamedicadoporto.pt\/staging\/tag\/terapias-nao-convencionais\/\" rel=\"tag\">terapias n\u00e3o convencionais<\/a>, <a href=\"https:\/\/clinicamedicadoporto.pt\/staging\/tag\/todas-as-terapias\/\" rel=\"tag\">Todas as Terapias<\/a><\/span><span class=\"categories-links\"><i class=\"kwicon-fa-folder-open\"><\/i> <a href=\"https:\/\/clinicamedicadoporto.pt\/staging\/category\/conselhos-uteis\/\" rel=\"category tag\">Conselhos \u00dateis<\/a>, <a href=\"https:\/\/clinicamedicadoporto.pt\/staging\/category\/cuidados-de-saude\/\" rel=\"category tag\">Cuidados de Sa\u00fade<\/a>, <a href=\"https:\/\/clinicamedicadoporto.pt\/staging\/category\/nutricao-e-dietetica\/\" rel=\"category tag\">Nutri\u00e7\u00e3o e Diet\u00e9tica<\/a>, <a href=\"https:\/\/clinicamedicadoporto.pt\/staging\/category\/reflecoes\/\" rel=\"category tag\">Reflex\u00f5es<\/a><\/span><\/div>\r\n\t\t\t\t\t<div class=\"kwayy-blogbox-desc\">[vc_row][vc_co...<div class=\"kwayy-post-readmore\"><a href=\"https:\/\/clinicamedicadoporto.pt\/staging\/5-alimentos-e-ingredientes-pro-inflamatorios-escondidos-na-sua-despensa\/\">Read More<i class=\"kwicon-fa-angle-right\"><\/i><\/a><\/div><\/div>\r\n\t\t\t\t<\/div>\r\n\t\t\t<\/div>\r\n\t\t<\/article>\r\n\t\r\n\t\t<article class=\"post-box blog-slider-box-width kwayy-blogbox-format-standard acupuntura conselhos-uteis cuidados-de-saude medicina-tradicional-chinesa terapias-nao-convencionais\">\r\n\t\t\t<div class=\"post-item\">\r\n\t\t\t\t<div class=\"post-item-thumbnail\">\r\n\t\t\t\t\t<div class=\"post-item-thumbnail-inner\">\r\n\t\t\t\t\t\t<div class=\"kwayy-postbox-small-date\"><div class=\"kwayy-post-box-date-wrapper\"><div class=\"kwayy-entry-date-wrapper\">\r\n\t\t\t\t\t\t\t\t<span class=\"kwayy-entry-date\">\r\n\t\t\t\t\t\t\t\t\t<time class=\"entry-date\" datetime=\"\" >\r\n\t\t\t\t\t\t\t\t\t\t<span class=\"entry-date\"><\/span> \r\n\t\t\t\t\t\t\t\t\t\t<span class=\"entry-month\"><\/span> \r\n\t\t\t\t\t\t\t\t\t\t<span class=\"entry-year\"><\/span> \r\n\t\t\t\t\t\t\t\t\t<\/time>\r\n\t\t\t\t\t\t\t\t<\/span>\r\n\t\t\t\t\t\t\t<\/div><\/div><\/div>\r\n\t\t\t\t\t\t<a class=\"tm-blog-link\" href=\"https:\/\/clinicamedicadoporto.pt\/staging\/alergias-sazonais-sintomas-tratamento-e-tipos-de-alergias\/\"><img loading=\"lazy\" decoding=\"async\" width=\"1280\" height=\"720\" src=\"https:\/\/clinicamedicadoporto.pt\/staging\/wp-content\/uploads\/2021\/03\/11a-Alergias-Rinite-Alergica-Clinica-Medica-do-Porto copy.jpg\" class=\"attachment-portfolio-fix-column size-portfolio-fix-column wp-post-image\" alt=\"Alergias-Rinite-Alergica-Clinica-Medica-do-Porto\" srcset=\"https:\/\/clinicamedicadoporto.pt\/staging\/wp-content\/uploads\/2021\/03\/11a-Alergias-Rinite-Alergica-Clinica-Medica-do-Porto%20copy.jpg 1280w, https:\/\/clinicamedicadoporto.pt\/staging\/wp-content\/uploads\/2021\/03\/11a-Alergias-Rinite-Alergica-Clinica-Medica-do-Porto%20copy-768x432.jpg 768w, https:\/\/clinicamedicadoporto.pt\/staging\/wp-content\/uploads\/2021\/03\/11a-Alergias-Rinite-Alergica-Clinica-Medica-do-Porto%20copy-727x409.jpg 727w, https:\/\/clinicamedicadoporto.pt\/staging\/wp-content\/uploads\/2021\/03\/11a-Alergias-Rinite-Alergica-Clinica-Medica-do-Porto%20copy-1110x624.jpg 1110w, https:\/\/clinicamedicadoporto.pt\/staging\/wp-content\/uploads\/2021\/03\/11a-Alergias-Rinite-Alergica-Clinica-Medica-do-Porto%20copy-720x406.jpg 720w, https:\/\/clinicamedicadoporto.pt\/staging\/wp-content\/uploads\/2021\/03\/11a-Alergias-Rinite-Alergica-Clinica-Medica-do-Porto%20copy-750x422.jpg 750w\" sizes=\"auto, (max-width: 1280px) 100vw, 1280px\" \/><\/a>\r\n\t\t\t\t\t<\/div>\r\n\t\t\t\t\t<div class=\"overthumb\"><\/div>\r\n\t\t\t\t\t\r\n\t\t\t\t<\/div>\r\n\t\t\t\t<div class=\"item-content\">\r\n\t\t\t\t\t<h4><a href=\"https:\/\/clinicamedicadoporto.pt\/staging\/alergias-sazonais-sintomas-tratamento-e-tipos-de-alergias\/\">Alergias Sazonais: Sintomas, Tratamento e Tipos de Alergias<\/a><\/h4>\r\n\t\t\t\t\t<div class=\"kwayy-meta-details\"><div class=\"kwayy-post-user\"><span class=\"author vcard\"><i class=\"kwicon-fa-user\"><\/i> <a class=\"url fn n\" href=\"https:\/\/clinicamedicadoporto.pt\/staging\/author\/m-reis-cmp\/\" title=\"View all posts by \" rel=\"author\"><\/a><\/span><\/div><span class=\"tags-links\"><i class=\"kwicon-fa-tags\"><\/i> <a href=\"https:\/\/clinicamedicadoporto.pt\/staging\/tag\/clinicamedicadoporto\/\" rel=\"tag\">#clinicamedicadoporto<\/a>, <a href=\"https:\/\/clinicamedicadoporto.pt\/staging\/tag\/porto\/\" rel=\"tag\">#porto<\/a>, <a href=\"https:\/\/clinicamedicadoporto.pt\/staging\/tag\/todasasterapias\/\" rel=\"tag\">#todasasterapias<\/a>, <a href=\"https:\/\/clinicamedicadoporto.pt\/staging\/tag\/alergia\/\" rel=\"tag\">alergia<\/a>, <a href=\"https:\/\/clinicamedicadoporto.pt\/staging\/tag\/alergia-aos-pelos-dos-animais\/\" rel=\"tag\">Alergia aos Pelos dos animais<\/a>, <a href=\"https:\/\/clinicamedicadoporto.pt\/staging\/tag\/alergia-aos-polens\/\" rel=\"tag\">Alergia aos Polens<\/a>, <a href=\"https:\/\/clinicamedicadoporto.pt\/staging\/tag\/alergias-alimentares\/\" rel=\"tag\">alergias alimentares<\/a>, <a href=\"https:\/\/clinicamedicadoporto.pt\/staging\/tag\/alergias-em-bebes\/\" rel=\"tag\">Alergias em Beb\u00e9s<\/a>, <a href=\"https:\/\/clinicamedicadoporto.pt\/staging\/tag\/alergias-sazonais\/\" rel=\"tag\">Alergias Sazonais<\/a>, <a href=\"https:\/\/clinicamedicadoporto.pt\/staging\/tag\/alergias-sazonais-rinite\/\" rel=\"tag\">Alergias Sazonais Rinite<\/a>, <a href=\"https:\/\/clinicamedicadoporto.pt\/staging\/tag\/asma\/\" rel=\"tag\">asma<\/a>, <a href=\"https:\/\/clinicamedicadoporto.pt\/staging\/tag\/asma-alergica\/\" rel=\"tag\">Asma Al\u00e9rgica<\/a>, <a href=\"https:\/\/clinicamedicadoporto.pt\/staging\/tag\/cefaleia-por-alergia\/\" rel=\"tag\">Cefaleia por alergia<\/a>, <a href=\"https:\/\/clinicamedicadoporto.pt\/staging\/tag\/clinica\/\" rel=\"tag\">clinica<\/a>, <a href=\"https:\/\/clinicamedicadoporto.pt\/staging\/tag\/clinica-medica-do-porto\/\" rel=\"tag\">Clinica M\u00e9dica do Porto<\/a>, <a href=\"https:\/\/clinicamedicadoporto.pt\/staging\/tag\/clinica-porto\/\" rel=\"tag\">Clinica Porto<\/a>, <a href=\"https:\/\/clinicamedicadoporto.pt\/staging\/tag\/comichao-no-nariz\/\" rel=\"tag\">Comich\u00e3o no nariz<\/a>, <a href=\"https:\/\/clinicamedicadoporto.pt\/staging\/tag\/comichao-nos-olhos\/\" rel=\"tag\">Comich\u00e3o nos olhos<\/a>, <a href=\"https:\/\/clinicamedicadoporto.pt\/staging\/tag\/congestao-nasal\/\" rel=\"tag\">Congest\u00e3o nasal<\/a>, <a href=\"https:\/\/clinicamedicadoporto.pt\/staging\/tag\/conjuntivite\/\" rel=\"tag\">Conjuntivite<\/a>, <a href=\"https:\/\/clinicamedicadoporto.pt\/staging\/tag\/conjuntivite-alergica\/\" rel=\"tag\">Conjuntivite al\u00e9rgica<\/a>, <a href=\"https:\/\/clinicamedicadoporto.pt\/staging\/tag\/consulta\/\" rel=\"tag\">Consulta<\/a>, <a href=\"https:\/\/clinicamedicadoporto.pt\/staging\/tag\/consulta-alergias-porto\/\" rel=\"tag\">Consulta Alergias Porto<\/a>, <a href=\"https:\/\/clinicamedicadoporto.pt\/staging\/tag\/consulta-clinica-porto\/\" rel=\"tag\">Consulta Clinica Porto<\/a>, <a href=\"https:\/\/clinicamedicadoporto.pt\/staging\/tag\/consulta-de-alergia-para-bebe\/\" rel=\"tag\">Consulta de Alergia para Beb\u00e9<\/a>, <a href=\"https:\/\/clinicamedicadoporto.pt\/staging\/tag\/consulta-de-alergia-porto\/\" rel=\"tag\">Consulta de Alergia Porto<\/a>, <a href=\"https:\/\/clinicamedicadoporto.pt\/staging\/tag\/consulta-de-imuno-alergologia-porto\/\" rel=\"tag\">Consulta de Imuno-Alergologia Porto<\/a>, <a href=\"https:\/\/clinicamedicadoporto.pt\/staging\/tag\/consulta-de-imunoalergologia\/\" rel=\"tag\">Consulta de ImunoAlergologia<\/a>, <a href=\"https:\/\/clinicamedicadoporto.pt\/staging\/tag\/consulta-de-imunologia-porto\/\" rel=\"tag\">Consulta de Imunologia Porto<\/a>, <a href=\"https:\/\/clinicamedicadoporto.pt\/staging\/tag\/consulta-medica\/\" rel=\"tag\">Consulta M\u00e9dica<\/a>, <a href=\"https:\/\/clinicamedicadoporto.pt\/staging\/tag\/dispneia\/\" rel=\"tag\">Dispneia<\/a>, <a href=\"https:\/\/clinicamedicadoporto.pt\/staging\/tag\/dor-de-cabeca\/\" rel=\"tag\">Dor de cabe\u00e7a<\/a>, <a href=\"https:\/\/clinicamedicadoporto.pt\/staging\/tag\/eczema-atopico\/\" rel=\"tag\">eczema at\u00f3pico<\/a>, <a href=\"https:\/\/clinicamedicadoporto.pt\/staging\/tag\/espilros\/\" rel=\"tag\">Espilros<\/a>, <a href=\"https:\/\/clinicamedicadoporto.pt\/staging\/tag\/espirros\/\" rel=\"tag\">espirros<\/a>, <a href=\"https:\/\/clinicamedicadoporto.pt\/staging\/tag\/estrategias-para-prevenir-alergias\/\" rel=\"tag\">Estrat\u00e9gias para prevenir alergias<\/a>, <a href=\"https:\/\/clinicamedicadoporto.pt\/staging\/tag\/falta-de-ar\/\" rel=\"tag\">Falta de Ar<\/a>, <a href=\"https:\/\/clinicamedicadoporto.pt\/staging\/tag\/imuno-alergologia\/\" rel=\"tag\">Imuno-Alergologia<\/a>, <a href=\"https:\/\/clinicamedicadoporto.pt\/staging\/tag\/lacrimejo\/\" rel=\"tag\">Lacrimejo<\/a>, <a href=\"https:\/\/clinicamedicadoporto.pt\/staging\/tag\/medicamentos-broncodilatadores\/\" rel=\"tag\">medicamentos broncodilatadores<\/a>, <a href=\"https:\/\/clinicamedicadoporto.pt\/staging\/tag\/medicina-alternativa\/\" rel=\"tag\">medicina alternativa<\/a>, <a href=\"https:\/\/clinicamedicadoporto.pt\/staging\/tag\/nariz-entupido\/\" rel=\"tag\">Nariz entupido<\/a>, <a href=\"https:\/\/clinicamedicadoporto.pt\/staging\/tag\/pieira\/\" rel=\"tag\">Pieira<\/a>, <a href=\"https:\/\/clinicamedicadoporto.pt\/staging\/tag\/pingo-no-nariz\/\" rel=\"tag\">Pingo no nariz<\/a>, <a href=\"https:\/\/clinicamedicadoporto.pt\/staging\/tag\/polen\/\" rel=\"tag\">Polen<\/a>, <a href=\"https:\/\/clinicamedicadoporto.pt\/staging\/tag\/polenes\/\" rel=\"tag\">polenes<\/a>, <a href=\"https:\/\/clinicamedicadoporto.pt\/staging\/tag\/rinite-alergica\/\" rel=\"tag\">Rinite Al\u00e9rgica<\/a>, <a href=\"https:\/\/clinicamedicadoporto.pt\/staging\/tag\/rinite-perene\/\" rel=\"tag\">Rinite Perene<\/a>, <a href=\"https:\/\/clinicamedicadoporto.pt\/staging\/tag\/rinorreia\/\" rel=\"tag\">Rinorreia<\/a>, <a href=\"https:\/\/clinicamedicadoporto.pt\/staging\/tag\/sensacao-de-areia-nos-olhos\/\" rel=\"tag\">Sensa\u00e7\u00e3o de areia nos olhos<\/a>, <a href=\"https:\/\/clinicamedicadoporto.pt\/staging\/tag\/sensibilidade-a-luz\/\" rel=\"tag\">Sensibilidade \u00e0 luz<\/a>, <a href=\"https:\/\/clinicamedicadoporto.pt\/staging\/tag\/sintomas-das-alergias\/\" rel=\"tag\">Sintomas das Alergias<\/a>, <a href=\"https:\/\/clinicamedicadoporto.pt\/staging\/tag\/terapia\/\" rel=\"tag\">Terapia<\/a>, <a href=\"https:\/\/clinicamedicadoporto.pt\/staging\/tag\/terapias\/\" rel=\"tag\">Terapias<\/a>, <a href=\"https:\/\/clinicamedicadoporto.pt\/staging\/tag\/terapias-nao-convencionais\/\" rel=\"tag\">terapias n\u00e3o convencionais<\/a>, <a href=\"https:\/\/clinicamedicadoporto.pt\/staging\/tag\/todas-as-terapias\/\" rel=\"tag\">Todas as Terapias<\/a>, <a href=\"https:\/\/clinicamedicadoporto.pt\/staging\/tag\/tosse\/\" rel=\"tag\">Tosse<\/a>, <a href=\"https:\/\/clinicamedicadoporto.pt\/staging\/tag\/tratamento-das-alergias\/\" rel=\"tag\">Tratamento das Alergias<\/a>, <a href=\"https:\/\/clinicamedicadoporto.pt\/staging\/tag\/tratar-alergias\/\" rel=\"tag\">Tratar Alergias<\/a>, <a href=\"https:\/\/clinicamedicadoporto.pt\/staging\/tag\/vermelhidao-nos-olhos\/\" rel=\"tag\">Vermelhid\u00e3o nos olhos<\/a><\/span><span class=\"categories-links\"><i class=\"kwicon-fa-folder-open\"><\/i> <a href=\"https:\/\/clinicamedicadoporto.pt\/staging\/category\/terapias-nao-convencionais\/medicina-tradicional-chinesa\/acupuntura\/\" rel=\"category tag\">Acupuntura<\/a>, <a href=\"https:\/\/clinicamedicadoporto.pt\/staging\/category\/conselhos-uteis\/\" rel=\"category tag\">Conselhos \u00dateis<\/a>, <a href=\"https:\/\/clinicamedicadoporto.pt\/staging\/category\/cuidados-de-saude\/\" rel=\"category tag\">Cuidados de Sa\u00fade<\/a>, <a href=\"https:\/\/clinicamedicadoporto.pt\/staging\/category\/terapias-nao-convencionais\/medicina-tradicional-chinesa\/\" rel=\"category tag\">Medicina Tradicional Chinesa<\/a>, <a href=\"https:\/\/clinicamedicadoporto.pt\/staging\/category\/terapias-nao-convencionais\/\" rel=\"category tag\">Terapias N\u00e3o Convencionais<\/a><\/span><\/div>\r\n\t\t\t\t\t<div class=\"kwayy-blogbox-desc\">[vc_row][vc_co...<div class=\"kwayy-post-readmore\"><a href=\"https:\/\/clinicamedicadoporto.pt\/staging\/alergias-sazonais-sintomas-tratamento-e-tipos-de-alergias\/\">Read More<i class=\"kwicon-fa-angle-right\"><\/i><\/a><\/div><\/div>\r\n\t\t\t\t<\/div>\r\n\t\t\t<\/div>\r\n\t\t<\/article>\r\n\t\r\n\t\t<article class=\"post-box blog-slider-box-width kwayy-blogbox-format-standard especialidades-tecnicas osteopatia osteopatia-pedriatrica terapias-nao-convencionais\">\r\n\t\t\t<div class=\"post-item\">\r\n\t\t\t\t<div class=\"post-item-thumbnail\">\r\n\t\t\t\t\t<div class=\"post-item-thumbnail-inner\">\r\n\t\t\t\t\t\t<div class=\"kwayy-postbox-small-date\"><div class=\"kwayy-post-box-date-wrapper\"><div class=\"kwayy-entry-date-wrapper\">\r\n\t\t\t\t\t\t\t\t<span class=\"kwayy-entry-date\">\r\n\t\t\t\t\t\t\t\t\t<time class=\"entry-date\" datetime=\"\" >\r\n\t\t\t\t\t\t\t\t\t\t<span class=\"entry-date\"><\/span> \r\n\t\t\t\t\t\t\t\t\t\t<span class=\"entry-month\"><\/span> \r\n\t\t\t\t\t\t\t\t\t\t<span class=\"entry-year\"><\/span> \r\n\t\t\t\t\t\t\t\t\t<\/time>\r\n\t\t\t\t\t\t\t\t<\/span>\r\n\t\t\t\t\t\t\t<\/div><\/div><\/div>\r\n\t\t\t\t\t\t<a class=\"tm-blog-link\" href=\"https:\/\/clinicamedicadoporto.pt\/staging\/plagiocefalia-tratamento-dicas-uteis-e-contributo-da-osteopatia-infantil\/\"><img loading=\"lazy\" decoding=\"async\" width=\"832\" height=\"468\" src=\"https:\/\/clinicamedicadoporto.pt\/staging\/wp-content\/uploads\/2021\/03\/plagiocefalia-clinica-medica-do-porto-1.jpg\" class=\"attachment-portfolio-fix-column size-portfolio-fix-column wp-post-image\" alt=\"Plagiocefalia: o que \u00e9 e como tratar (Artigo da Cl\u00ednica M\u00e9dica do Porto)\" srcset=\"https:\/\/clinicamedicadoporto.pt\/staging\/wp-content\/uploads\/2021\/03\/plagiocefalia-clinica-medica-do-porto-1.jpg 832w, https:\/\/clinicamedicadoporto.pt\/staging\/wp-content\/uploads\/2021\/03\/plagiocefalia-clinica-medica-do-porto-1-768x432.jpg 768w, https:\/\/clinicamedicadoporto.pt\/staging\/wp-content\/uploads\/2021\/03\/plagiocefalia-clinica-medica-do-porto-1-727x409.jpg 727w, https:\/\/clinicamedicadoporto.pt\/staging\/wp-content\/uploads\/2021\/03\/plagiocefalia-clinica-medica-do-porto-1-720x406.jpg 720w, https:\/\/clinicamedicadoporto.pt\/staging\/wp-content\/uploads\/2021\/03\/plagiocefalia-clinica-medica-do-porto-1-750x422.jpg 750w\" sizes=\"auto, (max-width: 832px) 100vw, 832px\" \/><\/a>\r\n\t\t\t\t\t<\/div>\r\n\t\t\t\t\t<div class=\"overthumb\"><\/div>\r\n\t\t\t\t\t\r\n\t\t\t\t<\/div>\r\n\t\t\t\t<div class=\"item-content\">\r\n\t\t\t\t\t<h4><a href=\"https:\/\/clinicamedicadoporto.pt\/staging\/plagiocefalia-tratamento-dicas-uteis-e-contributo-da-osteopatia-infantil\/\">Plagiocefalia: Tratamento, Dicas \u00dateis e Contributo da Osteopatia Infantil<\/a><\/h4>\r\n\t\t\t\t\t<div class=\"kwayy-meta-details\"><div class=\"kwayy-post-user\"><span class=\"author vcard\"><i class=\"kwicon-fa-user\"><\/i> <a class=\"url fn n\" href=\"https:\/\/clinicamedicadoporto.pt\/staging\/author\/m-reis-cmp\/\" title=\"View all posts by \" rel=\"author\"><\/a><\/span><\/div><span class=\"tags-links\"><i class=\"kwicon-fa-tags\"><\/i> <a href=\"https:\/\/clinicamedicadoporto.pt\/staging\/tag\/clinicamedicadoporto\/\" rel=\"tag\">#clinicamedicadoporto<\/a>, <a href=\"https:\/\/clinicamedicadoporto.pt\/staging\/tag\/porto\/\" rel=\"tag\">#porto<\/a>, <a href=\"https:\/\/clinicamedicadoporto.pt\/staging\/tag\/todasasterapias\/\" rel=\"tag\">#todasasterapias<\/a>, <a href=\"https:\/\/clinicamedicadoporto.pt\/staging\/tag\/almofada-mimos-para-plagiocefalia\/\" rel=\"tag\">almofada mimos\u00ae para plagiocefalia<\/a>, <a href=\"https:\/\/clinicamedicadoporto.pt\/staging\/tag\/assimetria-cranial\/\" rel=\"tag\">assimetria cranial<\/a>, <a href=\"https:\/\/clinicamedicadoporto.pt\/staging\/tag\/bebe-com-cabeca-ovalada-ou-torta\/\" rel=\"tag\">beb\u00e9 com cabe\u00e7a ovalada ou \"torta\"<\/a>, <a href=\"https:\/\/clinicamedicadoporto.pt\/staging\/tag\/cabeca-oval\/\" rel=\"tag\">cabe\u00e7a oval<\/a>, <a href=\"https:\/\/clinicamedicadoporto.pt\/staging\/tag\/clinica\/\" rel=\"tag\">clinica<\/a>, <a href=\"https:\/\/clinicamedicadoporto.pt\/staging\/tag\/clinica-medica-do-porto\/\" rel=\"tag\">Clinica M\u00e9dica do Porto<\/a>, <a href=\"https:\/\/clinicamedicadoporto.pt\/staging\/tag\/clinica-porto\/\" rel=\"tag\">Clinica Porto<\/a>, <a href=\"https:\/\/clinicamedicadoporto.pt\/staging\/tag\/como-corrigir-a-plagiocefalia\/\" rel=\"tag\">como corrigir a plagiocefalia<\/a>, <a href=\"https:\/\/clinicamedicadoporto.pt\/staging\/tag\/consulta\/\" rel=\"tag\">Consulta<\/a>, <a href=\"https:\/\/clinicamedicadoporto.pt\/staging\/tag\/consulta-clinica-porto\/\" rel=\"tag\">Consulta Clinica Porto<\/a>, <a href=\"https:\/\/clinicamedicadoporto.pt\/staging\/tag\/consulta-de-osteopatia-pediatrica\/\" rel=\"tag\">Consulta de Osteopatia Pedi\u00e1trica<\/a>, <a href=\"https:\/\/clinicamedicadoporto.pt\/staging\/tag\/consulta-de-plagiocefalia\/\" rel=\"tag\">Consulta de Plagiocefalia<\/a>, <a href=\"https:\/\/clinicamedicadoporto.pt\/staging\/tag\/consulta-medica\/\" rel=\"tag\">Consulta M\u00e9dica<\/a>, <a href=\"https:\/\/clinicamedicadoporto.pt\/staging\/tag\/dicas-para-tratar-a-plagiocefalia\/\" rel=\"tag\">dicas para tratar a plagiocefalia<\/a>, <a href=\"https:\/\/clinicamedicadoporto.pt\/staging\/tag\/especialista-em-osteopatia-pediatrica\/\" rel=\"tag\">Especialista em Osteopatia Pedi\u00e1trica<\/a>, <a href=\"https:\/\/clinicamedicadoporto.pt\/staging\/tag\/evitar-plagiocefalia\/\" rel=\"tag\">evitar plagiocefalia<\/a>, <a href=\"https:\/\/clinicamedicadoporto.pt\/staging\/tag\/exercicios-para-a-plagiocefalia\/\" rel=\"tag\">exerc\u00edcios para a plagiocefalia<\/a>, <a href=\"https:\/\/clinicamedicadoporto.pt\/staging\/tag\/fisioterapia-para-plagiocefalia\/\" rel=\"tag\">fisioterapia para plagiocefalia<\/a>, <a href=\"https:\/\/clinicamedicadoporto.pt\/staging\/tag\/medicina-alternativa\/\" rel=\"tag\">medicina alternativa<\/a>, <a href=\"https:\/\/clinicamedicadoporto.pt\/staging\/tag\/o-que-e-a-plagiocefalia\/\" rel=\"tag\">o que \u00e9 a plagiocefalia<\/a>, <a href=\"https:\/\/clinicamedicadoporto.pt\/staging\/tag\/plagiocefalia\/\" rel=\"tag\">plagiocefalia<\/a>, <a href=\"https:\/\/clinicamedicadoporto.pt\/staging\/tag\/plagiocefalia-no-bebe\/\" rel=\"tag\">plagiocefalia no beb\u00e9<\/a>, <a href=\"https:\/\/clinicamedicadoporto.pt\/staging\/tag\/plagiocefalia-porto\/\" rel=\"tag\">plagiocefalia porto<\/a>, <a href=\"https:\/\/clinicamedicadoporto.pt\/staging\/tag\/plagiocefalia-posicional\/\" rel=\"tag\">plagiocefalia posicional<\/a>, <a href=\"https:\/\/clinicamedicadoporto.pt\/staging\/tag\/plagiocefalia-postural\/\" rel=\"tag\">plagiocefalia postural<\/a>, <a href=\"https:\/\/clinicamedicadoporto.pt\/staging\/tag\/plagiocefalia-recem-nascido\/\" rel=\"tag\">plagiocefalia recem nascido<\/a>, <a href=\"https:\/\/clinicamedicadoporto.pt\/staging\/tag\/terapia\/\" rel=\"tag\">Terapia<\/a>, <a href=\"https:\/\/clinicamedicadoporto.pt\/staging\/tag\/terapias\/\" rel=\"tag\">Terapias<\/a>, <a href=\"https:\/\/clinicamedicadoporto.pt\/staging\/tag\/terapias-nao-convencionais\/\" rel=\"tag\">terapias n\u00e3o convencionais<\/a>, <a href=\"https:\/\/clinicamedicadoporto.pt\/staging\/tag\/todas-as-terapias\/\" rel=\"tag\">Todas as Terapias<\/a>, <a href=\"https:\/\/clinicamedicadoporto.pt\/staging\/tag\/tratamento-da-plagiocefalia\/\" rel=\"tag\">tratamento da plagiocefalia<\/a>, <a href=\"https:\/\/clinicamedicadoporto.pt\/staging\/tag\/tratamento-da-plagiocefalia-em-portugal\/\" rel=\"tag\">tratamento da plagiocefalia em portugal<\/a>, <a href=\"https:\/\/clinicamedicadoporto.pt\/staging\/tag\/tratamento-osteopatico-da\/\" rel=\"tag\">tratamento osteopatico da<\/a>, <a href=\"https:\/\/clinicamedicadoporto.pt\/staging\/tag\/tratar-plagiocefalia-no-recem-nascido\/\" rel=\"tag\">Tratar Plagiocefalia no Rec\u00e9m Nascido<\/a><\/span><span class=\"categories-links\"><i class=\"kwicon-fa-folder-open\"><\/i> <a href=\"https:\/\/clinicamedicadoporto.pt\/staging\/category\/especialidades-tecnicas\/\" rel=\"category tag\">Especialidades T\u00e9cnicas<\/a>, <a href=\"https:\/\/clinicamedicadoporto.pt\/staging\/category\/terapias-nao-convencionais\/osteopatia\/\" rel=\"category tag\">Osteopatia<\/a>, <a href=\"https:\/\/clinicamedicadoporto.pt\/staging\/category\/terapias-nao-convencionais\/osteopatia\/osteopatia-pedriatrica\/\" rel=\"category tag\">Osteopatia Pedri\u00e1trica<\/a>, <a href=\"https:\/\/clinicamedicadoporto.pt\/staging\/category\/terapias-nao-convencionais\/\" rel=\"category tag\">Terapias N\u00e3o Convencionais<\/a><\/span><\/div>\r\n\t\t\t\t\t<div class=\"kwayy-blogbox-desc\">[vc_row][vc_co...<div class=\"kwayy-post-readmore\"><a href=\"https:\/\/clinicamedicadoporto.pt\/staging\/plagiocefalia-tratamento-dicas-uteis-e-contributo-da-osteopatia-infantil\/\">Read More<i class=\"kwicon-fa-angle-right\"><\/i><\/a><\/div><\/div>\r\n\t\t\t\t<\/div>\r\n\t\t\t<\/div>\r\n\t\t<\/article>\r\n\t\r\n\t\t<article class=\"post-box blog-slider-box-width kwayy-blogbox-format-standard conselhos-uteis especialidades-tecnicas reflecoes\">\r\n\t\t\t<div class=\"post-item\">\r\n\t\t\t\t<div class=\"post-item-thumbnail\">\r\n\t\t\t\t\t<div class=\"post-item-thumbnail-inner\">\r\n\t\t\t\t\t\t<div class=\"kwayy-postbox-small-date\"><div class=\"kwayy-post-box-date-wrapper\"><div class=\"kwayy-entry-date-wrapper\">\r\n\t\t\t\t\t\t\t\t<span class=\"kwayy-entry-date\">\r\n\t\t\t\t\t\t\t\t\t<time class=\"entry-date\" datetime=\"\" >\r\n\t\t\t\t\t\t\t\t\t\t<span class=\"entry-date\"><\/span> \r\n\t\t\t\t\t\t\t\t\t\t<span class=\"entry-month\"><\/span> \r\n\t\t\t\t\t\t\t\t\t\t<span class=\"entry-year\"><\/span> \r\n\t\t\t\t\t\t\t\t\t<\/time>\r\n\t\t\t\t\t\t\t\t<\/span>\r\n\t\t\t\t\t\t\t<\/div><\/div><\/div>\r\n\t\t\t\t\t\t<a class=\"tm-blog-link\" href=\"https:\/\/clinicamedicadoporto.pt\/staging\/desenvolvimento-do-bebe-guia-para-uma-crianca-feliz-e-um-adulto-saudavel\/\"><img loading=\"lazy\" decoding=\"async\" width=\"832\" height=\"468\" src=\"https:\/\/clinicamedicadoporto.pt\/staging\/wp-content\/uploads\/2021\/02\/Foto-1-Desenvolvimento-Recem-Nascido-Clinica-Medica-Porto.jpg\" class=\"attachment-portfolio-fix-column size-portfolio-fix-column wp-post-image\" alt=\"Desenvolvimento-Recem-Nascido-Clinica-Medica-Porto-Foto-1\" srcset=\"https:\/\/clinicamedicadoporto.pt\/staging\/wp-content\/uploads\/2021\/02\/Foto-1-Desenvolvimento-Recem-Nascido-Clinica-Medica-Porto.jpg 832w, https:\/\/clinicamedicadoporto.pt\/staging\/wp-content\/uploads\/2021\/02\/Foto-1-Desenvolvimento-Recem-Nascido-Clinica-Medica-Porto-768x432.jpg 768w, https:\/\/clinicamedicadoporto.pt\/staging\/wp-content\/uploads\/2021\/02\/Foto-1-Desenvolvimento-Recem-Nascido-Clinica-Medica-Porto-727x409.jpg 727w, https:\/\/clinicamedicadoporto.pt\/staging\/wp-content\/uploads\/2021\/02\/Foto-1-Desenvolvimento-Recem-Nascido-Clinica-Medica-Porto-720x406.jpg 720w, https:\/\/clinicamedicadoporto.pt\/staging\/wp-content\/uploads\/2021\/02\/Foto-1-Desenvolvimento-Recem-Nascido-Clinica-Medica-Porto-750x422.jpg 750w\" sizes=\"auto, (max-width: 832px) 100vw, 832px\" \/><\/a>\r\n\t\t\t\t\t<\/div>\r\n\t\t\t\t\t<div class=\"overthumb\"><\/div>\r\n\t\t\t\t\t\r\n\t\t\t\t<\/div>\r\n\t\t\t\t<div class=\"item-content\">\r\n\t\t\t\t\t<h4><a href=\"https:\/\/clinicamedicadoporto.pt\/staging\/desenvolvimento-do-bebe-guia-para-uma-crianca-feliz-e-um-adulto-saudavel\/\">Desenvolvimento do Beb\u00e9: Guia para uma Crian\u00e7a Feliz e Um Adulto Saud\u00e1vel<\/a><\/h4>\r\n\t\t\t\t\t<div class=\"kwayy-meta-details\"><div class=\"kwayy-post-user\"><span class=\"author vcard\"><i class=\"kwicon-fa-user\"><\/i> <a class=\"url fn n\" href=\"https:\/\/clinicamedicadoporto.pt\/staging\/author\/m-reis-cmp\/\" title=\"View all posts by \" rel=\"author\"><\/a><\/span><\/div><span class=\"tags-links\"><i class=\"kwicon-fa-tags\"><\/i> <a href=\"https:\/\/clinicamedicadoporto.pt\/staging\/tag\/clinicamedicadoporto\/\" rel=\"tag\">#clinicamedicadoporto<\/a>, <a href=\"https:\/\/clinicamedicadoporto.pt\/staging\/tag\/porto\/\" rel=\"tag\">#porto<\/a>, <a href=\"https:\/\/clinicamedicadoporto.pt\/staging\/tag\/todasasterapias\/\" rel=\"tag\">#todasasterapias<\/a>, <a href=\"https:\/\/clinicamedicadoporto.pt\/staging\/tag\/clinica\/\" rel=\"tag\">clinica<\/a>, <a href=\"https:\/\/clinicamedicadoporto.pt\/staging\/tag\/clinica-medica-do-porto\/\" rel=\"tag\">Clinica M\u00e9dica do Porto<\/a>, <a href=\"https:\/\/clinicamedicadoporto.pt\/staging\/tag\/clinica-porto\/\" rel=\"tag\">Clinica Porto<\/a>, <a href=\"https:\/\/clinicamedicadoporto.pt\/staging\/tag\/consulta\/\" rel=\"tag\">Consulta<\/a>, <a href=\"https:\/\/clinicamedicadoporto.pt\/staging\/tag\/consulta-clinica-porto\/\" rel=\"tag\">Consulta Clinica Porto<\/a>, <a href=\"https:\/\/clinicamedicadoporto.pt\/staging\/tag\/consulta-de-fisioterapia-infantil\/\" rel=\"tag\">Consulta de Fisioterapia Infantil<\/a>, <a href=\"https:\/\/clinicamedicadoporto.pt\/staging\/tag\/consulta-de-plagiocefalia\/\" rel=\"tag\">Consulta de Plagiocefalia<\/a>, <a href=\"https:\/\/clinicamedicadoporto.pt\/staging\/tag\/consulta-medica\/\" rel=\"tag\">Consulta M\u00e9dica<\/a>, <a href=\"https:\/\/clinicamedicadoporto.pt\/staging\/tag\/consulta-para-tratar-plagiocefalia-no-recem-nascido\/\" rel=\"tag\">Consulta para Tratar Plagiocefalia no Rec\u00e9m Nascido<\/a>, <a href=\"https:\/\/clinicamedicadoporto.pt\/staging\/tag\/coordenacao-do-recem-rascido\/\" rel=\"tag\">coordena\u00e7\u00e3o do recem rascido<\/a>, <a href=\"https:\/\/clinicamedicadoporto.pt\/staging\/tag\/coordenacao-motora-beb\/\" rel=\"tag\">coordena\u00e7\u00e3o motora beb<\/a>, <a href=\"https:\/\/clinicamedicadoporto.pt\/staging\/tag\/desenvolvimento-cognitivo\/\" rel=\"tag\">Desenvolvimento Cognitivo<\/a>, <a href=\"https:\/\/clinicamedicadoporto.pt\/staging\/tag\/desenvolvimento-do-bebe\/\" rel=\"tag\">Desenvolvimento do Beb\u00e9<\/a>, <a href=\"https:\/\/clinicamedicadoporto.pt\/staging\/tag\/desenvolvimento-motor-do-bebe\/\" rel=\"tag\">Desenvolvimento Motor do Beb\u00e9<\/a>, <a href=\"https:\/\/clinicamedicadoporto.pt\/staging\/tag\/estimulos-bebe\/\" rel=\"tag\">Est\u00edmulos beb\u00e9<\/a>, <a href=\"https:\/\/clinicamedicadoporto.pt\/staging\/tag\/estimulos-dos-bebes-na-sociedade-moderna\/\" rel=\"tag\">Est\u00edmulos dos Beb\u00e9s na Sociedade Moderna<\/a>, <a href=\"https:\/\/clinicamedicadoporto.pt\/staging\/tag\/estimulos-no-recem-nascido\/\" rel=\"tag\">Est\u00edmulos no rec\u00e9m Nascido<\/a>, <a href=\"https:\/\/clinicamedicadoporto.pt\/staging\/tag\/fisioterapia-infantil\/\" rel=\"tag\">Fisioterapia Infantil<\/a>, <a href=\"https:\/\/clinicamedicadoporto.pt\/staging\/tag\/medicina-alternativa\/\" rel=\"tag\">medicina alternativa<\/a>, <a href=\"https:\/\/clinicamedicadoporto.pt\/staging\/tag\/motricidade-do-bebe\/\" rel=\"tag\">motricidade do beb\u00e9<\/a>, <a href=\"https:\/\/clinicamedicadoporto.pt\/staging\/tag\/plagiocefalia\/\" rel=\"tag\">plagiocefalia<\/a>, <a href=\"https:\/\/clinicamedicadoporto.pt\/staging\/tag\/plagiocefalia-no-recem-nascido\/\" rel=\"tag\">Plagiocefalia no rec\u00e9m Nascido<\/a>, <a href=\"https:\/\/clinicamedicadoporto.pt\/staging\/tag\/posicionamento-do-bebe\/\" rel=\"tag\">posicionamento do beb\u00e9<\/a>, <a href=\"https:\/\/clinicamedicadoporto.pt\/staging\/tag\/recem-nascido\/\" rel=\"tag\">Recem-Nascido<\/a>, <a href=\"https:\/\/clinicamedicadoporto.pt\/staging\/tag\/terapia\/\" rel=\"tag\">Terapia<\/a>, <a href=\"https:\/\/clinicamedicadoporto.pt\/staging\/tag\/terapias\/\" rel=\"tag\">Terapias<\/a>, <a href=\"https:\/\/clinicamedicadoporto.pt\/staging\/tag\/terapias-nao-convencionais\/\" rel=\"tag\">terapias n\u00e3o convencionais<\/a>, <a href=\"https:\/\/clinicamedicadoporto.pt\/staging\/tag\/todas-as-terapias\/\" rel=\"tag\">Todas as Terapias<\/a>, <a href=\"https:\/\/clinicamedicadoporto.pt\/staging\/tag\/tummy-time\/\" rel=\"tag\">tummy time<\/a><\/span><span class=\"categories-links\"><i class=\"kwicon-fa-folder-open\"><\/i> <a href=\"https:\/\/clinicamedicadoporto.pt\/staging\/category\/conselhos-uteis\/\" rel=\"category tag\">Conselhos \u00dateis<\/a>, <a href=\"https:\/\/clinicamedicadoporto.pt\/staging\/category\/especialidades-tecnicas\/\" rel=\"category tag\">Especialidades T\u00e9cnicas<\/a>, <a href=\"https:\/\/clinicamedicadoporto.pt\/staging\/category\/reflecoes\/\" rel=\"category tag\">Reflex\u00f5es<\/a><\/span><\/div>\r\n\t\t\t\t\t<div class=\"kwayy-blogbox-desc\">[vc_row][vc_co...<div class=\"kwayy-post-readmore\"><a href=\"https:\/\/clinicamedicadoporto.pt\/staging\/desenvolvimento-do-bebe-guia-para-uma-crianca-feliz-e-um-adulto-saudavel\/\">Read More<i class=\"kwicon-fa-angle-right\"><\/i><\/a><\/div><\/div>\r\n\t\t\t\t<\/div>\r\n\t\t\t<\/div>\r\n\t\t<\/article>\r\n\t\r\n\t\t<article class=\"post-box blog-slider-box-width kwayy-blogbox-format-standard cuidados-de-saude especialidades-tecnicas\">\r\n\t\t\t<div class=\"post-item\">\r\n\t\t\t\t<div class=\"post-item-thumbnail\">\r\n\t\t\t\t\t<div class=\"post-item-thumbnail-inner\">\r\n\t\t\t\t\t\t<div class=\"kwayy-postbox-small-date\"><div class=\"kwayy-post-box-date-wrapper\"><div class=\"kwayy-entry-date-wrapper\">\r\n\t\t\t\t\t\t\t\t<span class=\"kwayy-entry-date\">\r\n\t\t\t\t\t\t\t\t\t<time class=\"entry-date\" datetime=\"\" >\r\n\t\t\t\t\t\t\t\t\t\t<span class=\"entry-date\"><\/span> \r\n\t\t\t\t\t\t\t\t\t\t<span class=\"entry-month\"><\/span> \r\n\t\t\t\t\t\t\t\t\t\t<span class=\"entry-year\"><\/span> \r\n\t\t\t\t\t\t\t\t\t<\/time>\r\n\t\t\t\t\t\t\t\t<\/span>\r\n\t\t\t\t\t\t\t<\/div><\/div><\/div>\r\n\t\t\t\t\t\t<a class=\"tm-blog-link\" href=\"https:\/\/clinicamedicadoporto.pt\/staging\/quisto-sacrococcigeo-tratamento-por-laserterapia-fotobiomodulacao\/\"><img loading=\"lazy\" decoding=\"async\" width=\"727\" height=\"409\" src=\"https:\/\/clinicamedicadoporto.pt\/staging\/wp-content\/uploads\/2021\/02\/quisto-sacrococcigeo-clinica-medica-porto-727-409.jpg\" class=\"attachment-portfolio-fix-column size-portfolio-fix-column wp-post-image\" alt=\"quisto-sacrococcigeo-clinica-medica-porto-727-409\" srcset=\"https:\/\/clinicamedicadoporto.pt\/staging\/wp-content\/uploads\/2021\/02\/quisto-sacrococcigeo-clinica-medica-porto-727-409.jpg 727w, https:\/\/clinicamedicadoporto.pt\/staging\/wp-content\/uploads\/2021\/02\/quisto-sacrococcigeo-clinica-medica-porto-727-409-720x406.jpg 720w\" sizes=\"auto, (max-width: 727px) 100vw, 727px\" \/><\/a>\r\n\t\t\t\t\t<\/div>\r\n\t\t\t\t\t<div class=\"overthumb\"><\/div>\r\n\t\t\t\t\t\r\n\t\t\t\t<\/div>\r\n\t\t\t\t<div class=\"item-content\">\r\n\t\t\t\t\t<h4><a href=\"https:\/\/clinicamedicadoporto.pt\/staging\/quisto-sacrococcigeo-tratamento-por-laserterapia-fotobiomodulacao\/\">Quisto Sacrococc\u00edgeo &#8211; Tratamento por Laserterapia \/ FotobioModula\u00e7\u00e3o<\/a><\/h4>\r\n\t\t\t\t\t<div class=\"kwayy-meta-details\"><div class=\"kwayy-post-user\"><span class=\"author vcard\"><i class=\"kwicon-fa-user\"><\/i> <a class=\"url fn n\" href=\"https:\/\/clinicamedicadoporto.pt\/staging\/author\/m-reis-cmp\/\" title=\"View all posts by \" rel=\"author\"><\/a><\/span><\/div><span class=\"tags-links\"><i class=\"kwicon-fa-tags\"><\/i> <a href=\"https:\/\/clinicamedicadoporto.pt\/staging\/tag\/clinicamedicadoporto\/\" rel=\"tag\">#clinicamedicadoporto<\/a>, <a href=\"https:\/\/clinicamedicadoporto.pt\/staging\/tag\/porto\/\" rel=\"tag\">#porto<\/a>, <a href=\"https:\/\/clinicamedicadoporto.pt\/staging\/tag\/todasasterapias\/\" rel=\"tag\">#todasasterapias<\/a>, <a href=\"https:\/\/clinicamedicadoporto.pt\/staging\/tag\/abcesso-cutaneo\/\" rel=\"tag\">abcesso cut\u00e2neo<\/a>, <a href=\"https:\/\/clinicamedicadoporto.pt\/staging\/tag\/cicatrizacao\/\" rel=\"tag\">cicatriza\u00e7\u00e3o<\/a>, <a href=\"https:\/\/clinicamedicadoporto.pt\/staging\/tag\/cicatrizacao-de-feridas\/\" rel=\"tag\">Cicatriza\u00e7\u00e3o de feridas<\/a>, <a href=\"https:\/\/clinicamedicadoporto.pt\/staging\/tag\/clinica\/\" rel=\"tag\">clinica<\/a>, <a href=\"https:\/\/clinicamedicadoporto.pt\/staging\/tag\/clinica-medica-do-porto\/\" rel=\"tag\">Clinica M\u00e9dica do Porto<\/a>, <a href=\"https:\/\/clinicamedicadoporto.pt\/staging\/tag\/clinica-porto\/\" rel=\"tag\">Clinica Porto<\/a>, <a href=\"https:\/\/clinicamedicadoporto.pt\/staging\/tag\/consulta\/\" rel=\"tag\">Consulta<\/a>, <a href=\"https:\/\/clinicamedicadoporto.pt\/staging\/tag\/consulta-clinica-porto\/\" rel=\"tag\">Consulta Clinica Porto<\/a>, <a href=\"https:\/\/clinicamedicadoporto.pt\/staging\/tag\/consulta-medica\/\" rel=\"tag\">Consulta M\u00e9dica<\/a>, <a href=\"https:\/\/clinicamedicadoporto.pt\/staging\/tag\/fotobiomodulacao\/\" rel=\"tag\">fotobiomodula\u00e7\u00e3o<\/a>, <a href=\"https:\/\/clinicamedicadoporto.pt\/staging\/tag\/laser-na-cicatrizacao-de-feridas\/\" rel=\"tag\">Laser na cicatriza\u00e7\u00e3o de feridas<\/a>, <a href=\"https:\/\/clinicamedicadoporto.pt\/staging\/tag\/laserterapia\/\" rel=\"tag\">Laserterapia<\/a>, <a href=\"https:\/\/clinicamedicadoporto.pt\/staging\/tag\/medicina-alternativa\/\" rel=\"tag\">medicina alternativa<\/a>, <a href=\"https:\/\/clinicamedicadoporto.pt\/staging\/tag\/quisto-com-pelos\/\" rel=\"tag\">quisto com pelos<\/a>, <a href=\"https:\/\/clinicamedicadoporto.pt\/staging\/tag\/quisto-dermatologico\/\" rel=\"tag\">quisto dermatologico<\/a>, <a href=\"https:\/\/clinicamedicadoporto.pt\/staging\/tag\/quisto-pilonidal\/\" rel=\"tag\">quisto pilonidal<\/a>, <a href=\"https:\/\/clinicamedicadoporto.pt\/staging\/tag\/quisto-sacrococcigeo\/\" rel=\"tag\">quisto sacrococcigeo<\/a>, <a href=\"https:\/\/clinicamedicadoporto.pt\/staging\/tag\/terapia\/\" rel=\"tag\">Terapia<\/a>, <a href=\"https:\/\/clinicamedicadoporto.pt\/staging\/tag\/terapias\/\" rel=\"tag\">Terapias<\/a>, <a href=\"https:\/\/clinicamedicadoporto.pt\/staging\/tag\/terapias-nao-convencionais\/\" rel=\"tag\">terapias n\u00e3o convencionais<\/a>, <a href=\"https:\/\/clinicamedicadoporto.pt\/staging\/tag\/todas-as-terapias\/\" rel=\"tag\">Todas as Terapias<\/a>, <a href=\"https:\/\/clinicamedicadoporto.pt\/staging\/tag\/tratamento-de-feridas\/\" rel=\"tag\">tratamento de feridas<\/a>, <a href=\"https:\/\/clinicamedicadoporto.pt\/staging\/tag\/tratamento-do-quisto-sacrococcigeo\/\" rel=\"tag\">Tratamento do Quisto Sacrococc\u00edgeo<\/a>, <a href=\"https:\/\/clinicamedicadoporto.pt\/staging\/tag\/tratamento-quisto\/\" rel=\"tag\">Tratamento Quisto<\/a><\/span><span class=\"categories-links\"><i class=\"kwicon-fa-folder-open\"><\/i> <a href=\"https:\/\/clinicamedicadoporto.pt\/staging\/category\/especialidades-tecnicas\/\" rel=\"category tag\">Especialidades T\u00e9cnicas<\/a>, <a href=\"https:\/\/clinicamedicadoporto.pt\/staging\/category\/cuidados-de-saude\/\" rel=\"category tag\">Cuidados de Sa\u00fade<\/a><\/span><\/div>\r\n\t\t\t\t\t<div class=\"kwayy-blogbox-desc\">[vc_row][vc_co...<div class=\"kwayy-post-readmore\"><a href=\"https:\/\/clinicamedicadoporto.pt\/staging\/quisto-sacrococcigeo-tratamento-por-laserterapia-fotobiomodulacao\/\">Read More<i class=\"kwicon-fa-angle-right\"><\/i><\/a><\/div><\/div>\r\n\t\t\t\t<\/div>\r\n\t\t\t<\/div>\r\n\t\t<\/article>\r\n\t\r\n\t\t<article class=\"post-box blog-slider-box-width kwayy-blogbox-format-standard conselhos-uteis cuidados-de-saude medicina-integrativa nutricao-e-dietetica psicossomaticas reflecoes terapias-nao-convencionais\">\r\n\t\t\t<div class=\"post-item\">\r\n\t\t\t\t<div class=\"post-item-thumbnail\">\r\n\t\t\t\t\t<div class=\"post-item-thumbnail-inner\">\r\n\t\t\t\t\t\t<div class=\"kwayy-postbox-small-date\"><div class=\"kwayy-post-box-date-wrapper\"><div class=\"kwayy-entry-date-wrapper\">\r\n\t\t\t\t\t\t\t\t<span class=\"kwayy-entry-date\">\r\n\t\t\t\t\t\t\t\t\t<time class=\"entry-date\" datetime=\"\" >\r\n\t\t\t\t\t\t\t\t\t\t<span class=\"entry-date\"><\/span> \r\n\t\t\t\t\t\t\t\t\t\t<span class=\"entry-month\"><\/span> \r\n\t\t\t\t\t\t\t\t\t\t<span class=\"entry-year\"><\/span> \r\n\t\t\t\t\t\t\t\t\t<\/time>\r\n\t\t\t\t\t\t\t\t<\/span>\r\n\t\t\t\t\t\t\t<\/div><\/div><\/div>\r\n\t\t\t\t\t\t<a class=\"tm-blog-link\" href=\"https:\/\/clinicamedicadoporto.pt\/staging\/2021-ano-novo-saude-nova-o-que-aprendemos-com-a-pandemia-e-com-o-virus-da-covid-19\/\"><img loading=\"lazy\" decoding=\"async\" width=\"832\" height=\"468\" src=\"https:\/\/clinicamedicadoporto.pt\/staging\/wp-content\/uploads\/2021\/01\/o-que-aprendemos-com-o-covid-19-clinica-medica-do-porto.jpg\" class=\"attachment-portfolio-fix-column size-portfolio-fix-column wp-post-image\" alt=\"imagem-o-que-aprendemos-com-o-covid-19-clinica-medica-do-porto\" srcset=\"https:\/\/clinicamedicadoporto.pt\/staging\/wp-content\/uploads\/2021\/01\/o-que-aprendemos-com-o-covid-19-clinica-medica-do-porto.jpg 832w, https:\/\/clinicamedicadoporto.pt\/staging\/wp-content\/uploads\/2021\/01\/o-que-aprendemos-com-o-covid-19-clinica-medica-do-porto-768x432.jpg 768w, https:\/\/clinicamedicadoporto.pt\/staging\/wp-content\/uploads\/2021\/01\/o-que-aprendemos-com-o-covid-19-clinica-medica-do-porto-727x409.jpg 727w, https:\/\/clinicamedicadoporto.pt\/staging\/wp-content\/uploads\/2021\/01\/o-que-aprendemos-com-o-covid-19-clinica-medica-do-porto-720x406.jpg 720w, https:\/\/clinicamedicadoporto.pt\/staging\/wp-content\/uploads\/2021\/01\/o-que-aprendemos-com-o-covid-19-clinica-medica-do-porto-750x422.jpg 750w\" sizes=\"auto, (max-width: 832px) 100vw, 832px\" \/><\/a>\r\n\t\t\t\t\t<\/div>\r\n\t\t\t\t\t<div class=\"overthumb\"><\/div>\r\n\t\t\t\t\t\r\n\t\t\t\t<\/div>\r\n\t\t\t\t<div class=\"item-content\">\r\n\t\t\t\t\t<h4><a href=\"https:\/\/clinicamedicadoporto.pt\/staging\/2021-ano-novo-saude-nova-o-que-aprendemos-com-a-pandemia-e-com-o-virus-da-covid-19\/\">2021 &#8211; Ano Novo, Sa\u00fade Nova. O que Aprendemos com a Pandemia e com o V\u00edrus da COVID-19<\/a><\/h4>\r\n\t\t\t\t\t<div class=\"kwayy-meta-details\"><div class=\"kwayy-post-user\"><span class=\"author vcard\"><i class=\"kwicon-fa-user\"><\/i> <a class=\"url fn n\" href=\"https:\/\/clinicamedicadoporto.pt\/staging\/author\/m-reis-cmp\/\" title=\"View all posts by \" rel=\"author\"><\/a><\/span><\/div><span class=\"tags-links\"><i class=\"kwicon-fa-tags\"><\/i> <a href=\"https:\/\/clinicamedicadoporto.pt\/staging\/tag\/clinicamedicadoporto\/\" rel=\"tag\">#clinicamedicadoporto<\/a>, <a href=\"https:\/\/clinicamedicadoporto.pt\/staging\/tag\/porto\/\" rel=\"tag\">#porto<\/a>, <a href=\"https:\/\/clinicamedicadoporto.pt\/staging\/tag\/todasasterapias\/\" rel=\"tag\">#todasasterapias<\/a>, <a href=\"https:\/\/clinicamedicadoporto.pt\/staging\/tag\/2021\/\" rel=\"tag\">2021<\/a>, <a href=\"https:\/\/clinicamedicadoporto.pt\/staging\/tag\/aprender-a-viver-com-a-pandemia\/\" rel=\"tag\">Aprender a viver com a Pandemia<\/a>, <a href=\"https:\/\/clinicamedicadoporto.pt\/staging\/tag\/aprendizagem\/\" rel=\"tag\">Aprendizagem<\/a>, <a href=\"https:\/\/clinicamedicadoporto.pt\/staging\/tag\/aprendizagens-com-a-pandemia\/\" rel=\"tag\">Aprendizagens com a Pandemia<\/a>, <a href=\"https:\/\/clinicamedicadoporto.pt\/staging\/tag\/clinica\/\" rel=\"tag\">clinica<\/a>, <a href=\"https:\/\/clinicamedicadoporto.pt\/staging\/tag\/clinica-medica-do-porto\/\" rel=\"tag\">Clinica M\u00e9dica do Porto<\/a>, <a href=\"https:\/\/clinicamedicadoporto.pt\/staging\/tag\/clinica-porto\/\" rel=\"tag\">Clinica Porto<\/a>, <a href=\"https:\/\/clinicamedicadoporto.pt\/staging\/tag\/consulta\/\" rel=\"tag\">Consulta<\/a>, <a href=\"https:\/\/clinicamedicadoporto.pt\/staging\/tag\/consulta-clinica-porto\/\" rel=\"tag\">Consulta Clinica Porto<\/a>, <a href=\"https:\/\/clinicamedicadoporto.pt\/staging\/tag\/consulta-medica\/\" rel=\"tag\">Consulta M\u00e9dica<\/a>, <a href=\"https:\/\/clinicamedicadoporto.pt\/staging\/tag\/covid-19\/\" rel=\"tag\">COVID-19<\/a>, <a href=\"https:\/\/clinicamedicadoporto.pt\/staging\/tag\/medicina-alternativa\/\" rel=\"tag\">medicina alternativa<\/a>, <a href=\"https:\/\/clinicamedicadoporto.pt\/staging\/tag\/novo-ano-nova-saude\/\" rel=\"tag\">Novo Ano Nova Sa\u00fade<\/a>, <a href=\"https:\/\/clinicamedicadoporto.pt\/staging\/tag\/pandemia\/\" rel=\"tag\">Pandemia<\/a>, <a href=\"https:\/\/clinicamedicadoporto.pt\/staging\/tag\/stayawaycovid\/\" rel=\"tag\">StayAwayCovid<\/a>, <a href=\"https:\/\/clinicamedicadoporto.pt\/staging\/tag\/terapia\/\" rel=\"tag\">Terapia<\/a>, <a href=\"https:\/\/clinicamedicadoporto.pt\/staging\/tag\/terapias\/\" rel=\"tag\">Terapias<\/a>, <a href=\"https:\/\/clinicamedicadoporto.pt\/staging\/tag\/terapias-nao-convencionais\/\" rel=\"tag\">terapias n\u00e3o convencionais<\/a>, <a href=\"https:\/\/clinicamedicadoporto.pt\/staging\/tag\/todas-as-terapias\/\" rel=\"tag\">Todas as Terapias<\/a><\/span><span class=\"categories-links\"><i class=\"kwicon-fa-folder-open\"><\/i> <a href=\"https:\/\/clinicamedicadoporto.pt\/staging\/category\/conselhos-uteis\/\" rel=\"category tag\">Conselhos \u00dateis<\/a>, <a href=\"https:\/\/clinicamedicadoporto.pt\/staging\/category\/cuidados-de-saude\/\" rel=\"category tag\">Cuidados de Sa\u00fade<\/a>, <a href=\"https:\/\/clinicamedicadoporto.pt\/staging\/category\/medicina-integrativa\/\" rel=\"category tag\">Medicina Integrativa<\/a>, <a href=\"https:\/\/clinicamedicadoporto.pt\/staging\/category\/nutricao-e-dietetica\/\" rel=\"category tag\">Nutri\u00e7\u00e3o e Diet\u00e9tica<\/a>, <a href=\"https:\/\/clinicamedicadoporto.pt\/staging\/category\/psicossomaticas\/\" rel=\"category tag\">Psicossom\u00e1ticas<\/a>, <a href=\"https:\/\/clinicamedicadoporto.pt\/staging\/category\/reflecoes\/\" rel=\"category tag\">Reflex\u00f5es<\/a>, <a href=\"https:\/\/clinicamedicadoporto.pt\/staging\/category\/terapias-nao-convencionais\/\" rel=\"category tag\">Terapias N\u00e3o Convencionais<\/a><\/span><\/div>\r\n\t\t\t\t\t<div class=\"kwayy-blogbox-desc\">[vc_row][vc_co...<div class=\"kwayy-post-readmore\"><a href=\"https:\/\/clinicamedicadoporto.pt\/staging\/2021-ano-novo-saude-nova-o-que-aprendemos-com-a-pandemia-e-com-o-virus-da-covid-19\/\">Read More<i class=\"kwicon-fa-angle-right\"><\/i><\/a><\/div><\/div>\r\n\t\t\t\t<\/div>\r\n\t\t\t<\/div>\r\n\t\t<\/article>\r\n\t\r\n\t\t<article class=\"post-box blog-slider-box-width kwayy-blogbox-format-standard acupuntura cuidados-de-saude fitoterapia-chinesa medicina-tradicional-chinesa terapias-nao-convencionais\">\r\n\t\t\t<div class=\"post-item\">\r\n\t\t\t\t<div class=\"post-item-thumbnail\">\r\n\t\t\t\t\t<div class=\"post-item-thumbnail-inner\">\r\n\t\t\t\t\t\t<div class=\"kwayy-postbox-small-date\"><div class=\"kwayy-post-box-date-wrapper\"><div class=\"kwayy-entry-date-wrapper\">\r\n\t\t\t\t\t\t\t\t<span class=\"kwayy-entry-date\">\r\n\t\t\t\t\t\t\t\t\t<time class=\"entry-date\" datetime=\"\" >\r\n\t\t\t\t\t\t\t\t\t\t<span class=\"entry-date\"><\/span> \r\n\t\t\t\t\t\t\t\t\t\t<span class=\"entry-month\"><\/span> \r\n\t\t\t\t\t\t\t\t\t\t<span class=\"entry-year\"><\/span> \r\n\t\t\t\t\t\t\t\t\t<\/time>\r\n\t\t\t\t\t\t\t\t<\/span>\r\n\t\t\t\t\t\t\t<\/div><\/div><\/div>\r\n\t\t\t\t\t\t<a class=\"tm-blog-link\" href=\"https:\/\/clinicamedicadoporto.pt\/staging\/a-sindrome-dos-ovarios-poliquisticos-a-abordagem-da-medicina-chinesa\/\"><img loading=\"lazy\" decoding=\"async\" width=\"1280\" height=\"720\" src=\"https:\/\/clinicamedicadoporto.pt\/staging\/wp-content\/uploads\/2020\/08\/acupuntura-sindrome-ovario-poliquistico-clinica-medica-do-porto.jpg\" class=\"attachment-portfolio-fix-column size-portfolio-fix-column wp-post-image\" alt=\"\" srcset=\"https:\/\/clinicamedicadoporto.pt\/staging\/wp-content\/uploads\/2020\/08\/acupuntura-sindrome-ovario-poliquistico-clinica-medica-do-porto.jpg 1280w, https:\/\/clinicamedicadoporto.pt\/staging\/wp-content\/uploads\/2020\/08\/acupuntura-sindrome-ovario-poliquistico-clinica-medica-do-porto-768x432.jpg 768w, https:\/\/clinicamedicadoporto.pt\/staging\/wp-content\/uploads\/2020\/08\/acupuntura-sindrome-ovario-poliquistico-clinica-medica-do-porto-727x409.jpg 727w, https:\/\/clinicamedicadoporto.pt\/staging\/wp-content\/uploads\/2020\/08\/acupuntura-sindrome-ovario-poliquistico-clinica-medica-do-porto-1110x624.jpg 1110w, https:\/\/clinicamedicadoporto.pt\/staging\/wp-content\/uploads\/2020\/08\/acupuntura-sindrome-ovario-poliquistico-clinica-medica-do-porto-720x406.jpg 720w, https:\/\/clinicamedicadoporto.pt\/staging\/wp-content\/uploads\/2020\/08\/acupuntura-sindrome-ovario-poliquistico-clinica-medica-do-porto-750x422.jpg 750w\" sizes=\"auto, (max-width: 1280px) 100vw, 1280px\" \/><\/a>\r\n\t\t\t\t\t<\/div>\r\n\t\t\t\t\t<div class=\"overthumb\"><\/div>\r\n\t\t\t\t\t\r\n\t\t\t\t<\/div>\r\n\t\t\t\t<div class=\"item-content\">\r\n\t\t\t\t\t<h4><a href=\"https:\/\/clinicamedicadoporto.pt\/staging\/a-sindrome-dos-ovarios-poliquisticos-a-abordagem-da-medicina-chinesa\/\">A S\u00edndrome dos Ov\u00e1rios Poliqu\u00edsticos &#8211; A Abordagem da Medicina Chinesa<\/a><\/h4>\r\n\t\t\t\t\t<div class=\"kwayy-meta-details\"><div class=\"kwayy-post-user\"><span class=\"author vcard\"><i class=\"kwicon-fa-user\"><\/i> <a class=\"url fn n\" href=\"https:\/\/clinicamedicadoporto.pt\/staging\/author\/m-reis-cmp\/\" title=\"View all posts by \" rel=\"author\"><\/a><\/span><\/div><span class=\"tags-links\"><i class=\"kwicon-fa-tags\"><\/i> <a href=\"https:\/\/clinicamedicadoporto.pt\/staging\/tag\/clinicamedicadoporto\/\" rel=\"tag\">#clinicamedicadoporto<\/a>, <a href=\"https:\/\/clinicamedicadoporto.pt\/staging\/tag\/porto\/\" rel=\"tag\">#porto<\/a>, <a href=\"https:\/\/clinicamedicadoporto.pt\/staging\/tag\/todasasterapias\/\" rel=\"tag\">#todasasterapias<\/a>, <a href=\"https:\/\/clinicamedicadoporto.pt\/staging\/tag\/acupuntura-porto\/\" rel=\"tag\">Acupuntura Porto<\/a>, <a href=\"https:\/\/clinicamedicadoporto.pt\/staging\/tag\/clinica\/\" rel=\"tag\">clinica<\/a>, <a href=\"https:\/\/clinicamedicadoporto.pt\/staging\/tag\/clinica-medica-do-porto\/\" rel=\"tag\">Clinica M\u00e9dica do Porto<\/a>, <a href=\"https:\/\/clinicamedicadoporto.pt\/staging\/tag\/clinica-porto\/\" rel=\"tag\">Clinica Porto<\/a>, <a href=\"https:\/\/clinicamedicadoporto.pt\/staging\/tag\/consulta\/\" rel=\"tag\">Consulta<\/a>, <a href=\"https:\/\/clinicamedicadoporto.pt\/staging\/tag\/consulta-clinica-porto\/\" rel=\"tag\">Consulta Clinica Porto<\/a>, <a href=\"https:\/\/clinicamedicadoporto.pt\/staging\/tag\/consulta-de-acupuntura\/\" rel=\"tag\">Consulta de Acupuntura<\/a>, <a href=\"https:\/\/clinicamedicadoporto.pt\/staging\/tag\/consulta-de-acupuntura-no-porto\/\" rel=\"tag\">Consulta de Acupuntura no Porto<\/a>, <a href=\"https:\/\/clinicamedicadoporto.pt\/staging\/tag\/consulta-de-medicina-alternativa\/\" rel=\"tag\">Consulta de Medicina Alternativa<\/a>, <a href=\"https:\/\/clinicamedicadoporto.pt\/staging\/tag\/consulta-de-medicina-chinesa\/\" rel=\"tag\">Consulta de Medicina Chinesa<\/a>, <a href=\"https:\/\/clinicamedicadoporto.pt\/staging\/tag\/consulta-medica\/\" rel=\"tag\">Consulta M\u00e9dica<\/a>, <a href=\"https:\/\/clinicamedicadoporto.pt\/staging\/tag\/dor-ovario\/\" rel=\"tag\">dor ov\u00e1rio<\/a>, <a href=\"https:\/\/clinicamedicadoporto.pt\/staging\/tag\/medicina-alternativa\/\" rel=\"tag\">medicina alternativa<\/a>, <a href=\"https:\/\/clinicamedicadoporto.pt\/staging\/tag\/medicina-chinesa-para-tratamento-de-ovario-poliquistico\/\" rel=\"tag\">Medicina Chinesa Para Tratamento de Ov\u00e1rio Poliqu\u00edstico<\/a>, <a href=\"https:\/\/clinicamedicadoporto.pt\/staging\/tag\/ovario-poliquistico-e-gravidez\/\" rel=\"tag\">Ov\u00e1rio Poliqu\u00edstico e Gravidez<\/a>, <a href=\"https:\/\/clinicamedicadoporto.pt\/staging\/tag\/ovarios\/\" rel=\"tag\">ovarios<\/a>, <a href=\"https:\/\/clinicamedicadoporto.pt\/staging\/tag\/quistos\/\" rel=\"tag\">quistos<\/a>, <a href=\"https:\/\/clinicamedicadoporto.pt\/staging\/tag\/quistos-ovaricos\/\" rel=\"tag\">Quistos Ov\u00e1ricos<\/a>, <a href=\"https:\/\/clinicamedicadoporto.pt\/staging\/tag\/sindrome-do-ovario-poliquistico\/\" rel=\"tag\">Sindrome do Ov\u00e1rio Poliqu\u00edstico<\/a>, <a href=\"https:\/\/clinicamedicadoporto.pt\/staging\/tag\/sindrome-do-ovario-poliquistico-e-dificuldade-em-engravidar\/\" rel=\"tag\">Sindrome do Ov\u00e1rio Poliqu\u00edstico e Dificuldade em Engravidar<\/a>, <a href=\"https:\/\/clinicamedicadoporto.pt\/staging\/tag\/sindrome-dos-ovarios-poliquisticos\/\" rel=\"tag\">sindrome dos ov\u00e1rios poliqu\u00edsticos<\/a>, <a href=\"https:\/\/clinicamedicadoporto.pt\/staging\/tag\/sop\/\" rel=\"tag\">SOP<\/a>, <a href=\"https:\/\/clinicamedicadoporto.pt\/staging\/tag\/terapia\/\" rel=\"tag\">Terapia<\/a>, <a href=\"https:\/\/clinicamedicadoporto.pt\/staging\/tag\/terapias\/\" rel=\"tag\">Terapias<\/a>, <a href=\"https:\/\/clinicamedicadoporto.pt\/staging\/tag\/terapias-nao-convencionais\/\" rel=\"tag\">terapias n\u00e3o convencionais<\/a>, <a href=\"https:\/\/clinicamedicadoporto.pt\/staging\/tag\/todas-as-terapias\/\" rel=\"tag\">Todas as Terapias<\/a>, <a href=\"https:\/\/clinicamedicadoporto.pt\/staging\/tag\/tratamento-de-acupuntura\/\" rel=\"tag\">Tratamento de Acupuntura<\/a>, <a href=\"https:\/\/clinicamedicadoporto.pt\/staging\/tag\/tratamento-de-medicina-chinesa\/\" rel=\"tag\">Tratamento de Medicina Chinesa<\/a>, <a href=\"https:\/\/clinicamedicadoporto.pt\/staging\/tag\/tratar-ovario-poliquistico\/\" rel=\"tag\">Tratar Ov\u00e1rio Poliqu\u00edstico<\/a>, <a href=\"https:\/\/clinicamedicadoporto.pt\/staging\/tag\/tratar-ovario-poliquistico-de-forma-natural\/\" rel=\"tag\">Tratar Ov\u00e1rio Poliqu\u00edstico de Forma Natural<\/a><\/span><span class=\"categories-links\"><i class=\"kwicon-fa-folder-open\"><\/i> <a href=\"https:\/\/clinicamedicadoporto.pt\/staging\/category\/cuidados-de-saude\/\" rel=\"category tag\">Cuidados de Sa\u00fade<\/a>, <a href=\"https:\/\/clinicamedicadoporto.pt\/staging\/category\/terapias-nao-convencionais\/medicina-tradicional-chinesa\/acupuntura\/\" rel=\"category tag\">Acupuntura<\/a>, <a href=\"https:\/\/clinicamedicadoporto.pt\/staging\/category\/terapias-nao-convencionais\/medicina-tradicional-chinesa\/fitoterapia-chinesa\/\" rel=\"category tag\">Fitoterapia Chinesa<\/a>, <a href=\"https:\/\/clinicamedicadoporto.pt\/staging\/category\/terapias-nao-convencionais\/medicina-tradicional-chinesa\/\" rel=\"category tag\">Medicina Tradicional Chinesa<\/a>, <a href=\"https:\/\/clinicamedicadoporto.pt\/staging\/category\/terapias-nao-convencionais\/\" rel=\"category tag\">Terapias N\u00e3o Convencionais<\/a><\/span><\/div>\r\n\t\t\t\t\t<div class=\"kwayy-blogbox-desc\">[vc_row][vc_co...<div class=\"kwayy-post-readmore\"><a href=\"https:\/\/clinicamedicadoporto.pt\/staging\/a-sindrome-dos-ovarios-poliquisticos-a-abordagem-da-medicina-chinesa\/\">Read More<i class=\"kwicon-fa-angle-right\"><\/i><\/a><\/div><\/div>\r\n\t\t\t\t<\/div>\r\n\t\t\t<\/div>\r\n\t\t<\/article>\r\n\t\r\n\t\t<article class=\"post-box blog-slider-box-width kwayy-blogbox-format-standard especialidades-tecnicas osteopatia osteopatia-pedriatrica terapias-nao-convencionais\">\r\n\t\t\t<div class=\"post-item\">\r\n\t\t\t\t<div class=\"post-item-thumbnail\">\r\n\t\t\t\t\t<div class=\"post-item-thumbnail-inner\">\r\n\t\t\t\t\t\t<div class=\"kwayy-postbox-small-date\"><div class=\"kwayy-post-box-date-wrapper\"><div class=\"kwayy-entry-date-wrapper\">\r\n\t\t\t\t\t\t\t\t<span class=\"kwayy-entry-date\">\r\n\t\t\t\t\t\t\t\t\t<time class=\"entry-date\" datetime=\"\" >\r\n\t\t\t\t\t\t\t\t\t\t<span class=\"entry-date\"><\/span> \r\n\t\t\t\t\t\t\t\t\t\t<span class=\"entry-month\"><\/span> \r\n\t\t\t\t\t\t\t\t\t\t<span class=\"entry-year\"><\/span> \r\n\t\t\t\t\t\t\t\t\t<\/time>\r\n\t\t\t\t\t\t\t\t<\/span>\r\n\t\t\t\t\t\t\t<\/div><\/div><\/div>\r\n\t\t\t\t\t\t<a class=\"tm-blog-link\" href=\"https:\/\/clinicamedicadoporto.pt\/staging\/posicionamento-do-bebe-recem-nascido\/\"><img loading=\"lazy\" decoding=\"async\" width=\"1280\" height=\"720\" src=\"https:\/\/clinicamedicadoporto.pt\/staging\/wp-content\/uploads\/2020\/05\/Posicionar-bebe-clinica-medica-do-porto-1.jpg\" class=\"attachment-portfolio-fix-column size-portfolio-fix-column wp-post-image\" alt=\"Posicionar-bebe-clinica-medica-do-porto-1\" srcset=\"https:\/\/clinicamedicadoporto.pt\/staging\/wp-content\/uploads\/2020\/05\/Posicionar-bebe-clinica-medica-do-porto-1.jpg 1280w, https:\/\/clinicamedicadoporto.pt\/staging\/wp-content\/uploads\/2020\/05\/Posicionar-bebe-clinica-medica-do-porto-1-768x432.jpg 768w, https:\/\/clinicamedicadoporto.pt\/staging\/wp-content\/uploads\/2020\/05\/Posicionar-bebe-clinica-medica-do-porto-1-727x409.jpg 727w, https:\/\/clinicamedicadoporto.pt\/staging\/wp-content\/uploads\/2020\/05\/Posicionar-bebe-clinica-medica-do-porto-1-1110x624.jpg 1110w, https:\/\/clinicamedicadoporto.pt\/staging\/wp-content\/uploads\/2020\/05\/Posicionar-bebe-clinica-medica-do-porto-1-720x406.jpg 720w, https:\/\/clinicamedicadoporto.pt\/staging\/wp-content\/uploads\/2020\/05\/Posicionar-bebe-clinica-medica-do-porto-1-750x422.jpg 750w\" sizes=\"auto, (max-width: 1280px) 100vw, 1280px\" \/><\/a>\r\n\t\t\t\t\t<\/div>\r\n\t\t\t\t\t<div class=\"overthumb\"><\/div>\r\n\t\t\t\t\t\r\n\t\t\t\t<\/div>\r\n\t\t\t\t<div class=\"item-content\">\r\n\t\t\t\t\t<h4><a href=\"https:\/\/clinicamedicadoporto.pt\/staging\/posicionamento-do-bebe-recem-nascido\/\">Posicionamento do Beb\u00e9 Rec\u00e9m Nascido<\/a><\/h4>\r\n\t\t\t\t\t<div class=\"kwayy-meta-details\"><div class=\"kwayy-post-user\"><span class=\"author vcard\"><i class=\"kwicon-fa-user\"><\/i> <a class=\"url fn n\" href=\"https:\/\/clinicamedicadoporto.pt\/staging\/author\/m-reis-cmp\/\" title=\"View all posts by \" rel=\"author\"><\/a><\/span><\/div><span class=\"tags-links\"><i class=\"kwicon-fa-tags\"><\/i> <a href=\"https:\/\/clinicamedicadoporto.pt\/staging\/tag\/clinicamedicadoporto\/\" rel=\"tag\">#clinicamedicadoporto<\/a>, <a href=\"https:\/\/clinicamedicadoporto.pt\/staging\/tag\/porto\/\" rel=\"tag\">#porto<\/a>, <a href=\"https:\/\/clinicamedicadoporto.pt\/staging\/tag\/todasasterapias\/\" rel=\"tag\">#todasasterapias<\/a>, <a href=\"https:\/\/clinicamedicadoporto.pt\/staging\/tag\/clinica\/\" rel=\"tag\">clinica<\/a>, <a href=\"https:\/\/clinicamedicadoporto.pt\/staging\/tag\/clinica-medica-do-porto\/\" rel=\"tag\">Clinica M\u00e9dica do Porto<\/a>, <a href=\"https:\/\/clinicamedicadoporto.pt\/staging\/tag\/clinica-porto\/\" rel=\"tag\">Clinica Porto<\/a>, <a href=\"https:\/\/clinicamedicadoporto.pt\/staging\/tag\/consulta\/\" rel=\"tag\">Consulta<\/a>, <a href=\"https:\/\/clinicamedicadoporto.pt\/staging\/tag\/consulta-clinica-porto\/\" rel=\"tag\">Consulta Clinica Porto<\/a>, <a href=\"https:\/\/clinicamedicadoporto.pt\/staging\/tag\/consulta-de-osteopatia-para-bebe\/\" rel=\"tag\">Consulta de Osteopatia para Beb\u00e9<\/a>, <a href=\"https:\/\/clinicamedicadoporto.pt\/staging\/tag\/consulta-de-osteopatia-pediatrica\/\" rel=\"tag\">Consulta de Osteopatia Pedi\u00e1trica<\/a>, <a href=\"https:\/\/clinicamedicadoporto.pt\/staging\/tag\/consulta-medica\/\" rel=\"tag\">Consulta M\u00e9dica<\/a>, <a href=\"https:\/\/clinicamedicadoporto.pt\/staging\/tag\/consulta-para-tratar-plagiocefalia-no-recem-nascido\/\" rel=\"tag\">Consulta para Tratar Plagiocefalia no Rec\u00e9m Nascido<\/a>, <a href=\"https:\/\/clinicamedicadoporto.pt\/staging\/tag\/decubito-dorsal\/\" rel=\"tag\">decubito dorsal<\/a>, <a href=\"https:\/\/clinicamedicadoporto.pt\/staging\/tag\/decubito-ventral\/\" rel=\"tag\">decubito ventral<\/a>, <a href=\"https:\/\/clinicamedicadoporto.pt\/staging\/tag\/medicina-alternativa\/\" rel=\"tag\">medicina alternativa<\/a>, <a href=\"https:\/\/clinicamedicadoporto.pt\/staging\/tag\/morte-subita-do-recem-nascido\/\" rel=\"tag\">morte s\u00fabita do rec\u00e9m nascido<\/a>, <a href=\"https:\/\/clinicamedicadoporto.pt\/staging\/tag\/osteopatia-pediatrica\/\" rel=\"tag\">Osteopatia Pedi\u00e1trica<\/a>, <a href=\"https:\/\/clinicamedicadoporto.pt\/staging\/tag\/plagiocefalia\/\" rel=\"tag\">plagiocefalia<\/a>, <a href=\"https:\/\/clinicamedicadoporto.pt\/staging\/tag\/posicionamento-do-bebe\/\" rel=\"tag\">posicionamento do beb\u00e9<\/a>, <a href=\"https:\/\/clinicamedicadoporto.pt\/staging\/tag\/posicionar-o-bebe-para-brincar\/\" rel=\"tag\">posicionar o beb\u00e9 para brincar<\/a>, <a href=\"https:\/\/clinicamedicadoporto.pt\/staging\/tag\/posicionar-o-bebe-para-dormir\/\" rel=\"tag\">posicionar o beb\u00e9 para dormir<\/a>, <a href=\"https:\/\/clinicamedicadoporto.pt\/staging\/tag\/resolver-torcicolo-do-recem-nascido\/\" rel=\"tag\">Resolver Torcicolo do Rec\u00e9m Nascido<\/a>, <a href=\"https:\/\/clinicamedicadoporto.pt\/staging\/tag\/terapia\/\" rel=\"tag\">Terapia<\/a>, <a href=\"https:\/\/clinicamedicadoporto.pt\/staging\/tag\/terapias\/\" rel=\"tag\">Terapias<\/a>, <a href=\"https:\/\/clinicamedicadoporto.pt\/staging\/tag\/terapias-nao-convencionais\/\" rel=\"tag\">terapias n\u00e3o convencionais<\/a>, <a href=\"https:\/\/clinicamedicadoporto.pt\/staging\/tag\/todas-as-terapias\/\" rel=\"tag\">Todas as Terapias<\/a>, <a href=\"https:\/\/clinicamedicadoporto.pt\/staging\/tag\/torcicolos\/\" rel=\"tag\">torcicolos<\/a>, <a href=\"https:\/\/clinicamedicadoporto.pt\/staging\/tag\/torcicolos-no-recem-nascido\/\" rel=\"tag\">torcicolos no recem nascido<\/a>, <a href=\"https:\/\/clinicamedicadoporto.pt\/staging\/tag\/tummy-time\/\" rel=\"tag\">tummy time<\/a><\/span><span class=\"categories-links\"><i class=\"kwicon-fa-folder-open\"><\/i> <a href=\"https:\/\/clinicamedicadoporto.pt\/staging\/category\/especialidades-tecnicas\/\" rel=\"category tag\">Especialidades T\u00e9cnicas<\/a>, <a href=\"https:\/\/clinicamedicadoporto.pt\/staging\/category\/terapias-nao-convencionais\/osteopatia\/\" rel=\"category tag\">Osteopatia<\/a>, <a href=\"https:\/\/clinicamedicadoporto.pt\/staging\/category\/terapias-nao-convencionais\/osteopatia\/osteopatia-pedriatrica\/\" rel=\"category tag\">Osteopatia Pedri\u00e1trica<\/a>, <a href=\"https:\/\/clinicamedicadoporto.pt\/staging\/category\/terapias-nao-convencionais\/\" rel=\"category tag\">Terapias N\u00e3o Convencionais<\/a><\/span><\/div>\r\n\t\t\t\t\t<div class=\"kwayy-blogbox-desc\">[vc_row][vc_co...<div class=\"kwayy-post-readmore\"><a href=\"https:\/\/clinicamedicadoporto.pt\/staging\/posicionamento-do-bebe-recem-nascido\/\">Read More<i class=\"kwicon-fa-angle-right\"><\/i><\/a><\/div><\/div>\r\n\t\t\t\t<\/div>\r\n\t\t\t<\/div>\r\n\t\t<\/article>\r\n\t\r\n\t\t<article class=\"post-box blog-slider-box-width kwayy-blogbox-format-standard conselhos-uteis cuidados-de-saude medicina-integrativa\">\r\n\t\t\t<div class=\"post-item\">\r\n\t\t\t\t<div class=\"post-item-thumbnail\">\r\n\t\t\t\t\t<div class=\"post-item-thumbnail-inner\">\r\n\t\t\t\t\t\t<div class=\"kwayy-postbox-small-date\"><div class=\"kwayy-post-box-date-wrapper\"><div class=\"kwayy-entry-date-wrapper\">\r\n\t\t\t\t\t\t\t\t<span class=\"kwayy-entry-date\">\r\n\t\t\t\t\t\t\t\t\t<time class=\"entry-date\" datetime=\"\" >\r\n\t\t\t\t\t\t\t\t\t\t<span class=\"entry-date\"><\/span> \r\n\t\t\t\t\t\t\t\t\t\t<span class=\"entry-month\"><\/span> \r\n\t\t\t\t\t\t\t\t\t\t<span class=\"entry-year\"><\/span> \r\n\t\t\t\t\t\t\t\t\t<\/time>\r\n\t\t\t\t\t\t\t\t<\/span>\r\n\t\t\t\t\t\t\t<\/div><\/div><\/div>\r\n\t\t\t\t\t\t<a class=\"tm-blog-link\" href=\"https:\/\/clinicamedicadoporto.pt\/staging\/imunidade-stress-e-nutricao\/\"><img loading=\"lazy\" decoding=\"async\" width=\"1280\" height=\"720\" src=\"https:\/\/clinicamedicadoporto.pt\/staging\/wp-content\/uploads\/2020\/05\/stress-imunidade-nutricao-clinica-medica-do-porto.jpg\" class=\"attachment-portfolio-fix-column size-portfolio-fix-column wp-post-image\" alt=\"stress-imunidade-nutricao-clinica-medica-do-porto\" srcset=\"https:\/\/clinicamedicadoporto.pt\/staging\/wp-content\/uploads\/2020\/05\/stress-imunidade-nutricao-clinica-medica-do-porto.jpg 1280w, https:\/\/clinicamedicadoporto.pt\/staging\/wp-content\/uploads\/2020\/05\/stress-imunidade-nutricao-clinica-medica-do-porto-768x432.jpg 768w, https:\/\/clinicamedicadoporto.pt\/staging\/wp-content\/uploads\/2020\/05\/stress-imunidade-nutricao-clinica-medica-do-porto-727x409.jpg 727w, https:\/\/clinicamedicadoporto.pt\/staging\/wp-content\/uploads\/2020\/05\/stress-imunidade-nutricao-clinica-medica-do-porto-1110x624.jpg 1110w, https:\/\/clinicamedicadoporto.pt\/staging\/wp-content\/uploads\/2020\/05\/stress-imunidade-nutricao-clinica-medica-do-porto-720x406.jpg 720w, https:\/\/clinicamedicadoporto.pt\/staging\/wp-content\/uploads\/2020\/05\/stress-imunidade-nutricao-clinica-medica-do-porto-750x422.jpg 750w\" sizes=\"auto, (max-width: 1280px) 100vw, 1280px\" \/><\/a>\r\n\t\t\t\t\t<\/div>\r\n\t\t\t\t\t<div class=\"overthumb\"><\/div>\r\n\t\t\t\t\t\r\n\t\t\t\t<\/div>\r\n\t\t\t\t<div class=\"item-content\">\r\n\t\t\t\t\t<h4><a href=\"https:\/\/clinicamedicadoporto.pt\/staging\/imunidade-stress-e-nutricao\/\">Imunidade, Stress e Nutri\u00e7\u00e3o<\/a><\/h4>\r\n\t\t\t\t\t<div class=\"kwayy-meta-details\"><div class=\"kwayy-post-user\"><span class=\"author vcard\"><i class=\"kwicon-fa-user\"><\/i> <a class=\"url fn n\" href=\"https:\/\/clinicamedicadoporto.pt\/staging\/author\/m-reis-cmp\/\" title=\"View all posts by \" rel=\"author\"><\/a><\/span><\/div><span class=\"tags-links\"><i class=\"kwicon-fa-tags\"><\/i> <a href=\"https:\/\/clinicamedicadoporto.pt\/staging\/tag\/clinicamedicadoporto\/\" rel=\"tag\">#clinicamedicadoporto<\/a>, <a href=\"https:\/\/clinicamedicadoporto.pt\/staging\/tag\/porto\/\" rel=\"tag\">#porto<\/a>, <a href=\"https:\/\/clinicamedicadoporto.pt\/staging\/tag\/todasasterapias\/\" rel=\"tag\">#todasasterapias<\/a>, <a href=\"https:\/\/clinicamedicadoporto.pt\/staging\/tag\/alimentacao\/\" rel=\"tag\">alimenta\u00e7\u00e3o<\/a>, <a href=\"https:\/\/clinicamedicadoporto.pt\/staging\/tag\/alimentacao-e-imunidade\/\" rel=\"tag\">alimenta\u00e7\u00e3o e imunidade<\/a>, <a href=\"https:\/\/clinicamedicadoporto.pt\/staging\/tag\/clinica\/\" rel=\"tag\">clinica<\/a>, <a href=\"https:\/\/clinicamedicadoporto.pt\/staging\/tag\/clinica-medica-do-porto\/\" rel=\"tag\">Clinica M\u00e9dica do Porto<\/a>, <a href=\"https:\/\/clinicamedicadoporto.pt\/staging\/tag\/clinica-porto\/\" rel=\"tag\">Clinica Porto<\/a>, <a href=\"https:\/\/clinicamedicadoporto.pt\/staging\/tag\/comer-para-melhorar-imunidade\/\" rel=\"tag\">comer para melhorar imunidade<\/a>, <a href=\"https:\/\/clinicamedicadoporto.pt\/staging\/tag\/consulta\/\" rel=\"tag\">Consulta<\/a>, <a href=\"https:\/\/clinicamedicadoporto.pt\/staging\/tag\/consulta-clinica-porto\/\" rel=\"tag\">Consulta Clinica Porto<\/a>, <a href=\"https:\/\/clinicamedicadoporto.pt\/staging\/tag\/consulta-de-nutrologia\/\" rel=\"tag\">Consulta de Nutrologia<\/a>, <a href=\"https:\/\/clinicamedicadoporto.pt\/staging\/tag\/consulta-medica\/\" rel=\"tag\">Consulta M\u00e9dica<\/a>, <a href=\"https:\/\/clinicamedicadoporto.pt\/staging\/tag\/defesas\/\" rel=\"tag\">defesas<\/a>, <a href=\"https:\/\/clinicamedicadoporto.pt\/staging\/tag\/defesas-do-organismo\/\" rel=\"tag\">defesas do organismo<\/a>, <a href=\"https:\/\/clinicamedicadoporto.pt\/staging\/tag\/imunidade\/\" rel=\"tag\">imunidade<\/a>, <a href=\"https:\/\/clinicamedicadoporto.pt\/staging\/tag\/medicina-alternativa\/\" rel=\"tag\">medicina alternativa<\/a>, <a href=\"https:\/\/clinicamedicadoporto.pt\/staging\/tag\/nutrologa-porto\/\" rel=\"tag\">Nutr\u00f3loga Porto<\/a>, <a href=\"https:\/\/clinicamedicadoporto.pt\/staging\/tag\/nutrologia\/\" rel=\"tag\">nutrologia<\/a>, <a href=\"https:\/\/clinicamedicadoporto.pt\/staging\/tag\/nutrologia-clinica\/\" rel=\"tag\">nutrologia clinica<\/a>, <a href=\"https:\/\/clinicamedicadoporto.pt\/staging\/tag\/nutrologia-porto\/\" rel=\"tag\">Nutrologia Porto<\/a>, <a href=\"https:\/\/clinicamedicadoporto.pt\/staging\/tag\/resolver-problemas-de-stress\/\" rel=\"tag\">Resolver Problemas de Stress<\/a>, <a href=\"https:\/\/clinicamedicadoporto.pt\/staging\/tag\/resolver-stress-de-forma-natural\/\" rel=\"tag\">Resolver Stress de forma Natural<\/a>, <a href=\"https:\/\/clinicamedicadoporto.pt\/staging\/tag\/stress\/\" rel=\"tag\">stress<\/a>, <a href=\"https:\/\/clinicamedicadoporto.pt\/staging\/tag\/stress-e-imunidade\/\" rel=\"tag\">stress e imunidade<\/a>, <a href=\"https:\/\/clinicamedicadoporto.pt\/staging\/tag\/terapia\/\" rel=\"tag\">Terapia<\/a>, <a href=\"https:\/\/clinicamedicadoporto.pt\/staging\/tag\/terapias\/\" rel=\"tag\">Terapias<\/a>, <a href=\"https:\/\/clinicamedicadoporto.pt\/staging\/tag\/terapias-nao-convencionais\/\" rel=\"tag\">terapias n\u00e3o convencionais<\/a>, <a href=\"https:\/\/clinicamedicadoporto.pt\/staging\/tag\/todas-as-terapias\/\" rel=\"tag\">Todas as Terapias<\/a>, <a href=\"https:\/\/clinicamedicadoporto.pt\/staging\/tag\/tratamento-para-o-stress\/\" rel=\"tag\">Tratamento para o Stress<\/a><\/span><span class=\"categories-links\"><i class=\"kwicon-fa-folder-open\"><\/i> <a href=\"https:\/\/clinicamedicadoporto.pt\/staging\/category\/medicina-integrativa\/\" rel=\"category tag\">Medicina Integrativa<\/a>, <a href=\"https:\/\/clinicamedicadoporto.pt\/staging\/category\/conselhos-uteis\/\" rel=\"category tag\">Conselhos \u00dateis<\/a>, <a href=\"https:\/\/clinicamedicadoporto.pt\/staging\/category\/cuidados-de-saude\/\" rel=\"category tag\">Cuidados de Sa\u00fade<\/a><\/span><\/div>\r\n\t\t\t\t\t<div class=\"kwayy-blogbox-desc\">[vc_row][vc_co...<div class=\"kwayy-post-readmore\"><a href=\"https:\/\/clinicamedicadoporto.pt\/staging\/imunidade-stress-e-nutricao\/\">Read More<i class=\"kwicon-fa-angle-right\"><\/i><\/a><\/div><\/div>\r\n\t\t\t\t<\/div>\r\n\t\t\t<\/div>\r\n\t\t<\/article>\r\n\t\r\n\t\t<article class=\"post-box blog-slider-box-width kwayy-blogbox-format-standard conselhos-uteis cuidados-de-saude especialidades-tecnicas\">\r\n\t\t\t<div class=\"post-item\">\r\n\t\t\t\t<div class=\"post-item-thumbnail\">\r\n\t\t\t\t\t<div class=\"post-item-thumbnail-inner\">\r\n\t\t\t\t\t\t<div class=\"kwayy-postbox-small-date\"><div class=\"kwayy-post-box-date-wrapper\"><div class=\"kwayy-entry-date-wrapper\">\r\n\t\t\t\t\t\t\t\t<span class=\"kwayy-entry-date\">\r\n\t\t\t\t\t\t\t\t\t<time class=\"entry-date\" datetime=\"\" >\r\n\t\t\t\t\t\t\t\t\t\t<span class=\"entry-date\"><\/span> \r\n\t\t\t\t\t\t\t\t\t\t<span class=\"entry-month\"><\/span> \r\n\t\t\t\t\t\t\t\t\t\t<span class=\"entry-year\"><\/span> \r\n\t\t\t\t\t\t\t\t\t<\/time>\r\n\t\t\t\t\t\t\t\t<\/span>\r\n\t\t\t\t\t\t\t<\/div><\/div><\/div>\r\n\t\t\t\t\t\t<a class=\"tm-blog-link\" href=\"https:\/\/clinicamedicadoporto.pt\/staging\/stress-e-disfuncao-temporomandibular\/\"><img loading=\"lazy\" decoding=\"async\" width=\"1280\" height=\"720\" src=\"https:\/\/clinicamedicadoporto.pt\/staging\/wp-content\/uploads\/2020\/02\/Disfuncao-Temporo-Mandibular-clinica-Medica-Porto-1-1280-720.jpg\" class=\"attachment-portfolio-fix-column size-portfolio-fix-column wp-post-image\" alt=\"Disfuncao-Temporo-Mandibular-clinica-Medica-Porto-1-1280-720\" srcset=\"https:\/\/clinicamedicadoporto.pt\/staging\/wp-content\/uploads\/2020\/02\/Disfuncao-Temporo-Mandibular-clinica-Medica-Porto-1-1280-720.jpg 1280w, https:\/\/clinicamedicadoporto.pt\/staging\/wp-content\/uploads\/2020\/02\/Disfuncao-Temporo-Mandibular-clinica-Medica-Porto-1-1280-720-768x432.jpg 768w, https:\/\/clinicamedicadoporto.pt\/staging\/wp-content\/uploads\/2020\/02\/Disfuncao-Temporo-Mandibular-clinica-Medica-Porto-1-1280-720-727x409.jpg 727w, https:\/\/clinicamedicadoporto.pt\/staging\/wp-content\/uploads\/2020\/02\/Disfuncao-Temporo-Mandibular-clinica-Medica-Porto-1-1280-720-1110x624.jpg 1110w, https:\/\/clinicamedicadoporto.pt\/staging\/wp-content\/uploads\/2020\/02\/Disfuncao-Temporo-Mandibular-clinica-Medica-Porto-1-1280-720-720x406.jpg 720w, https:\/\/clinicamedicadoporto.pt\/staging\/wp-content\/uploads\/2020\/02\/Disfuncao-Temporo-Mandibular-clinica-Medica-Porto-1-1280-720-750x422.jpg 750w\" sizes=\"auto, (max-width: 1280px) 100vw, 1280px\" \/><\/a>\r\n\t\t\t\t\t<\/div>\r\n\t\t\t\t\t<div class=\"overthumb\"><\/div>\r\n\t\t\t\t\t\r\n\t\t\t\t<\/div>\r\n\t\t\t\t<div class=\"item-content\">\r\n\t\t\t\t\t<h4><a href=\"https:\/\/clinicamedicadoporto.pt\/staging\/stress-e-disfuncao-temporomandibular\/\">Stress e Disfun\u00e7\u00e3o Temporomandibular<\/a><\/h4>\r\n\t\t\t\t\t<div class=\"kwayy-meta-details\"><div class=\"kwayy-post-user\"><span class=\"author vcard\"><i class=\"kwicon-fa-user\"><\/i> <a class=\"url fn n\" href=\"https:\/\/clinicamedicadoporto.pt\/staging\/author\/m-reis-cmp\/\" title=\"View all posts by \" rel=\"author\"><\/a><\/span><\/div><span class=\"tags-links\"><i class=\"kwicon-fa-tags\"><\/i> <a href=\"https:\/\/clinicamedicadoporto.pt\/staging\/tag\/clinicamedicadoporto\/\" rel=\"tag\">#clinicamedicadoporto<\/a>, <a href=\"https:\/\/clinicamedicadoporto.pt\/staging\/tag\/porto\/\" rel=\"tag\">#porto<\/a>, <a href=\"https:\/\/clinicamedicadoporto.pt\/staging\/tag\/todasasterapias\/\" rel=\"tag\">#todasasterapias<\/a>, <a href=\"https:\/\/clinicamedicadoporto.pt\/staging\/tag\/atm\/\" rel=\"tag\">ATM<\/a>, <a href=\"https:\/\/clinicamedicadoporto.pt\/staging\/tag\/barulhos-nos-ouvidos\/\" rel=\"tag\">Barulhos nos Ouvidos<\/a>, <a href=\"https:\/\/clinicamedicadoporto.pt\/staging\/tag\/bruxismo\/\" rel=\"tag\">Bruxismo<\/a>, <a href=\"https:\/\/clinicamedicadoporto.pt\/staging\/tag\/clinica\/\" rel=\"tag\">clinica<\/a>, <a href=\"https:\/\/clinicamedicadoporto.pt\/staging\/tag\/clinica-medica-do-porto\/\" rel=\"tag\">Clinica M\u00e9dica do Porto<\/a>, <a href=\"https:\/\/clinicamedicadoporto.pt\/staging\/tag\/clinica-porto\/\" rel=\"tag\">Clinica Porto<\/a>, <a href=\"https:\/\/clinicamedicadoporto.pt\/staging\/tag\/consulta\/\" rel=\"tag\">Consulta<\/a>, <a href=\"https:\/\/clinicamedicadoporto.pt\/staging\/tag\/consulta-articulacao-temporomandibular\/\" rel=\"tag\">Consulta Articula\u00e7\u00e3o TemporoMandibular<\/a>, <a href=\"https:\/\/clinicamedicadoporto.pt\/staging\/tag\/consulta-clinica-porto\/\" rel=\"tag\">Consulta Clinica Porto<\/a>, <a href=\"https:\/\/clinicamedicadoporto.pt\/staging\/tag\/consulta-medica\/\" rel=\"tag\">Consulta M\u00e9dica<\/a>, <a href=\"https:\/\/clinicamedicadoporto.pt\/staging\/tag\/disfuncao-temporomandibular\/\" rel=\"tag\">Disfun\u00e7\u00e3o temporomandibular<\/a>, <a href=\"https:\/\/clinicamedicadoporto.pt\/staging\/tag\/dor-na-articulacao\/\" rel=\"tag\">Dor na Articula\u00e7\u00e3o<\/a>, <a href=\"https:\/\/clinicamedicadoporto.pt\/staging\/tag\/dor-orofacial\/\" rel=\"tag\">Dor Orofacial<\/a>, <a href=\"https:\/\/clinicamedicadoporto.pt\/staging\/tag\/dtm\/\" rel=\"tag\">DTM<\/a>, <a href=\"https:\/\/clinicamedicadoporto.pt\/staging\/tag\/mandibula\/\" rel=\"tag\">Mandibula<\/a>, <a href=\"https:\/\/clinicamedicadoporto.pt\/staging\/tag\/medicina-alternativa\/\" rel=\"tag\">medicina alternativa<\/a>, <a href=\"https:\/\/clinicamedicadoporto.pt\/staging\/tag\/resolver-barulhos-ao-abrir-e-fechar-boca\/\" rel=\"tag\">Resolver Barulhos ao Abrir e Fechar Boca<\/a>, <a href=\"https:\/\/clinicamedicadoporto.pt\/staging\/tag\/resolver-bruxismo\/\" rel=\"tag\">resolver Bruxismo<\/a>, <a href=\"https:\/\/clinicamedicadoporto.pt\/staging\/tag\/sintomas-e-sinais-de-disfuncao-temporomandibular\/\" rel=\"tag\">Sintomas e Sinais de Disfun\u00e7\u00e3o TEmporoMandibular<\/a>, <a href=\"https:\/\/clinicamedicadoporto.pt\/staging\/tag\/temporomandibular\/\" rel=\"tag\">temporomandibular<\/a>, <a href=\"https:\/\/clinicamedicadoporto.pt\/staging\/tag\/terapia\/\" rel=\"tag\">Terapia<\/a>, <a href=\"https:\/\/clinicamedicadoporto.pt\/staging\/tag\/terapias\/\" rel=\"tag\">Terapias<\/a>, <a href=\"https:\/\/clinicamedicadoporto.pt\/staging\/tag\/terapias-nao-convencionais\/\" rel=\"tag\">terapias n\u00e3o convencionais<\/a>, <a href=\"https:\/\/clinicamedicadoporto.pt\/staging\/tag\/todas-as-terapias\/\" rel=\"tag\">Todas as Terapias<\/a>, <a href=\"https:\/\/clinicamedicadoporto.pt\/staging\/tag\/tratamento-bruxismo-porto\/\" rel=\"tag\">Tratamento Bruxismo Porto<\/a>, <a href=\"https:\/\/clinicamedicadoporto.pt\/staging\/tag\/tratamento-do-bruxismo\/\" rel=\"tag\">Tratamento do Bruxismo<\/a><\/span><span class=\"categories-links\"><i class=\"kwicon-fa-folder-open\"><\/i> <a href=\"https:\/\/clinicamedicadoporto.pt\/staging\/category\/cuidados-de-saude\/\" rel=\"category tag\">Cuidados de Sa\u00fade<\/a>, <a href=\"https:\/\/clinicamedicadoporto.pt\/staging\/category\/conselhos-uteis\/\" rel=\"category tag\">Conselhos \u00dateis<\/a>, <a href=\"https:\/\/clinicamedicadoporto.pt\/staging\/category\/especialidades-tecnicas\/\" rel=\"category tag\">Especialidades T\u00e9cnicas<\/a><\/span><\/div>\r\n\t\t\t\t\t<div class=\"kwayy-blogbox-desc\">[vc_row][vc_co...<div class=\"kwayy-post-readmore\"><a href=\"https:\/\/clinicamedicadoporto.pt\/staging\/stress-e-disfuncao-temporomandibular\/\">Read More<i class=\"kwicon-fa-angle-right\"><\/i><\/a><\/div><\/div>\r\n\t\t\t\t<\/div>\r\n\t\t\t<\/div>\r\n\t\t<\/article>\r\n\t\r\n\t\t<article class=\"post-box blog-slider-box-width kwayy-blogbox-format-standard cuidados-de-saude medicina-integrativa\">\r\n\t\t\t<div class=\"post-item\">\r\n\t\t\t\t<div class=\"post-item-thumbnail\">\r\n\t\t\t\t\t<div class=\"post-item-thumbnail-inner\">\r\n\t\t\t\t\t\t<div class=\"kwayy-postbox-small-date\"><div class=\"kwayy-post-box-date-wrapper\"><div class=\"kwayy-entry-date-wrapper\">\r\n\t\t\t\t\t\t\t\t<span class=\"kwayy-entry-date\">\r\n\t\t\t\t\t\t\t\t\t<time class=\"entry-date\" datetime=\"\" >\r\n\t\t\t\t\t\t\t\t\t\t<span class=\"entry-date\"><\/span> \r\n\t\t\t\t\t\t\t\t\t\t<span class=\"entry-month\"><\/span> \r\n\t\t\t\t\t\t\t\t\t\t<span class=\"entry-year\"><\/span> \r\n\t\t\t\t\t\t\t\t\t<\/time>\r\n\t\t\t\t\t\t\t\t<\/span>\r\n\t\t\t\t\t\t\t<\/div><\/div><\/div>\r\n\t\t\t\t\t\t<a class=\"tm-blog-link\" href=\"https:\/\/clinicamedicadoporto.pt\/staging\/sindrome-dos-ovarios-poliquisticos-causas-sintomas-e-terapeutica\/\"><img loading=\"lazy\" decoding=\"async\" width=\"1280\" height=\"720\" src=\"https:\/\/clinicamedicadoporto.pt\/staging\/wp-content\/uploads\/2020\/02\/Sindrome-dos-ovarios-poliquisticos-clinica-medica-do-porto.jpg\" class=\"attachment-portfolio-fix-column size-portfolio-fix-column wp-post-image\" alt=\"Sindrome-dos-ovarios-poliquisticos-clinica-medica-do-porto\" srcset=\"https:\/\/clinicamedicadoporto.pt\/staging\/wp-content\/uploads\/2020\/02\/Sindrome-dos-ovarios-poliquisticos-clinica-medica-do-porto.jpg 1280w, https:\/\/clinicamedicadoporto.pt\/staging\/wp-content\/uploads\/2020\/02\/Sindrome-dos-ovarios-poliquisticos-clinica-medica-do-porto-768x432.jpg 768w, https:\/\/clinicamedicadoporto.pt\/staging\/wp-content\/uploads\/2020\/02\/Sindrome-dos-ovarios-poliquisticos-clinica-medica-do-porto-727x409.jpg 727w, https:\/\/clinicamedicadoporto.pt\/staging\/wp-content\/uploads\/2020\/02\/Sindrome-dos-ovarios-poliquisticos-clinica-medica-do-porto-1110x624.jpg 1110w, https:\/\/clinicamedicadoporto.pt\/staging\/wp-content\/uploads\/2020\/02\/Sindrome-dos-ovarios-poliquisticos-clinica-medica-do-porto-720x406.jpg 720w, https:\/\/clinicamedicadoporto.pt\/staging\/wp-content\/uploads\/2020\/02\/Sindrome-dos-ovarios-poliquisticos-clinica-medica-do-porto-750x422.jpg 750w\" sizes=\"auto, (max-width: 1280px) 100vw, 1280px\" \/><\/a>\r\n\t\t\t\t\t<\/div>\r\n\t\t\t\t\t<div class=\"overthumb\"><\/div>\r\n\t\t\t\t\t\r\n\t\t\t\t<\/div>\r\n\t\t\t\t<div class=\"item-content\">\r\n\t\t\t\t\t<h4><a href=\"https:\/\/clinicamedicadoporto.pt\/staging\/sindrome-dos-ovarios-poliquisticos-causas-sintomas-e-terapeutica\/\">A S\u00edndrome dos Ov\u00e1rios Poliquisticos &#8211; Causas, Sintomas e Terap\u00eautica<\/a><\/h4>\r\n\t\t\t\t\t<div class=\"kwayy-meta-details\"><div class=\"kwayy-post-user\"><span class=\"author vcard\"><i class=\"kwicon-fa-user\"><\/i> <a class=\"url fn n\" href=\"https:\/\/clinicamedicadoporto.pt\/staging\/author\/m-reis-cmp\/\" title=\"View all posts by \" rel=\"author\"><\/a><\/span><\/div><span class=\"tags-links\"><i class=\"kwicon-fa-tags\"><\/i> <a href=\"https:\/\/clinicamedicadoporto.pt\/staging\/tag\/clinicamedicadoporto\/\" rel=\"tag\">#clinicamedicadoporto<\/a>, <a href=\"https:\/\/clinicamedicadoporto.pt\/staging\/tag\/porto\/\" rel=\"tag\">#porto<\/a>, <a href=\"https:\/\/clinicamedicadoporto.pt\/staging\/tag\/todasasterapias\/\" rel=\"tag\">#todasasterapias<\/a>, <a href=\"https:\/\/clinicamedicadoporto.pt\/staging\/tag\/acne\/\" rel=\"tag\">acne<\/a>, <a href=\"https:\/\/clinicamedicadoporto.pt\/staging\/tag\/cistoadenomas\/\" rel=\"tag\">Cistoadenomas<\/a>, <a href=\"https:\/\/clinicamedicadoporto.pt\/staging\/tag\/clinica\/\" rel=\"tag\">clinica<\/a>, <a href=\"https:\/\/clinicamedicadoporto.pt\/staging\/tag\/clinica-medica-do-porto\/\" rel=\"tag\">Clinica M\u00e9dica do Porto<\/a>, <a href=\"https:\/\/clinicamedicadoporto.pt\/staging\/tag\/clinica-porto\/\" rel=\"tag\">Clinica Porto<\/a>, <a href=\"https:\/\/clinicamedicadoporto.pt\/staging\/tag\/consulta\/\" rel=\"tag\">Consulta<\/a>, <a href=\"https:\/\/clinicamedicadoporto.pt\/staging\/tag\/consulta-clinica-porto\/\" rel=\"tag\">Consulta Clinica Porto<\/a>, <a href=\"https:\/\/clinicamedicadoporto.pt\/staging\/tag\/consulta-medica\/\" rel=\"tag\">Consulta M\u00e9dica<\/a>, <a href=\"https:\/\/clinicamedicadoporto.pt\/staging\/tag\/dificuldade-em-perder-peso\/\" rel=\"tag\">dificuldade em perder peso<\/a>, <a href=\"https:\/\/clinicamedicadoporto.pt\/staging\/tag\/endometriomas\/\" rel=\"tag\">Endometriomas<\/a>, <a href=\"https:\/\/clinicamedicadoporto.pt\/staging\/tag\/infertilidade\/\" rel=\"tag\">infertilidade<\/a>, <a href=\"https:\/\/clinicamedicadoporto.pt\/staging\/tag\/medicina-alternativa\/\" rel=\"tag\">medicina alternativa<\/a>, <a href=\"https:\/\/clinicamedicadoporto.pt\/staging\/tag\/ovario\/\" rel=\"tag\">Ov\u00e1rio<\/a>, <a href=\"https:\/\/clinicamedicadoporto.pt\/staging\/tag\/ovario-poliquistico\/\" rel=\"tag\">Ov\u00e1rio Poliqu\u00edstico<\/a>, <a href=\"https:\/\/clinicamedicadoporto.pt\/staging\/tag\/ovario-poliquistico-e-gravidez\/\" rel=\"tag\">Ov\u00e1rio Poliqu\u00edstico e Gravidez<\/a>, <a href=\"https:\/\/clinicamedicadoporto.pt\/staging\/tag\/quistos-dermoides\/\" rel=\"tag\">Quistos Derm\u00f3ides<\/a>, <a href=\"https:\/\/clinicamedicadoporto.pt\/staging\/tag\/quistos-funcionais\/\" rel=\"tag\">Quistos funcionais<\/a>, <a href=\"https:\/\/clinicamedicadoporto.pt\/staging\/tag\/quistos-ovaricos\/\" rel=\"tag\">Quistos Ov\u00e1ricos<\/a>, <a href=\"https:\/\/clinicamedicadoporto.pt\/staging\/tag\/sindroma-dos-ovarios-poliquisticos\/\" rel=\"tag\">S\u00edndroma dos Ov\u00e1rios Poliqu\u00edsticos<\/a>, <a href=\"https:\/\/clinicamedicadoporto.pt\/staging\/tag\/sop\/\" rel=\"tag\">SOP<\/a>, <a href=\"https:\/\/clinicamedicadoporto.pt\/staging\/tag\/terapia\/\" rel=\"tag\">Terapia<\/a>, <a href=\"https:\/\/clinicamedicadoporto.pt\/staging\/tag\/terapias\/\" rel=\"tag\">Terapias<\/a>, <a href=\"https:\/\/clinicamedicadoporto.pt\/staging\/tag\/terapias-nao-convencionais\/\" rel=\"tag\">terapias n\u00e3o convencionais<\/a>, <a href=\"https:\/\/clinicamedicadoporto.pt\/staging\/tag\/todas-as-terapias\/\" rel=\"tag\">Todas as Terapias<\/a>, <a href=\"https:\/\/clinicamedicadoporto.pt\/staging\/tag\/tratar-ovario-poliquiistico-de-forma-natural\/\" rel=\"tag\">Tratar Ov\u00e1rio Poliqui\u00edstico de Forma Natural<\/a>, <a href=\"https:\/\/clinicamedicadoporto.pt\/staging\/tag\/tratar-ovario-poliquistico\/\" rel=\"tag\">Tratar Ov\u00e1rio Poliqu\u00edstico<\/a>, <a href=\"https:\/\/clinicamedicadoporto.pt\/staging\/tag\/tratar-ovario-poliquistico-sem-recorrer-a-medicamentos\/\" rel=\"tag\">Tratar Ov\u00e1rio Poliqu\u00edstico sem recorrer a Medicamentos<\/a><\/span><span class=\"categories-links\"><i class=\"kwicon-fa-folder-open\"><\/i> <a href=\"https:\/\/clinicamedicadoporto.pt\/staging\/category\/medicina-integrativa\/\" rel=\"category tag\">Medicina Integrativa<\/a>, <a href=\"https:\/\/clinicamedicadoporto.pt\/staging\/category\/cuidados-de-saude\/\" rel=\"category tag\">Cuidados de Sa\u00fade<\/a><\/span><\/div>\r\n\t\t\t\t\t<div class=\"kwayy-blogbox-desc\">[vc_row][vc_co...<div class=\"kwayy-post-readmore\"><a href=\"https:\/\/clinicamedicadoporto.pt\/staging\/sindrome-dos-ovarios-poliquisticos-causas-sintomas-e-terapeutica\/\">Read More<i class=\"kwicon-fa-angle-right\"><\/i><\/a><\/div><\/div>\r\n\t\t\t\t<\/div>\r\n\t\t\t<\/div>\r\n\t\t<\/article>\r\n\t\r\n\t\t<article class=\"post-box blog-slider-box-width kwayy-blogbox-format-standard conselhos-uteis cuidados-de-saude especialidades-tecnicas fisioterapia-uro-ginecologica medicina-integrativa\">\r\n\t\t\t<div class=\"post-item\">\r\n\t\t\t\t<div class=\"post-item-thumbnail\">\r\n\t\t\t\t\t<div class=\"post-item-thumbnail-inner\">\r\n\t\t\t\t\t\t<div class=\"kwayy-postbox-small-date\"><div class=\"kwayy-post-box-date-wrapper\"><div class=\"kwayy-entry-date-wrapper\">\r\n\t\t\t\t\t\t\t\t<span class=\"kwayy-entry-date\">\r\n\t\t\t\t\t\t\t\t\t<time class=\"entry-date\" datetime=\"\" >\r\n\t\t\t\t\t\t\t\t\t\t<span class=\"entry-date\"><\/span> \r\n\t\t\t\t\t\t\t\t\t\t<span class=\"entry-month\"><\/span> \r\n\t\t\t\t\t\t\t\t\t\t<span class=\"entry-year\"><\/span> \r\n\t\t\t\t\t\t\t\t\t<\/time>\r\n\t\t\t\t\t\t\t\t<\/span>\r\n\t\t\t\t\t\t\t<\/div><\/div><\/div>\r\n\t\t\t\t\t\t<a class=\"tm-blog-link\" href=\"https:\/\/clinicamedicadoporto.pt\/staging\/intervencao-da-fisioterapia-uro-ginecologica-no-pos-parto\/\"><img loading=\"lazy\" decoding=\"async\" width=\"1280\" height=\"720\" src=\"https:\/\/clinicamedicadoporto.pt\/staging\/wp-content\/uploads\/2019\/11\/Fisioterapia-Uroginecologia-Clinica-Medica-Do-Porto.jpg\" class=\"attachment-portfolio-fix-column size-portfolio-fix-column wp-post-image\" alt=\"Fisioterapia-Uroginecologia-Clinica-Medica-Do-Porto\" srcset=\"https:\/\/clinicamedicadoporto.pt\/staging\/wp-content\/uploads\/2019\/11\/Fisioterapia-Uroginecologia-Clinica-Medica-Do-Porto.jpg 1280w, https:\/\/clinicamedicadoporto.pt\/staging\/wp-content\/uploads\/2019\/11\/Fisioterapia-Uroginecologia-Clinica-Medica-Do-Porto-768x432.jpg 768w, https:\/\/clinicamedicadoporto.pt\/staging\/wp-content\/uploads\/2019\/11\/Fisioterapia-Uroginecologia-Clinica-Medica-Do-Porto-727x409.jpg 727w, https:\/\/clinicamedicadoporto.pt\/staging\/wp-content\/uploads\/2019\/11\/Fisioterapia-Uroginecologia-Clinica-Medica-Do-Porto-1110x624.jpg 1110w, https:\/\/clinicamedicadoporto.pt\/staging\/wp-content\/uploads\/2019\/11\/Fisioterapia-Uroginecologia-Clinica-Medica-Do-Porto-720x406.jpg 720w, https:\/\/clinicamedicadoporto.pt\/staging\/wp-content\/uploads\/2019\/11\/Fisioterapia-Uroginecologia-Clinica-Medica-Do-Porto-750x422.jpg 750w\" sizes=\"auto, (max-width: 1280px) 100vw, 1280px\" \/><\/a>\r\n\t\t\t\t\t<\/div>\r\n\t\t\t\t\t<div class=\"overthumb\"><\/div>\r\n\t\t\t\t\t\r\n\t\t\t\t<\/div>\r\n\t\t\t\t<div class=\"item-content\">\r\n\t\t\t\t\t<h4><a href=\"https:\/\/clinicamedicadoporto.pt\/staging\/intervencao-da-fisioterapia-uro-ginecologica-no-pos-parto\/\">Interven\u00e7\u00e3o da Fisioterapia Uro-Ginecol\u00f3gica no P\u00f3s Parto<\/a><\/h4>\r\n\t\t\t\t\t<div class=\"kwayy-meta-details\"><div class=\"kwayy-post-user\"><span class=\"author vcard\"><i class=\"kwicon-fa-user\"><\/i> <a class=\"url fn n\" href=\"https:\/\/clinicamedicadoporto.pt\/staging\/author\/m-reis-cmp\/\" title=\"View all posts by \" rel=\"author\"><\/a><\/span><\/div><span class=\"tags-links\"><i class=\"kwicon-fa-tags\"><\/i> <a href=\"https:\/\/clinicamedicadoporto.pt\/staging\/tag\/acupuntura-porto\/\" rel=\"tag\">Acupuntura Porto<\/a>, <a href=\"https:\/\/clinicamedicadoporto.pt\/staging\/tag\/consulta-de-acupuntura\/\" rel=\"tag\">Consulta de Acupuntura<\/a>, <a href=\"https:\/\/clinicamedicadoporto.pt\/staging\/tag\/consulta-de-acupuntura-no-porto\/\" rel=\"tag\">Consulta de Acupuntura no Porto<\/a>, <a href=\"https:\/\/clinicamedicadoporto.pt\/staging\/tag\/consulta-de-medicina-alternativa\/\" rel=\"tag\">Consulta de Medicina Alternativa<\/a>, <a href=\"https:\/\/clinicamedicadoporto.pt\/staging\/tag\/consulta-de-medicina-chinesa\/\" rel=\"tag\">Consulta de Medicina Chinesa<\/a>, <a href=\"https:\/\/clinicamedicadoporto.pt\/staging\/tag\/consulta-de-reabilitacao-pelvica\/\" rel=\"tag\">Consulta de Reabilita\u00e7\u00e3o P\u00e9lvica<\/a>, <a href=\"https:\/\/clinicamedicadoporto.pt\/staging\/tag\/dor-no-pos-parto\/\" rel=\"tag\">Dor no P\u00f3s Parto<\/a>, <a href=\"https:\/\/clinicamedicadoporto.pt\/staging\/tag\/fisioterapia\/\" rel=\"tag\">Fisioterapia<\/a>, <a href=\"https:\/\/clinicamedicadoporto.pt\/staging\/tag\/fisioterapia-para-incontinencia-urinaria\/\" rel=\"tag\">Fisioterapia para Incontin\u00eancia Urin\u00e1ria<\/a>, <a href=\"https:\/\/clinicamedicadoporto.pt\/staging\/tag\/fisioterapia-pelvica-para-bexiga-hiperativa\/\" rel=\"tag\">Fisioterapia P\u00e9lvica para Bexiga Hiperativa<\/a>, <a href=\"https:\/\/clinicamedicadoporto.pt\/staging\/tag\/fisioterapia-pelvica-para-diastese\/\" rel=\"tag\">Fisioterapia P\u00e9lvica para Diastese<\/a>, <a href=\"https:\/\/clinicamedicadoporto.pt\/staging\/tag\/fisioterapia-pelvica-para-gravidas\/\" rel=\"tag\">Fisioterapia P\u00e9lvica para Gr\u00e1vidas<\/a>, <a href=\"https:\/\/clinicamedicadoporto.pt\/staging\/tag\/fisoterapia-uro-ginecologica\/\" rel=\"tag\">Fisoterapia Uro-Ginecologica<\/a>, <a href=\"https:\/\/clinicamedicadoporto.pt\/staging\/tag\/incontinencia\/\" rel=\"tag\">Incontin\u00eancia<\/a>, <a href=\"https:\/\/clinicamedicadoporto.pt\/staging\/tag\/incontinencia-pos-parto\/\" rel=\"tag\">Incontin\u00eancia P\u00f3s Parto<\/a>, <a href=\"https:\/\/clinicamedicadoporto.pt\/staging\/tag\/medicina-alternativa\/\" rel=\"tag\">medicina alternativa<\/a>, <a href=\"https:\/\/clinicamedicadoporto.pt\/staging\/tag\/reabilitacao-do-pavimento-pelvico\/\" rel=\"tag\">Reabilita\u00e7\u00e3o do Pavimento P\u00e9lvico<\/a>, <a href=\"https:\/\/clinicamedicadoporto.pt\/staging\/tag\/reabilitacao-do-soalho-pelvico\/\" rel=\"tag\">reabilita\u00e7\u00e3o do soalho p\u00e9lvico<\/a>, <a href=\"https:\/\/clinicamedicadoporto.pt\/staging\/tag\/reabilitacao-pelvica\/\" rel=\"tag\">Reabilita\u00e7\u00e3o P\u00e9lvica<\/a>, <a href=\"https:\/\/clinicamedicadoporto.pt\/staging\/tag\/reabilitacao-pelvica-na-gravidez\/\" rel=\"tag\">Reabilita\u00e7\u00e3o P\u00e9lvica na Gravidez<\/a>, <a href=\"https:\/\/clinicamedicadoporto.pt\/staging\/tag\/reabilitacao-pos-parto\/\" rel=\"tag\">Reabilita\u00e7\u00e3o P\u00f3s Parto<\/a>, <a href=\"https:\/\/clinicamedicadoporto.pt\/staging\/tag\/tratamento-de-acupuntura\/\" rel=\"tag\">Tratamento de Acupuntura<\/a>, <a href=\"https:\/\/clinicamedicadoporto.pt\/staging\/tag\/tratamento-de-medicina-chinesa\/\" rel=\"tag\">Tratamento de Medicina Chinesa<\/a>, <a href=\"https:\/\/clinicamedicadoporto.pt\/staging\/tag\/tratamento-do-soalho-pelvico\/\" rel=\"tag\">Tratamento do Soalho P\u00e9lvico<\/a>, <a href=\"https:\/\/clinicamedicadoporto.pt\/staging\/tag\/tratar-incontinencia\/\" rel=\"tag\">Tratar Incontin\u00eancia<\/a>, <a href=\"https:\/\/clinicamedicadoporto.pt\/staging\/tag\/tratar-incontinencia-sem-medicamentos\/\" rel=\"tag\">Tratar Incontin\u00eancia Sem Medicamentos<\/a><\/span><span class=\"categories-links\"><i class=\"kwicon-fa-folder-open\"><\/i> <a href=\"https:\/\/clinicamedicadoporto.pt\/staging\/category\/especialidades-tecnicas\/\" rel=\"category tag\">Especialidades T\u00e9cnicas<\/a>, <a href=\"https:\/\/clinicamedicadoporto.pt\/staging\/category\/conselhos-uteis\/\" rel=\"category tag\">Conselhos \u00dateis<\/a>, <a href=\"https:\/\/clinicamedicadoporto.pt\/staging\/category\/cuidados-de-saude\/\" rel=\"category tag\">Cuidados de Sa\u00fade<\/a>, <a href=\"https:\/\/clinicamedicadoporto.pt\/staging\/category\/especialidades-tecnicas\/fisioterapia-uro-ginecologica\/\" rel=\"category tag\">Fisioterapia Uro-Ginecol\u00f3gica<\/a>, <a href=\"https:\/\/clinicamedicadoporto.pt\/staging\/category\/medicina-integrativa\/\" rel=\"category tag\">Medicina Integrativa<\/a><\/span><\/div>\r\n\t\t\t\t\t<div class=\"kwayy-blogbox-desc\">[vc_row][vc_co...<div class=\"kwayy-post-readmore\"><a href=\"https:\/\/clinicamedicadoporto.pt\/staging\/intervencao-da-fisioterapia-uro-ginecologica-no-pos-parto\/\">Read More<i class=\"kwicon-fa-angle-right\"><\/i><\/a><\/div><\/div>\r\n\t\t\t\t<\/div>\r\n\t\t\t<\/div>\r\n\t\t<\/article>\r\n\t\r\n\t\t<article class=\"post-box blog-slider-box-width kwayy-blogbox-format-standard conselhos-uteis cuidados-de-saude medicina-integrativa reflecoes\">\r\n\t\t\t<div class=\"post-item\">\r\n\t\t\t\t<div class=\"post-item-thumbnail\">\r\n\t\t\t\t\t<div class=\"post-item-thumbnail-inner\">\r\n\t\t\t\t\t\t<div class=\"kwayy-postbox-small-date\"><div class=\"kwayy-post-box-date-wrapper\"><div class=\"kwayy-entry-date-wrapper\">\r\n\t\t\t\t\t\t\t\t<span class=\"kwayy-entry-date\">\r\n\t\t\t\t\t\t\t\t\t<time class=\"entry-date\" datetime=\"\" >\r\n\t\t\t\t\t\t\t\t\t\t<span class=\"entry-date\"><\/span> \r\n\t\t\t\t\t\t\t\t\t\t<span class=\"entry-month\"><\/span> \r\n\t\t\t\t\t\t\t\t\t\t<span class=\"entry-year\"><\/span> \r\n\t\t\t\t\t\t\t\t\t<\/time>\r\n\t\t\t\t\t\t\t\t<\/span>\r\n\t\t\t\t\t\t\t<\/div><\/div><\/div>\r\n\t\t\t\t\t\t<a class=\"tm-blog-link\" href=\"https:\/\/clinicamedicadoporto.pt\/staging\/8-conselhos-de-amigo-para-dormir-melhor\/\"><img loading=\"lazy\" decoding=\"async\" width=\"1280\" height=\"720\" src=\"https:\/\/clinicamedicadoporto.pt\/staging\/wp-content\/uploads\/2019\/10\/8-conselhos-para-dormir-melhor-clinica-medica-porto.jpg\" class=\"attachment-portfolio-fix-column size-portfolio-fix-column wp-post-image\" alt=\"8-conselhos-para-dormir-melhor-clinica-medica-porto\" srcset=\"https:\/\/clinicamedicadoporto.pt\/staging\/wp-content\/uploads\/2019\/10\/8-conselhos-para-dormir-melhor-clinica-medica-porto.jpg 1280w, https:\/\/clinicamedicadoporto.pt\/staging\/wp-content\/uploads\/2019\/10\/8-conselhos-para-dormir-melhor-clinica-medica-porto-768x432.jpg 768w, https:\/\/clinicamedicadoporto.pt\/staging\/wp-content\/uploads\/2019\/10\/8-conselhos-para-dormir-melhor-clinica-medica-porto-727x409.jpg 727w, https:\/\/clinicamedicadoporto.pt\/staging\/wp-content\/uploads\/2019\/10\/8-conselhos-para-dormir-melhor-clinica-medica-porto-1110x624.jpg 1110w, https:\/\/clinicamedicadoporto.pt\/staging\/wp-content\/uploads\/2019\/10\/8-conselhos-para-dormir-melhor-clinica-medica-porto-720x406.jpg 720w, https:\/\/clinicamedicadoporto.pt\/staging\/wp-content\/uploads\/2019\/10\/8-conselhos-para-dormir-melhor-clinica-medica-porto-750x422.jpg 750w\" sizes=\"auto, (max-width: 1280px) 100vw, 1280px\" \/><\/a>\r\n\t\t\t\t\t<\/div>\r\n\t\t\t\t\t<div class=\"overthumb\"><\/div>\r\n\t\t\t\t\t\r\n\t\t\t\t<\/div>\r\n\t\t\t\t<div class=\"item-content\">\r\n\t\t\t\t\t<h4><a href=\"https:\/\/clinicamedicadoporto.pt\/staging\/8-conselhos-de-amigo-para-dormir-melhor\/\">8 Conselhos (de amigo) para Dormir Melhor<\/a><\/h4>\r\n\t\t\t\t\t<div class=\"kwayy-meta-details\"><div class=\"kwayy-post-user\"><span class=\"author vcard\"><i class=\"kwicon-fa-user\"><\/i> <a class=\"url fn n\" href=\"https:\/\/clinicamedicadoporto.pt\/staging\/author\/m-reis-cmp\/\" title=\"View all posts by \" rel=\"author\"><\/a><\/span><\/div><span class=\"tags-links\"><i class=\"kwicon-fa-tags\"><\/i> <a href=\"https:\/\/clinicamedicadoporto.pt\/staging\/tag\/clinicamedicadoporto\/\" rel=\"tag\">#clinicamedicadoporto<\/a>, <a href=\"https:\/\/clinicamedicadoporto.pt\/staging\/tag\/porto\/\" rel=\"tag\">#porto<\/a>, <a href=\"https:\/\/clinicamedicadoporto.pt\/staging\/tag\/todasasterapias\/\" rel=\"tag\">#todasasterapias<\/a>, <a href=\"https:\/\/clinicamedicadoporto.pt\/staging\/tag\/acupuntura-porto\/\" rel=\"tag\">Acupuntura Porto<\/a>, <a href=\"https:\/\/clinicamedicadoporto.pt\/staging\/tag\/clinica\/\" rel=\"tag\">clinica<\/a>, <a href=\"https:\/\/clinicamedicadoporto.pt\/staging\/tag\/clinica-medica-do-porto\/\" rel=\"tag\">Clinica M\u00e9dica do Porto<\/a>, <a href=\"https:\/\/clinicamedicadoporto.pt\/staging\/tag\/clinica-porto\/\" rel=\"tag\">Clinica Porto<\/a>, <a href=\"https:\/\/clinicamedicadoporto.pt\/staging\/tag\/conselhos-para-dormir-melhor\/\" rel=\"tag\">Conselhos para Dormir Melhor<\/a>, <a href=\"https:\/\/clinicamedicadoporto.pt\/staging\/tag\/consulta\/\" rel=\"tag\">Consulta<\/a>, <a href=\"https:\/\/clinicamedicadoporto.pt\/staging\/tag\/consulta-clinica-porto\/\" rel=\"tag\">Consulta Clinica Porto<\/a>, <a href=\"https:\/\/clinicamedicadoporto.pt\/staging\/tag\/consulta-de-acupuntura\/\" rel=\"tag\">Consulta de Acupuntura<\/a>, <a href=\"https:\/\/clinicamedicadoporto.pt\/staging\/tag\/consulta-de-acupuntura-no-porto\/\" rel=\"tag\">Consulta de Acupuntura no Porto<\/a>, <a href=\"https:\/\/clinicamedicadoporto.pt\/staging\/tag\/consulta-de-medicina-alternativa\/\" rel=\"tag\">Consulta de Medicina Alternativa<\/a>, <a href=\"https:\/\/clinicamedicadoporto.pt\/staging\/tag\/consulta-de-medicina-chinesa\/\" rel=\"tag\">Consulta de Medicina Chinesa<\/a>, <a href=\"https:\/\/clinicamedicadoporto.pt\/staging\/tag\/consulta-do-sono\/\" rel=\"tag\">Consulta do Sono<\/a>, <a href=\"https:\/\/clinicamedicadoporto.pt\/staging\/tag\/consulta-medica\/\" rel=\"tag\">Consulta M\u00e9dica<\/a>, <a href=\"https:\/\/clinicamedicadoporto.pt\/staging\/tag\/descanso\/\" rel=\"tag\">descanso<\/a>, <a href=\"https:\/\/clinicamedicadoporto.pt\/staging\/tag\/dicas-de-saude\/\" rel=\"tag\">Dicas de Sa\u00fade<\/a>, <a href=\"https:\/\/clinicamedicadoporto.pt\/staging\/tag\/dicas-para-dormir-melhor\/\" rel=\"tag\">Dicas Para Dormir Melhor<\/a>, <a href=\"https:\/\/clinicamedicadoporto.pt\/staging\/tag\/disturbios-de-sono\/\" rel=\"tag\">disturbios de sono<\/a>, <a href=\"https:\/\/clinicamedicadoporto.pt\/staging\/tag\/disturbios-do-sono\/\" rel=\"tag\">Dist\u00farbios do Sono<\/a>, <a href=\"https:\/\/clinicamedicadoporto.pt\/staging\/tag\/dormir-melhor\/\" rel=\"tag\">dormir melhor<\/a>, <a href=\"https:\/\/clinicamedicadoporto.pt\/staging\/tag\/insonia\/\" rel=\"tag\">ins\u00f3nia<\/a>, <a href=\"https:\/\/clinicamedicadoporto.pt\/staging\/tag\/medicina-alternativa\/\" rel=\"tag\">medicina alternativa<\/a>, <a href=\"https:\/\/clinicamedicadoporto.pt\/staging\/tag\/porque-durmo-mal\/\" rel=\"tag\">Porque Durmo Mal<\/a>, <a href=\"https:\/\/clinicamedicadoporto.pt\/staging\/tag\/problemas-de-sono\/\" rel=\"tag\">problemas de sono<\/a>, <a href=\"https:\/\/clinicamedicadoporto.pt\/staging\/tag\/resolver-problemas-de-sono\/\" rel=\"tag\">Resolver Problemas de Sono<\/a>, <a href=\"https:\/\/clinicamedicadoporto.pt\/staging\/tag\/sono\/\" rel=\"tag\">sono<\/a>, <a href=\"https:\/\/clinicamedicadoporto.pt\/staging\/tag\/terapia\/\" rel=\"tag\">Terapia<\/a>, <a href=\"https:\/\/clinicamedicadoporto.pt\/staging\/tag\/terapias\/\" rel=\"tag\">Terapias<\/a>, <a href=\"https:\/\/clinicamedicadoporto.pt\/staging\/tag\/terapias-nao-convencionais\/\" rel=\"tag\">terapias n\u00e3o convencionais<\/a>, <a href=\"https:\/\/clinicamedicadoporto.pt\/staging\/tag\/todas-as-terapias\/\" rel=\"tag\">Todas as Terapias<\/a>, <a href=\"https:\/\/clinicamedicadoporto.pt\/staging\/tag\/tratamento-de-acupuntura\/\" rel=\"tag\">Tratamento de Acupuntura<\/a>, <a href=\"https:\/\/clinicamedicadoporto.pt\/staging\/tag\/tratamento-de-medicina-chinesa\/\" rel=\"tag\">Tratamento de Medicina Chinesa<\/a>, <a href=\"https:\/\/clinicamedicadoporto.pt\/staging\/tag\/tratamento-natural-para-as-disfuncoes-do-sono\/\" rel=\"tag\">Tratamento Natural para as Disfun\u00e7\u00f5es do Sono<\/a>, <a href=\"https:\/\/clinicamedicadoporto.pt\/staging\/tag\/tratamento-para-dormir-melhor\/\" rel=\"tag\">Tratamento para Dormir Melhor<\/a>, <a href=\"https:\/\/clinicamedicadoporto.pt\/staging\/tag\/tratamentos-para-dormir-melhor\/\" rel=\"tag\">Tratamentos para Dormir Melhor<\/a>, <a href=\"https:\/\/clinicamedicadoporto.pt\/staging\/tag\/tratar-dificuldades-de-sono-sem-medicamentos\/\" rel=\"tag\">Tratar Dificuldades de Sono sem Medicamentos<\/a>, <a href=\"https:\/\/clinicamedicadoporto.pt\/staging\/tag\/tratar-insonia\/\" rel=\"tag\">Tratar Ins\u00f3nia<\/a><\/span><span class=\"categories-links\"><i class=\"kwicon-fa-folder-open\"><\/i> <a href=\"https:\/\/clinicamedicadoporto.pt\/staging\/category\/conselhos-uteis\/\" rel=\"category tag\">Conselhos \u00dateis<\/a>, <a href=\"https:\/\/clinicamedicadoporto.pt\/staging\/category\/cuidados-de-saude\/\" rel=\"category tag\">Cuidados de Sa\u00fade<\/a>, <a href=\"https:\/\/clinicamedicadoporto.pt\/staging\/category\/medicina-integrativa\/\" rel=\"category tag\">Medicina Integrativa<\/a>, <a href=\"https:\/\/clinicamedicadoporto.pt\/staging\/category\/reflecoes\/\" rel=\"category tag\">Reflex\u00f5es<\/a><\/span><\/div>\r\n\t\t\t\t\t<div class=\"kwayy-blogbox-desc\">[vc_row][vc_co...<div class=\"kwayy-post-readmore\"><a href=\"https:\/\/clinicamedicadoporto.pt\/staging\/8-conselhos-de-amigo-para-dormir-melhor\/\">Read More<i class=\"kwicon-fa-angle-right\"><\/i><\/a><\/div><\/div>\r\n\t\t\t\t<\/div>\r\n\t\t\t<\/div>\r\n\t\t<\/article>\r\n\t\r\n\t\t<article class=\"post-box blog-slider-box-width kwayy-blogbox-format-standard acupuntura conselhos-uteis cuidados-de-saude medicina-integrativa medicina-tradicional-chinesa terapias-nao-convencionais\">\r\n\t\t\t<div class=\"post-item\">\r\n\t\t\t\t<div class=\"post-item-thumbnail\">\r\n\t\t\t\t\t<div class=\"post-item-thumbnail-inner\">\r\n\t\t\t\t\t\t<div class=\"kwayy-postbox-small-date\"><div class=\"kwayy-post-box-date-wrapper\"><div class=\"kwayy-entry-date-wrapper\">\r\n\t\t\t\t\t\t\t\t<span class=\"kwayy-entry-date\">\r\n\t\t\t\t\t\t\t\t\t<time class=\"entry-date\" datetime=\"\" >\r\n\t\t\t\t\t\t\t\t\t\t<span class=\"entry-date\"><\/span> \r\n\t\t\t\t\t\t\t\t\t\t<span class=\"entry-month\"><\/span> \r\n\t\t\t\t\t\t\t\t\t\t<span class=\"entry-year\"><\/span> \r\n\t\t\t\t\t\t\t\t\t<\/time>\r\n\t\t\t\t\t\t\t\t<\/span>\r\n\t\t\t\t\t\t\t<\/div><\/div><\/div>\r\n\t\t\t\t\t\t<a class=\"tm-blog-link\" href=\"https:\/\/clinicamedicadoporto.pt\/staging\/a-resposta-da-medicina-chinesa-e-acupuntura-aos-problemas-de-sono\/\"><img loading=\"lazy\" decoding=\"async\" width=\"1280\" height=\"720\" src=\"https:\/\/clinicamedicadoporto.pt\/staging\/wp-content\/uploads\/2019\/03\/acupuntura-ajuda-a-dormir-clinica-medica-do-porto.jpg\" class=\"attachment-portfolio-fix-column size-portfolio-fix-column wp-post-image\" alt=\"\" srcset=\"https:\/\/clinicamedicadoporto.pt\/staging\/wp-content\/uploads\/2019\/03\/acupuntura-ajuda-a-dormir-clinica-medica-do-porto.jpg 1280w, https:\/\/clinicamedicadoporto.pt\/staging\/wp-content\/uploads\/2019\/03\/acupuntura-ajuda-a-dormir-clinica-medica-do-porto-768x432.jpg 768w, https:\/\/clinicamedicadoporto.pt\/staging\/wp-content\/uploads\/2019\/03\/acupuntura-ajuda-a-dormir-clinica-medica-do-porto-727x409.jpg 727w, https:\/\/clinicamedicadoporto.pt\/staging\/wp-content\/uploads\/2019\/03\/acupuntura-ajuda-a-dormir-clinica-medica-do-porto-1110x624.jpg 1110w, https:\/\/clinicamedicadoporto.pt\/staging\/wp-content\/uploads\/2019\/03\/acupuntura-ajuda-a-dormir-clinica-medica-do-porto-720x406.jpg 720w, https:\/\/clinicamedicadoporto.pt\/staging\/wp-content\/uploads\/2019\/03\/acupuntura-ajuda-a-dormir-clinica-medica-do-porto-750x422.jpg 750w\" sizes=\"auto, (max-width: 1280px) 100vw, 1280px\" \/><\/a>\r\n\t\t\t\t\t<\/div>\r\n\t\t\t\t\t<div class=\"overthumb\"><\/div>\r\n\t\t\t\t\t\r\n\t\t\t\t<\/div>\r\n\t\t\t\t<div class=\"item-content\">\r\n\t\t\t\t\t<h4><a href=\"https:\/\/clinicamedicadoporto.pt\/staging\/a-resposta-da-medicina-chinesa-e-acupuntura-aos-problemas-de-sono\/\">A Resposta da Medicina Chinesa e Acupuntura aos Problemas de Sono<\/a><\/h4>\r\n\t\t\t\t\t<div class=\"kwayy-meta-details\"><div class=\"kwayy-post-user\"><span class=\"author vcard\"><i class=\"kwicon-fa-user\"><\/i> <a class=\"url fn n\" href=\"https:\/\/clinicamedicadoporto.pt\/staging\/author\/m-reis-cmp\/\" title=\"View all posts by \" rel=\"author\"><\/a><\/span><\/div><span class=\"tags-links\"><i class=\"kwicon-fa-tags\"><\/i> <a href=\"https:\/\/clinicamedicadoporto.pt\/staging\/tag\/clinicamedicadoporto\/\" rel=\"tag\">#clinicamedicadoporto<\/a>, <a href=\"https:\/\/clinicamedicadoporto.pt\/staging\/tag\/porto\/\" rel=\"tag\">#porto<\/a>, <a href=\"https:\/\/clinicamedicadoporto.pt\/staging\/tag\/todasasterapias\/\" rel=\"tag\">#todasasterapias<\/a>, <a href=\"https:\/\/clinicamedicadoporto.pt\/staging\/tag\/acupuntura-ajuda-a-regularizar-sono\/\" rel=\"tag\">acupuntura ajuda a regularizar sono<\/a>, <a href=\"https:\/\/clinicamedicadoporto.pt\/staging\/tag\/acupuntura-para-dormir\/\" rel=\"tag\">acupuntura para dormir<\/a>, <a href=\"https:\/\/clinicamedicadoporto.pt\/staging\/tag\/acupuntura-para-tratar-insonia\/\" rel=\"tag\">acupuntura para tratar ins\u00f3nia<\/a>, <a href=\"https:\/\/clinicamedicadoporto.pt\/staging\/tag\/acupuntura-porto\/\" rel=\"tag\">Acupuntura Porto<\/a>, <a href=\"https:\/\/clinicamedicadoporto.pt\/staging\/tag\/apneia-do-sono\/\" rel=\"tag\">apneia do sono<\/a>, <a href=\"https:\/\/clinicamedicadoporto.pt\/staging\/tag\/clinica\/\" rel=\"tag\">clinica<\/a>, <a href=\"https:\/\/clinicamedicadoporto.pt\/staging\/tag\/clinica-medica-do-porto\/\" rel=\"tag\">Clinica M\u00e9dica do Porto<\/a>, <a href=\"https:\/\/clinicamedicadoporto.pt\/staging\/tag\/clinica-porto\/\" rel=\"tag\">Clinica Porto<\/a>, <a href=\"https:\/\/clinicamedicadoporto.pt\/staging\/tag\/consulta\/\" rel=\"tag\">Consulta<\/a>, <a href=\"https:\/\/clinicamedicadoporto.pt\/staging\/tag\/consulta-clinica-porto\/\" rel=\"tag\">Consulta Clinica Porto<\/a>, <a href=\"https:\/\/clinicamedicadoporto.pt\/staging\/tag\/consulta-de-acupuntura\/\" rel=\"tag\">Consulta de Acupuntura<\/a>, <a href=\"https:\/\/clinicamedicadoporto.pt\/staging\/tag\/consulta-de-acupuntura-no-porto\/\" rel=\"tag\">Consulta de Acupuntura no Porto<\/a>, <a href=\"https:\/\/clinicamedicadoporto.pt\/staging\/tag\/consulta-de-medicina-alternativa\/\" rel=\"tag\">Consulta de Medicina Alternativa<\/a>, <a href=\"https:\/\/clinicamedicadoporto.pt\/staging\/tag\/consulta-de-medicina-chinesa\/\" rel=\"tag\">Consulta de Medicina Chinesa<\/a>, <a href=\"https:\/\/clinicamedicadoporto.pt\/staging\/tag\/consulta-do-sono\/\" rel=\"tag\">Consulta do Sono<\/a>, <a href=\"https:\/\/clinicamedicadoporto.pt\/staging\/tag\/consulta-medica\/\" rel=\"tag\">Consulta M\u00e9dica<\/a>, <a href=\"https:\/\/clinicamedicadoporto.pt\/staging\/tag\/consulta-para-os-problemas-de-sono\/\" rel=\"tag\">Consulta para os Problemas de Sono<\/a>, <a href=\"https:\/\/clinicamedicadoporto.pt\/staging\/tag\/dificuldade-em-adormecer\/\" rel=\"tag\">dificuldade em adormecer<\/a>, <a href=\"https:\/\/clinicamedicadoporto.pt\/staging\/tag\/disturbios-do-sono\/\" rel=\"tag\">Dist\u00farbios do Sono<\/a>, <a href=\"https:\/\/clinicamedicadoporto.pt\/staging\/tag\/dormir-bem\/\" rel=\"tag\">dormir bem<\/a>, <a href=\"https:\/\/clinicamedicadoporto.pt\/staging\/tag\/estrategias-para-dormir-bem\/\" rel=\"tag\">estrat\u00e9gias para dormir bem<\/a>, <a href=\"https:\/\/clinicamedicadoporto.pt\/staging\/tag\/insonia\/\" rel=\"tag\">ins\u00f3nia<\/a>, <a href=\"https:\/\/clinicamedicadoporto.pt\/staging\/tag\/medicina-alternativa\/\" rel=\"tag\">medicina alternativa<\/a>, <a href=\"https:\/\/clinicamedicadoporto.pt\/staging\/tag\/porque-durmo-mal\/\" rel=\"tag\">Porque Durmo Mal<\/a>, <a href=\"https:\/\/clinicamedicadoporto.pt\/staging\/tag\/problemas-de-sono\/\" rel=\"tag\">problemas de sono<\/a>, <a href=\"https:\/\/clinicamedicadoporto.pt\/staging\/tag\/resolver-problemas-de-sono\/\" rel=\"tag\">Resolver Problemas de Sono<\/a>, <a href=\"https:\/\/clinicamedicadoporto.pt\/staging\/tag\/terapia\/\" rel=\"tag\">Terapia<\/a>, <a href=\"https:\/\/clinicamedicadoporto.pt\/staging\/tag\/terapias\/\" rel=\"tag\">Terapias<\/a>, <a href=\"https:\/\/clinicamedicadoporto.pt\/staging\/tag\/terapias-nao-convencionais\/\" rel=\"tag\">terapias n\u00e3o convencionais<\/a>, <a href=\"https:\/\/clinicamedicadoporto.pt\/staging\/tag\/todas-as-terapias\/\" rel=\"tag\">Todas as Terapias<\/a>, <a href=\"https:\/\/clinicamedicadoporto.pt\/staging\/tag\/tratamento-de-acupuntura\/\" rel=\"tag\">Tratamento de Acupuntura<\/a>, <a href=\"https:\/\/clinicamedicadoporto.pt\/staging\/tag\/tratamento-de-medicina-chinesa\/\" rel=\"tag\">Tratamento de Medicina Chinesa<\/a>, <a href=\"https:\/\/clinicamedicadoporto.pt\/staging\/tag\/tratamento-natural-para-as-disfuncoes-do-sono\/\" rel=\"tag\">Tratamento Natural para as Disfun\u00e7\u00f5es do Sono<\/a>, <a href=\"https:\/\/clinicamedicadoporto.pt\/staging\/tag\/tratamentos-para-dormir-melhor\/\" rel=\"tag\">Tratamentos para Dormir Melhor<\/a>, <a href=\"https:\/\/clinicamedicadoporto.pt\/staging\/tag\/tratar-dificuldades-de-sono-sem-medicamentos\/\" rel=\"tag\">Tratar Dificuldades de Sono sem Medicamentos<\/a>, <a href=\"https:\/\/clinicamedicadoporto.pt\/staging\/tag\/tratar-insonia\/\" rel=\"tag\">Tratar Ins\u00f3nia<\/a><\/span><span class=\"categories-links\"><i class=\"kwicon-fa-folder-open\"><\/i> <a href=\"https:\/\/clinicamedicadoporto.pt\/staging\/category\/medicina-integrativa\/\" rel=\"category tag\">Medicina Integrativa<\/a>, <a href=\"https:\/\/clinicamedicadoporto.pt\/staging\/category\/terapias-nao-convencionais\/medicina-tradicional-chinesa\/acupuntura\/\" rel=\"category tag\">Acupuntura<\/a>, <a href=\"https:\/\/clinicamedicadoporto.pt\/staging\/category\/conselhos-uteis\/\" rel=\"category tag\">Conselhos \u00dateis<\/a>, <a href=\"https:\/\/clinicamedicadoporto.pt\/staging\/category\/cuidados-de-saude\/\" rel=\"category tag\">Cuidados de Sa\u00fade<\/a>, <a href=\"https:\/\/clinicamedicadoporto.pt\/staging\/category\/terapias-nao-convencionais\/medicina-tradicional-chinesa\/\" rel=\"category tag\">Medicina Tradicional Chinesa<\/a>, <a href=\"https:\/\/clinicamedicadoporto.pt\/staging\/category\/terapias-nao-convencionais\/\" rel=\"category tag\">Terapias N\u00e3o Convencionais<\/a><\/span><\/div>\r\n\t\t\t\t\t<div class=\"kwayy-blogbox-desc\">[vc_row][vc_co...<div class=\"kwayy-post-readmore\"><a href=\"https:\/\/clinicamedicadoporto.pt\/staging\/a-resposta-da-medicina-chinesa-e-acupuntura-aos-problemas-de-sono\/\">Read More<i class=\"kwicon-fa-angle-right\"><\/i><\/a><\/div><\/div>\r\n\t\t\t\t<\/div>\r\n\t\t\t<\/div>\r\n\t\t<\/article>\r\n\t\r\n\t\t<article class=\"post-box blog-slider-box-width kwayy-blogbox-format-standard conselhos-uteis cuidados-de-saude medicina-integrativa\">\r\n\t\t\t<div class=\"post-item\">\r\n\t\t\t\t<div class=\"post-item-thumbnail\">\r\n\t\t\t\t\t<div class=\"post-item-thumbnail-inner\">\r\n\t\t\t\t\t\t<div class=\"kwayy-postbox-small-date\"><div class=\"kwayy-post-box-date-wrapper\"><div class=\"kwayy-entry-date-wrapper\">\r\n\t\t\t\t\t\t\t\t<span class=\"kwayy-entry-date\">\r\n\t\t\t\t\t\t\t\t\t<time class=\"entry-date\" datetime=\"\" >\r\n\t\t\t\t\t\t\t\t\t\t<span class=\"entry-date\"><\/span> \r\n\t\t\t\t\t\t\t\t\t\t<span class=\"entry-month\"><\/span> \r\n\t\t\t\t\t\t\t\t\t\t<span class=\"entry-year\"><\/span> \r\n\t\t\t\t\t\t\t\t\t<\/time>\r\n\t\t\t\t\t\t\t\t<\/span>\r\n\t\t\t\t\t\t\t<\/div><\/div><\/div>\r\n\t\t\t\t\t\t<a class=\"tm-blog-link\" href=\"https:\/\/clinicamedicadoporto.pt\/staging\/porque-dormimos-tao-mal-os-problemas-de-sono-insonia-e-possiveis-solucoes\/\"><img loading=\"lazy\" decoding=\"async\" width=\"1280\" height=\"720\" src=\"https:\/\/clinicamedicadoporto.pt\/staging\/wp-content\/uploads\/2019\/03\/dificuldades-de-sono-insonia-dormir-mal-clinica-medica-do-porto.jpg\" class=\"attachment-portfolio-fix-column size-portfolio-fix-column wp-post-image\" alt=\"dificuldades-de-sono-insonia-dormir-mal-clinica-medica-do-porto\" srcset=\"https:\/\/clinicamedicadoporto.pt\/staging\/wp-content\/uploads\/2019\/03\/dificuldades-de-sono-insonia-dormir-mal-clinica-medica-do-porto.jpg 1280w, https:\/\/clinicamedicadoporto.pt\/staging\/wp-content\/uploads\/2019\/03\/dificuldades-de-sono-insonia-dormir-mal-clinica-medica-do-porto-768x432.jpg 768w, https:\/\/clinicamedicadoporto.pt\/staging\/wp-content\/uploads\/2019\/03\/dificuldades-de-sono-insonia-dormir-mal-clinica-medica-do-porto-727x409.jpg 727w, https:\/\/clinicamedicadoporto.pt\/staging\/wp-content\/uploads\/2019\/03\/dificuldades-de-sono-insonia-dormir-mal-clinica-medica-do-porto-1110x624.jpg 1110w, https:\/\/clinicamedicadoporto.pt\/staging\/wp-content\/uploads\/2019\/03\/dificuldades-de-sono-insonia-dormir-mal-clinica-medica-do-porto-720x406.jpg 720w, https:\/\/clinicamedicadoporto.pt\/staging\/wp-content\/uploads\/2019\/03\/dificuldades-de-sono-insonia-dormir-mal-clinica-medica-do-porto-750x422.jpg 750w\" sizes=\"auto, (max-width: 1280px) 100vw, 1280px\" \/><\/a>\r\n\t\t\t\t\t<\/div>\r\n\t\t\t\t\t<div class=\"overthumb\"><\/div>\r\n\t\t\t\t\t\r\n\t\t\t\t<\/div>\r\n\t\t\t\t<div class=\"item-content\">\r\n\t\t\t\t\t<h4><a href=\"https:\/\/clinicamedicadoporto.pt\/staging\/porque-dormimos-tao-mal-os-problemas-de-sono-insonia-e-possiveis-solucoes\/\">Porque Dormimos T\u00e3o Mal &#8211; Problemas de Sono e Poss\u00edveis Solu\u00e7\u00f5es<\/a><\/h4>\r\n\t\t\t\t\t<div class=\"kwayy-meta-details\"><div class=\"kwayy-post-user\"><span class=\"author vcard\"><i class=\"kwicon-fa-user\"><\/i> <a class=\"url fn n\" href=\"https:\/\/clinicamedicadoporto.pt\/staging\/author\/m-reis-cmp\/\" title=\"View all posts by \" rel=\"author\"><\/a><\/span><\/div><span class=\"tags-links\"><i class=\"kwicon-fa-tags\"><\/i> <a href=\"https:\/\/clinicamedicadoporto.pt\/staging\/tag\/clinicamedicadoporto\/\" rel=\"tag\">#clinicamedicadoporto<\/a>, <a href=\"https:\/\/clinicamedicadoporto.pt\/staging\/tag\/porto\/\" rel=\"tag\">#porto<\/a>, <a href=\"https:\/\/clinicamedicadoporto.pt\/staging\/tag\/todasasterapias\/\" rel=\"tag\">#todasasterapias<\/a>, <a href=\"https:\/\/clinicamedicadoporto.pt\/staging\/tag\/adormecer\/\" rel=\"tag\">adormecer<\/a>, <a href=\"https:\/\/clinicamedicadoporto.pt\/staging\/tag\/apneia-do-sono\/\" rel=\"tag\">apneia do sono<\/a>, <a href=\"https:\/\/clinicamedicadoporto.pt\/staging\/tag\/clinica\/\" rel=\"tag\">clinica<\/a>, <a href=\"https:\/\/clinicamedicadoporto.pt\/staging\/tag\/clinica-medica-do-porto\/\" rel=\"tag\">Clinica M\u00e9dica do Porto<\/a>, <a href=\"https:\/\/clinicamedicadoporto.pt\/staging\/tag\/clinica-porto\/\" rel=\"tag\">Clinica Porto<\/a>, <a href=\"https:\/\/clinicamedicadoporto.pt\/staging\/tag\/consulta\/\" rel=\"tag\">Consulta<\/a>, <a href=\"https:\/\/clinicamedicadoporto.pt\/staging\/tag\/consulta-clinica-porto\/\" rel=\"tag\">Consulta Clinica Porto<\/a>, <a href=\"https:\/\/clinicamedicadoporto.pt\/staging\/tag\/consulta-do-sono\/\" rel=\"tag\">Consulta do Sono<\/a>, <a href=\"https:\/\/clinicamedicadoporto.pt\/staging\/tag\/consulta-medica\/\" rel=\"tag\">Consulta M\u00e9dica<\/a>, <a href=\"https:\/\/clinicamedicadoporto.pt\/staging\/tag\/dificuldade-de-concentracao\/\" rel=\"tag\">dificuldade de concentra\u00e7\u00e3o<\/a>, <a href=\"https:\/\/clinicamedicadoporto.pt\/staging\/tag\/dificuldade-em-adormecer\/\" rel=\"tag\">dificuldade em adormecer<\/a>, <a href=\"https:\/\/clinicamedicadoporto.pt\/staging\/tag\/dificuldades-de-sono\/\" rel=\"tag\">dificuldades de sono<\/a>, <a href=\"https:\/\/clinicamedicadoporto.pt\/staging\/tag\/disturbios-do-sono\/\" rel=\"tag\">Dist\u00farbios do Sono<\/a>, <a href=\"https:\/\/clinicamedicadoporto.pt\/staging\/tag\/dormir\/\" rel=\"tag\">dormir<\/a>, <a href=\"https:\/\/clinicamedicadoporto.pt\/staging\/tag\/dormir-bem\/\" rel=\"tag\">dormir bem<\/a>, <a href=\"https:\/\/clinicamedicadoporto.pt\/staging\/tag\/insonia\/\" rel=\"tag\">ins\u00f3nia<\/a>, <a href=\"https:\/\/clinicamedicadoporto.pt\/staging\/tag\/medicina-alternativa\/\" rel=\"tag\">medicina alternativa<\/a>, <a href=\"https:\/\/clinicamedicadoporto.pt\/staging\/tag\/narcolepsia\/\" rel=\"tag\">narcol\u00e9psia<\/a>, <a href=\"https:\/\/clinicamedicadoporto.pt\/staging\/tag\/porque-durmo-mal\/\" rel=\"tag\">Porque Durmo Mal<\/a>, <a href=\"https:\/\/clinicamedicadoporto.pt\/staging\/tag\/problemas-de-sono\/\" rel=\"tag\">problemas de sono<\/a>, <a href=\"https:\/\/clinicamedicadoporto.pt\/staging\/tag\/resolver-problemas-de-sono\/\" rel=\"tag\">Resolver Problemas de Sono<\/a>, <a href=\"https:\/\/clinicamedicadoporto.pt\/staging\/tag\/sindrome-das-pernas-irrequietas\/\" rel=\"tag\">s\u00edndrome das pernas irrequietas<\/a>, <a href=\"https:\/\/clinicamedicadoporto.pt\/staging\/tag\/sono\/\" rel=\"tag\">sono<\/a>, <a href=\"https:\/\/clinicamedicadoporto.pt\/staging\/tag\/terapia\/\" rel=\"tag\">Terapia<\/a>, <a href=\"https:\/\/clinicamedicadoporto.pt\/staging\/tag\/terapias\/\" rel=\"tag\">Terapias<\/a>, <a href=\"https:\/\/clinicamedicadoporto.pt\/staging\/tag\/terapias-nao-convencionais\/\" rel=\"tag\">terapias n\u00e3o convencionais<\/a>, <a href=\"https:\/\/clinicamedicadoporto.pt\/staging\/tag\/todas-as-terapias\/\" rel=\"tag\">Todas as Terapias<\/a>, <a href=\"https:\/\/clinicamedicadoporto.pt\/staging\/tag\/tratamento-natural-para-as-disfuncoes-do-sono\/\" rel=\"tag\">Tratamento Natural para as Disfun\u00e7\u00f5es do Sono<\/a>, <a href=\"https:\/\/clinicamedicadoporto.pt\/staging\/tag\/tratamentos-para-dormir-melhor\/\" rel=\"tag\">Tratamentos para Dormir Melhor<\/a>, <a href=\"https:\/\/clinicamedicadoporto.pt\/staging\/tag\/tratar-dificuldades-de-sono-sem-medicamentos\/\" rel=\"tag\">Tratar Dificuldades de Sono sem Medicamentos<\/a>, <a href=\"https:\/\/clinicamedicadoporto.pt\/staging\/tag\/tratar-insonia\/\" rel=\"tag\">Tratar Ins\u00f3nia<\/a><\/span><span class=\"categories-links\"><i class=\"kwicon-fa-folder-open\"><\/i> <a href=\"https:\/\/clinicamedicadoporto.pt\/staging\/category\/conselhos-uteis\/\" rel=\"category tag\">Conselhos \u00dateis<\/a>, <a href=\"https:\/\/clinicamedicadoporto.pt\/staging\/category\/cuidados-de-saude\/\" rel=\"category tag\">Cuidados de Sa\u00fade<\/a>, <a href=\"https:\/\/clinicamedicadoporto.pt\/staging\/category\/medicina-integrativa\/\" rel=\"category tag\">Medicina Integrativa<\/a><\/span><\/div>\r\n\t\t\t\t\t<div class=\"kwayy-blogbox-desc\">[vc_row][vc_co...<div class=\"kwayy-post-readmore\"><a href=\"https:\/\/clinicamedicadoporto.pt\/staging\/porque-dormimos-tao-mal-os-problemas-de-sono-insonia-e-possiveis-solucoes\/\">Read More<i class=\"kwicon-fa-angle-right\"><\/i><\/a><\/div><\/div>\r\n\t\t\t\t<\/div>\r\n\t\t\t<\/div>\r\n\t\t<\/article>\r\n\t\r\n\t\t<article class=\"post-box blog-slider-box-width kwayy-blogbox-format-standard acupuntura conselhos-uteis cuidados-de-saude fitoterapia-chinesa medicina-integrativa medicina-tradicional-chinesa terapias-nao-convencionais\">\r\n\t\t\t<div class=\"post-item\">\r\n\t\t\t\t<div class=\"post-item-thumbnail\">\r\n\t\t\t\t\t<div class=\"post-item-thumbnail-inner\">\r\n\t\t\t\t\t\t<div class=\"kwayy-postbox-small-date\"><div class=\"kwayy-post-box-date-wrapper\"><div class=\"kwayy-entry-date-wrapper\">\r\n\t\t\t\t\t\t\t\t<span class=\"kwayy-entry-date\">\r\n\t\t\t\t\t\t\t\t\t<time class=\"entry-date\" datetime=\"\" >\r\n\t\t\t\t\t\t\t\t\t\t<span class=\"entry-date\"><\/span> \r\n\t\t\t\t\t\t\t\t\t\t<span class=\"entry-month\"><\/span> \r\n\t\t\t\t\t\t\t\t\t\t<span class=\"entry-year\"><\/span> \r\n\t\t\t\t\t\t\t\t\t<\/time>\r\n\t\t\t\t\t\t\t\t<\/span>\r\n\t\t\t\t\t\t\t<\/div><\/div><\/div>\r\n\t\t\t\t\t\t<a class=\"tm-blog-link\" href=\"https:\/\/clinicamedicadoporto.pt\/staging\/fertilidade-infertilidade-e-gravidez-solucao-pela-medicina-chinesa\/\"><img loading=\"lazy\" decoding=\"async\" width=\"1280\" height=\"720\" src=\"https:\/\/clinicamedicadoporto.pt\/staging\/wp-content\/uploads\/2018\/11\/medicina-chinesa-acupuntura-fertilidade-infertilidade-gravidez-clinica-porto.jpg\" class=\"attachment-portfolio-fix-column size-portfolio-fix-column wp-post-image\" alt=\"medicina-chinesa-acupuntura-fertilidade-infertilidade-gravidez-clinica-porto\" srcset=\"https:\/\/clinicamedicadoporto.pt\/staging\/wp-content\/uploads\/2018\/11\/medicina-chinesa-acupuntura-fertilidade-infertilidade-gravidez-clinica-porto.jpg 1280w, https:\/\/clinicamedicadoporto.pt\/staging\/wp-content\/uploads\/2018\/11\/medicina-chinesa-acupuntura-fertilidade-infertilidade-gravidez-clinica-porto-300x169.jpg 300w, https:\/\/clinicamedicadoporto.pt\/staging\/wp-content\/uploads\/2018\/11\/medicina-chinesa-acupuntura-fertilidade-infertilidade-gravidez-clinica-porto-768x432.jpg 768w, https:\/\/clinicamedicadoporto.pt\/staging\/wp-content\/uploads\/2018\/11\/medicina-chinesa-acupuntura-fertilidade-infertilidade-gravidez-clinica-porto-1024x576.jpg 1024w, https:\/\/clinicamedicadoporto.pt\/staging\/wp-content\/uploads\/2018\/11\/medicina-chinesa-acupuntura-fertilidade-infertilidade-gravidez-clinica-porto-727x409.jpg 727w, https:\/\/clinicamedicadoporto.pt\/staging\/wp-content\/uploads\/2018\/11\/medicina-chinesa-acupuntura-fertilidade-infertilidade-gravidez-clinica-porto-1110x624.jpg 1110w, https:\/\/clinicamedicadoporto.pt\/staging\/wp-content\/uploads\/2018\/11\/medicina-chinesa-acupuntura-fertilidade-infertilidade-gravidez-clinica-porto-720x406.jpg 720w, https:\/\/clinicamedicadoporto.pt\/staging\/wp-content\/uploads\/2018\/11\/medicina-chinesa-acupuntura-fertilidade-infertilidade-gravidez-clinica-porto-750x422.jpg 750w\" sizes=\"auto, (max-width: 1280px) 100vw, 1280px\" \/><\/a>\r\n\t\t\t\t\t<\/div>\r\n\t\t\t\t\t<div class=\"overthumb\"><\/div>\r\n\t\t\t\t\t\r\n\t\t\t\t<\/div>\r\n\t\t\t\t<div class=\"item-content\">\r\n\t\t\t\t\t<h4><a href=\"https:\/\/clinicamedicadoporto.pt\/staging\/fertilidade-infertilidade-e-gravidez-solucao-pela-medicina-chinesa\/\">Fertilidade, Infertilidade e Gravidez &#8211; Solu\u00e7\u00e3o pela Acupuntura e Medicina Chinesa<\/a><\/h4>\r\n\t\t\t\t\t<div class=\"kwayy-meta-details\"><div class=\"kwayy-post-user\"><span class=\"author vcard\"><i class=\"kwicon-fa-user\"><\/i> <a class=\"url fn n\" href=\"https:\/\/clinicamedicadoporto.pt\/staging\/author\/m-reis-cmp\/\" title=\"View all posts by \" rel=\"author\"><\/a><\/span><\/div><span class=\"tags-links\"><i class=\"kwicon-fa-tags\"><\/i> <a href=\"https:\/\/clinicamedicadoporto.pt\/staging\/tag\/clinicamedicadoporto\/\" rel=\"tag\">#clinicamedicadoporto<\/a>, <a href=\"https:\/\/clinicamedicadoporto.pt\/staging\/tag\/porto\/\" rel=\"tag\">#porto<\/a>, <a href=\"https:\/\/clinicamedicadoporto.pt\/staging\/tag\/todasasterapias\/\" rel=\"tag\">#todasasterapias<\/a>, <a href=\"https:\/\/clinicamedicadoporto.pt\/staging\/tag\/acupuntura-porto\/\" rel=\"tag\">Acupuntura Porto<\/a>, <a href=\"https:\/\/clinicamedicadoporto.pt\/staging\/tag\/apoio-a-fertilidade\/\" rel=\"tag\">Apoio \u00e0 Fertilidade<\/a>, <a href=\"https:\/\/clinicamedicadoporto.pt\/staging\/tag\/causas-de-infertilidade\/\" rel=\"tag\">causas de Infertilidade<\/a>, <a href=\"https:\/\/clinicamedicadoporto.pt\/staging\/tag\/clinica\/\" rel=\"tag\">clinica<\/a>, <a href=\"https:\/\/clinicamedicadoporto.pt\/staging\/tag\/clinica-medica-do-porto\/\" rel=\"tag\">Clinica M\u00e9dica do Porto<\/a>, <a href=\"https:\/\/clinicamedicadoporto.pt\/staging\/tag\/clinica-porto\/\" rel=\"tag\">Clinica Porto<\/a>, <a href=\"https:\/\/clinicamedicadoporto.pt\/staging\/tag\/como-aumentar-o-sucesso-da-gravidez\/\" rel=\"tag\">como aumentar o sucesso da gravidez<\/a>, <a href=\"https:\/\/clinicamedicadoporto.pt\/staging\/tag\/consulta\/\" rel=\"tag\">Consulta<\/a>, <a href=\"https:\/\/clinicamedicadoporto.pt\/staging\/tag\/consulta-clinica-porto\/\" rel=\"tag\">Consulta Clinica Porto<\/a>, <a href=\"https:\/\/clinicamedicadoporto.pt\/staging\/tag\/consulta-de-acupuntura\/\" rel=\"tag\">Consulta de Acupuntura<\/a>, <a href=\"https:\/\/clinicamedicadoporto.pt\/staging\/tag\/consulta-de-acupuntura-no-porto\/\" rel=\"tag\">Consulta de Acupuntura no Porto<\/a>, <a href=\"https:\/\/clinicamedicadoporto.pt\/staging\/tag\/consulta-de-apoio-a-infertilidade\/\" rel=\"tag\">Consulta de Apoio \u00e0 Infertilidade<\/a>, <a href=\"https:\/\/clinicamedicadoporto.pt\/staging\/tag\/consulta-de-fertilidade\/\" rel=\"tag\">Consulta de Fertilidade<\/a>, <a href=\"https:\/\/clinicamedicadoporto.pt\/staging\/tag\/consulta-de-medicina-alternativa\/\" rel=\"tag\">Consulta de Medicina Alternativa<\/a>, <a href=\"https:\/\/clinicamedicadoporto.pt\/staging\/tag\/consulta-de-medicina-chinesa\/\" rel=\"tag\">Consulta de Medicina Chinesa<\/a>, <a href=\"https:\/\/clinicamedicadoporto.pt\/staging\/tag\/consulta-medica\/\" rel=\"tag\">Consulta M\u00e9dica<\/a>, <a href=\"https:\/\/clinicamedicadoporto.pt\/staging\/tag\/consulta-para-melhorar-a-fertilidade\/\" rel=\"tag\">Consulta para Melhorar a Fertilidade<\/a>, <a href=\"https:\/\/clinicamedicadoporto.pt\/staging\/tag\/dificuldade-em-engravidar\/\" rel=\"tag\">dificuldade em engravidar<\/a>, <a href=\"https:\/\/clinicamedicadoporto.pt\/staging\/tag\/engravidar\/\" rel=\"tag\">engravidar<\/a>, <a href=\"https:\/\/clinicamedicadoporto.pt\/staging\/tag\/fertilidade\/\" rel=\"tag\">fertilidade<\/a>, <a href=\"https:\/\/clinicamedicadoporto.pt\/staging\/tag\/fertilizacao-in-vitro\/\" rel=\"tag\">fertiliza\u00e7\u00e3o in vitro<\/a>, <a href=\"https:\/\/clinicamedicadoporto.pt\/staging\/tag\/fiv\/\" rel=\"tag\">fiv<\/a>, <a href=\"https:\/\/clinicamedicadoporto.pt\/staging\/tag\/funcao-ovarica\/\" rel=\"tag\">Fun\u00e7\u00e3o Ov\u00e1rica<\/a>, <a href=\"https:\/\/clinicamedicadoporto.pt\/staging\/tag\/gravidez\/\" rel=\"tag\">gravidez<\/a>, <a href=\"https:\/\/clinicamedicadoporto.pt\/staging\/tag\/infertilidade\/\" rel=\"tag\">infertilidade<\/a>, <a href=\"https:\/\/clinicamedicadoporto.pt\/staging\/tag\/infertilidade-no-homem\/\" rel=\"tag\">Infertilidade no Homem<\/a>, <a href=\"https:\/\/clinicamedicadoporto.pt\/staging\/tag\/infertilidae-na-mulher\/\" rel=\"tag\">Infertilidae na Mulher<\/a>, <a href=\"https:\/\/clinicamedicadoporto.pt\/staging\/tag\/medicina-alternativa\/\" rel=\"tag\">medicina alternativa<\/a>, <a href=\"https:\/\/clinicamedicadoporto.pt\/staging\/tag\/melhorar-fertilidade\/\" rel=\"tag\">Melhorar Fertilidade<\/a>, <a href=\"https:\/\/clinicamedicadoporto.pt\/staging\/tag\/problemas-de-fertilidade\/\" rel=\"tag\">problemas de fertilidade<\/a>, <a href=\"https:\/\/clinicamedicadoporto.pt\/staging\/tag\/suporte-a-tratamentos-de-fiv\/\" rel=\"tag\">Suporte a Tratamentos de FIV<\/a>, <a href=\"https:\/\/clinicamedicadoporto.pt\/staging\/tag\/terapia\/\" rel=\"tag\">Terapia<\/a>, <a href=\"https:\/\/clinicamedicadoporto.pt\/staging\/tag\/terapias\/\" rel=\"tag\">Terapias<\/a>, <a href=\"https:\/\/clinicamedicadoporto.pt\/staging\/tag\/terapias-nao-convencionais\/\" rel=\"tag\">terapias n\u00e3o convencionais<\/a>, <a href=\"https:\/\/clinicamedicadoporto.pt\/staging\/tag\/todas-as-terapias\/\" rel=\"tag\">Todas as Terapias<\/a>, <a href=\"https:\/\/clinicamedicadoporto.pt\/staging\/tag\/tratamento-de-acupuntura\/\" rel=\"tag\">Tratamento de Acupuntura<\/a>, <a href=\"https:\/\/clinicamedicadoporto.pt\/staging\/tag\/tratamento-de-medicina-chinesa\/\" rel=\"tag\">Tratamento de Medicina Chinesa<\/a>, <a href=\"https:\/\/clinicamedicadoporto.pt\/staging\/tag\/tratamento-natural-para-a-fertilidade\/\" rel=\"tag\">Tratamento Natural para a Fertilidade<\/a>, <a href=\"https:\/\/clinicamedicadoporto.pt\/staging\/tag\/tratamentos-de-fertilidade\/\" rel=\"tag\">tratamentos de fertilidade<\/a><\/span><span class=\"categories-links\"><i class=\"kwicon-fa-folder-open\"><\/i> <a href=\"https:\/\/clinicamedicadoporto.pt\/staging\/category\/terapias-nao-convencionais\/\" rel=\"category tag\">Terapias N\u00e3o Convencionais<\/a>, <a href=\"https:\/\/clinicamedicadoporto.pt\/staging\/category\/terapias-nao-convencionais\/medicina-tradicional-chinesa\/acupuntura\/\" rel=\"category tag\">Acupuntura<\/a>, <a href=\"https:\/\/clinicamedicadoporto.pt\/staging\/category\/conselhos-uteis\/\" rel=\"category tag\">Conselhos \u00dateis<\/a>, <a href=\"https:\/\/clinicamedicadoporto.pt\/staging\/category\/cuidados-de-saude\/\" rel=\"category tag\">Cuidados de Sa\u00fade<\/a>, <a href=\"https:\/\/clinicamedicadoporto.pt\/staging\/category\/terapias-nao-convencionais\/medicina-tradicional-chinesa\/fitoterapia-chinesa\/\" rel=\"category tag\">Fitoterapia Chinesa<\/a>, <a href=\"https:\/\/clinicamedicadoporto.pt\/staging\/category\/medicina-integrativa\/\" rel=\"category tag\">Medicina Integrativa<\/a>, <a href=\"https:\/\/clinicamedicadoporto.pt\/staging\/category\/terapias-nao-convencionais\/medicina-tradicional-chinesa\/\" rel=\"category tag\">Medicina Tradicional Chinesa<\/a><\/span><\/div>\r\n\t\t\t\t\t<div class=\"kwayy-blogbox-desc\">[vc_section][v...<div class=\"kwayy-post-readmore\"><a href=\"https:\/\/clinicamedicadoporto.pt\/staging\/fertilidade-infertilidade-e-gravidez-solucao-pela-medicina-chinesa\/\">Read More<i class=\"kwicon-fa-angle-right\"><\/i><\/a><\/div><\/div>\r\n\t\t\t\t<\/div>\r\n\t\t\t<\/div>\r\n\t\t<\/article>\r\n\t\r\n\t\t<article class=\"post-box blog-slider-box-width kwayy-blogbox-format-standard conselhos-uteis cuidados-de-saude osteopatia osteopatia-pedriatrica terapias-nao-convencionais\">\r\n\t\t\t<div class=\"post-item\">\r\n\t\t\t\t<div class=\"post-item-thumbnail\">\r\n\t\t\t\t\t<div class=\"post-item-thumbnail-inner\">\r\n\t\t\t\t\t\t<div class=\"kwayy-postbox-small-date\"><div class=\"kwayy-post-box-date-wrapper\"><div class=\"kwayy-entry-date-wrapper\">\r\n\t\t\t\t\t\t\t\t<span class=\"kwayy-entry-date\">\r\n\t\t\t\t\t\t\t\t\t<time class=\"entry-date\" datetime=\"\" >\r\n\t\t\t\t\t\t\t\t\t\t<span class=\"entry-date\"><\/span> \r\n\t\t\t\t\t\t\t\t\t\t<span class=\"entry-month\"><\/span> \r\n\t\t\t\t\t\t\t\t\t\t<span class=\"entry-year\"><\/span> \r\n\t\t\t\t\t\t\t\t\t<\/time>\r\n\t\t\t\t\t\t\t\t<\/span>\r\n\t\t\t\t\t\t\t<\/div><\/div><\/div>\r\n\t\t\t\t\t\t<a class=\"tm-blog-link\" href=\"https:\/\/clinicamedicadoporto.pt\/staging\/torcicolo-congenito-em-bebes\/\"><img loading=\"lazy\" decoding=\"async\" width=\"1280\" height=\"720\" src=\"https:\/\/clinicamedicadoporto.pt\/staging\/wp-content\/uploads\/2018\/10\/torcicolo-bebe-osteopatia-clinica-medica-porto.jpg\" class=\"attachment-portfolio-fix-column size-portfolio-fix-column wp-post-image\" alt=\"torcicolo-bebe-osteopatia-clinica-medica-porto\" srcset=\"https:\/\/clinicamedicadoporto.pt\/staging\/wp-content\/uploads\/2018\/10\/torcicolo-bebe-osteopatia-clinica-medica-porto.jpg 1280w, https:\/\/clinicamedicadoporto.pt\/staging\/wp-content\/uploads\/2018\/10\/torcicolo-bebe-osteopatia-clinica-medica-porto-300x169.jpg 300w, https:\/\/clinicamedicadoporto.pt\/staging\/wp-content\/uploads\/2018\/10\/torcicolo-bebe-osteopatia-clinica-medica-porto-768x432.jpg 768w, https:\/\/clinicamedicadoporto.pt\/staging\/wp-content\/uploads\/2018\/10\/torcicolo-bebe-osteopatia-clinica-medica-porto-1024x576.jpg 1024w, https:\/\/clinicamedicadoporto.pt\/staging\/wp-content\/uploads\/2018\/10\/torcicolo-bebe-osteopatia-clinica-medica-porto-727x409.jpg 727w, https:\/\/clinicamedicadoporto.pt\/staging\/wp-content\/uploads\/2018\/10\/torcicolo-bebe-osteopatia-clinica-medica-porto-1110x624.jpg 1110w, https:\/\/clinicamedicadoporto.pt\/staging\/wp-content\/uploads\/2018\/10\/torcicolo-bebe-osteopatia-clinica-medica-porto-720x406.jpg 720w, https:\/\/clinicamedicadoporto.pt\/staging\/wp-content\/uploads\/2018\/10\/torcicolo-bebe-osteopatia-clinica-medica-porto-750x422.jpg 750w\" sizes=\"auto, (max-width: 1280px) 100vw, 1280px\" \/><\/a>\r\n\t\t\t\t\t<\/div>\r\n\t\t\t\t\t<div class=\"overthumb\"><\/div>\r\n\t\t\t\t\t\r\n\t\t\t\t<\/div>\r\n\t\t\t\t<div class=\"item-content\">\r\n\t\t\t\t\t<h4><a href=\"https:\/\/clinicamedicadoporto.pt\/staging\/torcicolo-congenito-em-bebes\/\">Torcicolo Cong\u00e9nito em Beb\u00e9s<\/a><\/h4>\r\n\t\t\t\t\t<div class=\"kwayy-meta-details\"><div class=\"kwayy-post-user\"><span class=\"author vcard\"><i class=\"kwicon-fa-user\"><\/i> <a class=\"url fn n\" href=\"https:\/\/clinicamedicadoporto.pt\/staging\/author\/m-reis-cmp\/\" title=\"View all posts by \" rel=\"author\"><\/a><\/span><\/div><span class=\"tags-links\"><i class=\"kwicon-fa-tags\"><\/i> <a href=\"https:\/\/clinicamedicadoporto.pt\/staging\/tag\/clinicamedicadoporto\/\" rel=\"tag\">#clinicamedicadoporto<\/a>, <a href=\"https:\/\/clinicamedicadoporto.pt\/staging\/tag\/porto\/\" rel=\"tag\">#porto<\/a>, <a href=\"https:\/\/clinicamedicadoporto.pt\/staging\/tag\/todasasterapias\/\" rel=\"tag\">#todasasterapias<\/a>, <a href=\"https:\/\/clinicamedicadoporto.pt\/staging\/tag\/clinica\/\" rel=\"tag\">clinica<\/a>, <a href=\"https:\/\/clinicamedicadoporto.pt\/staging\/tag\/clinica-medica-do-porto\/\" rel=\"tag\">Clinica M\u00e9dica do Porto<\/a>, <a href=\"https:\/\/clinicamedicadoporto.pt\/staging\/tag\/clinica-porto\/\" rel=\"tag\">Clinica Porto<\/a>, <a href=\"https:\/\/clinicamedicadoporto.pt\/staging\/tag\/como-resolver-o-torcicolo-no-recem-nascido\/\" rel=\"tag\">Como Resolver O Torcicolo no Rec\u00e9m Nascido<\/a>, <a href=\"https:\/\/clinicamedicadoporto.pt\/staging\/tag\/consulta\/\" rel=\"tag\">Consulta<\/a>, <a href=\"https:\/\/clinicamedicadoporto.pt\/staging\/tag\/consulta-clinica-porto\/\" rel=\"tag\">Consulta Clinica Porto<\/a>, <a href=\"https:\/\/clinicamedicadoporto.pt\/staging\/tag\/consulta-de-osteopatia-pediatrica\/\" rel=\"tag\">Consulta de Osteopatia Pedi\u00e1trica<\/a>, <a href=\"https:\/\/clinicamedicadoporto.pt\/staging\/tag\/consulta-do-recem-nascido\/\" rel=\"tag\">Consulta do Rec\u00e9m Nascido<\/a>, <a href=\"https:\/\/clinicamedicadoporto.pt\/staging\/tag\/consulta-medica\/\" rel=\"tag\">Consulta M\u00e9dica<\/a>, <a href=\"https:\/\/clinicamedicadoporto.pt\/staging\/tag\/dicas-para-tratar-torcicolo-no-recem-nascido\/\" rel=\"tag\">Dicas para Tratar Torcicolo no Rec\u00e9m Nascido<\/a>, <a href=\"https:\/\/clinicamedicadoporto.pt\/staging\/tag\/especialista-em-osteopatia-pediatrica\/\" rel=\"tag\">Especialista em Osteopatia Pedi\u00e1trica<\/a>, <a href=\"https:\/\/clinicamedicadoporto.pt\/staging\/tag\/medicina-alternativa\/\" rel=\"tag\">medicina alternativa<\/a>, <a href=\"https:\/\/clinicamedicadoporto.pt\/staging\/tag\/osteopatia-pediatrica-no-torcicolo\/\" rel=\"tag\">osteopatia pedi\u00e1trica no torcicolo<\/a>, <a href=\"https:\/\/clinicamedicadoporto.pt\/staging\/tag\/realizar-osteopatia-em-recem-nascido\/\" rel=\"tag\">Realizar Osteopatia em Rec\u00e9m Nascido<\/a>, <a href=\"https:\/\/clinicamedicadoporto.pt\/staging\/tag\/terapia\/\" rel=\"tag\">Terapia<\/a>, <a href=\"https:\/\/clinicamedicadoporto.pt\/staging\/tag\/terapias\/\" rel=\"tag\">Terapias<\/a>, <a href=\"https:\/\/clinicamedicadoporto.pt\/staging\/tag\/terapias-nao-convencionais\/\" rel=\"tag\">terapias n\u00e3o convencionais<\/a>, <a href=\"https:\/\/clinicamedicadoporto.pt\/staging\/tag\/todas-as-terapias\/\" rel=\"tag\">Todas as Terapias<\/a>, <a href=\"https:\/\/clinicamedicadoporto.pt\/staging\/tag\/torcicolo\/\" rel=\"tag\">torcicolo<\/a>, <a href=\"https:\/\/clinicamedicadoporto.pt\/staging\/tag\/torcicolo-congenito\/\" rel=\"tag\">torcicolo cong\u00e9nito<\/a>, <a href=\"https:\/\/clinicamedicadoporto.pt\/staging\/tag\/torcicolo-congenito-em-bebes\/\" rel=\"tag\">torcicolo congenito em beb\u00e9s<\/a>, <a href=\"https:\/\/clinicamedicadoporto.pt\/staging\/tag\/tratar-torcicolo\/\" rel=\"tag\">tratar torcicolo<\/a>, <a href=\"https:\/\/clinicamedicadoporto.pt\/staging\/tag\/tratar-torcicolo-em-bebes\/\" rel=\"tag\">tratar torcicolo em beb\u00e9s<\/a><\/span><span class=\"categories-links\"><i class=\"kwicon-fa-folder-open\"><\/i> <a href=\"https:\/\/clinicamedicadoporto.pt\/staging\/category\/terapias-nao-convencionais\/\" rel=\"category tag\">Terapias N\u00e3o Convencionais<\/a>, <a href=\"https:\/\/clinicamedicadoporto.pt\/staging\/category\/conselhos-uteis\/\" rel=\"category tag\">Conselhos \u00dateis<\/a>, <a href=\"https:\/\/clinicamedicadoporto.pt\/staging\/category\/cuidados-de-saude\/\" rel=\"category tag\">Cuidados de Sa\u00fade<\/a>, <a href=\"https:\/\/clinicamedicadoporto.pt\/staging\/category\/terapias-nao-convencionais\/osteopatia\/\" rel=\"category tag\">Osteopatia<\/a>, <a href=\"https:\/\/clinicamedicadoporto.pt\/staging\/category\/terapias-nao-convencionais\/osteopatia\/osteopatia-pedriatrica\/\" rel=\"category tag\">Osteopatia Pedri\u00e1trica<\/a><\/span><\/div>\r\n\t\t\t\t\t<div class=\"kwayy-blogbox-desc\">[vc_row][vc_co...<div class=\"kwayy-post-readmore\"><a href=\"https:\/\/clinicamedicadoporto.pt\/staging\/torcicolo-congenito-em-bebes\/\">Read More<i class=\"kwicon-fa-angle-right\"><\/i><\/a><\/div><\/div>\r\n\t\t\t\t<\/div>\r\n\t\t\t<\/div>\r\n\t\t<\/article>\r\n\t\r\n\t\t<article class=\"post-box blog-slider-box-width kwayy-blogbox-format-standard conselhos-uteis cuidados-de-saude estetica-clinica\">\r\n\t\t\t<div class=\"post-item\">\r\n\t\t\t\t<div class=\"post-item-thumbnail\">\r\n\t\t\t\t\t<div class=\"post-item-thumbnail-inner\">\r\n\t\t\t\t\t\t<div class=\"kwayy-postbox-small-date\"><div class=\"kwayy-post-box-date-wrapper\"><div class=\"kwayy-entry-date-wrapper\">\r\n\t\t\t\t\t\t\t\t<span class=\"kwayy-entry-date\">\r\n\t\t\t\t\t\t\t\t\t<time class=\"entry-date\" datetime=\"\" >\r\n\t\t\t\t\t\t\t\t\t\t<span class=\"entry-date\"><\/span> \r\n\t\t\t\t\t\t\t\t\t\t<span class=\"entry-month\"><\/span> \r\n\t\t\t\t\t\t\t\t\t\t<span class=\"entry-year\"><\/span> \r\n\t\t\t\t\t\t\t\t\t<\/time>\r\n\t\t\t\t\t\t\t\t<\/span>\r\n\t\t\t\t\t\t\t<\/div><\/div><\/div>\r\n\t\t\t\t\t\t<a class=\"tm-blog-link\" href=\"https:\/\/clinicamedicadoporto.pt\/staging\/quisto-sacrococcigeo-o-que-e-e-como-tratar\/\"><img loading=\"lazy\" decoding=\"async\" width=\"1280\" height=\"720\" src=\"https:\/\/clinicamedicadoporto.pt\/staging\/wp-content\/uploads\/2018\/07\/quisto-sacrococcigeo-clinica-medica-do-porto.jpg\" class=\"attachment-portfolio-fix-column size-portfolio-fix-column wp-post-image\" alt=\"quisto-sacrococcigeo-clinica-medica-do-porto\" srcset=\"https:\/\/clinicamedicadoporto.pt\/staging\/wp-content\/uploads\/2018\/07\/quisto-sacrococcigeo-clinica-medica-do-porto.jpg 1280w, https:\/\/clinicamedicadoporto.pt\/staging\/wp-content\/uploads\/2018\/07\/quisto-sacrococcigeo-clinica-medica-do-porto-300x169.jpg 300w, https:\/\/clinicamedicadoporto.pt\/staging\/wp-content\/uploads\/2018\/07\/quisto-sacrococcigeo-clinica-medica-do-porto-768x432.jpg 768w, https:\/\/clinicamedicadoporto.pt\/staging\/wp-content\/uploads\/2018\/07\/quisto-sacrococcigeo-clinica-medica-do-porto-1024x576.jpg 1024w, https:\/\/clinicamedicadoporto.pt\/staging\/wp-content\/uploads\/2018\/07\/quisto-sacrococcigeo-clinica-medica-do-porto-727x409.jpg 727w, https:\/\/clinicamedicadoporto.pt\/staging\/wp-content\/uploads\/2018\/07\/quisto-sacrococcigeo-clinica-medica-do-porto-1110x624.jpg 1110w, https:\/\/clinicamedicadoporto.pt\/staging\/wp-content\/uploads\/2018\/07\/quisto-sacrococcigeo-clinica-medica-do-porto-720x406.jpg 720w, https:\/\/clinicamedicadoporto.pt\/staging\/wp-content\/uploads\/2018\/07\/quisto-sacrococcigeo-clinica-medica-do-porto-750x422.jpg 750w\" sizes=\"auto, (max-width: 1280px) 100vw, 1280px\" \/><\/a>\r\n\t\t\t\t\t<\/div>\r\n\t\t\t\t\t<div class=\"overthumb\"><\/div>\r\n\t\t\t\t\t\r\n\t\t\t\t<\/div>\r\n\t\t\t\t<div class=\"item-content\">\r\n\t\t\t\t\t<h4><a href=\"https:\/\/clinicamedicadoporto.pt\/staging\/quisto-sacrococcigeo-o-que-e-e-como-tratar\/\">Quisto Sacrococc\u00edgeo &#8211; O que \u00e9 e como tratar<\/a><\/h4>\r\n\t\t\t\t\t<div class=\"kwayy-meta-details\"><div class=\"kwayy-post-user\"><span class=\"author vcard\"><i class=\"kwicon-fa-user\"><\/i> <a class=\"url fn n\" href=\"https:\/\/clinicamedicadoporto.pt\/staging\/author\/m-reis-cmp\/\" title=\"View all posts by \" rel=\"author\"><\/a><\/span><\/div><span class=\"tags-links\"><i class=\"kwicon-fa-tags\"><\/i> <a href=\"https:\/\/clinicamedicadoporto.pt\/staging\/tag\/clinicamedicadoporto\/\" rel=\"tag\">#clinicamedicadoporto<\/a>, <a href=\"https:\/\/clinicamedicadoporto.pt\/staging\/tag\/porto\/\" rel=\"tag\">#porto<\/a>, <a href=\"https:\/\/clinicamedicadoporto.pt\/staging\/tag\/todasasterapias\/\" rel=\"tag\">#todasasterapias<\/a>, <a href=\"https:\/\/clinicamedicadoporto.pt\/staging\/tag\/clinica\/\" rel=\"tag\">clinica<\/a>, <a href=\"https:\/\/clinicamedicadoporto.pt\/staging\/tag\/clinica-medica-do-porto\/\" rel=\"tag\">Clinica M\u00e9dica do Porto<\/a>, <a href=\"https:\/\/clinicamedicadoporto.pt\/staging\/tag\/clinica-porto\/\" rel=\"tag\">Clinica Porto<\/a>, <a href=\"https:\/\/clinicamedicadoporto.pt\/staging\/tag\/consulta\/\" rel=\"tag\">Consulta<\/a>, <a href=\"https:\/\/clinicamedicadoporto.pt\/staging\/tag\/consulta-clinica-porto\/\" rel=\"tag\">Consulta Clinica Porto<\/a>, <a href=\"https:\/\/clinicamedicadoporto.pt\/staging\/tag\/consulta-medica\/\" rel=\"tag\">Consulta M\u00e9dica<\/a>, <a href=\"https:\/\/clinicamedicadoporto.pt\/staging\/tag\/medicina-alternativa\/\" rel=\"tag\">medicina alternativa<\/a>, <a href=\"https:\/\/clinicamedicadoporto.pt\/staging\/tag\/pelos-encravados\/\" rel=\"tag\">pelos encravados<\/a>, <a href=\"https:\/\/clinicamedicadoporto.pt\/staging\/tag\/quisto\/\" rel=\"tag\">quisto<\/a>, <a href=\"https:\/\/clinicamedicadoporto.pt\/staging\/tag\/quisto-pilonidal\/\" rel=\"tag\">quisto pilonidal<\/a>, <a href=\"https:\/\/clinicamedicadoporto.pt\/staging\/tag\/quisto-sacrococcigeo\/\" rel=\"tag\">quisto sacrococcigeo<\/a>, <a href=\"https:\/\/clinicamedicadoporto.pt\/staging\/tag\/terapia\/\" rel=\"tag\">Terapia<\/a>, <a href=\"https:\/\/clinicamedicadoporto.pt\/staging\/tag\/terapias\/\" rel=\"tag\">Terapias<\/a>, <a href=\"https:\/\/clinicamedicadoporto.pt\/staging\/tag\/terapias-nao-convencionais\/\" rel=\"tag\">terapias n\u00e3o convencionais<\/a>, <a href=\"https:\/\/clinicamedicadoporto.pt\/staging\/tag\/todas-as-terapias\/\" rel=\"tag\">Todas as Terapias<\/a>, <a href=\"https:\/\/clinicamedicadoporto.pt\/staging\/tag\/tratamento-para-quisto-sacrococcigeo\/\" rel=\"tag\">Tratamento para Quisto SAcrococcigeo<\/a>, <a href=\"https:\/\/clinicamedicadoporto.pt\/staging\/tag\/tratar-quisto\/\" rel=\"tag\">Tratar Quisto<\/a><\/span><span class=\"categories-links\"><i class=\"kwicon-fa-folder-open\"><\/i> <a href=\"https:\/\/clinicamedicadoporto.pt\/staging\/category\/cuidados-de-saude\/\" rel=\"category tag\">Cuidados de Sa\u00fade<\/a>, <a href=\"https:\/\/clinicamedicadoporto.pt\/staging\/category\/conselhos-uteis\/\" rel=\"category tag\">Conselhos \u00dateis<\/a>, <a href=\"https:\/\/clinicamedicadoporto.pt\/staging\/category\/estetica-clinica\/\" rel=\"category tag\">Est\u00e9tica Cl\u00ednica<\/a><\/span><\/div>\r\n\t\t\t\t\t<div class=\"kwayy-blogbox-desc\">[vc_row][vc_co...<div class=\"kwayy-post-readmore\"><a href=\"https:\/\/clinicamedicadoporto.pt\/staging\/quisto-sacrococcigeo-o-que-e-e-como-tratar\/\">Read More<i class=\"kwicon-fa-angle-right\"><\/i><\/a><\/div><\/div>\r\n\t\t\t\t<\/div>\r\n\t\t\t<\/div>\r\n\t\t<\/article>\r\n\t\r\n\t\t<article class=\"post-box blog-slider-box-width kwayy-blogbox-format-standard conselhos-uteis cuidados-de-saude estetica-clinica medicina-integrativa reposicao-modulacao-hormonal\">\r\n\t\t\t<div class=\"post-item\">\r\n\t\t\t\t<div class=\"post-item-thumbnail\">\r\n\t\t\t\t\t<div class=\"post-item-thumbnail-inner\">\r\n\t\t\t\t\t\t<div class=\"kwayy-postbox-small-date\"><div class=\"kwayy-post-box-date-wrapper\"><div class=\"kwayy-entry-date-wrapper\">\r\n\t\t\t\t\t\t\t\t<span class=\"kwayy-entry-date\">\r\n\t\t\t\t\t\t\t\t\t<time class=\"entry-date\" datetime=\"\" >\r\n\t\t\t\t\t\t\t\t\t\t<span class=\"entry-date\"><\/span> \r\n\t\t\t\t\t\t\t\t\t\t<span class=\"entry-month\"><\/span> \r\n\t\t\t\t\t\t\t\t\t\t<span class=\"entry-year\"><\/span> \r\n\t\t\t\t\t\t\t\t\t<\/time>\r\n\t\t\t\t\t\t\t\t<\/span>\r\n\t\t\t\t\t\t\t<\/div><\/div><\/div>\r\n\t\t\t\t\t\t<a class=\"tm-blog-link\" href=\"https:\/\/clinicamedicadoporto.pt\/staging\/menopausa-e-os-seus-efeitos-cutaneos\/\"><img loading=\"lazy\" decoding=\"async\" width=\"1280\" height=\"720\" src=\"https:\/\/clinicamedicadoporto.pt\/staging\/wp-content\/uploads\/2018\/04\/menopausa-clinica-medica-do-porto.jpg\" class=\"attachment-portfolio-fix-column size-portfolio-fix-column wp-post-image\" alt=\"menopausa-clinica-medica-do-porto\" srcset=\"https:\/\/clinicamedicadoporto.pt\/staging\/wp-content\/uploads\/2018\/04\/menopausa-clinica-medica-do-porto.jpg 1280w, https:\/\/clinicamedicadoporto.pt\/staging\/wp-content\/uploads\/2018\/04\/menopausa-clinica-medica-do-porto-300x169.jpg 300w, https:\/\/clinicamedicadoporto.pt\/staging\/wp-content\/uploads\/2018\/04\/menopausa-clinica-medica-do-porto-768x432.jpg 768w, https:\/\/clinicamedicadoporto.pt\/staging\/wp-content\/uploads\/2018\/04\/menopausa-clinica-medica-do-porto-1024x576.jpg 1024w, https:\/\/clinicamedicadoporto.pt\/staging\/wp-content\/uploads\/2018\/04\/menopausa-clinica-medica-do-porto-727x409.jpg 727w, https:\/\/clinicamedicadoporto.pt\/staging\/wp-content\/uploads\/2018\/04\/menopausa-clinica-medica-do-porto-1110x624.jpg 1110w, https:\/\/clinicamedicadoporto.pt\/staging\/wp-content\/uploads\/2018\/04\/menopausa-clinica-medica-do-porto-720x406.jpg 720w, https:\/\/clinicamedicadoporto.pt\/staging\/wp-content\/uploads\/2018\/04\/menopausa-clinica-medica-do-porto-750x422.jpg 750w\" sizes=\"auto, (max-width: 1280px) 100vw, 1280px\" \/><\/a>\r\n\t\t\t\t\t<\/div>\r\n\t\t\t\t\t<div class=\"overthumb\"><\/div>\r\n\t\t\t\t\t\r\n\t\t\t\t<\/div>\r\n\t\t\t\t<div class=\"item-content\">\r\n\t\t\t\t\t<h4><a href=\"https:\/\/clinicamedicadoporto.pt\/staging\/menopausa-e-os-seus-efeitos-cutaneos\/\">Menopausa &#8211; Altera\u00e7\u00f5es Hormonais e Efeitos Cut\u00e2neos<\/a><\/h4>\r\n\t\t\t\t\t<div class=\"kwayy-meta-details\"><div class=\"kwayy-post-user\"><span class=\"author vcard\"><i class=\"kwicon-fa-user\"><\/i> <a class=\"url fn n\" href=\"https:\/\/clinicamedicadoporto.pt\/staging\/author\/m-reis-cmp\/\" title=\"View all posts by \" rel=\"author\"><\/a><\/span><\/div><span class=\"tags-links\"><i class=\"kwicon-fa-tags\"><\/i> <a href=\"https:\/\/clinicamedicadoporto.pt\/staging\/tag\/clinicamedicadoporto\/\" rel=\"tag\">#clinicamedicadoporto<\/a>, <a href=\"https:\/\/clinicamedicadoporto.pt\/staging\/tag\/porto\/\" rel=\"tag\">#porto<\/a>, <a href=\"https:\/\/clinicamedicadoporto.pt\/staging\/tag\/todasasterapias\/\" rel=\"tag\">#todasasterapias<\/a>, <a href=\"https:\/\/clinicamedicadoporto.pt\/staging\/tag\/alteracoes-hormonais-na-menopausa\/\" rel=\"tag\">Altera\u00e7\u00f5es Hormonais na Menopausa<\/a>, <a href=\"https:\/\/clinicamedicadoporto.pt\/staging\/tag\/climaterio\/\" rel=\"tag\">climat\u00e9rio<\/a>, <a href=\"https:\/\/clinicamedicadoporto.pt\/staging\/tag\/clinica\/\" rel=\"tag\">clinica<\/a>, <a href=\"https:\/\/clinicamedicadoporto.pt\/staging\/tag\/clinica-medica-do-porto\/\" rel=\"tag\">Clinica M\u00e9dica do Porto<\/a>, <a href=\"https:\/\/clinicamedicadoporto.pt\/staging\/tag\/clinica-porto\/\" rel=\"tag\">Clinica Porto<\/a>, <a href=\"https:\/\/clinicamedicadoporto.pt\/staging\/tag\/consulta\/\" rel=\"tag\">Consulta<\/a>, <a href=\"https:\/\/clinicamedicadoporto.pt\/staging\/tag\/consulta-clinica-porto\/\" rel=\"tag\">Consulta Clinica Porto<\/a>, <a href=\"https:\/\/clinicamedicadoporto.pt\/staging\/tag\/consulta-medica\/\" rel=\"tag\">Consulta M\u00e9dica<\/a>, <a href=\"https:\/\/clinicamedicadoporto.pt\/staging\/tag\/elastose\/\" rel=\"tag\">elastose<\/a>, <a href=\"https:\/\/clinicamedicadoporto.pt\/staging\/tag\/estrogeneos\/\" rel=\"tag\">estrog\u00e9neos<\/a>, <a href=\"https:\/\/clinicamedicadoporto.pt\/staging\/tag\/flacidez-e-rugas\/\" rel=\"tag\">Flacidez e Rugas<\/a>, <a href=\"https:\/\/clinicamedicadoporto.pt\/staging\/tag\/flacidez-na-menopausa\/\" rel=\"tag\">Flacidez na Menopausa<\/a>, <a href=\"https:\/\/clinicamedicadoporto.pt\/staging\/tag\/flacidez-no-climaterio\/\" rel=\"tag\">Flacidez no Climat\u00e9rio<\/a>, <a href=\"https:\/\/clinicamedicadoporto.pt\/staging\/tag\/hiperpigmentacao\/\" rel=\"tag\">hiperpigmenta\u00e7\u00e3o<\/a>, <a href=\"https:\/\/clinicamedicadoporto.pt\/staging\/tag\/medicina-alternativa\/\" rel=\"tag\">medicina alternativa<\/a>, <a href=\"https:\/\/clinicamedicadoporto.pt\/staging\/tag\/menopausa\/\" rel=\"tag\">menopausa<\/a>, <a href=\"https:\/\/clinicamedicadoporto.pt\/staging\/tag\/oleosidade-cutanea\/\" rel=\"tag\">oleosidade cut\u00e2nea<\/a>, <a href=\"https:\/\/clinicamedicadoporto.pt\/staging\/tag\/pelo-facial\/\" rel=\"tag\">pelo facial<\/a>, <a href=\"https:\/\/clinicamedicadoporto.pt\/staging\/tag\/perimenopausa\/\" rel=\"tag\">perimenopausa<\/a>, <a href=\"https:\/\/clinicamedicadoporto.pt\/staging\/tag\/rugas\/\" rel=\"tag\">rugas<\/a>, <a href=\"https:\/\/clinicamedicadoporto.pt\/staging\/tag\/terapia\/\" rel=\"tag\">Terapia<\/a>, <a href=\"https:\/\/clinicamedicadoporto.pt\/staging\/tag\/terapias\/\" rel=\"tag\">Terapias<\/a>, <a href=\"https:\/\/clinicamedicadoporto.pt\/staging\/tag\/terapias-nao-convencionais\/\" rel=\"tag\">terapias n\u00e3o convencionais<\/a>, <a href=\"https:\/\/clinicamedicadoporto.pt\/staging\/tag\/todas-as-terapias\/\" rel=\"tag\">Todas as Terapias<\/a><\/span><span class=\"categories-links\"><i class=\"kwicon-fa-folder-open\"><\/i> <a href=\"https:\/\/clinicamedicadoporto.pt\/staging\/category\/conselhos-uteis\/\" rel=\"category tag\">Conselhos \u00dateis<\/a>, <a href=\"https:\/\/clinicamedicadoporto.pt\/staging\/category\/cuidados-de-saude\/\" rel=\"category tag\">Cuidados de Sa\u00fade<\/a>, <a href=\"https:\/\/clinicamedicadoporto.pt\/staging\/category\/estetica-clinica\/\" rel=\"category tag\">Est\u00e9tica Cl\u00ednica<\/a>, <a href=\"https:\/\/clinicamedicadoporto.pt\/staging\/category\/medicina-integrativa\/\" rel=\"category tag\">Medicina Integrativa<\/a>, <a href=\"https:\/\/clinicamedicadoporto.pt\/staging\/category\/medicina-integrativa\/reposicao-modulacao-hormonal\/\" rel=\"category tag\">Reposi\u00e7\u00e3o \/ Modula\u00e7\u00e3o Hormonal<\/a><\/span><\/div>\r\n\t\t\t\t\t<div class=\"kwayy-blogbox-desc\">[vc_row][vc_co...<div class=\"kwayy-post-readmore\"><a href=\"https:\/\/clinicamedicadoporto.pt\/staging\/menopausa-e-os-seus-efeitos-cutaneos\/\">Read More<i class=\"kwicon-fa-angle-right\"><\/i><\/a><\/div><\/div>\r\n\t\t\t\t<\/div>\r\n\t\t\t<\/div>\r\n\t\t<\/article>\r\n\t\r\n\t\t<article class=\"post-box blog-slider-box-width kwayy-blogbox-format-standard conselhos-uteis fitoterapia medicina-integrativa naturopatia terapias-nao-convencionais\">\r\n\t\t\t<div class=\"post-item\">\r\n\t\t\t\t<div class=\"post-item-thumbnail\">\r\n\t\t\t\t\t<div class=\"post-item-thumbnail-inner\">\r\n\t\t\t\t\t\t<div class=\"kwayy-postbox-small-date\"><div class=\"kwayy-post-box-date-wrapper\"><div class=\"kwayy-entry-date-wrapper\">\r\n\t\t\t\t\t\t\t\t<span class=\"kwayy-entry-date\">\r\n\t\t\t\t\t\t\t\t\t<time class=\"entry-date\" datetime=\"\" >\r\n\t\t\t\t\t\t\t\t\t\t<span class=\"entry-date\"><\/span> \r\n\t\t\t\t\t\t\t\t\t\t<span class=\"entry-month\"><\/span> \r\n\t\t\t\t\t\t\t\t\t\t<span class=\"entry-year\"><\/span> \r\n\t\t\t\t\t\t\t\t\t<\/time>\r\n\t\t\t\t\t\t\t\t<\/span>\r\n\t\t\t\t\t\t\t<\/div><\/div><\/div>\r\n\t\t\t\t\t\t<a class=\"tm-blog-link\" href=\"https:\/\/clinicamedicadoporto.pt\/staging\/da-importancia-da-noz-moscada\/\"><img loading=\"lazy\" decoding=\"async\" width=\"1280\" height=\"720\" src=\"https:\/\/clinicamedicadoporto.pt\/staging\/wp-content\/uploads\/2018\/03\/noz-moscada-clinica-medica-do-porto.jpg\" class=\"attachment-portfolio-fix-column size-portfolio-fix-column wp-post-image\" alt=\"noz-moscada-clinica-medica-do-porto\" srcset=\"https:\/\/clinicamedicadoporto.pt\/staging\/wp-content\/uploads\/2018\/03\/noz-moscada-clinica-medica-do-porto.jpg 1280w, https:\/\/clinicamedicadoporto.pt\/staging\/wp-content\/uploads\/2018\/03\/noz-moscada-clinica-medica-do-porto-300x169.jpg 300w, https:\/\/clinicamedicadoporto.pt\/staging\/wp-content\/uploads\/2018\/03\/noz-moscada-clinica-medica-do-porto-768x432.jpg 768w, https:\/\/clinicamedicadoporto.pt\/staging\/wp-content\/uploads\/2018\/03\/noz-moscada-clinica-medica-do-porto-1024x576.jpg 1024w, https:\/\/clinicamedicadoporto.pt\/staging\/wp-content\/uploads\/2018\/03\/noz-moscada-clinica-medica-do-porto-727x409.jpg 727w, https:\/\/clinicamedicadoporto.pt\/staging\/wp-content\/uploads\/2018\/03\/noz-moscada-clinica-medica-do-porto-1110x624.jpg 1110w, https:\/\/clinicamedicadoporto.pt\/staging\/wp-content\/uploads\/2018\/03\/noz-moscada-clinica-medica-do-porto-720x406.jpg 720w, https:\/\/clinicamedicadoporto.pt\/staging\/wp-content\/uploads\/2018\/03\/noz-moscada-clinica-medica-do-porto-750x422.jpg 750w\" sizes=\"auto, (max-width: 1280px) 100vw, 1280px\" \/><\/a>\r\n\t\t\t\t\t<\/div>\r\n\t\t\t\t\t<div class=\"overthumb\"><\/div>\r\n\t\t\t\t\t\r\n\t\t\t\t<\/div>\r\n\t\t\t\t<div class=\"item-content\">\r\n\t\t\t\t\t<h4><a href=\"https:\/\/clinicamedicadoporto.pt\/staging\/da-importancia-da-noz-moscada\/\">Da Import\u00e2ncia da Noz Moscada: Benef\u00edcios na Sa\u00fade<\/a><\/h4>\r\n\t\t\t\t\t<div class=\"kwayy-meta-details\"><div class=\"kwayy-post-user\"><span class=\"author vcard\"><i class=\"kwicon-fa-user\"><\/i> <a class=\"url fn n\" href=\"https:\/\/clinicamedicadoporto.pt\/staging\/author\/m-reis-cmp\/\" title=\"View all posts by \" rel=\"author\"><\/a><\/span><\/div><span class=\"tags-links\"><i class=\"kwicon-fa-tags\"><\/i> <a href=\"https:\/\/clinicamedicadoporto.pt\/staging\/tag\/clinicamedicadoporto\/\" rel=\"tag\">#clinicamedicadoporto<\/a>, <a href=\"https:\/\/clinicamedicadoporto.pt\/staging\/tag\/porto\/\" rel=\"tag\">#porto<\/a>, <a href=\"https:\/\/clinicamedicadoporto.pt\/staging\/tag\/todasasterapias\/\" rel=\"tag\">#todasasterapias<\/a>, <a href=\"https:\/\/clinicamedicadoporto.pt\/staging\/tag\/beneficios-da-noz-moscada\/\" rel=\"tag\">benef\u00edcios da noz-moscada<\/a>, <a href=\"https:\/\/clinicamedicadoporto.pt\/staging\/tag\/clinica\/\" rel=\"tag\">clinica<\/a>, <a href=\"https:\/\/clinicamedicadoporto.pt\/staging\/tag\/clinica-medica-do-porto\/\" rel=\"tag\">Clinica M\u00e9dica do Porto<\/a>, <a href=\"https:\/\/clinicamedicadoporto.pt\/staging\/tag\/clinica-porto\/\" rel=\"tag\">Clinica Porto<\/a>, <a href=\"https:\/\/clinicamedicadoporto.pt\/staging\/tag\/consulta\/\" rel=\"tag\">Consulta<\/a>, <a href=\"https:\/\/clinicamedicadoporto.pt\/staging\/tag\/consulta-clinica-porto\/\" rel=\"tag\">Consulta Clinica Porto<\/a>, <a href=\"https:\/\/clinicamedicadoporto.pt\/staging\/tag\/consulta-medica\/\" rel=\"tag\">Consulta M\u00e9dica<\/a>, <a href=\"https:\/\/clinicamedicadoporto.pt\/staging\/tag\/destoxificacao-do-organismo\/\" rel=\"tag\">destoxifica\u00e7\u00e3o do organismo<\/a>, <a href=\"https:\/\/clinicamedicadoporto.pt\/staging\/tag\/fitoterapia\/\" rel=\"tag\">Fitoterapia<\/a>, <a href=\"https:\/\/clinicamedicadoporto.pt\/staging\/tag\/halitose\/\" rel=\"tag\">halitose<\/a>, <a href=\"https:\/\/clinicamedicadoporto.pt\/staging\/tag\/medicina-alternativa\/\" rel=\"tag\">medicina alternativa<\/a>, <a href=\"https:\/\/clinicamedicadoporto.pt\/staging\/tag\/noz-moscada\/\" rel=\"tag\">noz-moscada<\/a>, <a href=\"https:\/\/clinicamedicadoporto.pt\/staging\/tag\/solucoes-naturais-para-a-saude\/\" rel=\"tag\">Solu\u00e7\u00f5es Naturais para a Sa\u00fade<\/a>, <a href=\"https:\/\/clinicamedicadoporto.pt\/staging\/tag\/terapia\/\" rel=\"tag\">Terapia<\/a>, <a href=\"https:\/\/clinicamedicadoporto.pt\/staging\/tag\/terapias\/\" rel=\"tag\">Terapias<\/a>, <a href=\"https:\/\/clinicamedicadoporto.pt\/staging\/tag\/terapias-nao-convencionais\/\" rel=\"tag\">terapias n\u00e3o convencionais<\/a>, <a href=\"https:\/\/clinicamedicadoporto.pt\/staging\/tag\/todas-as-terapias\/\" rel=\"tag\">Todas as Terapias<\/a>, <a href=\"https:\/\/clinicamedicadoporto.pt\/staging\/tag\/tratamentos-naturais\/\" rel=\"tag\">Tratamentos Naturais<\/a><\/span><span class=\"categories-links\"><i class=\"kwicon-fa-folder-open\"><\/i> <a href=\"https:\/\/clinicamedicadoporto.pt\/staging\/category\/medicina-integrativa\/\" rel=\"category tag\">Medicina Integrativa<\/a>, <a href=\"https:\/\/clinicamedicadoporto.pt\/staging\/category\/conselhos-uteis\/\" rel=\"category tag\">Conselhos \u00dateis<\/a>, <a href=\"https:\/\/clinicamedicadoporto.pt\/staging\/category\/terapias-nao-convencionais\/fitoterapia\/\" rel=\"category tag\">Fitoterapia<\/a>, <a href=\"https:\/\/clinicamedicadoporto.pt\/staging\/category\/terapias-nao-convencionais\/naturopatia\/\" rel=\"category tag\">Naturopatia<\/a>, <a href=\"https:\/\/clinicamedicadoporto.pt\/staging\/category\/terapias-nao-convencionais\/\" rel=\"category tag\">Terapias N\u00e3o Convencionais<\/a><\/span><\/div>\r\n\t\t\t\t\t<div class=\"kwayy-blogbox-desc\">[vc_row][vc_co...<div class=\"kwayy-post-readmore\"><a href=\"https:\/\/clinicamedicadoporto.pt\/staging\/da-importancia-da-noz-moscada\/\">Read More<i class=\"kwicon-fa-angle-right\"><\/i><\/a><\/div><\/div>\r\n\t\t\t\t<\/div>\r\n\t\t\t<\/div>\r\n\t\t<\/article>\r\n\t\r\n\t\t<article class=\"post-box blog-slider-box-width kwayy-blogbox-format-standard acupuntura conselhos-uteis cuidados-de-saude medicina-tradicional-chinesa terapias-nao-convencionais\">\r\n\t\t\t<div class=\"post-item\">\r\n\t\t\t\t<div class=\"post-item-thumbnail\">\r\n\t\t\t\t\t<div class=\"post-item-thumbnail-inner\">\r\n\t\t\t\t\t\t<div class=\"kwayy-postbox-small-date\"><div class=\"kwayy-post-box-date-wrapper\"><div class=\"kwayy-entry-date-wrapper\">\r\n\t\t\t\t\t\t\t\t<span class=\"kwayy-entry-date\">\r\n\t\t\t\t\t\t\t\t\t<time class=\"entry-date\" datetime=\"\" >\r\n\t\t\t\t\t\t\t\t\t\t<span class=\"entry-date\"><\/span> \r\n\t\t\t\t\t\t\t\t\t\t<span class=\"entry-month\"><\/span> \r\n\t\t\t\t\t\t\t\t\t\t<span class=\"entry-year\"><\/span> \r\n\t\t\t\t\t\t\t\t\t<\/time>\r\n\t\t\t\t\t\t\t\t<\/span>\r\n\t\t\t\t\t\t\t<\/div><\/div><\/div>\r\n\t\t\t\t\t\t<a class=\"tm-blog-link\" href=\"https:\/\/clinicamedicadoporto.pt\/staging\/acerca-do-potencial-da-medicina-tradicional-chinesa-da-acupuntura\/\"><img loading=\"lazy\" decoding=\"async\" width=\"1280\" height=\"720\" src=\"https:\/\/clinicamedicadoporto.pt\/staging\/wp-content\/uploads\/2018\/01\/acupuntura-medicina-chinesa-clinica-medica-do-porto.jpg\" class=\"attachment-portfolio-fix-column size-portfolio-fix-column wp-post-image\" alt=\"acupuntura-medicina-chinesa-clinica-medica-do-porto\" srcset=\"https:\/\/clinicamedicadoporto.pt\/staging\/wp-content\/uploads\/2018\/01\/acupuntura-medicina-chinesa-clinica-medica-do-porto.jpg 1280w, https:\/\/clinicamedicadoporto.pt\/staging\/wp-content\/uploads\/2018\/01\/acupuntura-medicina-chinesa-clinica-medica-do-porto-300x169.jpg 300w, https:\/\/clinicamedicadoporto.pt\/staging\/wp-content\/uploads\/2018\/01\/acupuntura-medicina-chinesa-clinica-medica-do-porto-768x432.jpg 768w, https:\/\/clinicamedicadoporto.pt\/staging\/wp-content\/uploads\/2018\/01\/acupuntura-medicina-chinesa-clinica-medica-do-porto-1024x576.jpg 1024w, https:\/\/clinicamedicadoporto.pt\/staging\/wp-content\/uploads\/2018\/01\/acupuntura-medicina-chinesa-clinica-medica-do-porto-727x409.jpg 727w, https:\/\/clinicamedicadoporto.pt\/staging\/wp-content\/uploads\/2018\/01\/acupuntura-medicina-chinesa-clinica-medica-do-porto-1110x624.jpg 1110w, https:\/\/clinicamedicadoporto.pt\/staging\/wp-content\/uploads\/2018\/01\/acupuntura-medicina-chinesa-clinica-medica-do-porto-720x406.jpg 720w, https:\/\/clinicamedicadoporto.pt\/staging\/wp-content\/uploads\/2018\/01\/acupuntura-medicina-chinesa-clinica-medica-do-porto-750x422.jpg 750w\" sizes=\"auto, (max-width: 1280px) 100vw, 1280px\" \/><\/a>\r\n\t\t\t\t\t<\/div>\r\n\t\t\t\t\t<div class=\"overthumb\"><\/div>\r\n\t\t\t\t\t\r\n\t\t\t\t<\/div>\r\n\t\t\t\t<div class=\"item-content\">\r\n\t\t\t\t\t<h4><a href=\"https:\/\/clinicamedicadoporto.pt\/staging\/acerca-do-potencial-da-medicina-tradicional-chinesa-da-acupuntura\/\">Acerca do Potencial da Medicina Tradicional Chinesa e da Acupuntura<\/a><\/h4>\r\n\t\t\t\t\t<div class=\"kwayy-meta-details\"><div class=\"kwayy-post-user\"><span class=\"author vcard\"><i class=\"kwicon-fa-user\"><\/i> <a class=\"url fn n\" href=\"https:\/\/clinicamedicadoporto.pt\/staging\/author\/m-reis-cmp\/\" title=\"View all posts by \" rel=\"author\"><\/a><\/span><\/div><span class=\"tags-links\"><i class=\"kwicon-fa-tags\"><\/i> <a href=\"https:\/\/clinicamedicadoporto.pt\/staging\/tag\/clinicamedicadoporto\/\" rel=\"tag\">#clinicamedicadoporto<\/a>, <a href=\"https:\/\/clinicamedicadoporto.pt\/staging\/tag\/porto\/\" rel=\"tag\">#porto<\/a>, <a href=\"https:\/\/clinicamedicadoporto.pt\/staging\/tag\/todasasterapias\/\" rel=\"tag\">#todasasterapias<\/a>, <a href=\"https:\/\/clinicamedicadoporto.pt\/staging\/tag\/acupuntura\/\" rel=\"tag\">acupuntura<\/a>, <a href=\"https:\/\/clinicamedicadoporto.pt\/staging\/tag\/acupuntura-porto\/\" rel=\"tag\">Acupuntura Porto<\/a>, <a href=\"https:\/\/clinicamedicadoporto.pt\/staging\/tag\/alternativa\/\" rel=\"tag\">alternativa<\/a>, <a href=\"https:\/\/clinicamedicadoporto.pt\/staging\/tag\/clinica\/\" rel=\"tag\">clinica<\/a>, <a href=\"https:\/\/clinicamedicadoporto.pt\/staging\/tag\/clinica-medica-do-porto\/\" rel=\"tag\">Clinica M\u00e9dica do Porto<\/a>, <a href=\"https:\/\/clinicamedicadoporto.pt\/staging\/tag\/clinica-porto\/\" rel=\"tag\">Clinica Porto<\/a>, <a href=\"https:\/\/clinicamedicadoporto.pt\/staging\/tag\/consulta\/\" rel=\"tag\">Consulta<\/a>, <a href=\"https:\/\/clinicamedicadoporto.pt\/staging\/tag\/consulta-clinica-porto\/\" rel=\"tag\">Consulta Clinica Porto<\/a>, <a href=\"https:\/\/clinicamedicadoporto.pt\/staging\/tag\/consulta-de-acupuntura\/\" rel=\"tag\">Consulta de Acupuntura<\/a>, <a href=\"https:\/\/clinicamedicadoporto.pt\/staging\/tag\/consulta-de-acupuntura-no-porto\/\" rel=\"tag\">Consulta de Acupuntura no Porto<\/a>, <a href=\"https:\/\/clinicamedicadoporto.pt\/staging\/tag\/consulta-de-medicina-alternativa\/\" rel=\"tag\">Consulta de Medicina Alternativa<\/a>, <a href=\"https:\/\/clinicamedicadoporto.pt\/staging\/tag\/consulta-de-medicina-chinesa\/\" rel=\"tag\">Consulta de Medicina Chinesa<\/a>, <a href=\"https:\/\/clinicamedicadoporto.pt\/staging\/tag\/consulta-medica\/\" rel=\"tag\">Consulta M\u00e9dica<\/a>, <a href=\"https:\/\/clinicamedicadoporto.pt\/staging\/tag\/medicina-alternativa\/\" rel=\"tag\">medicina alternativa<\/a>, <a href=\"https:\/\/clinicamedicadoporto.pt\/staging\/tag\/medicna-chinesa\/\" rel=\"tag\">medicna chinesa<\/a>, <a href=\"https:\/\/clinicamedicadoporto.pt\/staging\/tag\/terapia\/\" rel=\"tag\">Terapia<\/a>, <a href=\"https:\/\/clinicamedicadoporto.pt\/staging\/tag\/terapia-alternativa\/\" rel=\"tag\">terapia alternativa<\/a>, <a href=\"https:\/\/clinicamedicadoporto.pt\/staging\/tag\/terapia-integrativa\/\" rel=\"tag\">terapia integrativa<\/a>, <a href=\"https:\/\/clinicamedicadoporto.pt\/staging\/tag\/terapias\/\" rel=\"tag\">Terapias<\/a>, <a href=\"https:\/\/clinicamedicadoporto.pt\/staging\/tag\/terapias-nao-convencionais\/\" rel=\"tag\">terapias n\u00e3o convencionais<\/a>, <a href=\"https:\/\/clinicamedicadoporto.pt\/staging\/tag\/todas-as-terapias\/\" rel=\"tag\">Todas as Terapias<\/a>, <a href=\"https:\/\/clinicamedicadoporto.pt\/staging\/tag\/tratamento-de-acupuntura\/\" rel=\"tag\">Tratamento de Acupuntura<\/a>, <a href=\"https:\/\/clinicamedicadoporto.pt\/staging\/tag\/tratamento-de-medicina-chinesa\/\" rel=\"tag\">Tratamento de Medicina Chinesa<\/a><\/span><span class=\"categories-links\"><i class=\"kwicon-fa-folder-open\"><\/i> <a href=\"https:\/\/clinicamedicadoporto.pt\/staging\/category\/terapias-nao-convencionais\/medicina-tradicional-chinesa\/acupuntura\/\" rel=\"category tag\">Acupuntura<\/a>, <a href=\"https:\/\/clinicamedicadoporto.pt\/staging\/category\/conselhos-uteis\/\" rel=\"category tag\">Conselhos \u00dateis<\/a>, <a href=\"https:\/\/clinicamedicadoporto.pt\/staging\/category\/cuidados-de-saude\/\" rel=\"category tag\">Cuidados de Sa\u00fade<\/a>, <a href=\"https:\/\/clinicamedicadoporto.pt\/staging\/category\/terapias-nao-convencionais\/medicina-tradicional-chinesa\/\" rel=\"category tag\">Medicina Tradicional Chinesa<\/a>, <a href=\"https:\/\/clinicamedicadoporto.pt\/staging\/category\/terapias-nao-convencionais\/\" rel=\"category tag\">Terapias N\u00e3o Convencionais<\/a><\/span><\/div>\r\n\t\t\t\t\t<div class=\"kwayy-blogbox-desc\">[vc_row][vc_co...<div class=\"kwayy-post-readmore\"><a href=\"https:\/\/clinicamedicadoporto.pt\/staging\/acerca-do-potencial-da-medicina-tradicional-chinesa-da-acupuntura\/\">Read More<i class=\"kwicon-fa-angle-right\"><\/i><\/a><\/div><\/div>\r\n\t\t\t\t<\/div>\r\n\t\t\t<\/div>\r\n\t\t<\/article>\r\n\t\r\n\t\t<article class=\"post-box blog-slider-box-width kwayy-blogbox-format-standard conselhos-uteis cuidados-de-saude estetica-clinica medicina-integrativa reposicao-modulacao-hormonal\">\r\n\t\t\t<div class=\"post-item\">\r\n\t\t\t\t<div class=\"post-item-thumbnail\">\r\n\t\t\t\t\t<div class=\"post-item-thumbnail-inner\">\r\n\t\t\t\t\t\t<div class=\"kwayy-postbox-small-date\"><div class=\"kwayy-post-box-date-wrapper\"><div class=\"kwayy-entry-date-wrapper\">\r\n\t\t\t\t\t\t\t\t<span class=\"kwayy-entry-date\">\r\n\t\t\t\t\t\t\t\t\t<time class=\"entry-date\" datetime=\"\" >\r\n\t\t\t\t\t\t\t\t\t\t<span class=\"entry-date\"><\/span> \r\n\t\t\t\t\t\t\t\t\t\t<span class=\"entry-month\"><\/span> \r\n\t\t\t\t\t\t\t\t\t\t<span class=\"entry-year\"><\/span> \r\n\t\t\t\t\t\t\t\t\t<\/time>\r\n\t\t\t\t\t\t\t\t<\/span>\r\n\t\t\t\t\t\t\t<\/div><\/div><\/div>\r\n\t\t\t\t\t\t<a class=\"tm-blog-link\" href=\"https:\/\/clinicamedicadoporto.pt\/staging\/envelhecimento-celular-modulacao-hormonal-hormonas-bio-identicas\/\"><img loading=\"lazy\" decoding=\"async\" width=\"1280\" height=\"720\" src=\"https:\/\/clinicamedicadoporto.pt\/staging\/wp-content\/uploads\/2018\/01\/hormonas-bio-identicas-clinica-medica-do-porto-anti-aging-anti-envelhecimento-reposicao-hormonal.jpg\" class=\"attachment-portfolio-fix-column size-portfolio-fix-column wp-post-image\" alt=\"hormonas-bio-identicas-clinica-medica-do-porto-anti-aging-anti-envelhecimento-reposicao-hormonal\" srcset=\"https:\/\/clinicamedicadoporto.pt\/staging\/wp-content\/uploads\/2018\/01\/hormonas-bio-identicas-clinica-medica-do-porto-anti-aging-anti-envelhecimento-reposicao-hormonal.jpg 1280w, https:\/\/clinicamedicadoporto.pt\/staging\/wp-content\/uploads\/2018\/01\/hormonas-bio-identicas-clinica-medica-do-porto-anti-aging-anti-envelhecimento-reposicao-hormonal-300x169.jpg 300w, https:\/\/clinicamedicadoporto.pt\/staging\/wp-content\/uploads\/2018\/01\/hormonas-bio-identicas-clinica-medica-do-porto-anti-aging-anti-envelhecimento-reposicao-hormonal-768x432.jpg 768w, https:\/\/clinicamedicadoporto.pt\/staging\/wp-content\/uploads\/2018\/01\/hormonas-bio-identicas-clinica-medica-do-porto-anti-aging-anti-envelhecimento-reposicao-hormonal-1024x576.jpg 1024w, https:\/\/clinicamedicadoporto.pt\/staging\/wp-content\/uploads\/2018\/01\/hormonas-bio-identicas-clinica-medica-do-porto-anti-aging-anti-envelhecimento-reposicao-hormonal-727x409.jpg 727w, https:\/\/clinicamedicadoporto.pt\/staging\/wp-content\/uploads\/2018\/01\/hormonas-bio-identicas-clinica-medica-do-porto-anti-aging-anti-envelhecimento-reposicao-hormonal-1110x624.jpg 1110w, https:\/\/clinicamedicadoporto.pt\/staging\/wp-content\/uploads\/2018\/01\/hormonas-bio-identicas-clinica-medica-do-porto-anti-aging-anti-envelhecimento-reposicao-hormonal-720x406.jpg 720w, https:\/\/clinicamedicadoporto.pt\/staging\/wp-content\/uploads\/2018\/01\/hormonas-bio-identicas-clinica-medica-do-porto-anti-aging-anti-envelhecimento-reposicao-hormonal-750x422.jpg 750w\" sizes=\"auto, (max-width: 1280px) 100vw, 1280px\" \/><\/a>\r\n\t\t\t\t\t<\/div>\r\n\t\t\t\t\t<div class=\"overthumb\"><\/div>\r\n\t\t\t\t\t\r\n\t\t\t\t<\/div>\r\n\t\t\t\t<div class=\"item-content\">\r\n\t\t\t\t\t<h4><a href=\"https:\/\/clinicamedicadoporto.pt\/staging\/envelhecimento-celular-modulacao-hormonal-hormonas-bio-identicas\/\">Envelhecimento Celular, Modula\u00e7\u00e3o Hormonal e Hormonas Bio-Id\u00eanticas<\/a><\/h4>\r\n\t\t\t\t\t<div class=\"kwayy-meta-details\"><div class=\"kwayy-post-user\"><span class=\"author vcard\"><i class=\"kwicon-fa-user\"><\/i> <a class=\"url fn n\" href=\"https:\/\/clinicamedicadoporto.pt\/staging\/author\/m-reis-cmp\/\" title=\"View all posts by \" rel=\"author\"><\/a><\/span><\/div><span class=\"tags-links\"><i class=\"kwicon-fa-tags\"><\/i> <a href=\"https:\/\/clinicamedicadoporto.pt\/staging\/tag\/clinicamedicadoporto\/\" rel=\"tag\">#clinicamedicadoporto<\/a>, <a href=\"https:\/\/clinicamedicadoporto.pt\/staging\/tag\/porto\/\" rel=\"tag\">#porto<\/a>, <a href=\"https:\/\/clinicamedicadoporto.pt\/staging\/tag\/todasasterapias\/\" rel=\"tag\">#todasasterapias<\/a>, <a href=\"https:\/\/clinicamedicadoporto.pt\/staging\/tag\/anti-aging\/\" rel=\"tag\">anti-aging<\/a>, <a href=\"https:\/\/clinicamedicadoporto.pt\/staging\/tag\/anti-envelheccimento\/\" rel=\"tag\">anti-envelheccimento<\/a>, <a href=\"https:\/\/clinicamedicadoporto.pt\/staging\/tag\/aonde-realizar-consulta-de-modulacao-hormonal\/\" rel=\"tag\">Aonde Realizar Consulta de Modula\u00e7\u00e3o Hormonal<\/a>, <a href=\"https:\/\/clinicamedicadoporto.pt\/staging\/tag\/clinica\/\" rel=\"tag\">clinica<\/a>, <a href=\"https:\/\/clinicamedicadoporto.pt\/staging\/tag\/clinica-medica-do-porto\/\" rel=\"tag\">Clinica M\u00e9dica do Porto<\/a>, <a href=\"https:\/\/clinicamedicadoporto.pt\/staging\/tag\/clinica-porto\/\" rel=\"tag\">Clinica Porto<\/a>, <a href=\"https:\/\/clinicamedicadoporto.pt\/staging\/tag\/consulta\/\" rel=\"tag\">Consulta<\/a>, <a href=\"https:\/\/clinicamedicadoporto.pt\/staging\/tag\/consulta-clinica-porto\/\" rel=\"tag\">Consulta Clinica Porto<\/a>, <a href=\"https:\/\/clinicamedicadoporto.pt\/staging\/tag\/consulta-de-anti-envelhecimento\/\" rel=\"tag\">Consulta de Anti-Envelhecimento<\/a>, <a href=\"https:\/\/clinicamedicadoporto.pt\/staging\/tag\/consulta-de-medicina-anti-aging\/\" rel=\"tag\">Consulta de Medicina Anti-Aging<\/a>, <a href=\"https:\/\/clinicamedicadoporto.pt\/staging\/tag\/consulta-de-modulacao-hormonal\/\" rel=\"tag\">Consulta de Modula\u00e7\u00e3o Hormonal<\/a>, <a href=\"https:\/\/clinicamedicadoporto.pt\/staging\/tag\/consulta-de-reposicao-e-modulacao-com-hormonal-bioidenticas\/\" rel=\"tag\">Consulta de Reposi\u00e7\u00e3o e Modula\u00e7\u00e3o com Hormonal Bioid\u00eanticas<\/a>, <a href=\"https:\/\/clinicamedicadoporto.pt\/staging\/tag\/consulta-de-reposicao-hormonal\/\" rel=\"tag\">Consulta de Reposi\u00e7\u00e3o Hormonal<\/a>, <a href=\"https:\/\/clinicamedicadoporto.pt\/staging\/tag\/consulta-medica\/\" rel=\"tag\">Consulta M\u00e9dica<\/a>, <a href=\"https:\/\/clinicamedicadoporto.pt\/staging\/tag\/efeitos-hormonais\/\" rel=\"tag\">Efeitos Hormonais<\/a>, <a href=\"https:\/\/clinicamedicadoporto.pt\/staging\/tag\/hormonas\/\" rel=\"tag\">hormonas<\/a>, <a href=\"https:\/\/clinicamedicadoporto.pt\/staging\/tag\/hormonas-bio-identicas\/\" rel=\"tag\">hormonas bio-id\u00eanticas<\/a>, <a href=\"https:\/\/clinicamedicadoporto.pt\/staging\/tag\/medicina-alternativa\/\" rel=\"tag\">medicina alternativa<\/a>, <a href=\"https:\/\/clinicamedicadoporto.pt\/staging\/tag\/menopausa-e-andropausa\/\" rel=\"tag\">Menopausa e Andropausa<\/a>, <a href=\"https:\/\/clinicamedicadoporto.pt\/staging\/tag\/modulacao-e-reposicao-hormonal-porto\/\" rel=\"tag\">Modula\u00e7\u00e3o e Reposi\u00e7\u00e3o Hormonal Porto<\/a>, <a href=\"https:\/\/clinicamedicadoporto.pt\/staging\/tag\/modulacao-homonal\/\" rel=\"tag\">modula\u00e7\u00e3o homonal<\/a>, <a href=\"https:\/\/clinicamedicadoporto.pt\/staging\/tag\/o-que-e-modulacao-hormonal-bio-identica\/\" rel=\"tag\">O que \u00e9 Modula\u00e7\u00e3o Hormonal Bio-Identica<\/a>, <a href=\"https:\/\/clinicamedicadoporto.pt\/staging\/tag\/o-que-sao-hormonas-bioidenticas\/\" rel=\"tag\">O que s\u00e3o Hormonas BioIdenticas<\/a>, <a href=\"https:\/\/clinicamedicadoporto.pt\/staging\/tag\/reposicao-hormonal\/\" rel=\"tag\">reposi\u00e7\u00e3o hormonal<\/a>, <a href=\"https:\/\/clinicamedicadoporto.pt\/staging\/tag\/terapia\/\" rel=\"tag\">Terapia<\/a>, <a href=\"https:\/\/clinicamedicadoporto.pt\/staging\/tag\/terapias\/\" rel=\"tag\">Terapias<\/a>, <a href=\"https:\/\/clinicamedicadoporto.pt\/staging\/tag\/terapias-nao-convencionais\/\" rel=\"tag\">terapias n\u00e3o convencionais<\/a>, <a href=\"https:\/\/clinicamedicadoporto.pt\/staging\/tag\/testosterona\/\" rel=\"tag\">testosterona<\/a>, <a href=\"https:\/\/clinicamedicadoporto.pt\/staging\/tag\/todas-as-terapias\/\" rel=\"tag\">Todas as Terapias<\/a>, <a href=\"https:\/\/clinicamedicadoporto.pt\/staging\/tag\/tratamento-com-hormonas-bioidenticas\/\" rel=\"tag\">Tratamento com Hormonas BioIdenticas<\/a><\/span><span class=\"categories-links\"><i class=\"kwicon-fa-folder-open\"><\/i> <a href=\"https:\/\/clinicamedicadoporto.pt\/staging\/category\/medicina-integrativa\/reposicao-modulacao-hormonal\/\" rel=\"category tag\">Reposi\u00e7\u00e3o \/ Modula\u00e7\u00e3o Hormonal<\/a>, <a href=\"https:\/\/clinicamedicadoporto.pt\/staging\/category\/conselhos-uteis\/\" rel=\"category tag\">Conselhos \u00dateis<\/a>, <a href=\"https:\/\/clinicamedicadoporto.pt\/staging\/category\/cuidados-de-saude\/\" rel=\"category tag\">Cuidados de Sa\u00fade<\/a>, <a href=\"https:\/\/clinicamedicadoporto.pt\/staging\/category\/estetica-clinica\/\" rel=\"category tag\">Est\u00e9tica Cl\u00ednica<\/a>, <a href=\"https:\/\/clinicamedicadoporto.pt\/staging\/category\/medicina-integrativa\/\" rel=\"category tag\">Medicina Integrativa<\/a><\/span><\/div>\r\n\t\t\t\t\t<div class=\"kwayy-blogbox-desc\">[vc_row][vc_co...<div class=\"kwayy-post-readmore\"><a href=\"https:\/\/clinicamedicadoporto.pt\/staging\/envelhecimento-celular-modulacao-hormonal-hormonas-bio-identicas\/\">Read More<i class=\"kwicon-fa-angle-right\"><\/i><\/a><\/div><\/div>\r\n\t\t\t\t<\/div>\r\n\t\t\t<\/div>\r\n\t\t<\/article>\r\n\t\r\n\t\t<article class=\"post-box blog-slider-box-width kwayy-blogbox-format-standard conselhos-uteis cuidados-de-saude estetica-clinica\">\r\n\t\t\t<div class=\"post-item\">\r\n\t\t\t\t<div class=\"post-item-thumbnail\">\r\n\t\t\t\t\t<div class=\"post-item-thumbnail-inner\">\r\n\t\t\t\t\t\t<div class=\"kwayy-postbox-small-date\"><div class=\"kwayy-post-box-date-wrapper\"><div class=\"kwayy-entry-date-wrapper\">\r\n\t\t\t\t\t\t\t\t<span class=\"kwayy-entry-date\">\r\n\t\t\t\t\t\t\t\t\t<time class=\"entry-date\" datetime=\"\" >\r\n\t\t\t\t\t\t\t\t\t\t<span class=\"entry-date\"><\/span> \r\n\t\t\t\t\t\t\t\t\t\t<span class=\"entry-month\"><\/span> \r\n\t\t\t\t\t\t\t\t\t\t<span class=\"entry-year\"><\/span> \r\n\t\t\t\t\t\t\t\t\t<\/time>\r\n\t\t\t\t\t\t\t\t<\/span>\r\n\t\t\t\t\t\t\t<\/div><\/div><\/div>\r\n\t\t\t\t\t\t<a class=\"tm-blog-link\" href=\"https:\/\/clinicamedicadoporto.pt\/staging\/laser-diodo-melhor-opcao-depilacao-permanente\/\"><img loading=\"lazy\" decoding=\"async\" width=\"1280\" height=\"720\" src=\"https:\/\/clinicamedicadoporto.pt\/staging\/wp-content\/uploads\/2017\/12\/depilacao-laser-clinica-medica-do-porto.jpg\" class=\"attachment-portfolio-fix-column size-portfolio-fix-column wp-post-image\" alt=\"depilacao-laser-diodo-clinica-medica-do-porto\" srcset=\"https:\/\/clinicamedicadoporto.pt\/staging\/wp-content\/uploads\/2017\/12\/depilacao-laser-clinica-medica-do-porto.jpg 1280w, https:\/\/clinicamedicadoporto.pt\/staging\/wp-content\/uploads\/2017\/12\/depilacao-laser-clinica-medica-do-porto-300x169.jpg 300w, https:\/\/clinicamedicadoporto.pt\/staging\/wp-content\/uploads\/2017\/12\/depilacao-laser-clinica-medica-do-porto-768x432.jpg 768w, https:\/\/clinicamedicadoporto.pt\/staging\/wp-content\/uploads\/2017\/12\/depilacao-laser-clinica-medica-do-porto-1024x576.jpg 1024w, https:\/\/clinicamedicadoporto.pt\/staging\/wp-content\/uploads\/2017\/12\/depilacao-laser-clinica-medica-do-porto-727x409.jpg 727w, https:\/\/clinicamedicadoporto.pt\/staging\/wp-content\/uploads\/2017\/12\/depilacao-laser-clinica-medica-do-porto-1110x624.jpg 1110w, https:\/\/clinicamedicadoporto.pt\/staging\/wp-content\/uploads\/2017\/12\/depilacao-laser-clinica-medica-do-porto-720x406.jpg 720w, https:\/\/clinicamedicadoporto.pt\/staging\/wp-content\/uploads\/2017\/12\/depilacao-laser-clinica-medica-do-porto-750x422.jpg 750w\" sizes=\"auto, (max-width: 1280px) 100vw, 1280px\" \/><\/a>\r\n\t\t\t\t\t<\/div>\r\n\t\t\t\t\t<div class=\"overthumb\"><\/div>\r\n\t\t\t\t\t\r\n\t\t\t\t<\/div>\r\n\t\t\t\t<div class=\"item-content\">\r\n\t\t\t\t\t<h4><a href=\"https:\/\/clinicamedicadoporto.pt\/staging\/laser-diodo-melhor-opcao-depilacao-permanente\/\">Laser de diodo: a melhor op\u00e7\u00e3o para depila\u00e7\u00e3o permanente<\/a><\/h4>\r\n\t\t\t\t\t<div class=\"kwayy-meta-details\"><div class=\"kwayy-post-user\"><span class=\"author vcard\"><i class=\"kwicon-fa-user\"><\/i> <a class=\"url fn n\" href=\"https:\/\/clinicamedicadoporto.pt\/staging\/author\/m-reis-cmp\/\" title=\"View all posts by \" rel=\"author\"><\/a><\/span><\/div><span class=\"tags-links\"><i class=\"kwicon-fa-tags\"><\/i> <a href=\"https:\/\/clinicamedicadoporto.pt\/staging\/tag\/clinicamedicadoporto\/\" rel=\"tag\">#clinicamedicadoporto<\/a>, <a href=\"https:\/\/clinicamedicadoporto.pt\/staging\/tag\/porto\/\" rel=\"tag\">#porto<\/a>, <a href=\"https:\/\/clinicamedicadoporto.pt\/staging\/tag\/todasasterapias\/\" rel=\"tag\">#todasasterapias<\/a>, <a href=\"https:\/\/clinicamedicadoporto.pt\/staging\/tag\/clinica\/\" rel=\"tag\">clinica<\/a>, <a href=\"https:\/\/clinicamedicadoporto.pt\/staging\/tag\/clinica-medica-do-porto\/\" rel=\"tag\">Clinica M\u00e9dica do Porto<\/a>, <a href=\"https:\/\/clinicamedicadoporto.pt\/staging\/tag\/clinica-porto\/\" rel=\"tag\">Clinica Porto<\/a>, <a href=\"https:\/\/clinicamedicadoporto.pt\/staging\/tag\/consulta\/\" rel=\"tag\">Consulta<\/a>, <a href=\"https:\/\/clinicamedicadoporto.pt\/staging\/tag\/consulta-clinica-porto\/\" rel=\"tag\">Consulta Clinica Porto<\/a>, <a href=\"https:\/\/clinicamedicadoporto.pt\/staging\/tag\/consulta-medica\/\" rel=\"tag\">Consulta M\u00e9dica<\/a>, <a href=\"https:\/\/clinicamedicadoporto.pt\/staging\/tag\/depilacao\/\" rel=\"tag\">depila\u00e7\u00e3o<\/a>, <a href=\"https:\/\/clinicamedicadoporto.pt\/staging\/tag\/depilacao-a-laser\/\" rel=\"tag\">depila\u00e7\u00e3o a laser<\/a>, <a href=\"https:\/\/clinicamedicadoporto.pt\/staging\/tag\/depilacao-a-laser-no-porto\/\" rel=\"tag\">depila\u00e7\u00e3o a laser no porto<\/a>, <a href=\"https:\/\/clinicamedicadoporto.pt\/staging\/tag\/devo-fazer-depilacao-a-laser\/\" rel=\"tag\">Devo Fazer Depila\u00e7\u00e3o a Laser<\/a>, <a href=\"https:\/\/clinicamedicadoporto.pt\/staging\/tag\/laser-diodo\/\" rel=\"tag\">laser diodo<\/a>, <a href=\"https:\/\/clinicamedicadoporto.pt\/staging\/tag\/medicina-alternativa\/\" rel=\"tag\">medicina alternativa<\/a>, <a href=\"https:\/\/clinicamedicadoporto.pt\/staging\/tag\/qual-a-melhor-opcao-para-depilacao-a-laser\/\" rel=\"tag\">Qual a Melhor Op\u00e7\u00e3o para Depila\u00e7\u00e3o a Laser<\/a>, <a href=\"https:\/\/clinicamedicadoporto.pt\/staging\/tag\/qual-a-melhor-opcao-para-depulacaop\/\" rel=\"tag\">Qual a Melhor Op\u00e7\u00e3o para Depula\u00e7\u00e3op<\/a>, <a href=\"https:\/\/clinicamedicadoporto.pt\/staging\/tag\/quando-fazer-depilacao-a-laser\/\" rel=\"tag\">Quando Fazer Depila\u00e7\u00e3o a Laser<\/a>, <a href=\"https:\/\/clinicamedicadoporto.pt\/staging\/tag\/terapia\/\" rel=\"tag\">Terapia<\/a>, <a href=\"https:\/\/clinicamedicadoporto.pt\/staging\/tag\/terapias\/\" rel=\"tag\">Terapias<\/a>, <a href=\"https:\/\/clinicamedicadoporto.pt\/staging\/tag\/terapias-nao-convencionais\/\" rel=\"tag\">terapias n\u00e3o convencionais<\/a>, <a href=\"https:\/\/clinicamedicadoporto.pt\/staging\/tag\/todas-as-terapias\/\" rel=\"tag\">Todas as Terapias<\/a>, <a href=\"https:\/\/clinicamedicadoporto.pt\/staging\/tag\/tratamento-de-remocao-de-pelos\/\" rel=\"tag\">tratamento de remo\u00e7\u00e3o de pelos<\/a><\/span><span class=\"categories-links\"><i class=\"kwicon-fa-folder-open\"><\/i> <a href=\"https:\/\/clinicamedicadoporto.pt\/staging\/category\/estetica-clinica\/\" rel=\"category tag\">Est\u00e9tica Cl\u00ednica<\/a>, <a href=\"https:\/\/clinicamedicadoporto.pt\/staging\/category\/conselhos-uteis\/\" rel=\"category tag\">Conselhos \u00dateis<\/a>, <a href=\"https:\/\/clinicamedicadoporto.pt\/staging\/category\/cuidados-de-saude\/\" rel=\"category tag\">Cuidados de Sa\u00fade<\/a><\/span><\/div>\r\n\t\t\t\t\t<div class=\"kwayy-blogbox-desc\">[vc_row][vc_co...<div class=\"kwayy-post-readmore\"><a href=\"https:\/\/clinicamedicadoporto.pt\/staging\/laser-diodo-melhor-opcao-depilacao-permanente\/\">Read More<i class=\"kwicon-fa-angle-right\"><\/i><\/a><\/div><\/div>\r\n\t\t\t\t<\/div>\r\n\t\t\t<\/div>\r\n\t\t<\/article>\r\n\t\r\n\t\t<article class=\"post-box blog-slider-box-width kwayy-blogbox-format-standard conselhos-uteis cuidados-de-saude estetica-clinica reflecoes\">\r\n\t\t\t<div class=\"post-item\">\r\n\t\t\t\t<div class=\"post-item-thumbnail\">\r\n\t\t\t\t\t<div class=\"post-item-thumbnail-inner\">\r\n\t\t\t\t\t\t<div class=\"kwayy-postbox-small-date\"><div class=\"kwayy-post-box-date-wrapper\"><div class=\"kwayy-entry-date-wrapper\">\r\n\t\t\t\t\t\t\t\t<span class=\"kwayy-entry-date\">\r\n\t\t\t\t\t\t\t\t\t<time class=\"entry-date\" datetime=\"\" >\r\n\t\t\t\t\t\t\t\t\t\t<span class=\"entry-date\"><\/span> \r\n\t\t\t\t\t\t\t\t\t\t<span class=\"entry-month\"><\/span> \r\n\t\t\t\t\t\t\t\t\t\t<span class=\"entry-year\"><\/span> \r\n\t\t\t\t\t\t\t\t\t<\/time>\r\n\t\t\t\t\t\t\t\t<\/span>\r\n\t\t\t\t\t\t\t<\/div><\/div><\/div>\r\n\t\t\t\t\t\t<a class=\"tm-blog-link\" href=\"https:\/\/clinicamedicadoporto.pt\/staging\/8-cuidados-pele-essenciais-no-inverno\/\"><img loading=\"lazy\" decoding=\"async\" width=\"1110\" height=\"624\" src=\"https:\/\/clinicamedicadoporto.pt\/staging\/wp-content\/uploads\/2017\/11\/8-conselhos-pele-seca-inverno-clinica-medica-do-porto.jpg\" class=\"attachment-portfolio-fix-column size-portfolio-fix-column wp-post-image\" alt=\"8-conselhos-pele-seca-inverno-clinica-medica-do-porto\" srcset=\"https:\/\/clinicamedicadoporto.pt\/staging\/wp-content\/uploads\/2017\/11\/8-conselhos-pele-seca-inverno-clinica-medica-do-porto.jpg 1110w, https:\/\/clinicamedicadoporto.pt\/staging\/wp-content\/uploads\/2017\/11\/8-conselhos-pele-seca-inverno-clinica-medica-do-porto-300x169.jpg 300w, https:\/\/clinicamedicadoporto.pt\/staging\/wp-content\/uploads\/2017\/11\/8-conselhos-pele-seca-inverno-clinica-medica-do-porto-768x432.jpg 768w, https:\/\/clinicamedicadoporto.pt\/staging\/wp-content\/uploads\/2017\/11\/8-conselhos-pele-seca-inverno-clinica-medica-do-porto-1024x576.jpg 1024w, https:\/\/clinicamedicadoporto.pt\/staging\/wp-content\/uploads\/2017\/11\/8-conselhos-pele-seca-inverno-clinica-medica-do-porto-727x409.jpg 727w, https:\/\/clinicamedicadoporto.pt\/staging\/wp-content\/uploads\/2017\/11\/8-conselhos-pele-seca-inverno-clinica-medica-do-porto-720x406.jpg 720w, https:\/\/clinicamedicadoporto.pt\/staging\/wp-content\/uploads\/2017\/11\/8-conselhos-pele-seca-inverno-clinica-medica-do-porto-750x422.jpg 750w\" sizes=\"auto, (max-width: 1110px) 100vw, 1110px\" \/><\/a>\r\n\t\t\t\t\t<\/div>\r\n\t\t\t\t\t<div class=\"overthumb\"><\/div>\r\n\t\t\t\t\t\r\n\t\t\t\t<\/div>\r\n\t\t\t\t<div class=\"item-content\">\r\n\t\t\t\t\t<h4><a href=\"https:\/\/clinicamedicadoporto.pt\/staging\/8-cuidados-pele-essenciais-no-inverno\/\">8 Cuidados de Pele Essenciais no Inverno<\/a><\/h4>\r\n\t\t\t\t\t<div class=\"kwayy-meta-details\"><div class=\"kwayy-post-user\"><span class=\"author vcard\"><i class=\"kwicon-fa-user\"><\/i> <a class=\"url fn n\" href=\"https:\/\/clinicamedicadoporto.pt\/staging\/author\/m-reis-cmp\/\" title=\"View all posts by \" rel=\"author\"><\/a><\/span><\/div><span class=\"tags-links\"><i class=\"kwicon-fa-tags\"><\/i> <a href=\"https:\/\/clinicamedicadoporto.pt\/staging\/tag\/clinicamedicadoporto\/\" rel=\"tag\">#clinicamedicadoporto<\/a>, <a href=\"https:\/\/clinicamedicadoporto.pt\/staging\/tag\/porto\/\" rel=\"tag\">#porto<\/a>, <a href=\"https:\/\/clinicamedicadoporto.pt\/staging\/tag\/todasasterapias\/\" rel=\"tag\">#todasasterapias<\/a>, <a href=\"https:\/\/clinicamedicadoporto.pt\/staging\/tag\/agressao-pelo-frio\/\" rel=\"tag\">agress\u00e3o pelo frio<\/a>, <a href=\"https:\/\/clinicamedicadoporto.pt\/staging\/tag\/clinica\/\" rel=\"tag\">clinica<\/a>, <a href=\"https:\/\/clinicamedicadoporto.pt\/staging\/tag\/clinica-medica-do-porto\/\" rel=\"tag\">Clinica M\u00e9dica do Porto<\/a>, <a href=\"https:\/\/clinicamedicadoporto.pt\/staging\/tag\/clinica-porto\/\" rel=\"tag\">Clinica Porto<\/a>, <a href=\"https:\/\/clinicamedicadoporto.pt\/staging\/tag\/consulta\/\" rel=\"tag\">Consulta<\/a>, <a href=\"https:\/\/clinicamedicadoporto.pt\/staging\/tag\/consulta-clinica-porto\/\" rel=\"tag\">Consulta Clinica Porto<\/a>, <a href=\"https:\/\/clinicamedicadoporto.pt\/staging\/tag\/consulta-medica\/\" rel=\"tag\">Consulta M\u00e9dica<\/a>, <a href=\"https:\/\/clinicamedicadoporto.pt\/staging\/tag\/cuidados-de-hidratacao\/\" rel=\"tag\">Cuidados de Hidrata\u00e7\u00e3o<\/a>, <a href=\"https:\/\/clinicamedicadoporto.pt\/staging\/tag\/desidratacao-cutanea\/\" rel=\"tag\">desidrata\u00e7\u00e3o cut\u00e2nea<\/a>, <a href=\"https:\/\/clinicamedicadoporto.pt\/staging\/tag\/esfoliacao-cutanea\/\" rel=\"tag\">Esfolia\u00e7\u00e3o Cut\u00e2nea<\/a>, <a href=\"https:\/\/clinicamedicadoporto.pt\/staging\/tag\/hidratacao\/\" rel=\"tag\">Hidrata\u00e7\u00e3o<\/a>, <a href=\"https:\/\/clinicamedicadoporto.pt\/staging\/tag\/hidratacao-da-pele\/\" rel=\"tag\">Hidrata\u00e7\u00e3o da Pele<\/a>, <a href=\"https:\/\/clinicamedicadoporto.pt\/staging\/tag\/limpeza-de-pele\/\" rel=\"tag\">Limpeza de Pele<\/a>, <a href=\"https:\/\/clinicamedicadoporto.pt\/staging\/tag\/mascara-hidratante\/\" rel=\"tag\">M\u00e1scara Hidratante<\/a>, <a href=\"https:\/\/clinicamedicadoporto.pt\/staging\/tag\/medicina-alternativa\/\" rel=\"tag\">medicina alternativa<\/a>, <a href=\"https:\/\/clinicamedicadoporto.pt\/staging\/tag\/pele-seca\/\" rel=\"tag\">pele seca<\/a>, <a href=\"https:\/\/clinicamedicadoporto.pt\/staging\/tag\/prurido\/\" rel=\"tag\">prurido<\/a>, <a href=\"https:\/\/clinicamedicadoporto.pt\/staging\/tag\/saude-da-pele\/\" rel=\"tag\">sa\u00fade da pele<\/a>, <a href=\"https:\/\/clinicamedicadoporto.pt\/staging\/tag\/terapia\/\" rel=\"tag\">Terapia<\/a>, <a href=\"https:\/\/clinicamedicadoporto.pt\/staging\/tag\/terapias\/\" rel=\"tag\">Terapias<\/a>, <a href=\"https:\/\/clinicamedicadoporto.pt\/staging\/tag\/terapias-nao-convencionais\/\" rel=\"tag\">terapias n\u00e3o convencionais<\/a>, <a href=\"https:\/\/clinicamedicadoporto.pt\/staging\/tag\/todas-as-terapias\/\" rel=\"tag\">Todas as Terapias<\/a>, <a href=\"https:\/\/clinicamedicadoporto.pt\/staging\/tag\/vermelhidao\/\" rel=\"tag\">vermelhid\u00e3o<\/a><\/span><span class=\"categories-links\"><i class=\"kwicon-fa-folder-open\"><\/i> <a href=\"https:\/\/clinicamedicadoporto.pt\/staging\/category\/conselhos-uteis\/\" rel=\"category tag\">Conselhos \u00dateis<\/a>, <a href=\"https:\/\/clinicamedicadoporto.pt\/staging\/category\/cuidados-de-saude\/\" rel=\"category tag\">Cuidados de Sa\u00fade<\/a>, <a href=\"https:\/\/clinicamedicadoporto.pt\/staging\/category\/estetica-clinica\/\" rel=\"category tag\">Est\u00e9tica Cl\u00ednica<\/a>, <a href=\"https:\/\/clinicamedicadoporto.pt\/staging\/category\/reflecoes\/\" rel=\"category tag\">Reflex\u00f5es<\/a><\/span><\/div>\r\n\t\t\t\t\t<div class=\"kwayy-blogbox-desc\">[vc_row][vc_co...<div class=\"kwayy-post-readmore\"><a href=\"https:\/\/clinicamedicadoporto.pt\/staging\/8-cuidados-pele-essenciais-no-inverno\/\">Read More<i class=\"kwicon-fa-angle-right\"><\/i><\/a><\/div><\/div>\r\n\t\t\t\t<\/div>\r\n\t\t\t<\/div>\r\n\t\t<\/article>\r\n\t\r\n\t\t<article class=\"post-box blog-slider-box-width kwayy-blogbox-format-standard conselhos-uteis cuidados-de-saude medicina-integrativa medicina-tradicional-chinesa terapias-nao-convencionais\">\r\n\t\t\t<div class=\"post-item\">\r\n\t\t\t\t<div class=\"post-item-thumbnail\">\r\n\t\t\t\t\t<div class=\"post-item-thumbnail-inner\">\r\n\t\t\t\t\t\t<div class=\"kwayy-postbox-small-date\"><div class=\"kwayy-post-box-date-wrapper\"><div class=\"kwayy-entry-date-wrapper\">\r\n\t\t\t\t\t\t\t\t<span class=\"kwayy-entry-date\">\r\n\t\t\t\t\t\t\t\t\t<time class=\"entry-date\" datetime=\"\" >\r\n\t\t\t\t\t\t\t\t\t\t<span class=\"entry-date\"><\/span> \r\n\t\t\t\t\t\t\t\t\t\t<span class=\"entry-month\"><\/span> \r\n\t\t\t\t\t\t\t\t\t\t<span class=\"entry-year\"><\/span> \r\n\t\t\t\t\t\t\t\t\t<\/time>\r\n\t\t\t\t\t\t\t\t<\/span>\r\n\t\t\t\t\t\t\t<\/div><\/div><\/div>\r\n\t\t\t\t\t\t<a class=\"tm-blog-link\" href=\"https:\/\/clinicamedicadoporto.pt\/staging\/cupping-terapia-ventosas-acupuntura-medicina-tradicional-chinesa\/\"><img loading=\"lazy\" decoding=\"async\" width=\"1110\" height=\"624\" src=\"https:\/\/clinicamedicadoporto.pt\/staging\/wp-content\/uploads\/2017\/11\/cupping-ventosas-ventosaterapia-clinica-medica-do-porto-1.jpg\" class=\"attachment-portfolio-fix-column size-portfolio-fix-column wp-post-image\" alt=\"cupping-ventosas-ventosaterapia-clinica-medica-do-porto-1\" srcset=\"https:\/\/clinicamedicadoporto.pt\/staging\/wp-content\/uploads\/2017\/11\/cupping-ventosas-ventosaterapia-clinica-medica-do-porto-1.jpg 1110w, https:\/\/clinicamedicadoporto.pt\/staging\/wp-content\/uploads\/2017\/11\/cupping-ventosas-ventosaterapia-clinica-medica-do-porto-1-300x169.jpg 300w, https:\/\/clinicamedicadoporto.pt\/staging\/wp-content\/uploads\/2017\/11\/cupping-ventosas-ventosaterapia-clinica-medica-do-porto-1-768x432.jpg 768w, https:\/\/clinicamedicadoporto.pt\/staging\/wp-content\/uploads\/2017\/11\/cupping-ventosas-ventosaterapia-clinica-medica-do-porto-1-1024x576.jpg 1024w, https:\/\/clinicamedicadoporto.pt\/staging\/wp-content\/uploads\/2017\/11\/cupping-ventosas-ventosaterapia-clinica-medica-do-porto-1-727x409.jpg 727w, https:\/\/clinicamedicadoporto.pt\/staging\/wp-content\/uploads\/2017\/11\/cupping-ventosas-ventosaterapia-clinica-medica-do-porto-1-720x406.jpg 720w, https:\/\/clinicamedicadoporto.pt\/staging\/wp-content\/uploads\/2017\/11\/cupping-ventosas-ventosaterapia-clinica-medica-do-porto-1-750x422.jpg 750w\" sizes=\"auto, (max-width: 1110px) 100vw, 1110px\" \/><\/a>\r\n\t\t\t\t\t<\/div>\r\n\t\t\t\t\t<div class=\"overthumb\"><\/div>\r\n\t\t\t\t\t\r\n\t\t\t\t<\/div>\r\n\t\t\t\t<div class=\"item-content\">\r\n\t\t\t\t\t<h4><a href=\"https:\/\/clinicamedicadoporto.pt\/staging\/cupping-terapia-ventosas-acupuntura-medicina-tradicional-chinesa\/\">Cupping (ou Terapia com Ventosas), Acupuntura e Medicina Tradicional Chinesa<\/a><\/h4>\r\n\t\t\t\t\t<div class=\"kwayy-meta-details\"><div class=\"kwayy-post-user\"><span class=\"author vcard\"><i class=\"kwicon-fa-user\"><\/i> <a class=\"url fn n\" href=\"https:\/\/clinicamedicadoporto.pt\/staging\/author\/m-reis-cmp\/\" title=\"View all posts by \" rel=\"author\"><\/a><\/span><\/div><span class=\"tags-links\"><i class=\"kwicon-fa-tags\"><\/i> <a href=\"https:\/\/clinicamedicadoporto.pt\/staging\/tag\/clinicamedicadoporto\/\" rel=\"tag\">#clinicamedicadoporto<\/a>, <a href=\"https:\/\/clinicamedicadoporto.pt\/staging\/tag\/porto\/\" rel=\"tag\">#porto<\/a>, <a href=\"https:\/\/clinicamedicadoporto.pt\/staging\/tag\/todasasterapias\/\" rel=\"tag\">#todasasterapias<\/a>, <a href=\"https:\/\/clinicamedicadoporto.pt\/staging\/tag\/acupuntura-porto\/\" rel=\"tag\">Acupuntura Porto<\/a>, <a href=\"https:\/\/clinicamedicadoporto.pt\/staging\/tag\/ciatalgias\/\" rel=\"tag\">ciatalgias<\/a>, <a href=\"https:\/\/clinicamedicadoporto.pt\/staging\/tag\/clinica\/\" rel=\"tag\">clinica<\/a>, <a href=\"https:\/\/clinicamedicadoporto.pt\/staging\/tag\/clinica-medica-do-porto\/\" rel=\"tag\">Clinica M\u00e9dica do Porto<\/a>, <a href=\"https:\/\/clinicamedicadoporto.pt\/staging\/tag\/clinica-porto\/\" rel=\"tag\">Clinica Porto<\/a>, <a href=\"https:\/\/clinicamedicadoporto.pt\/staging\/tag\/consulta\/\" rel=\"tag\">Consulta<\/a>, <a href=\"https:\/\/clinicamedicadoporto.pt\/staging\/tag\/consulta-clinica-porto\/\" rel=\"tag\">Consulta Clinica Porto<\/a>, <a href=\"https:\/\/clinicamedicadoporto.pt\/staging\/tag\/consulta-de-acupuntura\/\" rel=\"tag\">Consulta de Acupuntura<\/a>, <a href=\"https:\/\/clinicamedicadoporto.pt\/staging\/tag\/consulta-de-acupuntura-no-porto\/\" rel=\"tag\">Consulta de Acupuntura no Porto<\/a>, <a href=\"https:\/\/clinicamedicadoporto.pt\/staging\/tag\/consulta-de-cupping\/\" rel=\"tag\">Consulta de Cupping<\/a>, <a href=\"https:\/\/clinicamedicadoporto.pt\/staging\/tag\/consulta-de-medicina-chinesa\/\" rel=\"tag\">Consulta de Medicina Chinesa<\/a>, <a href=\"https:\/\/clinicamedicadoporto.pt\/staging\/tag\/consulta-de-ventosaterapia\/\" rel=\"tag\">Consulta de Ventosaterapia<\/a>, <a href=\"https:\/\/clinicamedicadoporto.pt\/staging\/tag\/consulta-medica\/\" rel=\"tag\">Consulta M\u00e9dica<\/a>, <a href=\"https:\/\/clinicamedicadoporto.pt\/staging\/tag\/contraturas-e-tensao-muscular\/\" rel=\"tag\">contraturas e tens\u00e3o muscular<\/a>, <a href=\"https:\/\/clinicamedicadoporto.pt\/staging\/tag\/cupping\/\" rel=\"tag\">cupping<\/a>, <a href=\"https:\/\/clinicamedicadoporto.pt\/staging\/tag\/dores-articulares\/\" rel=\"tag\">dores articulares<\/a>, <a href=\"https:\/\/clinicamedicadoporto.pt\/staging\/tag\/lombalgias\/\" rel=\"tag\">lombalgias<\/a>, <a href=\"https:\/\/clinicamedicadoporto.pt\/staging\/tag\/medicina-alternativa\/\" rel=\"tag\">medicina alternativa<\/a>, <a href=\"https:\/\/clinicamedicadoporto.pt\/staging\/tag\/sessao-de-cupping\/\" rel=\"tag\">Sess\u00e3o de Cupping<\/a>, <a href=\"https:\/\/clinicamedicadoporto.pt\/staging\/tag\/terapia\/\" rel=\"tag\">Terapia<\/a>, <a href=\"https:\/\/clinicamedicadoporto.pt\/staging\/tag\/terapia-com-ventosas\/\" rel=\"tag\">terapia com ventosas<\/a>, <a href=\"https:\/\/clinicamedicadoporto.pt\/staging\/tag\/terapias\/\" rel=\"tag\">Terapias<\/a>, <a href=\"https:\/\/clinicamedicadoporto.pt\/staging\/tag\/terapias-nao-convencionais\/\" rel=\"tag\">terapias n\u00e3o convencionais<\/a>, <a href=\"https:\/\/clinicamedicadoporto.pt\/staging\/tag\/todas-as-terapias\/\" rel=\"tag\">Todas as Terapias<\/a>, <a href=\"https:\/\/clinicamedicadoporto.pt\/staging\/tag\/tratamento-com-ventosas\/\" rel=\"tag\">tratamento com ventosas<\/a>, <a href=\"https:\/\/clinicamedicadoporto.pt\/staging\/tag\/tratamento-de-acupuntura\/\" rel=\"tag\">Tratamento de Acupuntura<\/a>, <a href=\"https:\/\/clinicamedicadoporto.pt\/staging\/tag\/tratamento-de-medicina-chinesa\/\" rel=\"tag\">Tratamento de Medicina Chinesa<\/a>, <a href=\"https:\/\/clinicamedicadoporto.pt\/staging\/tag\/ventosas\/\" rel=\"tag\">ventosas<\/a>, <a href=\"https:\/\/clinicamedicadoporto.pt\/staging\/tag\/ventosaterapia\/\" rel=\"tag\">ventosaterapia<\/a><\/span><span class=\"categories-links\"><i class=\"kwicon-fa-folder-open\"><\/i> <a href=\"https:\/\/clinicamedicadoporto.pt\/staging\/category\/terapias-nao-convencionais\/\" rel=\"category tag\">Terapias N\u00e3o Convencionais<\/a>, <a href=\"https:\/\/clinicamedicadoporto.pt\/staging\/category\/conselhos-uteis\/\" rel=\"category tag\">Conselhos \u00dateis<\/a>, <a href=\"https:\/\/clinicamedicadoporto.pt\/staging\/category\/cuidados-de-saude\/\" rel=\"category tag\">Cuidados de Sa\u00fade<\/a>, <a href=\"https:\/\/clinicamedicadoporto.pt\/staging\/category\/medicina-integrativa\/\" rel=\"category tag\">Medicina Integrativa<\/a>, <a href=\"https:\/\/clinicamedicadoporto.pt\/staging\/category\/terapias-nao-convencionais\/medicina-tradicional-chinesa\/\" rel=\"category tag\">Medicina Tradicional Chinesa<\/a><\/span><\/div>\r\n\t\t\t\t\t<div class=\"kwayy-blogbox-desc\">[vc_row][vc_co...<div class=\"kwayy-post-readmore\"><a href=\"https:\/\/clinicamedicadoporto.pt\/staging\/cupping-terapia-ventosas-acupuntura-medicina-tradicional-chinesa\/\">Read More<i class=\"kwicon-fa-angle-right\"><\/i><\/a><\/div><\/div>\r\n\t\t\t\t<\/div>\r\n\t\t\t<\/div>\r\n\t\t<\/article>\r\n\t\r\n\t\t<article class=\"post-box blog-slider-box-width kwayy-blogbox-format-standard conselhos-uteis cuidados-de-saude fitoterapia fitoterapia-chinesa medicina-integrativa medicina-tradicional-chinesa terapias-nao-convencionais\">\r\n\t\t\t<div class=\"post-item\">\r\n\t\t\t\t<div class=\"post-item-thumbnail\">\r\n\t\t\t\t\t<div class=\"post-item-thumbnail-inner\">\r\n\t\t\t\t\t\t<div class=\"kwayy-postbox-small-date\"><div class=\"kwayy-post-box-date-wrapper\"><div class=\"kwayy-entry-date-wrapper\">\r\n\t\t\t\t\t\t\t\t<span class=\"kwayy-entry-date\">\r\n\t\t\t\t\t\t\t\t\t<time class=\"entry-date\" datetime=\"\" >\r\n\t\t\t\t\t\t\t\t\t\t<span class=\"entry-date\"><\/span> \r\n\t\t\t\t\t\t\t\t\t\t<span class=\"entry-month\"><\/span> \r\n\t\t\t\t\t\t\t\t\t\t<span class=\"entry-year\"><\/span> \r\n\t\t\t\t\t\t\t\t\t<\/time>\r\n\t\t\t\t\t\t\t\t<\/span>\r\n\t\t\t\t\t\t\t<\/div><\/div><\/div>\r\n\t\t\t\t\t\t<a class=\"tm-blog-link\" href=\"https:\/\/clinicamedicadoporto.pt\/staging\/tratar-a-insonia-sem-recorrer-medicamentos\/\"><img loading=\"lazy\" decoding=\"async\" width=\"1110\" height=\"624\" src=\"https:\/\/clinicamedicadoporto.pt\/staging\/wp-content\/uploads\/2017\/10\/tratamento-natural-insonia-clinica-medica-do-porto.jpg\" class=\"attachment-portfolio-fix-column size-portfolio-fix-column wp-post-image\" alt=\"tratamento-natural-insonia-clinica-medica-do-porto\" srcset=\"https:\/\/clinicamedicadoporto.pt\/staging\/wp-content\/uploads\/2017\/10\/tratamento-natural-insonia-clinica-medica-do-porto.jpg 1110w, https:\/\/clinicamedicadoporto.pt\/staging\/wp-content\/uploads\/2017\/10\/tratamento-natural-insonia-clinica-medica-do-porto-300x169.jpg 300w, https:\/\/clinicamedicadoporto.pt\/staging\/wp-content\/uploads\/2017\/10\/tratamento-natural-insonia-clinica-medica-do-porto-768x432.jpg 768w, https:\/\/clinicamedicadoporto.pt\/staging\/wp-content\/uploads\/2017\/10\/tratamento-natural-insonia-clinica-medica-do-porto-1024x576.jpg 1024w, https:\/\/clinicamedicadoporto.pt\/staging\/wp-content\/uploads\/2017\/10\/tratamento-natural-insonia-clinica-medica-do-porto-727x409.jpg 727w, https:\/\/clinicamedicadoporto.pt\/staging\/wp-content\/uploads\/2017\/10\/tratamento-natural-insonia-clinica-medica-do-porto-720x406.jpg 720w, https:\/\/clinicamedicadoporto.pt\/staging\/wp-content\/uploads\/2017\/10\/tratamento-natural-insonia-clinica-medica-do-porto-750x422.jpg 750w\" sizes=\"auto, (max-width: 1110px) 100vw, 1110px\" \/><\/a>\r\n\t\t\t\t\t<\/div>\r\n\t\t\t\t\t<div class=\"overthumb\"><\/div>\r\n\t\t\t\t\t\r\n\t\t\t\t<\/div>\r\n\t\t\t\t<div class=\"item-content\">\r\n\t\t\t\t\t<h4><a href=\"https:\/\/clinicamedicadoporto.pt\/staging\/tratar-a-insonia-sem-recorrer-medicamentos\/\">Tratar a Ins\u00f3nia Sem Recorrer Medicamentos<\/a><\/h4>\r\n\t\t\t\t\t<div class=\"kwayy-meta-details\"><div class=\"kwayy-post-user\"><span class=\"author vcard\"><i class=\"kwicon-fa-user\"><\/i> <a class=\"url fn n\" href=\"https:\/\/clinicamedicadoporto.pt\/staging\/author\/m-reis-cmp\/\" title=\"View all posts by \" rel=\"author\"><\/a><\/span><\/div><span class=\"tags-links\"><i class=\"kwicon-fa-tags\"><\/i> <a href=\"https:\/\/clinicamedicadoporto.pt\/staging\/tag\/clinicamedicadoporto\/\" rel=\"tag\">#clinicamedicadoporto<\/a>, <a href=\"https:\/\/clinicamedicadoporto.pt\/staging\/tag\/porto\/\" rel=\"tag\">#porto<\/a>, <a href=\"https:\/\/clinicamedicadoporto.pt\/staging\/tag\/todasasterapias\/\" rel=\"tag\">#todasasterapias<\/a>, <a href=\"https:\/\/clinicamedicadoporto.pt\/staging\/tag\/ansiedade\/\" rel=\"tag\">ansiedade<\/a>, <a href=\"https:\/\/clinicamedicadoporto.pt\/staging\/tag\/camomila\/\" rel=\"tag\">camomila<\/a>, <a href=\"https:\/\/clinicamedicadoporto.pt\/staging\/tag\/cidreira\/\" rel=\"tag\">cidreira<\/a>, <a href=\"https:\/\/clinicamedicadoporto.pt\/staging\/tag\/clinica\/\" rel=\"tag\">clinica<\/a>, <a href=\"https:\/\/clinicamedicadoporto.pt\/staging\/tag\/clinica-medica-do-porto\/\" rel=\"tag\">Clinica M\u00e9dica do Porto<\/a>, <a href=\"https:\/\/clinicamedicadoporto.pt\/staging\/tag\/clinica-porto\/\" rel=\"tag\">Clinica Porto<\/a>, <a href=\"https:\/\/clinicamedicadoporto.pt\/staging\/tag\/consulta\/\" rel=\"tag\">Consulta<\/a>, <a href=\"https:\/\/clinicamedicadoporto.pt\/staging\/tag\/consulta-clinica-porto\/\" rel=\"tag\">Consulta Clinica Porto<\/a>, <a href=\"https:\/\/clinicamedicadoporto.pt\/staging\/tag\/consulta-medica\/\" rel=\"tag\">Consulta M\u00e9dica<\/a>, <a href=\"https:\/\/clinicamedicadoporto.pt\/staging\/tag\/descanso\/\" rel=\"tag\">descanso<\/a>, <a href=\"https:\/\/clinicamedicadoporto.pt\/staging\/tag\/dificuldade-em-adormecer\/\" rel=\"tag\">dificuldade em adormecer<\/a>, <a href=\"https:\/\/clinicamedicadoporto.pt\/staging\/tag\/dormir-bem\/\" rel=\"tag\">dormir bem<\/a>, <a href=\"https:\/\/clinicamedicadoporto.pt\/staging\/tag\/erva-cidreira\/\" rel=\"tag\">erva cidreira<\/a>, <a href=\"https:\/\/clinicamedicadoporto.pt\/staging\/tag\/erva-gateira\/\" rel=\"tag\">erva-gateira<\/a>, <a href=\"https:\/\/clinicamedicadoporto.pt\/staging\/tag\/falta-de-sono\/\" rel=\"tag\">Falta de Sono<\/a>, <a href=\"https:\/\/clinicamedicadoporto.pt\/staging\/tag\/fitoterapia-para-insonia\/\" rel=\"tag\">fitoterapia para insonia<\/a>, <a href=\"https:\/\/clinicamedicadoporto.pt\/staging\/tag\/insonia\/\" rel=\"tag\">ins\u00f3nia<\/a>, <a href=\"https:\/\/clinicamedicadoporto.pt\/staging\/tag\/lavanda\/\" rel=\"tag\">lavanda<\/a>, <a href=\"https:\/\/clinicamedicadoporto.pt\/staging\/tag\/medicina-alternativa\/\" rel=\"tag\">medicina alternativa<\/a>, <a href=\"https:\/\/clinicamedicadoporto.pt\/staging\/tag\/medicina-natural\/\" rel=\"tag\">Medicina Natural<\/a>, <a href=\"https:\/\/clinicamedicadoporto.pt\/staging\/tag\/papoila\/\" rel=\"tag\">papoila<\/a>, <a href=\"https:\/\/clinicamedicadoporto.pt\/staging\/tag\/passiflora\/\" rel=\"tag\">passiflora<\/a>, <a href=\"https:\/\/clinicamedicadoporto.pt\/staging\/tag\/plantas-para-dormir\/\" rel=\"tag\">plantas para dormir<\/a>, <a href=\"https:\/\/clinicamedicadoporto.pt\/staging\/tag\/plantas-para-dormir-melhor\/\" rel=\"tag\">Plantas para Dormir Melhor<\/a>, <a href=\"https:\/\/clinicamedicadoporto.pt\/staging\/tag\/sono\/\" rel=\"tag\">sono<\/a>, <a href=\"https:\/\/clinicamedicadoporto.pt\/staging\/tag\/terapia\/\" rel=\"tag\">Terapia<\/a>, <a href=\"https:\/\/clinicamedicadoporto.pt\/staging\/tag\/terapias\/\" rel=\"tag\">Terapias<\/a>, <a href=\"https:\/\/clinicamedicadoporto.pt\/staging\/tag\/terapias-nao-convencionais\/\" rel=\"tag\">terapias n\u00e3o convencionais<\/a>, <a href=\"https:\/\/clinicamedicadoporto.pt\/staging\/tag\/todas-as-terapias\/\" rel=\"tag\">Todas as Terapias<\/a>, <a href=\"https:\/\/clinicamedicadoporto.pt\/staging\/tag\/tratamento-naturais-para-a-insonia\/\" rel=\"tag\">Tratamento Naturais para a Ins\u00f3nia<\/a>, <a href=\"https:\/\/clinicamedicadoporto.pt\/staging\/tag\/tratar-a-insonia\/\" rel=\"tag\">Tratar a Ins\u00f3nia<\/a>, <a href=\"https:\/\/clinicamedicadoporto.pt\/staging\/tag\/tratar-problemas-de-sono-sem-medicamentos\/\" rel=\"tag\">Tratar Problemas de Sono sem Medicamentos<\/a>, <a href=\"https:\/\/clinicamedicadoporto.pt\/staging\/tag\/valeriana\/\" rel=\"tag\">valeriana<\/a><\/span><span class=\"categories-links\"><i class=\"kwicon-fa-folder-open\"><\/i> <a href=\"https:\/\/clinicamedicadoporto.pt\/staging\/category\/conselhos-uteis\/\" rel=\"category tag\">Conselhos \u00dateis<\/a>, <a href=\"https:\/\/clinicamedicadoporto.pt\/staging\/category\/cuidados-de-saude\/\" rel=\"category tag\">Cuidados de Sa\u00fade<\/a>, <a href=\"https:\/\/clinicamedicadoporto.pt\/staging\/category\/terapias-nao-convencionais\/fitoterapia\/\" rel=\"category tag\">Fitoterapia<\/a>, <a href=\"https:\/\/clinicamedicadoporto.pt\/staging\/category\/terapias-nao-convencionais\/medicina-tradicional-chinesa\/fitoterapia-chinesa\/\" rel=\"category tag\">Fitoterapia Chinesa<\/a>, <a href=\"https:\/\/clinicamedicadoporto.pt\/staging\/category\/medicina-integrativa\/\" rel=\"category tag\">Medicina Integrativa<\/a>, <a href=\"https:\/\/clinicamedicadoporto.pt\/staging\/category\/terapias-nao-convencionais\/medicina-tradicional-chinesa\/\" rel=\"category tag\">Medicina Tradicional Chinesa<\/a>, <a href=\"https:\/\/clinicamedicadoporto.pt\/staging\/category\/terapias-nao-convencionais\/\" rel=\"category tag\">Terapias N\u00e3o Convencionais<\/a><\/span><\/div>\r\n\t\t\t\t\t<div class=\"kwayy-blogbox-desc\">[vc_row][vc_co...<div class=\"kwayy-post-readmore\"><a href=\"https:\/\/clinicamedicadoporto.pt\/staging\/tratar-a-insonia-sem-recorrer-medicamentos\/\">Read More<i class=\"kwicon-fa-angle-right\"><\/i><\/a><\/div><\/div>\r\n\t\t\t\t<\/div>\r\n\t\t\t<\/div>\r\n\t\t<\/article>\r\n\t\r\n\t\t<article class=\"post-box blog-slider-box-width kwayy-blogbox-format-standard conselhos-uteis cuidados-de-saude medicina-integrativa reflecoes\">\r\n\t\t\t<div class=\"post-item\">\r\n\t\t\t\t<div class=\"post-item-thumbnail\">\r\n\t\t\t\t\t<div class=\"post-item-thumbnail-inner\">\r\n\t\t\t\t\t\t<div class=\"kwayy-postbox-small-date\"><div class=\"kwayy-post-box-date-wrapper\"><div class=\"kwayy-entry-date-wrapper\">\r\n\t\t\t\t\t\t\t\t<span class=\"kwayy-entry-date\">\r\n\t\t\t\t\t\t\t\t\t<time class=\"entry-date\" datetime=\"\" >\r\n\t\t\t\t\t\t\t\t\t\t<span class=\"entry-date\"><\/span> \r\n\t\t\t\t\t\t\t\t\t\t<span class=\"entry-month\"><\/span> \r\n\t\t\t\t\t\t\t\t\t\t<span class=\"entry-year\"><\/span> \r\n\t\t\t\t\t\t\t\t\t<\/time>\r\n\t\t\t\t\t\t\t\t<\/span>\r\n\t\t\t\t\t\t\t<\/div><\/div><\/div>\r\n\t\t\t\t\t\t<a class=\"tm-blog-link\" href=\"https:\/\/clinicamedicadoporto.pt\/staging\/arrefecimento-aumento-do-esforco-cardiaco\/\"><img loading=\"lazy\" decoding=\"async\" width=\"1280\" height=\"720\" src=\"https:\/\/clinicamedicadoporto.pt\/staging\/wp-content\/uploads\/2017\/09\/enfarte-miocardio-clinica-medica-do-porto.jpg\" class=\"attachment-portfolio-fix-column size-portfolio-fix-column wp-post-image\" alt=\"Enfarte do Mioc\u00e1rdio - Cl\u00ednica M\u00e9dica do Porto\" srcset=\"https:\/\/clinicamedicadoporto.pt\/staging\/wp-content\/uploads\/2017\/09\/enfarte-miocardio-clinica-medica-do-porto.jpg 1280w, https:\/\/clinicamedicadoporto.pt\/staging\/wp-content\/uploads\/2017\/09\/enfarte-miocardio-clinica-medica-do-porto-300x169.jpg 300w, https:\/\/clinicamedicadoporto.pt\/staging\/wp-content\/uploads\/2017\/09\/enfarte-miocardio-clinica-medica-do-porto-768x432.jpg 768w, https:\/\/clinicamedicadoporto.pt\/staging\/wp-content\/uploads\/2017\/09\/enfarte-miocardio-clinica-medica-do-porto-1024x576.jpg 1024w, https:\/\/clinicamedicadoporto.pt\/staging\/wp-content\/uploads\/2017\/09\/enfarte-miocardio-clinica-medica-do-porto-727x409.jpg 727w, https:\/\/clinicamedicadoporto.pt\/staging\/wp-content\/uploads\/2017\/09\/enfarte-miocardio-clinica-medica-do-porto-1110x624.jpg 1110w, https:\/\/clinicamedicadoporto.pt\/staging\/wp-content\/uploads\/2017\/09\/enfarte-miocardio-clinica-medica-do-porto-720x406.jpg 720w, https:\/\/clinicamedicadoporto.pt\/staging\/wp-content\/uploads\/2017\/09\/enfarte-miocardio-clinica-medica-do-porto-750x422.jpg 750w\" sizes=\"auto, (max-width: 1280px) 100vw, 1280px\" \/><\/a>\r\n\t\t\t\t\t<\/div>\r\n\t\t\t\t\t<div class=\"overthumb\"><\/div>\r\n\t\t\t\t\t\r\n\t\t\t\t<\/div>\r\n\t\t\t\t<div class=\"item-content\">\r\n\t\t\t\t\t<h4><a href=\"https:\/\/clinicamedicadoporto.pt\/staging\/arrefecimento-aumento-do-esforco-cardiaco\/\">O Arrefecimento e o Aumento do Esfor\u00e7o Card\u00edaco<\/a><\/h4>\r\n\t\t\t\t\t<div class=\"kwayy-meta-details\"><div class=\"kwayy-post-user\"><span class=\"author vcard\"><i class=\"kwicon-fa-user\"><\/i> <a class=\"url fn n\" href=\"https:\/\/clinicamedicadoporto.pt\/staging\/author\/m-reis-cmp\/\" title=\"View all posts by \" rel=\"author\"><\/a><\/span><\/div><span class=\"tags-links\"><i class=\"kwicon-fa-tags\"><\/i> <a href=\"https:\/\/clinicamedicadoporto.pt\/staging\/tag\/clinicamedicadoporto\/\" rel=\"tag\">#clinicamedicadoporto<\/a>, <a href=\"https:\/\/clinicamedicadoporto.pt\/staging\/tag\/porto\/\" rel=\"tag\">#porto<\/a>, <a href=\"https:\/\/clinicamedicadoporto.pt\/staging\/tag\/todasasterapias\/\" rel=\"tag\">#todasasterapias<\/a>, <a href=\"https:\/\/clinicamedicadoporto.pt\/staging\/tag\/acidente-cardiaco\/\" rel=\"tag\">acidente card\u00edaco<\/a>, <a href=\"https:\/\/clinicamedicadoporto.pt\/staging\/tag\/acidente-vascular\/\" rel=\"tag\">acidente vascular<\/a>, <a href=\"https:\/\/clinicamedicadoporto.pt\/staging\/tag\/clinica\/\" rel=\"tag\">clinica<\/a>, <a href=\"https:\/\/clinicamedicadoporto.pt\/staging\/tag\/clinica-medica-do-porto\/\" rel=\"tag\">Clinica M\u00e9dica do Porto<\/a>, <a href=\"https:\/\/clinicamedicadoporto.pt\/staging\/tag\/clinica-porto\/\" rel=\"tag\">Clinica Porto<\/a>, <a href=\"https:\/\/clinicamedicadoporto.pt\/staging\/tag\/consulta\/\" rel=\"tag\">Consulta<\/a>, <a href=\"https:\/\/clinicamedicadoporto.pt\/staging\/tag\/consulta-clinica-porto\/\" rel=\"tag\">Consulta Clinica Porto<\/a>, <a href=\"https:\/\/clinicamedicadoporto.pt\/staging\/tag\/consulta-medica\/\" rel=\"tag\">Consulta M\u00e9dica<\/a>, <a href=\"https:\/\/clinicamedicadoporto.pt\/staging\/tag\/coracao\/\" rel=\"tag\">cora\u00e7\u00e3o<\/a>, <a href=\"https:\/\/clinicamedicadoporto.pt\/staging\/tag\/enfarte\/\" rel=\"tag\">enfarte<\/a>, <a href=\"https:\/\/clinicamedicadoporto.pt\/staging\/tag\/medicina-alternativa\/\" rel=\"tag\">medicina alternativa<\/a>, <a href=\"https:\/\/clinicamedicadoporto.pt\/staging\/tag\/miocardio\/\" rel=\"tag\">mioc\u00e1rdio<\/a>, <a href=\"https:\/\/clinicamedicadoporto.pt\/staging\/tag\/problema-cardiaco\/\" rel=\"tag\">problema card\u00edaco<\/a>, <a href=\"https:\/\/clinicamedicadoporto.pt\/staging\/tag\/terapia\/\" rel=\"tag\">Terapia<\/a>, <a href=\"https:\/\/clinicamedicadoporto.pt\/staging\/tag\/terapias\/\" rel=\"tag\">Terapias<\/a>, <a href=\"https:\/\/clinicamedicadoporto.pt\/staging\/tag\/terapias-nao-convencionais\/\" rel=\"tag\">terapias n\u00e3o convencionais<\/a>, <a href=\"https:\/\/clinicamedicadoporto.pt\/staging\/tag\/todas-as-terapias\/\" rel=\"tag\">Todas as Terapias<\/a><\/span><span class=\"categories-links\"><i class=\"kwicon-fa-folder-open\"><\/i> <a href=\"https:\/\/clinicamedicadoporto.pt\/staging\/category\/conselhos-uteis\/\" rel=\"category tag\">Conselhos \u00dateis<\/a>, <a href=\"https:\/\/clinicamedicadoporto.pt\/staging\/category\/cuidados-de-saude\/\" rel=\"category tag\">Cuidados de Sa\u00fade<\/a>, <a href=\"https:\/\/clinicamedicadoporto.pt\/staging\/category\/medicina-integrativa\/\" rel=\"category tag\">Medicina Integrativa<\/a>, <a href=\"https:\/\/clinicamedicadoporto.pt\/staging\/category\/reflecoes\/\" rel=\"category tag\">Reflex\u00f5es<\/a><\/span><\/div>\r\n\t\t\t\t\t<div class=\"kwayy-blogbox-desc\">[vc_row][vc_co...<div class=\"kwayy-post-readmore\"><a href=\"https:\/\/clinicamedicadoporto.pt\/staging\/arrefecimento-aumento-do-esforco-cardiaco\/\">Read More<i class=\"kwicon-fa-angle-right\"><\/i><\/a><\/div><\/div>\r\n\t\t\t\t<\/div>\r\n\t\t\t<\/div>\r\n\t\t<\/article>\r\n\t\r\n\t\t<article class=\"post-box blog-slider-box-width kwayy-blogbox-format-standard conselhos-uteis medicina-integrativa reflecoes\">\r\n\t\t\t<div class=\"post-item\">\r\n\t\t\t\t<div class=\"post-item-thumbnail\">\r\n\t\t\t\t\t<div class=\"post-item-thumbnail-inner\">\r\n\t\t\t\t\t\t<div class=\"kwayy-postbox-small-date\"><div class=\"kwayy-post-box-date-wrapper\"><div class=\"kwayy-entry-date-wrapper\">\r\n\t\t\t\t\t\t\t\t<span class=\"kwayy-entry-date\">\r\n\t\t\t\t\t\t\t\t\t<time class=\"entry-date\" datetime=\"\" >\r\n\t\t\t\t\t\t\t\t\t\t<span class=\"entry-date\"><\/span> \r\n\t\t\t\t\t\t\t\t\t\t<span class=\"entry-month\"><\/span> \r\n\t\t\t\t\t\t\t\t\t\t<span class=\"entry-year\"><\/span> \r\n\t\t\t\t\t\t\t\t\t<\/time>\r\n\t\t\t\t\t\t\t\t<\/span>\r\n\t\t\t\t\t\t\t<\/div><\/div><\/div>\r\n\t\t\t\t\t\t<a class=\"tm-blog-link\" href=\"https:\/\/clinicamedicadoporto.pt\/staging\/os-cuidadores-pacientes\/\"><img loading=\"lazy\" decoding=\"async\" width=\"1110\" height=\"624\" src=\"https:\/\/clinicamedicadoporto.pt\/staging\/wp-content\/uploads\/2017\/08\/a-importancia-dos-cuidadores-clinica-medica-do-porto.jpg\" class=\"attachment-portfolio-fix-column size-portfolio-fix-column wp-post-image\" alt=\"a-importancia-dos-cuidadores-clinica-medica-do-porto\" srcset=\"https:\/\/clinicamedicadoporto.pt\/staging\/wp-content\/uploads\/2017\/08\/a-importancia-dos-cuidadores-clinica-medica-do-porto.jpg 1110w, https:\/\/clinicamedicadoporto.pt\/staging\/wp-content\/uploads\/2017\/08\/a-importancia-dos-cuidadores-clinica-medica-do-porto-300x169.jpg 300w, https:\/\/clinicamedicadoporto.pt\/staging\/wp-content\/uploads\/2017\/08\/a-importancia-dos-cuidadores-clinica-medica-do-porto-768x432.jpg 768w, https:\/\/clinicamedicadoporto.pt\/staging\/wp-content\/uploads\/2017\/08\/a-importancia-dos-cuidadores-clinica-medica-do-porto-1024x576.jpg 1024w, https:\/\/clinicamedicadoporto.pt\/staging\/wp-content\/uploads\/2017\/08\/a-importancia-dos-cuidadores-clinica-medica-do-porto-727x409.jpg 727w, https:\/\/clinicamedicadoporto.pt\/staging\/wp-content\/uploads\/2017\/08\/a-importancia-dos-cuidadores-clinica-medica-do-porto-720x406.jpg 720w, https:\/\/clinicamedicadoporto.pt\/staging\/wp-content\/uploads\/2017\/08\/a-importancia-dos-cuidadores-clinica-medica-do-porto-750x422.jpg 750w\" sizes=\"auto, (max-width: 1110px) 100vw, 1110px\" \/><\/a>\r\n\t\t\t\t\t<\/div>\r\n\t\t\t\t\t<div class=\"overthumb\"><\/div>\r\n\t\t\t\t\t\r\n\t\t\t\t<\/div>\r\n\t\t\t\t<div class=\"item-content\">\r\n\t\t\t\t\t<h4><a href=\"https:\/\/clinicamedicadoporto.pt\/staging\/os-cuidadores-pacientes\/\">Os Cuidadores de Pacientes<\/a><\/h4>\r\n\t\t\t\t\t<div class=\"kwayy-meta-details\"><div class=\"kwayy-post-user\"><span class=\"author vcard\"><i class=\"kwicon-fa-user\"><\/i> <a class=\"url fn n\" href=\"https:\/\/clinicamedicadoporto.pt\/staging\/author\/m-reis-cmp\/\" title=\"View all posts by \" rel=\"author\"><\/a><\/span><\/div><span class=\"tags-links\"><i class=\"kwicon-fa-tags\"><\/i> <a href=\"https:\/\/clinicamedicadoporto.pt\/staging\/tag\/clinicamedicadoporto\/\" rel=\"tag\">#clinicamedicadoporto<\/a>, <a href=\"https:\/\/clinicamedicadoporto.pt\/staging\/tag\/porto\/\" rel=\"tag\">#porto<\/a>, <a href=\"https:\/\/clinicamedicadoporto.pt\/staging\/tag\/todasasterapias\/\" rel=\"tag\">#todasasterapias<\/a>, <a href=\"https:\/\/clinicamedicadoporto.pt\/staging\/tag\/clinica\/\" rel=\"tag\">clinica<\/a>, <a href=\"https:\/\/clinicamedicadoporto.pt\/staging\/tag\/clinica-medica-do-porto\/\" rel=\"tag\">Clinica M\u00e9dica do Porto<\/a>, <a href=\"https:\/\/clinicamedicadoporto.pt\/staging\/tag\/clinica-porto\/\" rel=\"tag\">Clinica Porto<\/a>, <a href=\"https:\/\/clinicamedicadoporto.pt\/staging\/tag\/consulta\/\" rel=\"tag\">Consulta<\/a>, <a href=\"https:\/\/clinicamedicadoporto.pt\/staging\/tag\/consulta-clinica-porto\/\" rel=\"tag\">Consulta Clinica Porto<\/a>, <a href=\"https:\/\/clinicamedicadoporto.pt\/staging\/tag\/consulta-medica\/\" rel=\"tag\">Consulta M\u00e9dica<\/a>, <a href=\"https:\/\/clinicamedicadoporto.pt\/staging\/tag\/cuidadores\/\" rel=\"tag\">cuidadores<\/a>, <a href=\"https:\/\/clinicamedicadoporto.pt\/staging\/tag\/cuidados-de-saude\/\" rel=\"tag\">cuidados de sa\u00fade<\/a>, <a href=\"https:\/\/clinicamedicadoporto.pt\/staging\/tag\/cuidar\/\" rel=\"tag\">cuidar<\/a>, <a href=\"https:\/\/clinicamedicadoporto.pt\/staging\/tag\/custo-dos-cuidados-de-saude\/\" rel=\"tag\">custo dos cuidados de sa\u00fade<\/a>, <a href=\"https:\/\/clinicamedicadoporto.pt\/staging\/tag\/medicina-alternativa\/\" rel=\"tag\">medicina alternativa<\/a>, <a href=\"https:\/\/clinicamedicadoporto.pt\/staging\/tag\/saude-mental\/\" rel=\"tag\">Sa\u00fade Mental<\/a>, <a href=\"https:\/\/clinicamedicadoporto.pt\/staging\/tag\/terapia\/\" rel=\"tag\">Terapia<\/a>, <a href=\"https:\/\/clinicamedicadoporto.pt\/staging\/tag\/terapias\/\" rel=\"tag\">Terapias<\/a>, <a href=\"https:\/\/clinicamedicadoporto.pt\/staging\/tag\/terapias-nao-convencionais\/\" rel=\"tag\">terapias n\u00e3o convencionais<\/a>, <a href=\"https:\/\/clinicamedicadoporto.pt\/staging\/tag\/todas-as-terapias\/\" rel=\"tag\">Todas as Terapias<\/a><\/span><span class=\"categories-links\"><i class=\"kwicon-fa-folder-open\"><\/i> <a href=\"https:\/\/clinicamedicadoporto.pt\/staging\/category\/medicina-integrativa\/\" rel=\"category tag\">Medicina Integrativa<\/a>, <a href=\"https:\/\/clinicamedicadoporto.pt\/staging\/category\/conselhos-uteis\/\" rel=\"category tag\">Conselhos \u00dateis<\/a>, <a href=\"https:\/\/clinicamedicadoporto.pt\/staging\/category\/reflecoes\/\" rel=\"category tag\">Reflex\u00f5es<\/a><\/span><\/div>\r\n\t\t\t\t\t<div class=\"kwayy-blogbox-desc\">[vc_row][vc_co...<div class=\"kwayy-post-readmore\"><a href=\"https:\/\/clinicamedicadoporto.pt\/staging\/os-cuidadores-pacientes\/\">Read More<i class=\"kwicon-fa-angle-right\"><\/i><\/a><\/div><\/div>\r\n\t\t\t\t<\/div>\r\n\t\t\t<\/div>\r\n\t\t<\/article>\r\n\t\r\n\t\t<article class=\"post-box blog-slider-box-width kwayy-blogbox-format-standard conselhos-uteis cuidados-de-saude fitoterapia fitoterapia-chinesa medicina-integrativa medicina-tradicional-chinesa naturopatia terapias-nao-convencionais\">\r\n\t\t\t<div class=\"post-item\">\r\n\t\t\t\t<div class=\"post-item-thumbnail\">\r\n\t\t\t\t\t<div class=\"post-item-thumbnail-inner\">\r\n\t\t\t\t\t\t<div class=\"kwayy-postbox-small-date\"><div class=\"kwayy-post-box-date-wrapper\"><div class=\"kwayy-entry-date-wrapper\">\r\n\t\t\t\t\t\t\t\t<span class=\"kwayy-entry-date\">\r\n\t\t\t\t\t\t\t\t\t<time class=\"entry-date\" datetime=\"\" >\r\n\t\t\t\t\t\t\t\t\t\t<span class=\"entry-date\"><\/span> \r\n\t\t\t\t\t\t\t\t\t\t<span class=\"entry-month\"><\/span> \r\n\t\t\t\t\t\t\t\t\t\t<span class=\"entry-year\"><\/span> \r\n\t\t\t\t\t\t\t\t\t<\/time>\r\n\t\t\t\t\t\t\t\t<\/span>\r\n\t\t\t\t\t\t\t<\/div><\/div><\/div>\r\n\t\t\t\t\t\t<a class=\"tm-blog-link\" href=\"https:\/\/clinicamedicadoporto.pt\/staging\/antibioticos-antibioticos-naturais\/\"><img loading=\"lazy\" decoding=\"async\" width=\"1280\" height=\"720\" src=\"https:\/\/clinicamedicadoporto.pt\/staging\/wp-content\/uploads\/2017\/07\/antibioticos-naturais-clinica-medica-do-porto.jpg\" class=\"attachment-portfolio-fix-column size-portfolio-fix-column wp-post-image\" alt=\"antibioticos-naturais-clinica-medica-do-porto\" srcset=\"https:\/\/clinicamedicadoporto.pt\/staging\/wp-content\/uploads\/2017\/07\/antibioticos-naturais-clinica-medica-do-porto.jpg 1280w, https:\/\/clinicamedicadoporto.pt\/staging\/wp-content\/uploads\/2017\/07\/antibioticos-naturais-clinica-medica-do-porto-300x169.jpg 300w, https:\/\/clinicamedicadoporto.pt\/staging\/wp-content\/uploads\/2017\/07\/antibioticos-naturais-clinica-medica-do-porto-768x432.jpg 768w, https:\/\/clinicamedicadoporto.pt\/staging\/wp-content\/uploads\/2017\/07\/antibioticos-naturais-clinica-medica-do-porto-1024x576.jpg 1024w, https:\/\/clinicamedicadoporto.pt\/staging\/wp-content\/uploads\/2017\/07\/antibioticos-naturais-clinica-medica-do-porto-727x409.jpg 727w, https:\/\/clinicamedicadoporto.pt\/staging\/wp-content\/uploads\/2017\/07\/antibioticos-naturais-clinica-medica-do-porto-1110x624.jpg 1110w, https:\/\/clinicamedicadoporto.pt\/staging\/wp-content\/uploads\/2017\/07\/antibioticos-naturais-clinica-medica-do-porto-720x406.jpg 720w, https:\/\/clinicamedicadoporto.pt\/staging\/wp-content\/uploads\/2017\/07\/antibioticos-naturais-clinica-medica-do-porto-750x422.jpg 750w\" sizes=\"auto, (max-width: 1280px) 100vw, 1280px\" \/><\/a>\r\n\t\t\t\t\t<\/div>\r\n\t\t\t\t\t<div class=\"overthumb\"><\/div>\r\n\t\t\t\t\t\r\n\t\t\t\t<\/div>\r\n\t\t\t\t<div class=\"item-content\">\r\n\t\t\t\t\t<h4><a href=\"https:\/\/clinicamedicadoporto.pt\/staging\/antibioticos-antibioticos-naturais\/\">Antibi\u00f3ticos e Antibi\u00f3ticos Naturais<\/a><\/h4>\r\n\t\t\t\t\t<div class=\"kwayy-meta-details\"><div class=\"kwayy-post-user\"><span class=\"author vcard\"><i class=\"kwicon-fa-user\"><\/i> <a class=\"url fn n\" href=\"https:\/\/clinicamedicadoporto.pt\/staging\/author\/m-reis-cmp\/\" title=\"View all posts by \" rel=\"author\"><\/a><\/span><\/div><span class=\"tags-links\"><i class=\"kwicon-fa-tags\"><\/i> <a href=\"https:\/\/clinicamedicadoporto.pt\/staging\/tag\/clinicamedicadoporto\/\" rel=\"tag\">#clinicamedicadoporto<\/a>, <a href=\"https:\/\/clinicamedicadoporto.pt\/staging\/tag\/porto\/\" rel=\"tag\">#porto<\/a>, <a href=\"https:\/\/clinicamedicadoporto.pt\/staging\/tag\/todasasterapias\/\" rel=\"tag\">#todasasterapias<\/a>, <a href=\"https:\/\/clinicamedicadoporto.pt\/staging\/tag\/acafrao\/\" rel=\"tag\">a\u00e7afr\u00e3o<\/a>, <a href=\"https:\/\/clinicamedicadoporto.pt\/staging\/tag\/alho\/\" rel=\"tag\">alho<\/a>, <a href=\"https:\/\/clinicamedicadoporto.pt\/staging\/tag\/antibioticos-naturais\/\" rel=\"tag\">antibi\u00f3ticos naturais<\/a>, <a href=\"https:\/\/clinicamedicadoporto.pt\/staging\/tag\/clinica\/\" rel=\"tag\">clinica<\/a>, <a href=\"https:\/\/clinicamedicadoporto.pt\/staging\/tag\/clinica-medica-do-porto\/\" rel=\"tag\">Clinica M\u00e9dica do Porto<\/a>, <a href=\"https:\/\/clinicamedicadoporto.pt\/staging\/tag\/clinica-porto\/\" rel=\"tag\">Clinica Porto<\/a>, <a href=\"https:\/\/clinicamedicadoporto.pt\/staging\/tag\/consulta\/\" rel=\"tag\">Consulta<\/a>, <a href=\"https:\/\/clinicamedicadoporto.pt\/staging\/tag\/consulta-clinica-porto\/\" rel=\"tag\">Consulta Clinica Porto<\/a>, <a href=\"https:\/\/clinicamedicadoporto.pt\/staging\/tag\/consulta-medica\/\" rel=\"tag\">Consulta M\u00e9dica<\/a>, <a href=\"https:\/\/clinicamedicadoporto.pt\/staging\/tag\/curcuma\/\" rel=\"tag\">curcuma<\/a>, <a href=\"https:\/\/clinicamedicadoporto.pt\/staging\/tag\/equinacea\/\" rel=\"tag\">equin\u00e1cea<\/a>, <a href=\"https:\/\/clinicamedicadoporto.pt\/staging\/tag\/fitoterapia\/\" rel=\"tag\">Fitoterapia<\/a>, <a href=\"https:\/\/clinicamedicadoporto.pt\/staging\/tag\/gengibre\/\" rel=\"tag\">gengibre<\/a>, <a href=\"https:\/\/clinicamedicadoporto.pt\/staging\/tag\/medicina-alternativa\/\" rel=\"tag\">medicina alternativa<\/a>, <a href=\"https:\/\/clinicamedicadoporto.pt\/staging\/tag\/resistencia-bacteriana\/\" rel=\"tag\">resist\u00eancia bacteriana<\/a>, <a href=\"https:\/\/clinicamedicadoporto.pt\/staging\/tag\/terapia\/\" rel=\"tag\">Terapia<\/a>, <a href=\"https:\/\/clinicamedicadoporto.pt\/staging\/tag\/terapias\/\" rel=\"tag\">Terapias<\/a>, <a href=\"https:\/\/clinicamedicadoporto.pt\/staging\/tag\/terapias-nao-convencionais\/\" rel=\"tag\">terapias n\u00e3o convencionais<\/a>, <a href=\"https:\/\/clinicamedicadoporto.pt\/staging\/tag\/todas-as-terapias\/\" rel=\"tag\">Todas as Terapias<\/a>, <a href=\"https:\/\/clinicamedicadoporto.pt\/staging\/tag\/tratamento-a-base-de-plantas\/\" rel=\"tag\">Tratamento \u00e0 Base de Plantas<\/a>, <a href=\"https:\/\/clinicamedicadoporto.pt\/staging\/tag\/tratamento-natural\/\" rel=\"tag\">Tratamento Natural<\/a><\/span><span class=\"categories-links\"><i class=\"kwicon-fa-folder-open\"><\/i> <a href=\"https:\/\/clinicamedicadoporto.pt\/staging\/category\/medicina-integrativa\/\" rel=\"category tag\">Medicina Integrativa<\/a>, <a href=\"https:\/\/clinicamedicadoporto.pt\/staging\/category\/conselhos-uteis\/\" rel=\"category tag\">Conselhos \u00dateis<\/a>, <a href=\"https:\/\/clinicamedicadoporto.pt\/staging\/category\/cuidados-de-saude\/\" rel=\"category tag\">Cuidados de Sa\u00fade<\/a>, <a href=\"https:\/\/clinicamedicadoporto.pt\/staging\/category\/terapias-nao-convencionais\/fitoterapia\/\" rel=\"category tag\">Fitoterapia<\/a>, <a href=\"https:\/\/clinicamedicadoporto.pt\/staging\/category\/terapias-nao-convencionais\/medicina-tradicional-chinesa\/fitoterapia-chinesa\/\" rel=\"category tag\">Fitoterapia Chinesa<\/a>, <a href=\"https:\/\/clinicamedicadoporto.pt\/staging\/category\/terapias-nao-convencionais\/medicina-tradicional-chinesa\/\" rel=\"category tag\">Medicina Tradicional Chinesa<\/a>, <a href=\"https:\/\/clinicamedicadoporto.pt\/staging\/category\/terapias-nao-convencionais\/naturopatia\/\" rel=\"category tag\">Naturopatia<\/a>, <a href=\"https:\/\/clinicamedicadoporto.pt\/staging\/category\/terapias-nao-convencionais\/\" rel=\"category tag\">Terapias N\u00e3o Convencionais<\/a><\/span><\/div>\r\n\t\t\t\t\t<div class=\"kwayy-blogbox-desc\">[vc_row][vc_co...<div class=\"kwayy-post-readmore\"><a href=\"https:\/\/clinicamedicadoporto.pt\/staging\/antibioticos-antibioticos-naturais\/\">Read More<i class=\"kwicon-fa-angle-right\"><\/i><\/a><\/div><\/div>\r\n\t\t\t\t<\/div>\r\n\t\t\t<\/div>\r\n\t\t<\/article>\r\n\t\r\n\t\t<article class=\"post-box blog-slider-box-width kwayy-blogbox-format-standard cuidados-de-saude estetica-clinica medicina-integrativa reposicao-modulacao-hormonal\">\r\n\t\t\t<div class=\"post-item\">\r\n\t\t\t\t<div class=\"post-item-thumbnail\">\r\n\t\t\t\t\t<div class=\"post-item-thumbnail-inner\">\r\n\t\t\t\t\t\t<div class=\"kwayy-postbox-small-date\"><div class=\"kwayy-post-box-date-wrapper\"><div class=\"kwayy-entry-date-wrapper\">\r\n\t\t\t\t\t\t\t\t<span class=\"kwayy-entry-date\">\r\n\t\t\t\t\t\t\t\t\t<time class=\"entry-date\" datetime=\"\" >\r\n\t\t\t\t\t\t\t\t\t\t<span class=\"entry-date\"><\/span> \r\n\t\t\t\t\t\t\t\t\t\t<span class=\"entry-month\"><\/span> \r\n\t\t\t\t\t\t\t\t\t\t<span class=\"entry-year\"><\/span> \r\n\t\t\t\t\t\t\t\t\t<\/time>\r\n\t\t\t\t\t\t\t\t<\/span>\r\n\t\t\t\t\t\t\t<\/div><\/div><\/div>\r\n\t\t\t\t\t\t<a class=\"tm-blog-link\" href=\"https:\/\/clinicamedicadoporto.pt\/staging\/hormonas-bio-identicas\/\"><img loading=\"lazy\" decoding=\"async\" width=\"1280\" height=\"720\" src=\"https:\/\/clinicamedicadoporto.pt\/staging\/wp-content\/uploads\/2017\/06\/hormonas-naturais-bio-identicas-bioidenticas-terapia-substituicao-clinica-medica-do-porto.jpg\" class=\"attachment-portfolio-fix-column size-portfolio-fix-column wp-post-image\" alt=\"hormonas-naturais-bio-identicas-terapia-substituicao-clinica-medica-do-porto\" srcset=\"https:\/\/clinicamedicadoporto.pt\/staging\/wp-content\/uploads\/2017\/06\/hormonas-naturais-bio-identicas-bioidenticas-terapia-substituicao-clinica-medica-do-porto.jpg 1280w, https:\/\/clinicamedicadoporto.pt\/staging\/wp-content\/uploads\/2017\/06\/hormonas-naturais-bio-identicas-bioidenticas-terapia-substituicao-clinica-medica-do-porto-300x169.jpg 300w, https:\/\/clinicamedicadoporto.pt\/staging\/wp-content\/uploads\/2017\/06\/hormonas-naturais-bio-identicas-bioidenticas-terapia-substituicao-clinica-medica-do-porto-768x432.jpg 768w, https:\/\/clinicamedicadoporto.pt\/staging\/wp-content\/uploads\/2017\/06\/hormonas-naturais-bio-identicas-bioidenticas-terapia-substituicao-clinica-medica-do-porto-1024x576.jpg 1024w, https:\/\/clinicamedicadoporto.pt\/staging\/wp-content\/uploads\/2017\/06\/hormonas-naturais-bio-identicas-bioidenticas-terapia-substituicao-clinica-medica-do-porto-727x409.jpg 727w, https:\/\/clinicamedicadoporto.pt\/staging\/wp-content\/uploads\/2017\/06\/hormonas-naturais-bio-identicas-bioidenticas-terapia-substituicao-clinica-medica-do-porto-1110x624.jpg 1110w, https:\/\/clinicamedicadoporto.pt\/staging\/wp-content\/uploads\/2017\/06\/hormonas-naturais-bio-identicas-bioidenticas-terapia-substituicao-clinica-medica-do-porto-720x406.jpg 720w, https:\/\/clinicamedicadoporto.pt\/staging\/wp-content\/uploads\/2017\/06\/hormonas-naturais-bio-identicas-bioidenticas-terapia-substituicao-clinica-medica-do-porto-750x422.jpg 750w\" sizes=\"auto, (max-width: 1280px) 100vw, 1280px\" \/><\/a>\r\n\t\t\t\t\t<\/div>\r\n\t\t\t\t\t<div class=\"overthumb\"><\/div>\r\n\t\t\t\t\t\r\n\t\t\t\t<\/div>\r\n\t\t\t\t<div class=\"item-content\">\r\n\t\t\t\t\t<h4><a href=\"https:\/\/clinicamedicadoporto.pt\/staging\/hormonas-bio-identicas\/\">Hormonas Bio-Id\u00eanticas: Benef\u00edcios e Utiliza\u00e7\u00e3o na Reposi\u00e7\u00e3o Hormonal<\/a><\/h4>\r\n\t\t\t\t\t<div class=\"kwayy-meta-details\"><div class=\"kwayy-post-user\"><span class=\"author vcard\"><i class=\"kwicon-fa-user\"><\/i> <a class=\"url fn n\" href=\"https:\/\/clinicamedicadoporto.pt\/staging\/author\/m-reis-cmp\/\" title=\"View all posts by \" rel=\"author\"><\/a><\/span><\/div><span class=\"tags-links\"><i class=\"kwicon-fa-tags\"><\/i> <a href=\"https:\/\/clinicamedicadoporto.pt\/staging\/tag\/clinicamedicadoporto\/\" rel=\"tag\">#clinicamedicadoporto<\/a>, <a href=\"https:\/\/clinicamedicadoporto.pt\/staging\/tag\/porto\/\" rel=\"tag\">#porto<\/a>, <a href=\"https:\/\/clinicamedicadoporto.pt\/staging\/tag\/todasasterapias\/\" rel=\"tag\">#todasasterapias<\/a>, <a href=\"https:\/\/clinicamedicadoporto.pt\/staging\/tag\/androgenio\/\" rel=\"tag\">androg\u00e9nio<\/a>, <a href=\"https:\/\/clinicamedicadoporto.pt\/staging\/tag\/bioidentica\/\" rel=\"tag\">BioIdentica<\/a>, <a href=\"https:\/\/clinicamedicadoporto.pt\/staging\/tag\/clinica\/\" rel=\"tag\">clinica<\/a>, <a href=\"https:\/\/clinicamedicadoporto.pt\/staging\/tag\/clinica-medica-do-porto\/\" rel=\"tag\">Clinica M\u00e9dica do Porto<\/a>, <a href=\"https:\/\/clinicamedicadoporto.pt\/staging\/tag\/clinica-porto\/\" rel=\"tag\">Clinica Porto<\/a>, <a href=\"https:\/\/clinicamedicadoporto.pt\/staging\/tag\/consulta\/\" rel=\"tag\">Consulta<\/a>, <a href=\"https:\/\/clinicamedicadoporto.pt\/staging\/tag\/consulta-clinica-porto\/\" rel=\"tag\">Consulta Clinica Porto<\/a>, <a href=\"https:\/\/clinicamedicadoporto.pt\/staging\/tag\/consulta-de-modulacao-hormonal\/\" rel=\"tag\">Consulta de Modula\u00e7\u00e3o Hormonal<\/a>, <a href=\"https:\/\/clinicamedicadoporto.pt\/staging\/tag\/consulta-de-reposicao-hormonal\/\" rel=\"tag\">Consulta de Reposi\u00e7\u00e3o Hormonal<\/a>, <a href=\"https:\/\/clinicamedicadoporto.pt\/staging\/tag\/consulta-medica\/\" rel=\"tag\">Consulta M\u00e9dica<\/a>, <a href=\"https:\/\/clinicamedicadoporto.pt\/staging\/tag\/estrogenio\/\" rel=\"tag\">estrog\u00e9nio<\/a>, <a href=\"https:\/\/clinicamedicadoporto.pt\/staging\/tag\/hormonas\/\" rel=\"tag\">hormonas<\/a>, <a href=\"https:\/\/clinicamedicadoporto.pt\/staging\/tag\/hormonas-bio-identicas\/\" rel=\"tag\">hormonas bio-id\u00eanticas<\/a>, <a href=\"https:\/\/clinicamedicadoporto.pt\/staging\/tag\/hormonas-naturais\/\" rel=\"tag\">hormonas naturais<\/a>, <a href=\"https:\/\/clinicamedicadoporto.pt\/staging\/tag\/medicina-anti-aging\/\" rel=\"tag\">medicina anti-aging<\/a>, <a href=\"https:\/\/clinicamedicadoporto.pt\/staging\/tag\/o-que-e-modulacao-hormonal-bio-identica\/\" rel=\"tag\">O que \u00e9 Modula\u00e7\u00e3o Hormonal Bio-Identica<\/a>, <a href=\"https:\/\/clinicamedicadoporto.pt\/staging\/tag\/o-que-sao-hormonas-bioidenticas\/\" rel=\"tag\">O que s\u00e3o Hormonas BioIdenticas<\/a>, <a href=\"https:\/\/clinicamedicadoporto.pt\/staging\/tag\/progesterona\/\" rel=\"tag\">progesterona<\/a>, <a href=\"https:\/\/clinicamedicadoporto.pt\/staging\/tag\/soja\/\" rel=\"tag\">soja<\/a>, <a href=\"https:\/\/clinicamedicadoporto.pt\/staging\/tag\/subsituicao-hormonal\/\" rel=\"tag\">Subsitui\u00e7\u00e3o Hormonal<\/a>, <a href=\"https:\/\/clinicamedicadoporto.pt\/staging\/tag\/terapeutica-hormonal-de-substituicao\/\" rel=\"tag\">terapeutica hormonal de substitui\u00e7\u00e3o<\/a>, <a href=\"https:\/\/clinicamedicadoporto.pt\/staging\/tag\/terapia\/\" rel=\"tag\">Terapia<\/a>, <a href=\"https:\/\/clinicamedicadoporto.pt\/staging\/tag\/terapias\/\" rel=\"tag\">Terapias<\/a>, <a href=\"https:\/\/clinicamedicadoporto.pt\/staging\/tag\/todas-as-terapias\/\" rel=\"tag\">Todas as Terapias<\/a>, <a href=\"https:\/\/clinicamedicadoporto.pt\/staging\/tag\/tratamento-com-hormonas-bioidenticas\/\" rel=\"tag\">Tratamento com Hormonas BioIdenticas<\/a><\/span><span class=\"categories-links\"><i class=\"kwicon-fa-folder-open\"><\/i> <a href=\"https:\/\/clinicamedicadoporto.pt\/staging\/category\/medicina-integrativa\/reposicao-modulacao-hormonal\/\" rel=\"category tag\">Reposi\u00e7\u00e3o \/ Modula\u00e7\u00e3o Hormonal<\/a>, <a href=\"https:\/\/clinicamedicadoporto.pt\/staging\/category\/cuidados-de-saude\/\" rel=\"category tag\">Cuidados de Sa\u00fade<\/a>, <a href=\"https:\/\/clinicamedicadoporto.pt\/staging\/category\/estetica-clinica\/\" rel=\"category tag\">Est\u00e9tica Cl\u00ednica<\/a>, <a href=\"https:\/\/clinicamedicadoporto.pt\/staging\/category\/medicina-integrativa\/\" rel=\"category tag\">Medicina Integrativa<\/a><\/span><\/div>\r\n\t\t\t\t\t<div class=\"kwayy-blogbox-desc\">[vc_row][vc_co...<div class=\"kwayy-post-readmore\"><a href=\"https:\/\/clinicamedicadoporto.pt\/staging\/hormonas-bio-identicas\/\">Read More<i class=\"kwicon-fa-angle-right\"><\/i><\/a><\/div><\/div>\r\n\t\t\t\t<\/div>\r\n\t\t\t<\/div>\r\n\t\t<\/article>\r\n\t\r\n\t\t<article class=\"post-box blog-slider-box-width kwayy-blogbox-format-standard conselhos-uteis cuidados-de-saude estetica-clinica\">\r\n\t\t\t<div class=\"post-item\">\r\n\t\t\t\t<div class=\"post-item-thumbnail\">\r\n\t\t\t\t\t<div class=\"post-item-thumbnail-inner\">\r\n\t\t\t\t\t\t<div class=\"kwayy-postbox-small-date\"><div class=\"kwayy-post-box-date-wrapper\"><div class=\"kwayy-entry-date-wrapper\">\r\n\t\t\t\t\t\t\t\t<span class=\"kwayy-entry-date\">\r\n\t\t\t\t\t\t\t\t\t<time class=\"entry-date\" datetime=\"\" >\r\n\t\t\t\t\t\t\t\t\t\t<span class=\"entry-date\"><\/span> \r\n\t\t\t\t\t\t\t\t\t\t<span class=\"entry-month\"><\/span> \r\n\t\t\t\t\t\t\t\t\t\t<span class=\"entry-year\"><\/span> \r\n\t\t\t\t\t\t\t\t\t<\/time>\r\n\t\t\t\t\t\t\t\t<\/span>\r\n\t\t\t\t\t\t\t<\/div><\/div><\/div>\r\n\t\t\t\t\t\t<a class=\"tm-blog-link\" href=\"https:\/\/clinicamedicadoporto.pt\/staging\/celulite-afeccao-multifactorial\/\"><img loading=\"lazy\" decoding=\"async\" width=\"1280\" height=\"720\" src=\"https:\/\/clinicamedicadoporto.pt\/staging\/wp-content\/uploads\/2017\/05\/celulite-clinica-medica-do-porto.jpg\" class=\"attachment-portfolio-fix-column size-portfolio-fix-column wp-post-image\" alt=\"celulite-clinica-medica-do-porto\" srcset=\"https:\/\/clinicamedicadoporto.pt\/staging\/wp-content\/uploads\/2017\/05\/celulite-clinica-medica-do-porto.jpg 1280w, https:\/\/clinicamedicadoporto.pt\/staging\/wp-content\/uploads\/2017\/05\/celulite-clinica-medica-do-porto-300x169.jpg 300w, https:\/\/clinicamedicadoporto.pt\/staging\/wp-content\/uploads\/2017\/05\/celulite-clinica-medica-do-porto-768x432.jpg 768w, https:\/\/clinicamedicadoporto.pt\/staging\/wp-content\/uploads\/2017\/05\/celulite-clinica-medica-do-porto-1024x576.jpg 1024w, https:\/\/clinicamedicadoporto.pt\/staging\/wp-content\/uploads\/2017\/05\/celulite-clinica-medica-do-porto-727x409.jpg 727w, https:\/\/clinicamedicadoporto.pt\/staging\/wp-content\/uploads\/2017\/05\/celulite-clinica-medica-do-porto-1110x624.jpg 1110w, https:\/\/clinicamedicadoporto.pt\/staging\/wp-content\/uploads\/2017\/05\/celulite-clinica-medica-do-porto-720x406.jpg 720w, https:\/\/clinicamedicadoporto.pt\/staging\/wp-content\/uploads\/2017\/05\/celulite-clinica-medica-do-porto-750x422.jpg 750w\" sizes=\"auto, (max-width: 1280px) 100vw, 1280px\" \/><\/a>\r\n\t\t\t\t\t<\/div>\r\n\t\t\t\t\t<div class=\"overthumb\"><\/div>\r\n\t\t\t\t\t\r\n\t\t\t\t<\/div>\r\n\t\t\t\t<div class=\"item-content\">\r\n\t\t\t\t\t<h4><a href=\"https:\/\/clinicamedicadoporto.pt\/staging\/celulite-afeccao-multifactorial\/\">Celulite &#8211; Uma Afec\u00e7\u00e3o Multifactorial<\/a><\/h4>\r\n\t\t\t\t\t<div class=\"kwayy-meta-details\"><div class=\"kwayy-post-user\"><span class=\"author vcard\"><i class=\"kwicon-fa-user\"><\/i> <a class=\"url fn n\" href=\"https:\/\/clinicamedicadoporto.pt\/staging\/author\/m-reis-cmp\/\" title=\"View all posts by \" rel=\"author\"><\/a><\/span><\/div><span class=\"tags-links\"><i class=\"kwicon-fa-tags\"><\/i> <a href=\"https:\/\/clinicamedicadoporto.pt\/staging\/tag\/clinicamedicadoporto\/\" rel=\"tag\">#clinicamedicadoporto<\/a>, <a href=\"https:\/\/clinicamedicadoporto.pt\/staging\/tag\/porto\/\" rel=\"tag\">#porto<\/a>, <a href=\"https:\/\/clinicamedicadoporto.pt\/staging\/tag\/todasasterapias\/\" rel=\"tag\">#todasasterapias<\/a>, <a href=\"https:\/\/clinicamedicadoporto.pt\/staging\/tag\/celulite\/\" rel=\"tag\">celulite<\/a>, <a href=\"https:\/\/clinicamedicadoporto.pt\/staging\/tag\/clinica\/\" rel=\"tag\">clinica<\/a>, <a href=\"https:\/\/clinicamedicadoporto.pt\/staging\/tag\/clinica-medica-do-porto\/\" rel=\"tag\">Clinica M\u00e9dica do Porto<\/a>, <a href=\"https:\/\/clinicamedicadoporto.pt\/staging\/tag\/clinica-porto\/\" rel=\"tag\">Clinica Porto<\/a>, <a href=\"https:\/\/clinicamedicadoporto.pt\/staging\/tag\/consulta\/\" rel=\"tag\">Consulta<\/a>, <a href=\"https:\/\/clinicamedicadoporto.pt\/staging\/tag\/consulta-medica\/\" rel=\"tag\">Consulta M\u00e9dica<\/a>, <a href=\"https:\/\/clinicamedicadoporto.pt\/staging\/tag\/lipodistrofia\/\" rel=\"tag\">lipodistrofia<\/a>, <a href=\"https:\/\/clinicamedicadoporto.pt\/staging\/tag\/paniculopatia\/\" rel=\"tag\">paniculopatia<\/a>, <a href=\"https:\/\/clinicamedicadoporto.pt\/staging\/tag\/pele-casca-de-laranja\/\" rel=\"tag\">pele casca de laranja<\/a>, <a href=\"https:\/\/clinicamedicadoporto.pt\/staging\/tag\/terapia\/\" rel=\"tag\">Terapia<\/a>, <a href=\"https:\/\/clinicamedicadoporto.pt\/staging\/tag\/terapias\/\" rel=\"tag\">Terapias<\/a>, <a href=\"https:\/\/clinicamedicadoporto.pt\/staging\/tag\/todas-as-terapias\/\" rel=\"tag\">Todas as Terapias<\/a>, <a href=\"https:\/\/clinicamedicadoporto.pt\/staging\/tag\/tratamento-da-celulite\/\" rel=\"tag\">Tratamento da Celulite<\/a><\/span><span class=\"categories-links\"><i class=\"kwicon-fa-folder-open\"><\/i> <a href=\"https:\/\/clinicamedicadoporto.pt\/staging\/category\/conselhos-uteis\/\" rel=\"category tag\">Conselhos \u00dateis<\/a>, <a href=\"https:\/\/clinicamedicadoporto.pt\/staging\/category\/cuidados-de-saude\/\" rel=\"category tag\">Cuidados de Sa\u00fade<\/a>, <a href=\"https:\/\/clinicamedicadoporto.pt\/staging\/category\/estetica-clinica\/\" rel=\"category tag\">Est\u00e9tica Cl\u00ednica<\/a><\/span><\/div>\r\n\t\t\t\t\t<div class=\"kwayy-blogbox-desc\">[vc_row][vc_co...<div class=\"kwayy-post-readmore\"><a href=\"https:\/\/clinicamedicadoporto.pt\/staging\/celulite-afeccao-multifactorial\/\">Read More<i class=\"kwicon-fa-angle-right\"><\/i><\/a><\/div><\/div>\r\n\t\t\t\t<\/div>\r\n\t\t\t<\/div>\r\n\t\t<\/article>\r\n\t\r\n\t\t<article class=\"post-box blog-slider-box-width kwayy-blogbox-format-standard cuidados-de-saude osteopatia terapias-nao-convencionais\">\r\n\t\t\t<div class=\"post-item\">\r\n\t\t\t\t<div class=\"post-item-thumbnail\">\r\n\t\t\t\t\t<div class=\"post-item-thumbnail-inner\">\r\n\t\t\t\t\t\t<div class=\"kwayy-postbox-small-date\"><div class=\"kwayy-post-box-date-wrapper\"><div class=\"kwayy-entry-date-wrapper\">\r\n\t\t\t\t\t\t\t\t<span class=\"kwayy-entry-date\">\r\n\t\t\t\t\t\t\t\t\t<time class=\"entry-date\" datetime=\"\" >\r\n\t\t\t\t\t\t\t\t\t\t<span class=\"entry-date\"><\/span> \r\n\t\t\t\t\t\t\t\t\t\t<span class=\"entry-month\"><\/span> \r\n\t\t\t\t\t\t\t\t\t\t<span class=\"entry-year\"><\/span> \r\n\t\t\t\t\t\t\t\t\t<\/time>\r\n\t\t\t\t\t\t\t\t<\/span>\r\n\t\t\t\t\t\t\t<\/div><\/div><\/div>\r\n\t\t\t\t\t\t<a class=\"tm-blog-link\" href=\"https:\/\/clinicamedicadoporto.pt\/staging\/beneficios-da-osteopatia\/\"><img loading=\"lazy\" decoding=\"async\" width=\"1280\" height=\"720\" src=\"https:\/\/clinicamedicadoporto.pt\/staging\/wp-content\/uploads\/2017\/04\/osteopatia-clinica-medica-do-porto.jpg\" class=\"attachment-portfolio-fix-column size-portfolio-fix-column wp-post-image\" alt=\"osteopatia-clinica-medica-do-porto\" srcset=\"https:\/\/clinicamedicadoporto.pt\/staging\/wp-content\/uploads\/2017\/04\/osteopatia-clinica-medica-do-porto.jpg 1280w, https:\/\/clinicamedicadoporto.pt\/staging\/wp-content\/uploads\/2017\/04\/osteopatia-clinica-medica-do-porto-300x169.jpg 300w, https:\/\/clinicamedicadoporto.pt\/staging\/wp-content\/uploads\/2017\/04\/osteopatia-clinica-medica-do-porto-768x432.jpg 768w, https:\/\/clinicamedicadoporto.pt\/staging\/wp-content\/uploads\/2017\/04\/osteopatia-clinica-medica-do-porto-1024x576.jpg 1024w, https:\/\/clinicamedicadoporto.pt\/staging\/wp-content\/uploads\/2017\/04\/osteopatia-clinica-medica-do-porto-727x409.jpg 727w, https:\/\/clinicamedicadoporto.pt\/staging\/wp-content\/uploads\/2017\/04\/osteopatia-clinica-medica-do-porto-1110x624.jpg 1110w, https:\/\/clinicamedicadoporto.pt\/staging\/wp-content\/uploads\/2017\/04\/osteopatia-clinica-medica-do-porto-720x406.jpg 720w, https:\/\/clinicamedicadoporto.pt\/staging\/wp-content\/uploads\/2017\/04\/osteopatia-clinica-medica-do-porto-750x422.jpg 750w\" sizes=\"auto, (max-width: 1280px) 100vw, 1280px\" \/><\/a>\r\n\t\t\t\t\t<\/div>\r\n\t\t\t\t\t<div class=\"overthumb\"><\/div>\r\n\t\t\t\t\t\r\n\t\t\t\t<\/div>\r\n\t\t\t\t<div class=\"item-content\">\r\n\t\t\t\t\t<h4><a href=\"https:\/\/clinicamedicadoporto.pt\/staging\/beneficios-da-osteopatia\/\">Benef\u00edcios da Osteopatia<\/a><\/h4>\r\n\t\t\t\t\t<div class=\"kwayy-meta-details\"><div class=\"kwayy-post-user\"><span class=\"author vcard\"><i class=\"kwicon-fa-user\"><\/i> <a class=\"url fn n\" href=\"https:\/\/clinicamedicadoporto.pt\/staging\/author\/m-reis-cmp\/\" title=\"View all posts by \" rel=\"author\"><\/a><\/span><\/div><span class=\"tags-links\"><i class=\"kwicon-fa-tags\"><\/i> <a href=\"https:\/\/clinicamedicadoporto.pt\/staging\/tag\/clinicamedicadoporto\/\" rel=\"tag\">#clinicamedicadoporto<\/a>, <a href=\"https:\/\/clinicamedicadoporto.pt\/staging\/tag\/porto\/\" rel=\"tag\">#porto<\/a>, <a href=\"https:\/\/clinicamedicadoporto.pt\/staging\/tag\/todasasterapias\/\" rel=\"tag\">#todasasterapias<\/a>, <a href=\"https:\/\/clinicamedicadoporto.pt\/staging\/tag\/clinica\/\" rel=\"tag\">clinica<\/a>, <a href=\"https:\/\/clinicamedicadoporto.pt\/staging\/tag\/clinica-medica-do-porto\/\" rel=\"tag\">Clinica M\u00e9dica do Porto<\/a>, <a href=\"https:\/\/clinicamedicadoporto.pt\/staging\/tag\/clinica-porto\/\" rel=\"tag\">Clinica Porto<\/a>, <a href=\"https:\/\/clinicamedicadoporto.pt\/staging\/tag\/consulta\/\" rel=\"tag\">Consulta<\/a>, <a href=\"https:\/\/clinicamedicadoporto.pt\/staging\/tag\/consulta-de-osteopatia\/\" rel=\"tag\">consulta de osteopatia<\/a>, <a href=\"https:\/\/clinicamedicadoporto.pt\/staging\/tag\/consulta-medica\/\" rel=\"tag\">Consulta M\u00e9dica<\/a>, <a href=\"https:\/\/clinicamedicadoporto.pt\/staging\/tag\/dor\/\" rel=\"tag\">dor<\/a>, <a href=\"https:\/\/clinicamedicadoporto.pt\/staging\/tag\/dor-cervical\/\" rel=\"tag\">dor cervical<\/a>, <a href=\"https:\/\/clinicamedicadoporto.pt\/staging\/tag\/dor-ciatica\/\" rel=\"tag\">dor ci\u00e1tica<\/a>, <a href=\"https:\/\/clinicamedicadoporto.pt\/staging\/tag\/dor-de-costas\/\" rel=\"tag\">dor de costas<\/a>, <a href=\"https:\/\/clinicamedicadoporto.pt\/staging\/tag\/dor-no-ombro\/\" rel=\"tag\">dor no ombro<\/a>, <a href=\"https:\/\/clinicamedicadoporto.pt\/staging\/tag\/dormencia\/\" rel=\"tag\">dorm\u00eancia<\/a>, <a href=\"https:\/\/clinicamedicadoporto.pt\/staging\/tag\/falta-de-forca-muscular\/\" rel=\"tag\">falta de for\u00e7a muscular<\/a>, <a href=\"https:\/\/clinicamedicadoporto.pt\/staging\/tag\/hernia-discal\/\" rel=\"tag\">h\u00e9rnia discal<\/a>, <a href=\"https:\/\/clinicamedicadoporto.pt\/staging\/tag\/osteopata\/\" rel=\"tag\">osteopata<\/a>, <a href=\"https:\/\/clinicamedicadoporto.pt\/staging\/tag\/osteopatia\/\" rel=\"tag\">osteopatia<\/a>, <a href=\"https:\/\/clinicamedicadoporto.pt\/staging\/tag\/osteopatia-para-dor\/\" rel=\"tag\">Osteopatia para Dor<\/a>, <a href=\"https:\/\/clinicamedicadoporto.pt\/staging\/tag\/parestesias\/\" rel=\"tag\">parestesias<\/a>, <a href=\"https:\/\/clinicamedicadoporto.pt\/staging\/tag\/terapia\/\" rel=\"tag\">Terapia<\/a>, <a href=\"https:\/\/clinicamedicadoporto.pt\/staging\/tag\/terapias\/\" rel=\"tag\">Terapias<\/a>, <a href=\"https:\/\/clinicamedicadoporto.pt\/staging\/tag\/todas-as-terapias\/\" rel=\"tag\">Todas as Terapias<\/a>, <a href=\"https:\/\/clinicamedicadoporto.pt\/staging\/tag\/tratamento-osteopatico\/\" rel=\"tag\">tratamento osteopatico<\/a>, <a href=\"https:\/\/clinicamedicadoporto.pt\/staging\/tag\/tratar-dor-com-osteopatia\/\" rel=\"tag\">Tratar Dor com Osteopatia<\/a><\/span><span class=\"categories-links\"><i class=\"kwicon-fa-folder-open\"><\/i> <a href=\"https:\/\/clinicamedicadoporto.pt\/staging\/category\/terapias-nao-convencionais\/\" rel=\"category tag\">Terapias N\u00e3o Convencionais<\/a>, <a href=\"https:\/\/clinicamedicadoporto.pt\/staging\/category\/cuidados-de-saude\/\" rel=\"category tag\">Cuidados de Sa\u00fade<\/a>, <a href=\"https:\/\/clinicamedicadoporto.pt\/staging\/category\/terapias-nao-convencionais\/osteopatia\/\" rel=\"category tag\">Osteopatia<\/a><\/span><\/div>\r\n\t\t\t\t\t<div class=\"kwayy-blogbox-desc\">[vc_row][vc_co...<div class=\"kwayy-post-readmore\"><a href=\"https:\/\/clinicamedicadoporto.pt\/staging\/beneficios-da-osteopatia\/\">Read More<i class=\"kwicon-fa-angle-right\"><\/i><\/a><\/div><\/div>\r\n\t\t\t\t<\/div>\r\n\t\t\t<\/div>\r\n\t\t<\/article>\r\n\t\r\n\t\t<article class=\"post-box blog-slider-box-width kwayy-blogbox-format-standard acupuntura cuidados-de-saude fitoterapia-chinesa medicina-integrativa medicina-tradicional-chinesa terapias-nao-convencionais\">\r\n\t\t\t<div class=\"post-item\">\r\n\t\t\t\t<div class=\"post-item-thumbnail\">\r\n\t\t\t\t\t<div class=\"post-item-thumbnail-inner\">\r\n\t\t\t\t\t\t<div class=\"kwayy-postbox-small-date\"><div class=\"kwayy-post-box-date-wrapper\"><div class=\"kwayy-entry-date-wrapper\">\r\n\t\t\t\t\t\t\t\t<span class=\"kwayy-entry-date\">\r\n\t\t\t\t\t\t\t\t\t<time class=\"entry-date\" datetime=\"\" >\r\n\t\t\t\t\t\t\t\t\t\t<span class=\"entry-date\"><\/span> \r\n\t\t\t\t\t\t\t\t\t\t<span class=\"entry-month\"><\/span> \r\n\t\t\t\t\t\t\t\t\t\t<span class=\"entry-year\"><\/span> \r\n\t\t\t\t\t\t\t\t\t<\/time>\r\n\t\t\t\t\t\t\t\t<\/span>\r\n\t\t\t\t\t\t\t<\/div><\/div><\/div>\r\n\t\t\t\t\t\t<a class=\"tm-blog-link\" href=\"https:\/\/clinicamedicadoporto.pt\/staging\/alergias-primavera-medicina-tradicional-chinesa\/\"><img loading=\"lazy\" decoding=\"async\" width=\"1280\" height=\"720\" src=\"https:\/\/clinicamedicadoporto.pt\/staging\/wp-content\/uploads\/2017\/04\/alergias-acupuntura-clinica-medica-do-porto.jpg\" class=\"attachment-portfolio-fix-column size-portfolio-fix-column wp-post-image\" alt=\"alergias-acupuntura-e-medicina-chinesa-clinica-medica-do-porto\" srcset=\"https:\/\/clinicamedicadoporto.pt\/staging\/wp-content\/uploads\/2017\/04\/alergias-acupuntura-clinica-medica-do-porto.jpg 1280w, https:\/\/clinicamedicadoporto.pt\/staging\/wp-content\/uploads\/2017\/04\/alergias-acupuntura-clinica-medica-do-porto-300x169.jpg 300w, https:\/\/clinicamedicadoporto.pt\/staging\/wp-content\/uploads\/2017\/04\/alergias-acupuntura-clinica-medica-do-porto-768x432.jpg 768w, https:\/\/clinicamedicadoporto.pt\/staging\/wp-content\/uploads\/2017\/04\/alergias-acupuntura-clinica-medica-do-porto-1024x576.jpg 1024w, https:\/\/clinicamedicadoporto.pt\/staging\/wp-content\/uploads\/2017\/04\/alergias-acupuntura-clinica-medica-do-porto-727x409.jpg 727w, https:\/\/clinicamedicadoporto.pt\/staging\/wp-content\/uploads\/2017\/04\/alergias-acupuntura-clinica-medica-do-porto-1110x624.jpg 1110w, https:\/\/clinicamedicadoporto.pt\/staging\/wp-content\/uploads\/2017\/04\/alergias-acupuntura-clinica-medica-do-porto-720x406.jpg 720w, https:\/\/clinicamedicadoporto.pt\/staging\/wp-content\/uploads\/2017\/04\/alergias-acupuntura-clinica-medica-do-porto-750x422.jpg 750w\" sizes=\"auto, (max-width: 1280px) 100vw, 1280px\" \/><\/a>\r\n\t\t\t\t\t<\/div>\r\n\t\t\t\t\t<div class=\"overthumb\"><\/div>\r\n\t\t\t\t\t\r\n\t\t\t\t<\/div>\r\n\t\t\t\t<div class=\"item-content\">\r\n\t\t\t\t\t<h4><a href=\"https:\/\/clinicamedicadoporto.pt\/staging\/alergias-primavera-medicina-tradicional-chinesa\/\">Alergias da Primavera : Tratamento na Medicina Chinesa<\/a><\/h4>\r\n\t\t\t\t\t<div class=\"kwayy-meta-details\"><div class=\"kwayy-post-user\"><span class=\"author vcard\"><i class=\"kwicon-fa-user\"><\/i> <a class=\"url fn n\" href=\"https:\/\/clinicamedicadoporto.pt\/staging\/author\/m-reis-cmp\/\" title=\"View all posts by \" rel=\"author\"><\/a><\/span><\/div><span class=\"tags-links\"><i class=\"kwicon-fa-tags\"><\/i> <a href=\"https:\/\/clinicamedicadoporto.pt\/staging\/tag\/clinicamedicadoporto\/\" rel=\"tag\">#clinicamedicadoporto<\/a>, <a href=\"https:\/\/clinicamedicadoporto.pt\/staging\/tag\/porto\/\" rel=\"tag\">#porto<\/a>, <a href=\"https:\/\/clinicamedicadoporto.pt\/staging\/tag\/todasasterapias\/\" rel=\"tag\">#todasasterapias<\/a>, <a href=\"https:\/\/clinicamedicadoporto.pt\/staging\/tag\/acaros\/\" rel=\"tag\">\u00e1caros<\/a>, <a href=\"https:\/\/clinicamedicadoporto.pt\/staging\/tag\/acupuntura\/\" rel=\"tag\">acupuntura<\/a>, <a href=\"https:\/\/clinicamedicadoporto.pt\/staging\/tag\/acupuntura-no-tratamento-das-alergias\/\" rel=\"tag\">acupuntura no tratamento das alergias<\/a>, <a href=\"https:\/\/clinicamedicadoporto.pt\/staging\/tag\/alergenos\/\" rel=\"tag\">alergenos<\/a>, <a href=\"https:\/\/clinicamedicadoporto.pt\/staging\/tag\/alergia\/\" rel=\"tag\">alergia<\/a>, <a href=\"https:\/\/clinicamedicadoporto.pt\/staging\/tag\/alergias\/\" rel=\"tag\">alergias<\/a>, <a href=\"https:\/\/clinicamedicadoporto.pt\/staging\/tag\/alergias-acupuntura\/\" rel=\"tag\">alergias acupuntura<\/a>, <a href=\"https:\/\/clinicamedicadoporto.pt\/staging\/tag\/alergias-sazonais\/\" rel=\"tag\">Alergias Sazonais<\/a>, <a href=\"https:\/\/clinicamedicadoporto.pt\/staging\/tag\/asma\/\" rel=\"tag\">asma<\/a>, <a href=\"https:\/\/clinicamedicadoporto.pt\/staging\/tag\/clinica\/\" rel=\"tag\">clinica<\/a>, <a href=\"https:\/\/clinicamedicadoporto.pt\/staging\/tag\/clinica-medica-do-porto\/\" rel=\"tag\">Clinica M\u00e9dica do Porto<\/a>, <a href=\"https:\/\/clinicamedicadoporto.pt\/staging\/tag\/clinica-porto\/\" rel=\"tag\">Clinica Porto<\/a>, <a href=\"https:\/\/clinicamedicadoporto.pt\/staging\/tag\/consulta\/\" rel=\"tag\">Consulta<\/a>, <a href=\"https:\/\/clinicamedicadoporto.pt\/staging\/tag\/consulta-de-alergias\/\" rel=\"tag\">Consulta de Alergias<\/a>, <a href=\"https:\/\/clinicamedicadoporto.pt\/staging\/tag\/consulta-medica\/\" rel=\"tag\">Consulta M\u00e9dica<\/a>, <a href=\"https:\/\/clinicamedicadoporto.pt\/staging\/tag\/espirros\/\" rel=\"tag\">espirros<\/a>, <a href=\"https:\/\/clinicamedicadoporto.pt\/staging\/tag\/medicina-chinesa-nas-alergias\/\" rel=\"tag\">medicina chinesa nas alergias<\/a>, <a href=\"https:\/\/clinicamedicadoporto.pt\/staging\/tag\/polenes\/\" rel=\"tag\">polenes<\/a>, <a href=\"https:\/\/clinicamedicadoporto.pt\/staging\/tag\/prevencao-de-alergias\/\" rel=\"tag\">Preven\u00e7\u00e3o de Alergias<\/a>, <a href=\"https:\/\/clinicamedicadoporto.pt\/staging\/tag\/primavera\/\" rel=\"tag\">primavera<\/a>, <a href=\"https:\/\/clinicamedicadoporto.pt\/staging\/tag\/rinite\/\" rel=\"tag\">rinite<\/a>, <a href=\"https:\/\/clinicamedicadoporto.pt\/staging\/tag\/rinitealergica\/\" rel=\"tag\">rinitealergica<\/a>, <a href=\"https:\/\/clinicamedicadoporto.pt\/staging\/tag\/terapia\/\" rel=\"tag\">Terapia<\/a>, <a href=\"https:\/\/clinicamedicadoporto.pt\/staging\/tag\/terapias\/\" rel=\"tag\">Terapias<\/a>, <a href=\"https:\/\/clinicamedicadoporto.pt\/staging\/tag\/todas-as-terapias\/\" rel=\"tag\">Todas as Terapias<\/a>, <a href=\"https:\/\/clinicamedicadoporto.pt\/staging\/tag\/tratamento-natural-para-as-alergias\/\" rel=\"tag\">Tratamento Natural para as Alergias<\/a>, <a href=\"https:\/\/clinicamedicadoporto.pt\/staging\/tag\/tratar-alergias-com-acupuntura\/\" rel=\"tag\">tratar alergias com acupuntura<\/a>, <a href=\"https:\/\/clinicamedicadoporto.pt\/staging\/tag\/tratar-alergias-com-medicina-chinesa\/\" rel=\"tag\">Tratar Alergias Com Medicina Chinesa<\/a><\/span><span class=\"categories-links\"><i class=\"kwicon-fa-folder-open\"><\/i> <a href=\"https:\/\/clinicamedicadoporto.pt\/staging\/category\/terapias-nao-convencionais\/medicina-tradicional-chinesa\/\" rel=\"category tag\">Medicina Tradicional Chinesa<\/a>, <a href=\"https:\/\/clinicamedicadoporto.pt\/staging\/category\/terapias-nao-convencionais\/medicina-tradicional-chinesa\/acupuntura\/\" rel=\"category tag\">Acupuntura<\/a>, <a href=\"https:\/\/clinicamedicadoporto.pt\/staging\/category\/cuidados-de-saude\/\" rel=\"category tag\">Cuidados de Sa\u00fade<\/a>, <a href=\"https:\/\/clinicamedicadoporto.pt\/staging\/category\/terapias-nao-convencionais\/medicina-tradicional-chinesa\/fitoterapia-chinesa\/\" rel=\"category tag\">Fitoterapia Chinesa<\/a>, <a href=\"https:\/\/clinicamedicadoporto.pt\/staging\/category\/medicina-integrativa\/\" rel=\"category tag\">Medicina Integrativa<\/a>, <a href=\"https:\/\/clinicamedicadoporto.pt\/staging\/category\/terapias-nao-convencionais\/\" rel=\"category tag\">Terapias N\u00e3o Convencionais<\/a><\/span><\/div>\r\n\t\t\t\t\t<div class=\"kwayy-blogbox-desc\">[vc_row][vc_co...<div class=\"kwayy-post-readmore\"><a href=\"https:\/\/clinicamedicadoporto.pt\/staging\/alergias-primavera-medicina-tradicional-chinesa\/\">Read More<i class=\"kwicon-fa-angle-right\"><\/i><\/a><\/div><\/div>\r\n\t\t\t\t<\/div>\r\n\t\t\t<\/div>\r\n\t\t<\/article>\r\n\t\r\n\t\t<article class=\"post-box blog-slider-box-width kwayy-blogbox-format-standard acupuntura conselhos-uteis medicina-integrativa medicina-tradicional-chinesa naturopatia reflecoes terapias-nao-convencionais\">\r\n\t\t\t<div class=\"post-item\">\r\n\t\t\t\t<div class=\"post-item-thumbnail\">\r\n\t\t\t\t\t<div class=\"post-item-thumbnail-inner\">\r\n\t\t\t\t\t\t<div class=\"kwayy-postbox-small-date\"><div class=\"kwayy-post-box-date-wrapper\"><div class=\"kwayy-entry-date-wrapper\">\r\n\t\t\t\t\t\t\t\t<span class=\"kwayy-entry-date\">\r\n\t\t\t\t\t\t\t\t\t<time class=\"entry-date\" datetime=\"\" >\r\n\t\t\t\t\t\t\t\t\t\t<span class=\"entry-date\"><\/span> \r\n\t\t\t\t\t\t\t\t\t\t<span class=\"entry-month\"><\/span> \r\n\t\t\t\t\t\t\t\t\t\t<span class=\"entry-year\"><\/span> \r\n\t\t\t\t\t\t\t\t\t<\/time>\r\n\t\t\t\t\t\t\t\t<\/span>\r\n\t\t\t\t\t\t\t<\/div><\/div><\/div>\r\n\t\t\t\t\t\t<a class=\"tm-blog-link\" href=\"https:\/\/clinicamedicadoporto.pt\/staging\/medicina-tradicional-chinesa-memoria\/\"><img loading=\"lazy\" decoding=\"async\" width=\"1280\" height=\"720\" src=\"https:\/\/clinicamedicadoporto.pt\/staging\/wp-content\/uploads\/2017\/02\/mente-medicina-tradicional-chinesa-clinica-medica-do-porto.jpg\" class=\"attachment-portfolio-fix-column size-portfolio-fix-column wp-post-image\" alt=\"mente-medicina-tradicional-chinesa-clinica-medica-do-porto\" srcset=\"https:\/\/clinicamedicadoporto.pt\/staging\/wp-content\/uploads\/2017\/02\/mente-medicina-tradicional-chinesa-clinica-medica-do-porto.jpg 1280w, https:\/\/clinicamedicadoporto.pt\/staging\/wp-content\/uploads\/2017\/02\/mente-medicina-tradicional-chinesa-clinica-medica-do-porto-300x169.jpg 300w, https:\/\/clinicamedicadoporto.pt\/staging\/wp-content\/uploads\/2017\/02\/mente-medicina-tradicional-chinesa-clinica-medica-do-porto-768x432.jpg 768w, https:\/\/clinicamedicadoporto.pt\/staging\/wp-content\/uploads\/2017\/02\/mente-medicina-tradicional-chinesa-clinica-medica-do-porto-1024x576.jpg 1024w, https:\/\/clinicamedicadoporto.pt\/staging\/wp-content\/uploads\/2017\/02\/mente-medicina-tradicional-chinesa-clinica-medica-do-porto-727x409.jpg 727w, https:\/\/clinicamedicadoporto.pt\/staging\/wp-content\/uploads\/2017\/02\/mente-medicina-tradicional-chinesa-clinica-medica-do-porto-1110x624.jpg 1110w, https:\/\/clinicamedicadoporto.pt\/staging\/wp-content\/uploads\/2017\/02\/mente-medicina-tradicional-chinesa-clinica-medica-do-porto-720x406.jpg 720w, https:\/\/clinicamedicadoporto.pt\/staging\/wp-content\/uploads\/2017\/02\/mente-medicina-tradicional-chinesa-clinica-medica-do-porto-750x422.jpg 750w\" sizes=\"auto, (max-width: 1280px) 100vw, 1280px\" \/><\/a>\r\n\t\t\t\t\t<\/div>\r\n\t\t\t\t\t<div class=\"overthumb\"><\/div>\r\n\t\t\t\t\t\r\n\t\t\t\t<\/div>\r\n\t\t\t\t<div class=\"item-content\">\r\n\t\t\t\t\t<h4><a href=\"https:\/\/clinicamedicadoporto.pt\/staging\/medicina-tradicional-chinesa-memoria\/\">Medicina Tradicional Chinesa e Mem\u00f3ria<\/a><\/h4>\r\n\t\t\t\t\t<div class=\"kwayy-meta-details\"><div class=\"kwayy-post-user\"><span class=\"author vcard\"><i class=\"kwicon-fa-user\"><\/i> <a class=\"url fn n\" href=\"https:\/\/clinicamedicadoporto.pt\/staging\/author\/m-reis-cmp\/\" title=\"View all posts by \" rel=\"author\"><\/a><\/span><\/div><span class=\"tags-links\"><i class=\"kwicon-fa-tags\"><\/i> <a href=\"https:\/\/clinicamedicadoporto.pt\/staging\/tag\/clinicamedicadoporto\/\" rel=\"tag\">#clinicamedicadoporto<\/a>, <a href=\"https:\/\/clinicamedicadoporto.pt\/staging\/tag\/porto\/\" rel=\"tag\">#porto<\/a>, <a href=\"https:\/\/clinicamedicadoporto.pt\/staging\/tag\/todasasterapias\/\" rel=\"tag\">#todasasterapias<\/a>, <a href=\"https:\/\/clinicamedicadoporto.pt\/staging\/tag\/acupuntura-e-medicina-chinesa-para-a-memoria-e-falta-de-concentracao\/\" rel=\"tag\">Acupuntura e Medicina Chinesa para a Mem\u00f3ria e Falta de Concentra\u00e7\u00e3o<\/a>, <a href=\"https:\/\/clinicamedicadoporto.pt\/staging\/tag\/acupuntura-para-a-memoria\/\" rel=\"tag\">Acupuntura para a Mem\u00f3ria<\/a>, <a href=\"https:\/\/clinicamedicadoporto.pt\/staging\/tag\/acupuntura-para-o-cansaco\/\" rel=\"tag\">Acupuntura para o Cansa\u00e7o<\/a>, <a href=\"https:\/\/clinicamedicadoporto.pt\/staging\/tag\/ataques-de-ansiedade\/\" rel=\"tag\">ataques de ansiedade<\/a>, <a href=\"https:\/\/clinicamedicadoporto.pt\/staging\/tag\/cansaco\/\" rel=\"tag\">cansa\u00e7o<\/a>, <a href=\"https:\/\/clinicamedicadoporto.pt\/staging\/tag\/cansaco-intelectual\/\" rel=\"tag\">cansa\u00e7o intelectual<\/a>, <a href=\"https:\/\/clinicamedicadoporto.pt\/staging\/tag\/cerebro\/\" rel=\"tag\">c\u00e9rebro<\/a>, <a href=\"https:\/\/clinicamedicadoporto.pt\/staging\/tag\/clinica\/\" rel=\"tag\">clinica<\/a>, <a href=\"https:\/\/clinicamedicadoporto.pt\/staging\/tag\/clinica-medica-do-porto\/\" rel=\"tag\">Clinica M\u00e9dica do Porto<\/a>, <a href=\"https:\/\/clinicamedicadoporto.pt\/staging\/tag\/clinica-porto\/\" rel=\"tag\">Clinica Porto<\/a>, <a href=\"https:\/\/clinicamedicadoporto.pt\/staging\/tag\/concentracao\/\" rel=\"tag\">concentra\u00e7\u00e3o<\/a>, <a href=\"https:\/\/clinicamedicadoporto.pt\/staging\/tag\/consulta\/\" rel=\"tag\">Consulta<\/a>, <a href=\"https:\/\/clinicamedicadoporto.pt\/staging\/tag\/consulta-de-acupuntura\/\" rel=\"tag\">Consulta de Acupuntura<\/a>, <a href=\"https:\/\/clinicamedicadoporto.pt\/staging\/tag\/consulta-de-medicina-chinesa\/\" rel=\"tag\">Consulta de Medicina Chinesa<\/a>, <a href=\"https:\/\/clinicamedicadoporto.pt\/staging\/tag\/consulta-medica\/\" rel=\"tag\">Consulta M\u00e9dica<\/a>, <a href=\"https:\/\/clinicamedicadoporto.pt\/staging\/tag\/criatividade\/\" rel=\"tag\">criatividade<\/a>, <a href=\"https:\/\/clinicamedicadoporto.pt\/staging\/tag\/dificuldade-de-concentracao\/\" rel=\"tag\">dificuldade de concentra\u00e7\u00e3o<\/a>, <a href=\"https:\/\/clinicamedicadoporto.pt\/staging\/tag\/esgotamento\/\" rel=\"tag\">esgotamento<\/a>, <a href=\"https:\/\/clinicamedicadoporto.pt\/staging\/tag\/falhas-de-memoria\/\" rel=\"tag\">falhas de mem\u00f3ria<\/a>, <a href=\"https:\/\/clinicamedicadoporto.pt\/staging\/tag\/falhas-de-raciocinio\/\" rel=\"tag\">Falhas de Racioc\u00ednio<\/a>, <a href=\"https:\/\/clinicamedicadoporto.pt\/staging\/tag\/fraca-memoria\/\" rel=\"tag\">Fraca Mem\u00f3ria<\/a>, <a href=\"https:\/\/clinicamedicadoporto.pt\/staging\/tag\/funcao-cognitiva\/\" rel=\"tag\">fun\u00e7\u00e3o cognitiva<\/a>, <a href=\"https:\/\/clinicamedicadoporto.pt\/staging\/tag\/insonia\/\" rel=\"tag\">ins\u00f3nia<\/a>, <a href=\"https:\/\/clinicamedicadoporto.pt\/staging\/tag\/memoria\/\" rel=\"tag\">mem\u00f3ria<\/a>, <a href=\"https:\/\/clinicamedicadoporto.pt\/staging\/tag\/perda-de-criatividade\/\" rel=\"tag\">Perda de criatividade<\/a>, <a href=\"https:\/\/clinicamedicadoporto.pt\/staging\/tag\/perda-de-memoria\/\" rel=\"tag\">perda de mem\u00f3ria<\/a>, <a href=\"https:\/\/clinicamedicadoporto.pt\/staging\/tag\/raciocinio\/\" rel=\"tag\">racioc\u00ednio<\/a>, <a href=\"https:\/\/clinicamedicadoporto.pt\/staging\/tag\/shen\/\" rel=\"tag\">Shen<\/a>, <a href=\"https:\/\/clinicamedicadoporto.pt\/staging\/tag\/terapia\/\" rel=\"tag\">Terapia<\/a>, <a href=\"https:\/\/clinicamedicadoporto.pt\/staging\/tag\/terapias\/\" rel=\"tag\">Terapias<\/a>, <a href=\"https:\/\/clinicamedicadoporto.pt\/staging\/tag\/todas-as-terapias\/\" rel=\"tag\">Todas as Terapias<\/a><\/span><span class=\"categories-links\"><i class=\"kwicon-fa-folder-open\"><\/i> <a href=\"https:\/\/clinicamedicadoporto.pt\/staging\/category\/terapias-nao-convencionais\/\" rel=\"category tag\">Terapias N\u00e3o Convencionais<\/a>, <a href=\"https:\/\/clinicamedicadoporto.pt\/staging\/category\/terapias-nao-convencionais\/medicina-tradicional-chinesa\/acupuntura\/\" rel=\"category tag\">Acupuntura<\/a>, <a href=\"https:\/\/clinicamedicadoporto.pt\/staging\/category\/conselhos-uteis\/\" rel=\"category tag\">Conselhos \u00dateis<\/a>, <a href=\"https:\/\/clinicamedicadoporto.pt\/staging\/category\/medicina-integrativa\/\" rel=\"category tag\">Medicina Integrativa<\/a>, <a href=\"https:\/\/clinicamedicadoporto.pt\/staging\/category\/terapias-nao-convencionais\/medicina-tradicional-chinesa\/\" rel=\"category tag\">Medicina Tradicional Chinesa<\/a>, <a href=\"https:\/\/clinicamedicadoporto.pt\/staging\/category\/terapias-nao-convencionais\/naturopatia\/\" rel=\"category tag\">Naturopatia<\/a>, <a href=\"https:\/\/clinicamedicadoporto.pt\/staging\/category\/reflecoes\/\" rel=\"category tag\">Reflex\u00f5es<\/a><\/span><\/div>\r\n\t\t\t\t\t<div class=\"kwayy-blogbox-desc\">[vc_row][vc_co...<div class=\"kwayy-post-readmore\"><a href=\"https:\/\/clinicamedicadoporto.pt\/staging\/medicina-tradicional-chinesa-memoria\/\">Read More<i class=\"kwicon-fa-angle-right\"><\/i><\/a><\/div><\/div>\r\n\t\t\t\t<\/div>\r\n\t\t\t<\/div>\r\n\t\t<\/article>\r\n\t\r\n\t\t<article class=\"post-box blog-slider-box-width kwayy-blogbox-format-standard conselhos-uteis cuidados-de-saude fitoterapia naturopatia nutricao-e-dietetica terapias-nao-convencionais\">\r\n\t\t\t<div class=\"post-item\">\r\n\t\t\t\t<div class=\"post-item-thumbnail\">\r\n\t\t\t\t\t<div class=\"post-item-thumbnail-inner\">\r\n\t\t\t\t\t\t<div class=\"kwayy-postbox-small-date\"><div class=\"kwayy-post-box-date-wrapper\"><div class=\"kwayy-entry-date-wrapper\">\r\n\t\t\t\t\t\t\t\t<span class=\"kwayy-entry-date\">\r\n\t\t\t\t\t\t\t\t\t<time class=\"entry-date\" datetime=\"\" >\r\n\t\t\t\t\t\t\t\t\t\t<span class=\"entry-date\"><\/span> \r\n\t\t\t\t\t\t\t\t\t\t<span class=\"entry-month\"><\/span> \r\n\t\t\t\t\t\t\t\t\t\t<span class=\"entry-year\"><\/span> \r\n\t\t\t\t\t\t\t\t\t<\/time>\r\n\t\t\t\t\t\t\t\t<\/span>\r\n\t\t\t\t\t\t\t<\/div><\/div><\/div>\r\n\t\t\t\t\t\t<a class=\"tm-blog-link\" href=\"https:\/\/clinicamedicadoporto.pt\/staging\/malagueta-e-artrite\/\"><img loading=\"lazy\" decoding=\"async\" width=\"1280\" height=\"720\" src=\"https:\/\/clinicamedicadoporto.pt\/staging\/wp-content\/uploads\/2017\/01\/pimenta-caiena-anti-inflamatorio-clinica-medica-do-porto.jpg\" class=\"attachment-portfolio-fix-column size-portfolio-fix-column wp-post-image\" alt=\"Malagueta e Pimenta de Caiena no tratamento da inflama\u00e7\u00e3o\" srcset=\"https:\/\/clinicamedicadoporto.pt\/staging\/wp-content\/uploads\/2017\/01\/pimenta-caiena-anti-inflamatorio-clinica-medica-do-porto.jpg 1280w, https:\/\/clinicamedicadoporto.pt\/staging\/wp-content\/uploads\/2017\/01\/pimenta-caiena-anti-inflamatorio-clinica-medica-do-porto-300x169.jpg 300w, https:\/\/clinicamedicadoporto.pt\/staging\/wp-content\/uploads\/2017\/01\/pimenta-caiena-anti-inflamatorio-clinica-medica-do-porto-768x432.jpg 768w, https:\/\/clinicamedicadoporto.pt\/staging\/wp-content\/uploads\/2017\/01\/pimenta-caiena-anti-inflamatorio-clinica-medica-do-porto-1024x576.jpg 1024w, https:\/\/clinicamedicadoporto.pt\/staging\/wp-content\/uploads\/2017\/01\/pimenta-caiena-anti-inflamatorio-clinica-medica-do-porto-727x409.jpg 727w, https:\/\/clinicamedicadoporto.pt\/staging\/wp-content\/uploads\/2017\/01\/pimenta-caiena-anti-inflamatorio-clinica-medica-do-porto-1110x624.jpg 1110w, https:\/\/clinicamedicadoporto.pt\/staging\/wp-content\/uploads\/2017\/01\/pimenta-caiena-anti-inflamatorio-clinica-medica-do-porto-720x406.jpg 720w, https:\/\/clinicamedicadoporto.pt\/staging\/wp-content\/uploads\/2017\/01\/pimenta-caiena-anti-inflamatorio-clinica-medica-do-porto-750x422.jpg 750w\" sizes=\"auto, (max-width: 1280px) 100vw, 1280px\" \/><\/a>\r\n\t\t\t\t\t<\/div>\r\n\t\t\t\t\t<div class=\"overthumb\"><\/div>\r\n\t\t\t\t\t\r\n\t\t\t\t<\/div>\r\n\t\t\t\t<div class=\"item-content\">\r\n\t\t\t\t\t<h4><a href=\"https:\/\/clinicamedicadoporto.pt\/staging\/malagueta-e-artrite\/\">Malagueta: Benef\u00edcios Terap\u00eauticos na Artrite<\/a><\/h4>\r\n\t\t\t\t\t<div class=\"kwayy-meta-details\"><div class=\"kwayy-post-user\"><span class=\"author vcard\"><i class=\"kwicon-fa-user\"><\/i> <a class=\"url fn n\" href=\"https:\/\/clinicamedicadoporto.pt\/staging\/author\/m-reis-cmp\/\" title=\"View all posts by \" rel=\"author\"><\/a><\/span><\/div><span class=\"tags-links\"><i class=\"kwicon-fa-tags\"><\/i> <a href=\"https:\/\/clinicamedicadoporto.pt\/staging\/tag\/clinicamedicadoporto\/\" rel=\"tag\">#clinicamedicadoporto<\/a>, <a href=\"https:\/\/clinicamedicadoporto.pt\/staging\/tag\/porto\/\" rel=\"tag\">#porto<\/a>, <a href=\"https:\/\/clinicamedicadoporto.pt\/staging\/tag\/todasasterapias\/\" rel=\"tag\">#todasasterapias<\/a>, <a href=\"https:\/\/clinicamedicadoporto.pt\/staging\/tag\/anti-inflamatorio\/\" rel=\"tag\">anti-inflamat\u00f3rio<\/a>, <a href=\"https:\/\/clinicamedicadoporto.pt\/staging\/tag\/artrite\/\" rel=\"tag\">artrite<\/a>, <a href=\"https:\/\/clinicamedicadoporto.pt\/staging\/tag\/capsaseina\/\" rel=\"tag\">Capsaseina<\/a>, <a href=\"https:\/\/clinicamedicadoporto.pt\/staging\/tag\/clinica\/\" rel=\"tag\">clinica<\/a>, <a href=\"https:\/\/clinicamedicadoporto.pt\/staging\/tag\/clinica-medica-do-porto\/\" rel=\"tag\">Clinica M\u00e9dica do Porto<\/a>, <a href=\"https:\/\/clinicamedicadoporto.pt\/staging\/tag\/clinica-porto\/\" rel=\"tag\">Clinica Porto<\/a>, <a href=\"https:\/\/clinicamedicadoporto.pt\/staging\/tag\/consulta\/\" rel=\"tag\">Consulta<\/a>, <a href=\"https:\/\/clinicamedicadoporto.pt\/staging\/tag\/consulta-medica\/\" rel=\"tag\">Consulta M\u00e9dica<\/a>, <a href=\"https:\/\/clinicamedicadoporto.pt\/staging\/tag\/dor-articular\/\" rel=\"tag\">dor articular<\/a>, <a href=\"https:\/\/clinicamedicadoporto.pt\/staging\/tag\/dor-reumatica\/\" rel=\"tag\">Dor Reumatica<\/a>, <a href=\"https:\/\/clinicamedicadoporto.pt\/staging\/tag\/inflamacao\/\" rel=\"tag\">inflama\u00e7\u00e3o<\/a>, <a href=\"https:\/\/clinicamedicadoporto.pt\/staging\/tag\/inflamacao-articular\/\" rel=\"tag\">Inflama\u00e7\u00e3o Articular<\/a>, <a href=\"https:\/\/clinicamedicadoporto.pt\/staging\/tag\/malagueta\/\" rel=\"tag\">malagueta<\/a>, <a href=\"https:\/\/clinicamedicadoporto.pt\/staging\/tag\/pimenta-de-caiena\/\" rel=\"tag\">Pimenta de Caiena<\/a>, <a href=\"https:\/\/clinicamedicadoporto.pt\/staging\/tag\/terapia\/\" rel=\"tag\">Terapia<\/a>, <a href=\"https:\/\/clinicamedicadoporto.pt\/staging\/tag\/terapias\/\" rel=\"tag\">Terapias<\/a>, <a href=\"https:\/\/clinicamedicadoporto.pt\/staging\/tag\/todas-as-terapias\/\" rel=\"tag\">Todas as Terapias<\/a>, <a href=\"https:\/\/clinicamedicadoporto.pt\/staging\/tag\/tratamento-da-artrite\/\" rel=\"tag\">tratamento da artrite<\/a>, <a href=\"https:\/\/clinicamedicadoporto.pt\/staging\/tag\/tratar-artrite-de-forma-natural\/\" rel=\"tag\">Tratar Artrite de Forma Natural<\/a>, <a href=\"https:\/\/clinicamedicadoporto.pt\/staging\/tag\/tratar-artrite-sem-medicamentos\/\" rel=\"tag\">Tratar Artrite sem Medicamentos<\/a><\/span><span class=\"categories-links\"><i class=\"kwicon-fa-folder-open\"><\/i> <a href=\"https:\/\/clinicamedicadoporto.pt\/staging\/category\/terapias-nao-convencionais\/\" rel=\"category tag\">Terapias N\u00e3o Convencionais<\/a>, <a href=\"https:\/\/clinicamedicadoporto.pt\/staging\/category\/conselhos-uteis\/\" rel=\"category tag\">Conselhos \u00dateis<\/a>, <a href=\"https:\/\/clinicamedicadoporto.pt\/staging\/category\/cuidados-de-saude\/\" rel=\"category tag\">Cuidados de Sa\u00fade<\/a>, <a href=\"https:\/\/clinicamedicadoporto.pt\/staging\/category\/terapias-nao-convencionais\/fitoterapia\/\" rel=\"category tag\">Fitoterapia<\/a>, <a href=\"https:\/\/clinicamedicadoporto.pt\/staging\/category\/terapias-nao-convencionais\/naturopatia\/\" rel=\"category tag\">Naturopatia<\/a>, <a href=\"https:\/\/clinicamedicadoporto.pt\/staging\/category\/nutricao-e-dietetica\/\" rel=\"category tag\">Nutri\u00e7\u00e3o e Diet\u00e9tica<\/a><\/span><\/div>\r\n\t\t\t\t\t<div class=\"kwayy-blogbox-desc\">[vc_row][vc_co...<div class=\"kwayy-post-readmore\"><a href=\"https:\/\/clinicamedicadoporto.pt\/staging\/malagueta-e-artrite\/\">Read More<i class=\"kwicon-fa-angle-right\"><\/i><\/a><\/div><\/div>\r\n\t\t\t\t<\/div>\r\n\t\t\t<\/div>\r\n\t\t<\/article>\r\n\t\r\n\t\t<article class=\"post-box blog-slider-box-width kwayy-blogbox-format-standard conselhos-uteis cuidados-de-saude fitoterapia naturopatia nutricao-e-dietetica terapias-nao-convencionais\">\r\n\t\t\t<div class=\"post-item\">\r\n\t\t\t\t<div class=\"post-item-thumbnail\">\r\n\t\t\t\t\t<div class=\"post-item-thumbnail-inner\">\r\n\t\t\t\t\t\t<div class=\"kwayy-postbox-small-date\"><div class=\"kwayy-post-box-date-wrapper\"><div class=\"kwayy-entry-date-wrapper\">\r\n\t\t\t\t\t\t\t\t<span class=\"kwayy-entry-date\">\r\n\t\t\t\t\t\t\t\t\t<time class=\"entry-date\" datetime=\"\" >\r\n\t\t\t\t\t\t\t\t\t\t<span class=\"entry-date\"><\/span> \r\n\t\t\t\t\t\t\t\t\t\t<span class=\"entry-month\"><\/span> \r\n\t\t\t\t\t\t\t\t\t\t<span class=\"entry-year\"><\/span> \r\n\t\t\t\t\t\t\t\t\t<\/time>\r\n\t\t\t\t\t\t\t\t<\/span>\r\n\t\t\t\t\t\t\t<\/div><\/div><\/div>\r\n\t\t\t\t\t\t<a class=\"tm-blog-link\" href=\"https:\/\/clinicamedicadoporto.pt\/staging\/beneficios-da-linhaca\/\"><img loading=\"lazy\" decoding=\"async\" width=\"1280\" height=\"720\" src=\"https:\/\/clinicamedicadoporto.pt\/staging\/wp-content\/uploads\/2016\/12\/sementes-linhaca-clinica-medica-do-porto.jpg\" class=\"attachment-portfolio-fix-column size-portfolio-fix-column wp-post-image\" alt=\"Sementes de linha\u00e7a - Cl\u00ednica M\u00e9dica do Porto\" srcset=\"https:\/\/clinicamedicadoporto.pt\/staging\/wp-content\/uploads\/2016\/12\/sementes-linhaca-clinica-medica-do-porto.jpg 1280w, https:\/\/clinicamedicadoporto.pt\/staging\/wp-content\/uploads\/2016\/12\/sementes-linhaca-clinica-medica-do-porto-300x169.jpg 300w, https:\/\/clinicamedicadoporto.pt\/staging\/wp-content\/uploads\/2016\/12\/sementes-linhaca-clinica-medica-do-porto-768x432.jpg 768w, https:\/\/clinicamedicadoporto.pt\/staging\/wp-content\/uploads\/2016\/12\/sementes-linhaca-clinica-medica-do-porto-1024x576.jpg 1024w, https:\/\/clinicamedicadoporto.pt\/staging\/wp-content\/uploads\/2016\/12\/sementes-linhaca-clinica-medica-do-porto-727x409.jpg 727w, https:\/\/clinicamedicadoporto.pt\/staging\/wp-content\/uploads\/2016\/12\/sementes-linhaca-clinica-medica-do-porto-1110x624.jpg 1110w, https:\/\/clinicamedicadoporto.pt\/staging\/wp-content\/uploads\/2016\/12\/sementes-linhaca-clinica-medica-do-porto-720x406.jpg 720w, https:\/\/clinicamedicadoporto.pt\/staging\/wp-content\/uploads\/2016\/12\/sementes-linhaca-clinica-medica-do-porto-750x422.jpg 750w\" sizes=\"auto, (max-width: 1280px) 100vw, 1280px\" \/><\/a>\r\n\t\t\t\t\t<\/div>\r\n\t\t\t\t\t<div class=\"overthumb\"><\/div>\r\n\t\t\t\t\t\r\n\t\t\t\t<\/div>\r\n\t\t\t\t<div class=\"item-content\">\r\n\t\t\t\t\t<h4><a href=\"https:\/\/clinicamedicadoporto.pt\/staging\/beneficios-da-linhaca\/\">Benef\u00edcios Terap\u00eauticos da Linha\u00e7a<\/a><\/h4>\r\n\t\t\t\t\t<div class=\"kwayy-meta-details\"><div class=\"kwayy-post-user\"><span class=\"author vcard\"><i class=\"kwicon-fa-user\"><\/i> <a class=\"url fn n\" href=\"https:\/\/clinicamedicadoporto.pt\/staging\/author\/m-reis-cmp\/\" title=\"View all posts by \" rel=\"author\"><\/a><\/span><\/div><span class=\"tags-links\"><i class=\"kwicon-fa-tags\"><\/i> <a href=\"https:\/\/clinicamedicadoporto.pt\/staging\/tag\/clinicamedicadoporto\/\" rel=\"tag\">#clinicamedicadoporto<\/a>, <a href=\"https:\/\/clinicamedicadoporto.pt\/staging\/tag\/porto\/\" rel=\"tag\">#porto<\/a>, <a href=\"https:\/\/clinicamedicadoporto.pt\/staging\/tag\/todasasterapias\/\" rel=\"tag\">#todasasterapias<\/a>, <a href=\"https:\/\/clinicamedicadoporto.pt\/staging\/tag\/acido-alfa-linoleico\/\" rel=\"tag\">\u00e1cido alfa linoleico<\/a>, <a href=\"https:\/\/clinicamedicadoporto.pt\/staging\/tag\/clinica\/\" rel=\"tag\">clinica<\/a>, <a href=\"https:\/\/clinicamedicadoporto.pt\/staging\/tag\/clinica-medica-do-porto\/\" rel=\"tag\">Clinica M\u00e9dica do Porto<\/a>, <a href=\"https:\/\/clinicamedicadoporto.pt\/staging\/tag\/clinica-porto\/\" rel=\"tag\">Clinica Porto<\/a>, <a href=\"https:\/\/clinicamedicadoporto.pt\/staging\/tag\/consulta\/\" rel=\"tag\">Consulta<\/a>, <a href=\"https:\/\/clinicamedicadoporto.pt\/staging\/tag\/consulta-medica\/\" rel=\"tag\">Consulta M\u00e9dica<\/a>, <a href=\"https:\/\/clinicamedicadoporto.pt\/staging\/tag\/fitoestrogeneos\/\" rel=\"tag\">fitoestrog\u00e9neos<\/a>, <a href=\"https:\/\/clinicamedicadoporto.pt\/staging\/tag\/fitoterapia\/\" rel=\"tag\">Fitoterapia<\/a>, <a href=\"https:\/\/clinicamedicadoporto.pt\/staging\/tag\/linhaca\/\" rel=\"tag\">linha\u00e7a<\/a>, <a href=\"https:\/\/clinicamedicadoporto.pt\/staging\/tag\/linhanos\/\" rel=\"tag\">linhanos<\/a>, <a href=\"https:\/\/clinicamedicadoporto.pt\/staging\/tag\/linho\/\" rel=\"tag\">linho<\/a>, <a href=\"https:\/\/clinicamedicadoporto.pt\/staging\/tag\/terapia\/\" rel=\"tag\">Terapia<\/a>, <a href=\"https:\/\/clinicamedicadoporto.pt\/staging\/tag\/terapias\/\" rel=\"tag\">Terapias<\/a>, <a href=\"https:\/\/clinicamedicadoporto.pt\/staging\/tag\/todas-as-terapias\/\" rel=\"tag\">Todas as Terapias<\/a>, <a href=\"https:\/\/clinicamedicadoporto.pt\/staging\/tag\/tratamento-natural\/\" rel=\"tag\">Tratamento Natural<\/a><\/span><span class=\"categories-links\"><i class=\"kwicon-fa-folder-open\"><\/i> <a href=\"https:\/\/clinicamedicadoporto.pt\/staging\/category\/nutricao-e-dietetica\/\" rel=\"category tag\">Nutri\u00e7\u00e3o e Diet\u00e9tica<\/a>, <a href=\"https:\/\/clinicamedicadoporto.pt\/staging\/category\/conselhos-uteis\/\" rel=\"category tag\">Conselhos \u00dateis<\/a>, <a href=\"https:\/\/clinicamedicadoporto.pt\/staging\/category\/cuidados-de-saude\/\" rel=\"category tag\">Cuidados de Sa\u00fade<\/a>, <a href=\"https:\/\/clinicamedicadoporto.pt\/staging\/category\/terapias-nao-convencionais\/fitoterapia\/\" rel=\"category tag\">Fitoterapia<\/a>, <a href=\"https:\/\/clinicamedicadoporto.pt\/staging\/category\/terapias-nao-convencionais\/naturopatia\/\" rel=\"category tag\">Naturopatia<\/a>, <a href=\"https:\/\/clinicamedicadoporto.pt\/staging\/category\/terapias-nao-convencionais\/\" rel=\"category tag\">Terapias N\u00e3o Convencionais<\/a><\/span><\/div>\r\n\t\t\t\t\t<div class=\"kwayy-blogbox-desc\">[vc_row][vc_co...<div class=\"kwayy-post-readmore\"><a href=\"https:\/\/clinicamedicadoporto.pt\/staging\/beneficios-da-linhaca\/\">Read More<i class=\"kwicon-fa-angle-right\"><\/i><\/a><\/div><\/div>\r\n\t\t\t\t<\/div>\r\n\t\t\t<\/div>\r\n\t\t<\/article>\r\n\t\r\n\t\t<article class=\"post-box blog-slider-box-width kwayy-blogbox-format-standard cuidados-de-saude fitoterapia fitoterapia-chinesa terapias-nao-convencionais\">\r\n\t\t\t<div class=\"post-item\">\r\n\t\t\t\t<div class=\"post-item-thumbnail\">\r\n\t\t\t\t\t<div class=\"post-item-thumbnail-inner\">\r\n\t\t\t\t\t\t<div class=\"kwayy-postbox-small-date\"><div class=\"kwayy-post-box-date-wrapper\"><div class=\"kwayy-entry-date-wrapper\">\r\n\t\t\t\t\t\t\t\t<span class=\"kwayy-entry-date\">\r\n\t\t\t\t\t\t\t\t\t<time class=\"entry-date\" datetime=\"\" >\r\n\t\t\t\t\t\t\t\t\t\t<span class=\"entry-date\"><\/span> \r\n\t\t\t\t\t\t\t\t\t\t<span class=\"entry-month\"><\/span> \r\n\t\t\t\t\t\t\t\t\t\t<span class=\"entry-year\"><\/span> \r\n\t\t\t\t\t\t\t\t\t<\/time>\r\n\t\t\t\t\t\t\t\t<\/span>\r\n\t\t\t\t\t\t\t<\/div><\/div><\/div>\r\n\t\t\t\t\t\t<a class=\"tm-blog-link\" href=\"https:\/\/clinicamedicadoporto.pt\/staging\/prozac-natural-efeito-do-hipericao\/\"><img loading=\"lazy\" decoding=\"async\" width=\"1280\" height=\"720\" src=\"https:\/\/clinicamedicadoporto.pt\/staging\/wp-content\/uploads\/2013\/07\/hipericao-clinica-medica-porto.jpg\" class=\"attachment-portfolio-fix-column size-portfolio-fix-column wp-post-image\" alt=\"hipericao-clinica-medica-porto\" srcset=\"https:\/\/clinicamedicadoporto.pt\/staging\/wp-content\/uploads\/2013\/07\/hipericao-clinica-medica-porto.jpg 1280w, https:\/\/clinicamedicadoporto.pt\/staging\/wp-content\/uploads\/2013\/07\/hipericao-clinica-medica-porto-300x169.jpg 300w, https:\/\/clinicamedicadoporto.pt\/staging\/wp-content\/uploads\/2013\/07\/hipericao-clinica-medica-porto-768x432.jpg 768w, https:\/\/clinicamedicadoporto.pt\/staging\/wp-content\/uploads\/2013\/07\/hipericao-clinica-medica-porto-1024x576.jpg 1024w, https:\/\/clinicamedicadoporto.pt\/staging\/wp-content\/uploads\/2013\/07\/hipericao-clinica-medica-porto-727x409.jpg 727w, https:\/\/clinicamedicadoporto.pt\/staging\/wp-content\/uploads\/2013\/07\/hipericao-clinica-medica-porto-1110x624.jpg 1110w, https:\/\/clinicamedicadoporto.pt\/staging\/wp-content\/uploads\/2013\/07\/hipericao-clinica-medica-porto-720x406.jpg 720w, https:\/\/clinicamedicadoporto.pt\/staging\/wp-content\/uploads\/2013\/07\/hipericao-clinica-medica-porto-750x422.jpg 750w\" sizes=\"auto, (max-width: 1280px) 100vw, 1280px\" \/><\/a>\r\n\t\t\t\t\t<\/div>\r\n\t\t\t\t\t<div class=\"overthumb\"><\/div>\r\n\t\t\t\t\t\r\n\t\t\t\t<\/div>\r\n\t\t\t\t<div class=\"item-content\">\r\n\t\t\t\t\t<h4><a href=\"https:\/\/clinicamedicadoporto.pt\/staging\/prozac-natural-efeito-do-hipericao\/\">Prozac\u2122 Natural ou Efeito do Hiperic\u00e3o<\/a><\/h4>\r\n\t\t\t\t\t<div class=\"kwayy-meta-details\"><div class=\"kwayy-post-user\"><span class=\"author vcard\"><i class=\"kwicon-fa-user\"><\/i> <a class=\"url fn n\" href=\"https:\/\/clinicamedicadoporto.pt\/staging\/author\/m-reis-cmp\/\" title=\"View all posts by \" rel=\"author\"><\/a><\/span><\/div><span class=\"tags-links\"><i class=\"kwicon-fa-tags\"><\/i> <a href=\"https:\/\/clinicamedicadoporto.pt\/staging\/tag\/clinicamedicadoporto\/\" rel=\"tag\">#clinicamedicadoporto<\/a>, <a href=\"https:\/\/clinicamedicadoporto.pt\/staging\/tag\/porto\/\" rel=\"tag\">#porto<\/a>, <a href=\"https:\/\/clinicamedicadoporto.pt\/staging\/tag\/todasasterapias\/\" rel=\"tag\">#todasasterapias<\/a>, <a href=\"https:\/\/clinicamedicadoporto.pt\/staging\/tag\/clinica\/\" rel=\"tag\">clinica<\/a>, <a href=\"https:\/\/clinicamedicadoporto.pt\/staging\/tag\/clinica-medica-do-porto\/\" rel=\"tag\">Clinica M\u00e9dica do Porto<\/a>, <a href=\"https:\/\/clinicamedicadoporto.pt\/staging\/tag\/clinica-porto\/\" rel=\"tag\">Clinica Porto<\/a>, <a href=\"https:\/\/clinicamedicadoporto.pt\/staging\/tag\/consulta\/\" rel=\"tag\">Consulta<\/a>, <a href=\"https:\/\/clinicamedicadoporto.pt\/staging\/tag\/consulta-medica\/\" rel=\"tag\">Consulta M\u00e9dica<\/a>, <a href=\"https:\/\/clinicamedicadoporto.pt\/staging\/tag\/depressao\/\" rel=\"tag\">depress\u00e3o<\/a>, <a href=\"https:\/\/clinicamedicadoporto.pt\/staging\/tag\/fitoterapia-para-a-depressao\/\" rel=\"tag\">Fitoterapia para a Depress\u00e3o<\/a>, <a href=\"https:\/\/clinicamedicadoporto.pt\/staging\/tag\/hipericao\/\" rel=\"tag\">hiperic\u00e3o<\/a>, <a href=\"https:\/\/clinicamedicadoporto.pt\/staging\/tag\/hypericum-perforatum\/\" rel=\"tag\">Hypericum Perforatum<\/a>, <a href=\"https:\/\/clinicamedicadoporto.pt\/staging\/tag\/prozac\/\" rel=\"tag\">prozac<\/a>, <a href=\"https:\/\/clinicamedicadoporto.pt\/staging\/tag\/stress\/\" rel=\"tag\">stress<\/a>, <a href=\"https:\/\/clinicamedicadoporto.pt\/staging\/tag\/terapia\/\" rel=\"tag\">Terapia<\/a>, <a href=\"https:\/\/clinicamedicadoporto.pt\/staging\/tag\/terapias\/\" rel=\"tag\">Terapias<\/a>, <a href=\"https:\/\/clinicamedicadoporto.pt\/staging\/tag\/todas-as-terapias\/\" rel=\"tag\">Todas as Terapias<\/a>, <a href=\"https:\/\/clinicamedicadoporto.pt\/staging\/tag\/tratamento-para-a-depressao\/\" rel=\"tag\">Tratamento para a Depress\u00e3o<\/a>, <a href=\"https:\/\/clinicamedicadoporto.pt\/staging\/tag\/tratamentos-naturais-para-a-depressao-e-ansiedade\/\" rel=\"tag\">Tratamentos Naturais para a Depress\u00e3o e Ansiedade<\/a>, <a href=\"https:\/\/clinicamedicadoporto.pt\/staging\/tag\/tratar-a-ansiedade\/\" rel=\"tag\">Tratar a Ansiedade<\/a>, <a href=\"https:\/\/clinicamedicadoporto.pt\/staging\/tag\/tratar-depressao-sem-medicamentos\/\" rel=\"tag\">Tratar Depress\u00e3o Sem Medicamentos<\/a><\/span><span class=\"categories-links\"><i class=\"kwicon-fa-folder-open\"><\/i> <a href=\"https:\/\/clinicamedicadoporto.pt\/staging\/category\/cuidados-de-saude\/\" rel=\"category tag\">Cuidados de Sa\u00fade<\/a>, <a href=\"https:\/\/clinicamedicadoporto.pt\/staging\/category\/terapias-nao-convencionais\/fitoterapia\/\" rel=\"category tag\">Fitoterapia<\/a>, <a href=\"https:\/\/clinicamedicadoporto.pt\/staging\/category\/terapias-nao-convencionais\/medicina-tradicional-chinesa\/fitoterapia-chinesa\/\" rel=\"category tag\">Fitoterapia Chinesa<\/a>, <a href=\"https:\/\/clinicamedicadoporto.pt\/staging\/category\/terapias-nao-convencionais\/\" rel=\"category tag\">Terapias N\u00e3o Convencionais<\/a><\/span><\/div>\r\n\t\t\t\t\t<div class=\"kwayy-blogbox-desc\">[vc_row][vc_co...<div class=\"kwayy-post-readmore\"><a href=\"https:\/\/clinicamedicadoporto.pt\/staging\/prozac-natural-efeito-do-hipericao\/\">Read More<i class=\"kwicon-fa-angle-right\"><\/i><\/a><\/div><\/div>\r\n\t\t\t\t<\/div>\r\n\t\t\t<\/div>\r\n\t\t<\/article>\r\n\t\r\n\t\t<article class=\"post-box blog-slider-box-width kwayy-blogbox-format-standard cuidados-de-saude medicina-tradicional-chinesa reflecoes terapias-nao-convencionais\">\r\n\t\t\t<div class=\"post-item\">\r\n\t\t\t\t<div class=\"post-item-thumbnail\">\r\n\t\t\t\t\t<div class=\"post-item-thumbnail-inner\">\r\n\t\t\t\t\t\t<div class=\"kwayy-postbox-small-date\"><div class=\"kwayy-post-box-date-wrapper\"><div class=\"kwayy-entry-date-wrapper\">\r\n\t\t\t\t\t\t\t\t<span class=\"kwayy-entry-date\">\r\n\t\t\t\t\t\t\t\t\t<time class=\"entry-date\" datetime=\"\" >\r\n\t\t\t\t\t\t\t\t\t\t<span class=\"entry-date\"><\/span> \r\n\t\t\t\t\t\t\t\t\t\t<span class=\"entry-month\"><\/span> \r\n\t\t\t\t\t\t\t\t\t\t<span class=\"entry-year\"><\/span> \r\n\t\t\t\t\t\t\t\t\t<\/time>\r\n\t\t\t\t\t\t\t\t<\/span>\r\n\t\t\t\t\t\t\t<\/div><\/div><\/div>\r\n\t\t\t\t\t\t<a class=\"tm-blog-link\" href=\"https:\/\/clinicamedicadoporto.pt\/staging\/yin-yang-simbologia-medicina-tradicional-chinesa\/\"><img loading=\"lazy\" decoding=\"async\" width=\"1024\" height=\"576\" src=\"https:\/\/clinicamedicadoporto.pt\/staging\/wp-content\/uploads\/2016\/05\/Clinica-Medica-do-Porto-Yin-e-Yang.jpg\" class=\"attachment-portfolio-fix-column size-portfolio-fix-column wp-post-image\" alt=\"Yin e Yang - Cl\u00ednica M\u00e9dica do Porto\" srcset=\"https:\/\/clinicamedicadoporto.pt\/staging\/wp-content\/uploads\/2016\/05\/Clinica-Medica-do-Porto-Yin-e-Yang.jpg 1024w, https:\/\/clinicamedicadoporto.pt\/staging\/wp-content\/uploads\/2016\/05\/Clinica-Medica-do-Porto-Yin-e-Yang-300x169.jpg 300w, https:\/\/clinicamedicadoporto.pt\/staging\/wp-content\/uploads\/2016\/05\/Clinica-Medica-do-Porto-Yin-e-Yang-768x432.jpg 768w, https:\/\/clinicamedicadoporto.pt\/staging\/wp-content\/uploads\/2016\/05\/Clinica-Medica-do-Porto-Yin-e-Yang-727x409.jpg 727w, https:\/\/clinicamedicadoporto.pt\/staging\/wp-content\/uploads\/2016\/05\/Clinica-Medica-do-Porto-Yin-e-Yang-720x406.jpg 720w, https:\/\/clinicamedicadoporto.pt\/staging\/wp-content\/uploads\/2016\/05\/Clinica-Medica-do-Porto-Yin-e-Yang-750x422.jpg 750w\" sizes=\"auto, (max-width: 1024px) 100vw, 1024px\" \/><\/a>\r\n\t\t\t\t\t<\/div>\r\n\t\t\t\t\t<div class=\"overthumb\"><\/div>\r\n\t\t\t\t\t\r\n\t\t\t\t<\/div>\r\n\t\t\t\t<div class=\"item-content\">\r\n\t\t\t\t\t<h4><a href=\"https:\/\/clinicamedicadoporto.pt\/staging\/yin-yang-simbologia-medicina-tradicional-chinesa\/\">Simbologia Yin Yang e Medicina Tradicional Chinesa<\/a><\/h4>\r\n\t\t\t\t\t<div class=\"kwayy-meta-details\"><div class=\"kwayy-post-user\"><span class=\"author vcard\"><i class=\"kwicon-fa-user\"><\/i> <a class=\"url fn n\" href=\"https:\/\/clinicamedicadoporto.pt\/staging\/author\/m-reis-cmp\/\" title=\"View all posts by \" rel=\"author\"><\/a><\/span><\/div><span class=\"tags-links\"><i class=\"kwicon-fa-tags\"><\/i> <a href=\"https:\/\/clinicamedicadoporto.pt\/staging\/tag\/clinicamedicadoporto\/\" rel=\"tag\">#clinicamedicadoporto<\/a>, <a href=\"https:\/\/clinicamedicadoporto.pt\/staging\/tag\/porto\/\" rel=\"tag\">#porto<\/a>, <a href=\"https:\/\/clinicamedicadoporto.pt\/staging\/tag\/todasasterapias\/\" rel=\"tag\">#todasasterapias<\/a>, <a href=\"https:\/\/clinicamedicadoporto.pt\/staging\/tag\/acupuntura\/\" rel=\"tag\">acupuntura<\/a>, <a href=\"https:\/\/clinicamedicadoporto.pt\/staging\/tag\/clinica\/\" rel=\"tag\">clinica<\/a>, <a href=\"https:\/\/clinicamedicadoporto.pt\/staging\/tag\/clinica-medica-do-porto\/\" rel=\"tag\">Clinica M\u00e9dica do Porto<\/a>, <a href=\"https:\/\/clinicamedicadoporto.pt\/staging\/tag\/clinica-porto\/\" rel=\"tag\">Clinica Porto<\/a>, <a href=\"https:\/\/clinicamedicadoporto.pt\/staging\/tag\/consulta\/\" rel=\"tag\">Consulta<\/a>, <a href=\"https:\/\/clinicamedicadoporto.pt\/staging\/tag\/consulta-de-acupuntura\/\" rel=\"tag\">Consulta de Acupuntura<\/a>, <a href=\"https:\/\/clinicamedicadoporto.pt\/staging\/tag\/consulta-de-medicina-chinesa\/\" rel=\"tag\">Consulta de Medicina Chinesa<\/a>, <a href=\"https:\/\/clinicamedicadoporto.pt\/staging\/tag\/consulta-medica\/\" rel=\"tag\">Consulta M\u00e9dica<\/a>, <a href=\"https:\/\/clinicamedicadoporto.pt\/staging\/tag\/cultura-oriental\/\" rel=\"tag\">cultura oriental<\/a>, <a href=\"https:\/\/clinicamedicadoporto.pt\/staging\/tag\/lado-yin-e-yang-do-corpo\/\" rel=\"tag\">lado yin e yang do corpo<\/a>, <a href=\"https:\/\/clinicamedicadoporto.pt\/staging\/tag\/medicina-tradicional-chinesa\/\" rel=\"tag\">medicina tradicional chinesa<\/a>, <a href=\"https:\/\/clinicamedicadoporto.pt\/staging\/tag\/terapia\/\" rel=\"tag\">Terapia<\/a>, <a href=\"https:\/\/clinicamedicadoporto.pt\/staging\/tag\/terapias\/\" rel=\"tag\">Terapias<\/a>, <a href=\"https:\/\/clinicamedicadoporto.pt\/staging\/tag\/todas-as-terapias\/\" rel=\"tag\">Todas as Terapias<\/a>, <a href=\"https:\/\/clinicamedicadoporto.pt\/staging\/tag\/tratamento-de-acupuntura\/\" rel=\"tag\">Tratamento de Acupuntura<\/a>, <a href=\"https:\/\/clinicamedicadoporto.pt\/staging\/tag\/yin-e-yang\/\" rel=\"tag\">yin e yang<\/a>, <a href=\"https:\/\/clinicamedicadoporto.pt\/staging\/tag\/yin-yang-medicina-chinesa\/\" rel=\"tag\">yin yang medicina chinesa<\/a>, <a href=\"https:\/\/clinicamedicadoporto.pt\/staging\/tag\/yin-yang-medicina-tradicional-chinesa\/\" rel=\"tag\">yin yang medicina tradicional chinesa<\/a>, <a href=\"https:\/\/clinicamedicadoporto.pt\/staging\/tag\/yin-yang-mtc\/\" rel=\"tag\">yin yang mtc<\/a><\/span><span class=\"categories-links\"><i class=\"kwicon-fa-folder-open\"><\/i> <a href=\"https:\/\/clinicamedicadoporto.pt\/staging\/category\/reflecoes\/\" rel=\"category tag\">Reflex\u00f5es<\/a>, <a href=\"https:\/\/clinicamedicadoporto.pt\/staging\/category\/cuidados-de-saude\/\" rel=\"category tag\">Cuidados de Sa\u00fade<\/a>, <a href=\"https:\/\/clinicamedicadoporto.pt\/staging\/category\/terapias-nao-convencionais\/medicina-tradicional-chinesa\/\" rel=\"category tag\">Medicina Tradicional Chinesa<\/a>, <a href=\"https:\/\/clinicamedicadoporto.pt\/staging\/category\/terapias-nao-convencionais\/\" rel=\"category tag\">Terapias N\u00e3o Convencionais<\/a><\/span><\/div>\r\n\t\t\t\t\t<div class=\"kwayy-blogbox-desc\">[vc_row][vc_co...<div class=\"kwayy-post-readmore\"><a href=\"https:\/\/clinicamedicadoporto.pt\/staging\/yin-yang-simbologia-medicina-tradicional-chinesa\/\">Read More<i class=\"kwicon-fa-angle-right\"><\/i><\/a><\/div><\/div>\r\n\t\t\t\t<\/div>\r\n\t\t\t<\/div>\r\n\t\t<\/article>\r\n\t\r\n\t\t<article class=\"post-box blog-slider-box-width kwayy-blogbox-format-standard medicina-integrativa medicina-tradicional-chinesa terapias-nao-convencionais\">\r\n\t\t\t<div class=\"post-item\">\r\n\t\t\t\t<div class=\"post-item-thumbnail\">\r\n\t\t\t\t\t<div class=\"post-item-thumbnail-inner\">\r\n\t\t\t\t\t\t<div class=\"kwayy-postbox-small-date\"><div class=\"kwayy-post-box-date-wrapper\"><div class=\"kwayy-entry-date-wrapper\">\r\n\t\t\t\t\t\t\t\t<span class=\"kwayy-entry-date\">\r\n\t\t\t\t\t\t\t\t\t<time class=\"entry-date\" datetime=\"\" >\r\n\t\t\t\t\t\t\t\t\t\t<span class=\"entry-date\"><\/span> \r\n\t\t\t\t\t\t\t\t\t\t<span class=\"entry-month\"><\/span> \r\n\t\t\t\t\t\t\t\t\t\t<span class=\"entry-year\"><\/span> \r\n\t\t\t\t\t\t\t\t\t<\/time>\r\n\t\t\t\t\t\t\t\t<\/span>\r\n\t\t\t\t\t\t\t<\/div><\/div><\/div>\r\n\t\t\t\t\t\t<a class=\"tm-blog-link\" href=\"https:\/\/clinicamedicadoporto.pt\/staging\/medicina-integrativa\/\"><img loading=\"lazy\" decoding=\"async\" width=\"1024\" height=\"576\" src=\"https:\/\/clinicamedicadoporto.pt\/staging\/wp-content\/uploads\/2016\/05\/Medicina-Integrativa-Clinica-Medica-do-Porto.jpg\" class=\"attachment-portfolio-fix-column size-portfolio-fix-column wp-post-image\" alt=\"Medicina Hol\u00edstica Integrativa - Cl\u00ednica M\u00e9dica do Porto\" srcset=\"https:\/\/clinicamedicadoporto.pt\/staging\/wp-content\/uploads\/2016\/05\/Medicina-Integrativa-Clinica-Medica-do-Porto.jpg 1024w, https:\/\/clinicamedicadoporto.pt\/staging\/wp-content\/uploads\/2016\/05\/Medicina-Integrativa-Clinica-Medica-do-Porto-300x169.jpg 300w, https:\/\/clinicamedicadoporto.pt\/staging\/wp-content\/uploads\/2016\/05\/Medicina-Integrativa-Clinica-Medica-do-Porto-768x432.jpg 768w, https:\/\/clinicamedicadoporto.pt\/staging\/wp-content\/uploads\/2016\/05\/Medicina-Integrativa-Clinica-Medica-do-Porto-727x409.jpg 727w, https:\/\/clinicamedicadoporto.pt\/staging\/wp-content\/uploads\/2016\/05\/Medicina-Integrativa-Clinica-Medica-do-Porto-720x406.jpg 720w, https:\/\/clinicamedicadoporto.pt\/staging\/wp-content\/uploads\/2016\/05\/Medicina-Integrativa-Clinica-Medica-do-Porto-750x422.jpg 750w\" sizes=\"auto, (max-width: 1024px) 100vw, 1024px\" \/><\/a>\r\n\t\t\t\t\t<\/div>\r\n\t\t\t\t\t<div class=\"overthumb\"><\/div>\r\n\t\t\t\t\t\r\n\t\t\t\t<\/div>\r\n\t\t\t\t<div class=\"item-content\">\r\n\t\t\t\t\t<h4><a href=\"https:\/\/clinicamedicadoporto.pt\/staging\/medicina-integrativa\/\">Medicina Integrativa<\/a><\/h4>\r\n\t\t\t\t\t<div class=\"kwayy-meta-details\"><div class=\"kwayy-post-user\"><span class=\"author vcard\"><i class=\"kwicon-fa-user\"><\/i> <a class=\"url fn n\" href=\"https:\/\/clinicamedicadoporto.pt\/staging\/author\/m-reis-cmp\/\" title=\"View all posts by \" rel=\"author\"><\/a><\/span><\/div><span class=\"tags-links\"><i class=\"kwicon-fa-tags\"><\/i> <a href=\"https:\/\/clinicamedicadoporto.pt\/staging\/tag\/clinicamedicadoporto\/\" rel=\"tag\">#clinicamedicadoporto<\/a>, <a href=\"https:\/\/clinicamedicadoporto.pt\/staging\/tag\/porto\/\" rel=\"tag\">#porto<\/a>, <a href=\"https:\/\/clinicamedicadoporto.pt\/staging\/tag\/todasasterapias\/\" rel=\"tag\">#todasasterapias<\/a>, <a href=\"https:\/\/clinicamedicadoporto.pt\/staging\/tag\/alopatia\/\" rel=\"tag\">alopatia<\/a>, <a href=\"https:\/\/clinicamedicadoporto.pt\/staging\/tag\/clinica\/\" rel=\"tag\">clinica<\/a>, <a href=\"https:\/\/clinicamedicadoporto.pt\/staging\/tag\/clinica-medica-do-porto\/\" rel=\"tag\">Clinica M\u00e9dica do Porto<\/a>, <a href=\"https:\/\/clinicamedicadoporto.pt\/staging\/tag\/clinica-porto\/\" rel=\"tag\">Clinica Porto<\/a>, <a href=\"https:\/\/clinicamedicadoporto.pt\/staging\/tag\/consulta\/\" rel=\"tag\">Consulta<\/a>, <a href=\"https:\/\/clinicamedicadoporto.pt\/staging\/tag\/consulta-medica\/\" rel=\"tag\">Consulta M\u00e9dica<\/a>, <a href=\"https:\/\/clinicamedicadoporto.pt\/staging\/tag\/holistica\/\" rel=\"tag\">hol\u00edstica<\/a>, <a href=\"https:\/\/clinicamedicadoporto.pt\/staging\/tag\/medicina-holistica\/\" rel=\"tag\">medicina hol\u00edstica<\/a>, <a href=\"https:\/\/clinicamedicadoporto.pt\/staging\/tag\/medicina-integrativa\/\" rel=\"tag\">medicina integrativa<\/a>, <a href=\"https:\/\/clinicamedicadoporto.pt\/staging\/tag\/terapia\/\" rel=\"tag\">Terapia<\/a>, <a href=\"https:\/\/clinicamedicadoporto.pt\/staging\/tag\/terapia-holistica\/\" rel=\"tag\">terapia hol\u00edstica<\/a>, <a href=\"https:\/\/clinicamedicadoporto.pt\/staging\/tag\/terapias\/\" rel=\"tag\">Terapias<\/a>, <a href=\"https:\/\/clinicamedicadoporto.pt\/staging\/tag\/terapias-nao-complementares\/\" rel=\"tag\">terapias n\u00e3o complementares<\/a>, <a href=\"https:\/\/clinicamedicadoporto.pt\/staging\/tag\/todas-as-terapias\/\" rel=\"tag\">Todas as Terapias<\/a><\/span><span class=\"categories-links\"><i class=\"kwicon-fa-folder-open\"><\/i> <a href=\"https:\/\/clinicamedicadoporto.pt\/staging\/category\/medicina-integrativa\/\" rel=\"category tag\">Medicina Integrativa<\/a>, <a href=\"https:\/\/clinicamedicadoporto.pt\/staging\/category\/terapias-nao-convencionais\/medicina-tradicional-chinesa\/\" rel=\"category tag\">Medicina Tradicional Chinesa<\/a>, <a href=\"https:\/\/clinicamedicadoporto.pt\/staging\/category\/terapias-nao-convencionais\/\" rel=\"category tag\">Terapias N\u00e3o Convencionais<\/a><\/span><\/div>\r\n\t\t\t\t\t<div class=\"kwayy-blogbox-desc\">[vc_row][vc_co...<div class=\"kwayy-post-readmore\"><a href=\"https:\/\/clinicamedicadoporto.pt\/staging\/medicina-integrativa\/\">Read More<i class=\"kwicon-fa-angle-right\"><\/i><\/a><\/div><\/div>\r\n\t\t\t\t<\/div>\r\n\t\t\t<\/div>\r\n\t\t<\/article>\r\n\t\r\n\t\t<article class=\"post-box blog-slider-box-width kwayy-blogbox-format-standard aromaterapia conselhos-uteis cuidados-de-saude\">\r\n\t\t\t<div class=\"post-item\">\r\n\t\t\t\t<div class=\"post-item-thumbnail\">\r\n\t\t\t\t\t<div class=\"post-item-thumbnail-inner\">\r\n\t\t\t\t\t\t<div class=\"kwayy-postbox-small-date\"><div class=\"kwayy-post-box-date-wrapper\"><div class=\"kwayy-entry-date-wrapper\">\r\n\t\t\t\t\t\t\t\t<span class=\"kwayy-entry-date\">\r\n\t\t\t\t\t\t\t\t\t<time class=\"entry-date\" datetime=\"\" >\r\n\t\t\t\t\t\t\t\t\t\t<span class=\"entry-date\"><\/span> \r\n\t\t\t\t\t\t\t\t\t\t<span class=\"entry-month\"><\/span> \r\n\t\t\t\t\t\t\t\t\t\t<span class=\"entry-year\"><\/span> \r\n\t\t\t\t\t\t\t\t\t<\/time>\r\n\t\t\t\t\t\t\t\t<\/span>\r\n\t\t\t\t\t\t\t<\/div><\/div><\/div>\r\n\t\t\t\t\t\t<a class=\"tm-blog-link\" href=\"https:\/\/clinicamedicadoporto.pt\/staging\/alfazema-relacao-directa-joao-pestana\/\"><img loading=\"lazy\" decoding=\"async\" width=\"1024\" height=\"576\" src=\"https:\/\/clinicamedicadoporto.pt\/staging\/wp-content\/uploads\/2016\/05\/Lavanda-Clinica-Medica-do-Porto.jpg\" class=\"attachment-portfolio-fix-column size-portfolio-fix-column wp-post-image\" alt=\"Lavanda ou Alfazema - Cl\u00ednica M\u00e9dica do Porto\" srcset=\"https:\/\/clinicamedicadoporto.pt\/staging\/wp-content\/uploads\/2016\/05\/Lavanda-Clinica-Medica-do-Porto.jpg 1024w, https:\/\/clinicamedicadoporto.pt\/staging\/wp-content\/uploads\/2016\/05\/Lavanda-Clinica-Medica-do-Porto-300x169.jpg 300w, https:\/\/clinicamedicadoporto.pt\/staging\/wp-content\/uploads\/2016\/05\/Lavanda-Clinica-Medica-do-Porto-768x432.jpg 768w, https:\/\/clinicamedicadoporto.pt\/staging\/wp-content\/uploads\/2016\/05\/Lavanda-Clinica-Medica-do-Porto-727x409.jpg 727w, https:\/\/clinicamedicadoporto.pt\/staging\/wp-content\/uploads\/2016\/05\/Lavanda-Clinica-Medica-do-Porto-720x406.jpg 720w, https:\/\/clinicamedicadoporto.pt\/staging\/wp-content\/uploads\/2016\/05\/Lavanda-Clinica-Medica-do-Porto-750x422.jpg 750w\" sizes=\"auto, (max-width: 1024px) 100vw, 1024px\" \/><\/a>\r\n\t\t\t\t\t<\/div>\r\n\t\t\t\t\t<div class=\"overthumb\"><\/div>\r\n\t\t\t\t\t\r\n\t\t\t\t<\/div>\r\n\t\t\t\t<div class=\"item-content\">\r\n\t\t\t\t\t<h4><a href=\"https:\/\/clinicamedicadoporto.pt\/staging\/alfazema-relacao-directa-joao-pestana\/\">A Alfazema e a Rela\u00e7\u00e3o Directa com o Jo\u00e3o Pestana<\/a><\/h4>\r\n\t\t\t\t\t<div class=\"kwayy-meta-details\"><div class=\"kwayy-post-user\"><span class=\"author vcard\"><i class=\"kwicon-fa-user\"><\/i> <a class=\"url fn n\" href=\"https:\/\/clinicamedicadoporto.pt\/staging\/author\/m-reis-cmp\/\" title=\"View all posts by \" rel=\"author\"><\/a><\/span><\/div><span class=\"tags-links\"><i class=\"kwicon-fa-tags\"><\/i> <a href=\"https:\/\/clinicamedicadoporto.pt\/staging\/tag\/clinicamedicadoporto\/\" rel=\"tag\">#clinicamedicadoporto<\/a>, <a href=\"https:\/\/clinicamedicadoporto.pt\/staging\/tag\/porto\/\" rel=\"tag\">#porto<\/a>, <a href=\"https:\/\/clinicamedicadoporto.pt\/staging\/tag\/todasasterapias\/\" rel=\"tag\">#todasasterapias<\/a>, <a href=\"https:\/\/clinicamedicadoporto.pt\/staging\/tag\/alfazema\/\" rel=\"tag\">alfazema<\/a>, <a href=\"https:\/\/clinicamedicadoporto.pt\/staging\/tag\/clinica\/\" rel=\"tag\">clinica<\/a>, <a href=\"https:\/\/clinicamedicadoporto.pt\/staging\/tag\/clinica-medica-do-porto\/\" rel=\"tag\">Clinica M\u00e9dica do Porto<\/a>, <a href=\"https:\/\/clinicamedicadoporto.pt\/staging\/tag\/clinica-porto\/\" rel=\"tag\">Clinica Porto<\/a>, <a href=\"https:\/\/clinicamedicadoporto.pt\/staging\/tag\/consulta\/\" rel=\"tag\">Consulta<\/a>, <a href=\"https:\/\/clinicamedicadoporto.pt\/staging\/tag\/consulta-medica\/\" rel=\"tag\">Consulta M\u00e9dica<\/a>, <a href=\"https:\/\/clinicamedicadoporto.pt\/staging\/tag\/dificuldade-em-adormecer\/\" rel=\"tag\">dificuldade em adormecer<\/a>, <a href=\"https:\/\/clinicamedicadoporto.pt\/staging\/tag\/dormir-mal\/\" rel=\"tag\">Dormir Mal<\/a>, <a href=\"https:\/\/clinicamedicadoporto.pt\/staging\/tag\/estrategias-para-dormir-bem\/\" rel=\"tag\">estrat\u00e9gias para dormir bem<\/a>, <a href=\"https:\/\/clinicamedicadoporto.pt\/staging\/tag\/estrategias-para-dormir-melhor\/\" rel=\"tag\">Estrat\u00e9gias para Dormir Melhor<\/a>, <a href=\"https:\/\/clinicamedicadoporto.pt\/staging\/tag\/insonia\/\" rel=\"tag\">ins\u00f3nia<\/a>, <a href=\"https:\/\/clinicamedicadoporto.pt\/staging\/tag\/lavanda\/\" rel=\"tag\">lavanda<\/a>, <a href=\"https:\/\/clinicamedicadoporto.pt\/staging\/tag\/sono\/\" rel=\"tag\">sono<\/a>, <a href=\"https:\/\/clinicamedicadoporto.pt\/staging\/tag\/terapia\/\" rel=\"tag\">Terapia<\/a>, <a href=\"https:\/\/clinicamedicadoporto.pt\/staging\/tag\/terapias\/\" rel=\"tag\">Terapias<\/a>, <a href=\"https:\/\/clinicamedicadoporto.pt\/staging\/tag\/todas-as-terapias\/\" rel=\"tag\">Todas as Terapias<\/a><\/span><span class=\"categories-links\"><i class=\"kwicon-fa-folder-open\"><\/i> <a href=\"https:\/\/clinicamedicadoporto.pt\/staging\/category\/conselhos-uteis\/\" rel=\"category tag\">Conselhos \u00dateis<\/a>, <a href=\"https:\/\/clinicamedicadoporto.pt\/staging\/category\/aromaterapia\/\" rel=\"category tag\">Aromaterapia<\/a>, <a href=\"https:\/\/clinicamedicadoporto.pt\/staging\/category\/cuidados-de-saude\/\" rel=\"category tag\">Cuidados de Sa\u00fade<\/a><\/span><\/div>\r\n\t\t\t\t\t<div class=\"kwayy-blogbox-desc\">[vc_row][vc_co...<div class=\"kwayy-post-readmore\"><a href=\"https:\/\/clinicamedicadoporto.pt\/staging\/alfazema-relacao-directa-joao-pestana\/\">Read More<i class=\"kwicon-fa-angle-right\"><\/i><\/a><\/div><\/div>\r\n\t\t\t\t<\/div>\r\n\t\t\t<\/div>\r\n\t\t<\/article>\r\n\t\r\n\t\t<article class=\"post-box blog-slider-box-width kwayy-blogbox-format-standard cuidados-de-saude naturopatia terapias-nao-convencionais\">\r\n\t\t\t<div class=\"post-item\">\r\n\t\t\t\t<div class=\"post-item-thumbnail\">\r\n\t\t\t\t\t<div class=\"post-item-thumbnail-inner\">\r\n\t\t\t\t\t\t<div class=\"kwayy-postbox-small-date\"><div class=\"kwayy-post-box-date-wrapper\"><div class=\"kwayy-entry-date-wrapper\">\r\n\t\t\t\t\t\t\t\t<span class=\"kwayy-entry-date\">\r\n\t\t\t\t\t\t\t\t\t<time class=\"entry-date\" datetime=\"\" >\r\n\t\t\t\t\t\t\t\t\t\t<span class=\"entry-date\"><\/span> \r\n\t\t\t\t\t\t\t\t\t\t<span class=\"entry-month\"><\/span> \r\n\t\t\t\t\t\t\t\t\t\t<span class=\"entry-year\"><\/span> \r\n\t\t\t\t\t\t\t\t\t<\/time>\r\n\t\t\t\t\t\t\t\t<\/span>\r\n\t\t\t\t\t\t\t<\/div><\/div><\/div>\r\n\t\t\t\t\t\t<a class=\"tm-blog-link\" href=\"https:\/\/clinicamedicadoporto.pt\/staging\/os-beneficios-do-versatil-alcacuz\/\"><img loading=\"lazy\" decoding=\"async\" width=\"1024\" height=\"576\" src=\"https:\/\/clinicamedicadoporto.pt\/staging\/wp-content\/uploads\/2016\/05\/alcacuz-Clinica-Medica-do-Porto.jpg\" class=\"attachment-portfolio-fix-column size-portfolio-fix-column wp-post-image\" alt=\"Benef\u00edcios do Alca\u00e7uz - Cl\u00ednica M\u00e9dica do Porto\" srcset=\"https:\/\/clinicamedicadoporto.pt\/staging\/wp-content\/uploads\/2016\/05\/alcacuz-Clinica-Medica-do-Porto.jpg 1024w, https:\/\/clinicamedicadoporto.pt\/staging\/wp-content\/uploads\/2016\/05\/alcacuz-Clinica-Medica-do-Porto-300x169.jpg 300w, https:\/\/clinicamedicadoporto.pt\/staging\/wp-content\/uploads\/2016\/05\/alcacuz-Clinica-Medica-do-Porto-768x432.jpg 768w, https:\/\/clinicamedicadoporto.pt\/staging\/wp-content\/uploads\/2016\/05\/alcacuz-Clinica-Medica-do-Porto-727x409.jpg 727w, https:\/\/clinicamedicadoporto.pt\/staging\/wp-content\/uploads\/2016\/05\/alcacuz-Clinica-Medica-do-Porto-720x406.jpg 720w, https:\/\/clinicamedicadoporto.pt\/staging\/wp-content\/uploads\/2016\/05\/alcacuz-Clinica-Medica-do-Porto-750x422.jpg 750w\" sizes=\"auto, (max-width: 1024px) 100vw, 1024px\" \/><\/a>\r\n\t\t\t\t\t<\/div>\r\n\t\t\t\t\t<div class=\"overthumb\"><\/div>\r\n\t\t\t\t\t\r\n\t\t\t\t<\/div>\r\n\t\t\t\t<div class=\"item-content\">\r\n\t\t\t\t\t<h4><a href=\"https:\/\/clinicamedicadoporto.pt\/staging\/os-beneficios-do-versatil-alcacuz\/\">Os Benef\u00edcios do Vers\u00e1til Alca\u00e7uz<\/a><\/h4>\r\n\t\t\t\t\t<div class=\"kwayy-meta-details\"><div class=\"kwayy-post-user\"><span class=\"author vcard\"><i class=\"kwicon-fa-user\"><\/i> <a class=\"url fn n\" href=\"https:\/\/clinicamedicadoporto.pt\/staging\/author\/m-reis-cmp\/\" title=\"View all posts by \" rel=\"author\"><\/a><\/span><\/div><span class=\"tags-links\"><i class=\"kwicon-fa-tags\"><\/i> <a href=\"https:\/\/clinicamedicadoporto.pt\/staging\/tag\/clinicamedicadoporto\/\" rel=\"tag\">#clinicamedicadoporto<\/a>, <a href=\"https:\/\/clinicamedicadoporto.pt\/staging\/tag\/porto\/\" rel=\"tag\">#porto<\/a>, <a href=\"https:\/\/clinicamedicadoporto.pt\/staging\/tag\/todasasterapias\/\" rel=\"tag\">#todasasterapias<\/a>, <a href=\"https:\/\/clinicamedicadoporto.pt\/staging\/tag\/aftas\/\" rel=\"tag\">aftas<\/a>, <a href=\"https:\/\/clinicamedicadoporto.pt\/staging\/tag\/alcacuz\/\" rel=\"tag\">alca\u00e7uz<\/a>, <a href=\"https:\/\/clinicamedicadoporto.pt\/staging\/tag\/anti-inflamatorio\/\" rel=\"tag\">anti-inflamat\u00f3rio<\/a>, <a href=\"https:\/\/clinicamedicadoporto.pt\/staging\/tag\/artrite\/\" rel=\"tag\">artrite<\/a>, <a href=\"https:\/\/clinicamedicadoporto.pt\/staging\/tag\/clinica\/\" rel=\"tag\">clinica<\/a>, <a href=\"https:\/\/clinicamedicadoporto.pt\/staging\/tag\/clinica-medica-do-porto\/\" rel=\"tag\">Clinica M\u00e9dica do Porto<\/a>, <a href=\"https:\/\/clinicamedicadoporto.pt\/staging\/tag\/clinica-porto\/\" rel=\"tag\">Clinica Porto<\/a>, <a href=\"https:\/\/clinicamedicadoporto.pt\/staging\/tag\/consulta\/\" rel=\"tag\">Consulta<\/a>, <a href=\"https:\/\/clinicamedicadoporto.pt\/staging\/tag\/consulta-medica\/\" rel=\"tag\">Consulta M\u00e9dica<\/a>, <a href=\"https:\/\/clinicamedicadoporto.pt\/staging\/tag\/gastrite\/\" rel=\"tag\">gastrite<\/a>, <a href=\"https:\/\/clinicamedicadoporto.pt\/staging\/tag\/reumatismo\/\" rel=\"tag\">reumatismo<\/a>, <a href=\"https:\/\/clinicamedicadoporto.pt\/staging\/tag\/terapia\/\" rel=\"tag\">Terapia<\/a>, <a href=\"https:\/\/clinicamedicadoporto.pt\/staging\/tag\/terapias\/\" rel=\"tag\">Terapias<\/a>, <a href=\"https:\/\/clinicamedicadoporto.pt\/staging\/tag\/todas-as-terapias\/\" rel=\"tag\">Todas as Terapias<\/a>, <a href=\"https:\/\/clinicamedicadoporto.pt\/staging\/tag\/tonico\/\" rel=\"tag\">t\u00f3nico<\/a><\/span><span class=\"categories-links\"><i class=\"kwicon-fa-folder-open\"><\/i> <a href=\"https:\/\/clinicamedicadoporto.pt\/staging\/category\/terapias-nao-convencionais\/naturopatia\/\" rel=\"category tag\">Naturopatia<\/a>, <a href=\"https:\/\/clinicamedicadoporto.pt\/staging\/category\/cuidados-de-saude\/\" rel=\"category tag\">Cuidados de Sa\u00fade<\/a>, <a href=\"https:\/\/clinicamedicadoporto.pt\/staging\/category\/terapias-nao-convencionais\/\" rel=\"category tag\">Terapias N\u00e3o Convencionais<\/a><\/span><\/div>\r\n\t\t\t\t\t<div class=\"kwayy-blogbox-desc\">[vc_row][vc_co...<div class=\"kwayy-post-readmore\"><a href=\"https:\/\/clinicamedicadoporto.pt\/staging\/os-beneficios-do-versatil-alcacuz\/\">Read More<i class=\"kwicon-fa-angle-right\"><\/i><\/a><\/div><\/div>\r\n\t\t\t\t<\/div>\r\n\t\t\t<\/div>\r\n\t\t<\/article>\r\n\t\r\n\t\t<article class=\"post-box blog-slider-box-width kwayy-blogbox-format-standard acupuntura cuidados-de-saude medicina-integrativa medicina-tradicional-chinesa terapias-nao-convencionais\">\r\n\t\t\t<div class=\"post-item\">\r\n\t\t\t\t<div class=\"post-item-thumbnail\">\r\n\t\t\t\t\t<div class=\"post-item-thumbnail-inner\">\r\n\t\t\t\t\t\t<div class=\"kwayy-postbox-small-date\"><div class=\"kwayy-post-box-date-wrapper\"><div class=\"kwayy-entry-date-wrapper\">\r\n\t\t\t\t\t\t\t\t<span class=\"kwayy-entry-date\">\r\n\t\t\t\t\t\t\t\t\t<time class=\"entry-date\" datetime=\"\" >\r\n\t\t\t\t\t\t\t\t\t\t<span class=\"entry-date\"><\/span> \r\n\t\t\t\t\t\t\t\t\t\t<span class=\"entry-month\"><\/span> \r\n\t\t\t\t\t\t\t\t\t\t<span class=\"entry-year\"><\/span> \r\n\t\t\t\t\t\t\t\t\t<\/time>\r\n\t\t\t\t\t\t\t\t<\/span>\r\n\t\t\t\t\t\t\t<\/div><\/div><\/div>\r\n\t\t\t\t\t\t<a class=\"tm-blog-link\" href=\"https:\/\/clinicamedicadoporto.pt\/staging\/infertilidade-medicina-tradicional-chinesa\/\"><img loading=\"lazy\" decoding=\"async\" width=\"1024\" height=\"576\" src=\"https:\/\/clinicamedicadoporto.pt\/staging\/wp-content\/uploads\/2016\/05\/infertilidade-Clinica-Medica-do-Porto.jpg\" class=\"attachment-portfolio-fix-column size-portfolio-fix-column wp-post-image\" alt=\"Infertilidade e Medicina Tradicional Chinesa - Cl\u00ednica M\u00e9dica do Porto\" srcset=\"https:\/\/clinicamedicadoporto.pt\/staging\/wp-content\/uploads\/2016\/05\/infertilidade-Clinica-Medica-do-Porto.jpg 1024w, https:\/\/clinicamedicadoporto.pt\/staging\/wp-content\/uploads\/2016\/05\/infertilidade-Clinica-Medica-do-Porto-300x169.jpg 300w, https:\/\/clinicamedicadoporto.pt\/staging\/wp-content\/uploads\/2016\/05\/infertilidade-Clinica-Medica-do-Porto-768x432.jpg 768w, https:\/\/clinicamedicadoporto.pt\/staging\/wp-content\/uploads\/2016\/05\/infertilidade-Clinica-Medica-do-Porto-727x409.jpg 727w, https:\/\/clinicamedicadoporto.pt\/staging\/wp-content\/uploads\/2016\/05\/infertilidade-Clinica-Medica-do-Porto-720x406.jpg 720w, https:\/\/clinicamedicadoporto.pt\/staging\/wp-content\/uploads\/2016\/05\/infertilidade-Clinica-Medica-do-Porto-750x422.jpg 750w\" sizes=\"auto, (max-width: 1024px) 100vw, 1024px\" \/><\/a>\r\n\t\t\t\t\t<\/div>\r\n\t\t\t\t\t<div class=\"overthumb\"><\/div>\r\n\t\t\t\t\t\r\n\t\t\t\t<\/div>\r\n\t\t\t\t<div class=\"item-content\">\r\n\t\t\t\t\t<h4><a href=\"https:\/\/clinicamedicadoporto.pt\/staging\/infertilidade-medicina-tradicional-chinesa\/\">Infertilidade e Medicina Tradicional Chinesa<\/a><\/h4>\r\n\t\t\t\t\t<div class=\"kwayy-meta-details\"><div class=\"kwayy-post-user\"><span class=\"author vcard\"><i class=\"kwicon-fa-user\"><\/i> <a class=\"url fn n\" href=\"https:\/\/clinicamedicadoporto.pt\/staging\/author\/m-reis-cmp\/\" title=\"View all posts by \" rel=\"author\"><\/a><\/span><\/div><span class=\"tags-links\"><i class=\"kwicon-fa-tags\"><\/i> <a href=\"https:\/\/clinicamedicadoporto.pt\/staging\/tag\/clinicamedicadoporto\/\" rel=\"tag\">#clinicamedicadoporto<\/a>, <a href=\"https:\/\/clinicamedicadoporto.pt\/staging\/tag\/porto\/\" rel=\"tag\">#porto<\/a>, <a href=\"https:\/\/clinicamedicadoporto.pt\/staging\/tag\/todasasterapias\/\" rel=\"tag\">#todasasterapias<\/a>, <a href=\"https:\/\/clinicamedicadoporto.pt\/staging\/tag\/acupuntura\/\" rel=\"tag\">acupuntura<\/a>, <a href=\"https:\/\/clinicamedicadoporto.pt\/staging\/tag\/aumentar-o-sucesso-da-gravidez\/\" rel=\"tag\">Aumentar o sucesso da gravidez<\/a>, <a href=\"https:\/\/clinicamedicadoporto.pt\/staging\/tag\/casal-infertil\/\" rel=\"tag\">Casal Infertil<\/a>, <a href=\"https:\/\/clinicamedicadoporto.pt\/staging\/tag\/clinica\/\" rel=\"tag\">clinica<\/a>, <a href=\"https:\/\/clinicamedicadoporto.pt\/staging\/tag\/clinica-medica-do-porto\/\" rel=\"tag\">Clinica M\u00e9dica do Porto<\/a>, <a href=\"https:\/\/clinicamedicadoporto.pt\/staging\/tag\/clinica-porto\/\" rel=\"tag\">Clinica Porto<\/a>, <a href=\"https:\/\/clinicamedicadoporto.pt\/staging\/tag\/consulta\/\" rel=\"tag\">Consulta<\/a>, <a href=\"https:\/\/clinicamedicadoporto.pt\/staging\/tag\/consulta-medica\/\" rel=\"tag\">Consulta M\u00e9dica<\/a>, <a href=\"https:\/\/clinicamedicadoporto.pt\/staging\/tag\/desafio-de-infertilidade\/\" rel=\"tag\">Desafio de Infertilidade<\/a>, <a href=\"https:\/\/clinicamedicadoporto.pt\/staging\/tag\/dificuldade-em-engravidar\/\" rel=\"tag\">dificuldade em engravidar<\/a>, <a href=\"https:\/\/clinicamedicadoporto.pt\/staging\/tag\/fertilidade\/\" rel=\"tag\">fertilidade<\/a>, <a href=\"https:\/\/clinicamedicadoporto.pt\/staging\/tag\/gravidez\/\" rel=\"tag\">gravidez<\/a>, <a href=\"https:\/\/clinicamedicadoporto.pt\/staging\/tag\/infertilidade\/\" rel=\"tag\">infertilidade<\/a>, <a href=\"https:\/\/clinicamedicadoporto.pt\/staging\/tag\/medicina-tradicional-chinesa\/\" rel=\"tag\">medicina tradicional chinesa<\/a>, <a href=\"https:\/\/clinicamedicadoporto.pt\/staging\/tag\/melhorar-a-fertilidade\/\" rel=\"tag\">Melhorar a Fertilidade<\/a>, <a href=\"https:\/\/clinicamedicadoporto.pt\/staging\/tag\/melhorar-a-probabilidade-de-engravidar\/\" rel=\"tag\">Melhorar a Probabilidade de Engravidar<\/a>, <a href=\"https:\/\/clinicamedicadoporto.pt\/staging\/tag\/problemas-de-infertilidade\/\" rel=\"tag\">Problemas de Infertilidade<\/a>, <a href=\"https:\/\/clinicamedicadoporto.pt\/staging\/tag\/terapia\/\" rel=\"tag\">Terapia<\/a>, <a href=\"https:\/\/clinicamedicadoporto.pt\/staging\/tag\/terapias\/\" rel=\"tag\">Terapias<\/a>, <a href=\"https:\/\/clinicamedicadoporto.pt\/staging\/tag\/todas-as-terapias\/\" rel=\"tag\">Todas as Terapias<\/a><\/span><span class=\"categories-links\"><i class=\"kwicon-fa-folder-open\"><\/i> <a href=\"https:\/\/clinicamedicadoporto.pt\/staging\/category\/terapias-nao-convencionais\/\" rel=\"category tag\">Terapias N\u00e3o Convencionais<\/a>, <a href=\"https:\/\/clinicamedicadoporto.pt\/staging\/category\/terapias-nao-convencionais\/medicina-tradicional-chinesa\/acupuntura\/\" rel=\"category tag\">Acupuntura<\/a>, <a href=\"https:\/\/clinicamedicadoporto.pt\/staging\/category\/cuidados-de-saude\/\" rel=\"category tag\">Cuidados de Sa\u00fade<\/a>, <a href=\"https:\/\/clinicamedicadoporto.pt\/staging\/category\/medicina-integrativa\/\" rel=\"category tag\">Medicina Integrativa<\/a>, <a href=\"https:\/\/clinicamedicadoporto.pt\/staging\/category\/terapias-nao-convencionais\/medicina-tradicional-chinesa\/\" rel=\"category tag\">Medicina Tradicional Chinesa<\/a><\/span><\/div>\r\n\t\t\t\t\t<div class=\"kwayy-blogbox-desc\">[vc_row][vc_co...<div class=\"kwayy-post-readmore\"><a href=\"https:\/\/clinicamedicadoporto.pt\/staging\/infertilidade-medicina-tradicional-chinesa\/\">Read More<i class=\"kwicon-fa-angle-right\"><\/i><\/a><\/div><\/div>\r\n\t\t\t\t<\/div>\r\n\t\t\t<\/div>\r\n\t\t<\/article>\r\n\t\r\n\t\t<article class=\"post-box blog-slider-box-width kwayy-blogbox-format-standard cuidados-de-saude osteopatia osteopatia-pedriatrica terapias-nao-convencionais\">\r\n\t\t\t<div class=\"post-item\">\r\n\t\t\t\t<div class=\"post-item-thumbnail\">\r\n\t\t\t\t\t<div class=\"post-item-thumbnail-inner\">\r\n\t\t\t\t\t\t<div class=\"kwayy-postbox-small-date\"><div class=\"kwayy-post-box-date-wrapper\"><div class=\"kwayy-entry-date-wrapper\">\r\n\t\t\t\t\t\t\t\t<span class=\"kwayy-entry-date\">\r\n\t\t\t\t\t\t\t\t\t<time class=\"entry-date\" datetime=\"\" >\r\n\t\t\t\t\t\t\t\t\t\t<span class=\"entry-date\"><\/span> \r\n\t\t\t\t\t\t\t\t\t\t<span class=\"entry-month\"><\/span> \r\n\t\t\t\t\t\t\t\t\t\t<span class=\"entry-year\"><\/span> \r\n\t\t\t\t\t\t\t\t\t<\/time>\r\n\t\t\t\t\t\t\t\t<\/span>\r\n\t\t\t\t\t\t\t<\/div><\/div><\/div>\r\n\t\t\t\t\t\t<a class=\"tm-blog-link\" href=\"https:\/\/clinicamedicadoporto.pt\/staging\/osteopatia-nas-colicas-do-bebes\/\"><img loading=\"lazy\" decoding=\"async\" width=\"1024\" height=\"576\" src=\"https:\/\/clinicamedicadoporto.pt\/staging\/wp-content\/uploads\/2016\/05\/osteopatia-bebe-Clinica-Medica-do-Porto.jpg\" class=\"attachment-portfolio-fix-column size-portfolio-fix-column wp-post-image\" alt=\"Osteopatia Pedi\u00e1trica - Cl\u00ednica M\u00e9dica do Porto\" srcset=\"https:\/\/clinicamedicadoporto.pt\/staging\/wp-content\/uploads\/2016\/05\/osteopatia-bebe-Clinica-Medica-do-Porto.jpg 1024w, https:\/\/clinicamedicadoporto.pt\/staging\/wp-content\/uploads\/2016\/05\/osteopatia-bebe-Clinica-Medica-do-Porto-300x169.jpg 300w, https:\/\/clinicamedicadoporto.pt\/staging\/wp-content\/uploads\/2016\/05\/osteopatia-bebe-Clinica-Medica-do-Porto-768x432.jpg 768w, https:\/\/clinicamedicadoporto.pt\/staging\/wp-content\/uploads\/2016\/05\/osteopatia-bebe-Clinica-Medica-do-Porto-727x409.jpg 727w, https:\/\/clinicamedicadoporto.pt\/staging\/wp-content\/uploads\/2016\/05\/osteopatia-bebe-Clinica-Medica-do-Porto-720x406.jpg 720w, https:\/\/clinicamedicadoporto.pt\/staging\/wp-content\/uploads\/2016\/05\/osteopatia-bebe-Clinica-Medica-do-Porto-750x422.jpg 750w\" sizes=\"auto, (max-width: 1024px) 100vw, 1024px\" \/><\/a>\r\n\t\t\t\t\t<\/div>\r\n\t\t\t\t\t<div class=\"overthumb\"><\/div>\r\n\t\t\t\t\t\r\n\t\t\t\t<\/div>\r\n\t\t\t\t<div class=\"item-content\">\r\n\t\t\t\t\t<h4><a href=\"https:\/\/clinicamedicadoporto.pt\/staging\/osteopatia-nas-colicas-do-bebes\/\">C\u00f3licas do Beb\u00e9 e Rec\u00e9m Nascido: Sinais, Sintomas e Tratamento<\/a><\/h4>\r\n\t\t\t\t\t<div class=\"kwayy-meta-details\"><div class=\"kwayy-post-user\"><span class=\"author vcard\"><i class=\"kwicon-fa-user\"><\/i> <a class=\"url fn n\" href=\"https:\/\/clinicamedicadoporto.pt\/staging\/author\/m-reis-cmp\/\" title=\"View all posts by \" rel=\"author\"><\/a><\/span><\/div><span class=\"tags-links\"><i class=\"kwicon-fa-tags\"><\/i> <a href=\"https:\/\/clinicamedicadoporto.pt\/staging\/tag\/clinicamedicadoporto\/\" rel=\"tag\">#clinicamedicadoporto<\/a>, <a href=\"https:\/\/clinicamedicadoporto.pt\/staging\/tag\/porto\/\" rel=\"tag\">#porto<\/a>, <a href=\"https:\/\/clinicamedicadoporto.pt\/staging\/tag\/todasasterapias\/\" rel=\"tag\">#todasasterapias<\/a>, <a href=\"https:\/\/clinicamedicadoporto.pt\/staging\/tag\/clinica\/\" rel=\"tag\">clinica<\/a>, <a href=\"https:\/\/clinicamedicadoporto.pt\/staging\/tag\/clinica-medica-do-porto\/\" rel=\"tag\">Clinica M\u00e9dica do Porto<\/a>, <a href=\"https:\/\/clinicamedicadoporto.pt\/staging\/tag\/clinica-porto\/\" rel=\"tag\">Clinica Porto<\/a>, <a href=\"https:\/\/clinicamedicadoporto.pt\/staging\/tag\/colicas\/\" rel=\"tag\">c\u00f3licas<\/a>, <a href=\"https:\/\/clinicamedicadoporto.pt\/staging\/tag\/colicas-do-recem-nascido\/\" rel=\"tag\">c\u00f3licas do recem nascido<\/a>, <a href=\"https:\/\/clinicamedicadoporto.pt\/staging\/tag\/colicas-no-recem-nascido\/\" rel=\"tag\">C\u00f3licas no Rec\u00e9m Nascido<\/a>, <a href=\"https:\/\/clinicamedicadoporto.pt\/staging\/tag\/consulta\/\" rel=\"tag\">Consulta<\/a>, <a href=\"https:\/\/clinicamedicadoporto.pt\/staging\/tag\/consulta-medica\/\" rel=\"tag\">Consulta M\u00e9dica<\/a>, <a href=\"https:\/\/clinicamedicadoporto.pt\/staging\/tag\/ostopatia\/\" rel=\"tag\">ostopatia<\/a>, <a href=\"https:\/\/clinicamedicadoporto.pt\/staging\/tag\/refluxo\/\" rel=\"tag\">refluxo<\/a>, <a href=\"https:\/\/clinicamedicadoporto.pt\/staging\/tag\/refluxo-gastroexofagico\/\" rel=\"tag\">refluxo gastroexof\u00e1gico<\/a>, <a href=\"https:\/\/clinicamedicadoporto.pt\/staging\/tag\/terapia\/\" rel=\"tag\">Terapia<\/a>, <a href=\"https:\/\/clinicamedicadoporto.pt\/staging\/tag\/terapias\/\" rel=\"tag\">Terapias<\/a>, <a href=\"https:\/\/clinicamedicadoporto.pt\/staging\/tag\/tratar-colicas-no-bebe-recem-nascido\/\" rel=\"tag\">tratar colicas no bebe recem nascido<\/a><\/span><span class=\"categories-links\"><i class=\"kwicon-fa-folder-open\"><\/i> <a href=\"https:\/\/clinicamedicadoporto.pt\/staging\/category\/terapias-nao-convencionais\/\" rel=\"category tag\">Terapias N\u00e3o Convencionais<\/a>, <a href=\"https:\/\/clinicamedicadoporto.pt\/staging\/category\/cuidados-de-saude\/\" rel=\"category tag\">Cuidados de Sa\u00fade<\/a>, <a href=\"https:\/\/clinicamedicadoporto.pt\/staging\/category\/terapias-nao-convencionais\/osteopatia\/\" rel=\"category tag\">Osteopatia<\/a>, <a href=\"https:\/\/clinicamedicadoporto.pt\/staging\/category\/terapias-nao-convencionais\/osteopatia\/osteopatia-pedriatrica\/\" rel=\"category tag\">Osteopatia Pedri\u00e1trica<\/a><\/span><\/div>\r\n\t\t\t\t\t<div class=\"kwayy-blogbox-desc\">[vc_row][vc_co...<div class=\"kwayy-post-readmore\"><a href=\"https:\/\/clinicamedicadoporto.pt\/staging\/osteopatia-nas-colicas-do-bebes\/\">Read More<i class=\"kwicon-fa-angle-right\"><\/i><\/a><\/div><\/div>\r\n\t\t\t\t<\/div>\r\n\t\t\t<\/div>\r\n\t\t<\/article>\r\n\t\r\n\t\t<article class=\"post-box blog-slider-box-width kwayy-blogbox-format-standard conselhos-uteis cuidados-de-saude medicina-integrativa\">\r\n\t\t\t<div class=\"post-item\">\r\n\t\t\t\t<div class=\"post-item-thumbnail\">\r\n\t\t\t\t\t<div class=\"post-item-thumbnail-inner\">\r\n\t\t\t\t\t\t<div class=\"kwayy-postbox-small-date\"><div class=\"kwayy-post-box-date-wrapper\"><div class=\"kwayy-entry-date-wrapper\">\r\n\t\t\t\t\t\t\t\t<span class=\"kwayy-entry-date\">\r\n\t\t\t\t\t\t\t\t\t<time class=\"entry-date\" datetime=\"\" >\r\n\t\t\t\t\t\t\t\t\t\t<span class=\"entry-date\"><\/span> \r\n\t\t\t\t\t\t\t\t\t\t<span class=\"entry-month\"><\/span> \r\n\t\t\t\t\t\t\t\t\t\t<span class=\"entry-year\"><\/span> \r\n\t\t\t\t\t\t\t\t\t<\/time>\r\n\t\t\t\t\t\t\t\t<\/span>\r\n\t\t\t\t\t\t\t<\/div><\/div><\/div>\r\n\t\t\t\t\t\t<a class=\"tm-blog-link\" href=\"https:\/\/clinicamedicadoporto.pt\/staging\/rouquidao-laringite-tratar\/\"><img loading=\"lazy\" decoding=\"async\" width=\"1024\" height=\"576\" src=\"https:\/\/clinicamedicadoporto.pt\/staging\/wp-content\/uploads\/2016\/04\/laringite-rouquidao-Clinica-Medica-do-Porto.jpg\" class=\"attachment-portfolio-fix-column size-portfolio-fix-column wp-post-image\" alt=\"Tratar Rouquid\u00e3o e Laringite - Cl\u00ednica M\u00e9dica do Porto\" srcset=\"https:\/\/clinicamedicadoporto.pt\/staging\/wp-content\/uploads\/2016\/04\/laringite-rouquidao-Clinica-Medica-do-Porto.jpg 1024w, https:\/\/clinicamedicadoporto.pt\/staging\/wp-content\/uploads\/2016\/04\/laringite-rouquidao-Clinica-Medica-do-Porto-300x169.jpg 300w, https:\/\/clinicamedicadoporto.pt\/staging\/wp-content\/uploads\/2016\/04\/laringite-rouquidao-Clinica-Medica-do-Porto-768x432.jpg 768w, https:\/\/clinicamedicadoporto.pt\/staging\/wp-content\/uploads\/2016\/04\/laringite-rouquidao-Clinica-Medica-do-Porto-727x409.jpg 727w, https:\/\/clinicamedicadoporto.pt\/staging\/wp-content\/uploads\/2016\/04\/laringite-rouquidao-Clinica-Medica-do-Porto-720x406.jpg 720w, https:\/\/clinicamedicadoporto.pt\/staging\/wp-content\/uploads\/2016\/04\/laringite-rouquidao-Clinica-Medica-do-Porto-750x422.jpg 750w\" sizes=\"auto, (max-width: 1024px) 100vw, 1024px\" \/><\/a>\r\n\t\t\t\t\t<\/div>\r\n\t\t\t\t\t<div class=\"overthumb\"><\/div>\r\n\t\t\t\t\t\r\n\t\t\t\t<\/div>\r\n\t\t\t\t<div class=\"item-content\">\r\n\t\t\t\t\t<h4><a href=\"https:\/\/clinicamedicadoporto.pt\/staging\/rouquidao-laringite-tratar\/\">Rouquid\u00e3o e Laringite &#8211; Como Tratar<\/a><\/h4>\r\n\t\t\t\t\t<div class=\"kwayy-meta-details\"><div class=\"kwayy-post-user\"><span class=\"author vcard\"><i class=\"kwicon-fa-user\"><\/i> <a class=\"url fn n\" href=\"https:\/\/clinicamedicadoporto.pt\/staging\/author\/m-reis-cmp\/\" title=\"View all posts by \" rel=\"author\"><\/a><\/span><\/div><span class=\"tags-links\"><i class=\"kwicon-fa-tags\"><\/i> <a href=\"https:\/\/clinicamedicadoporto.pt\/staging\/tag\/alteracoes-climaticas\/\" rel=\"tag\">altera\u00e7\u00f5es clim\u00e1ticas<\/a>, <a href=\"https:\/\/clinicamedicadoporto.pt\/staging\/tag\/clinica\/\" rel=\"tag\">clinica<\/a>, <a href=\"https:\/\/clinicamedicadoporto.pt\/staging\/tag\/clinica-medica-do-porto\/\" rel=\"tag\">Clinica M\u00e9dica do Porto<\/a>, <a href=\"https:\/\/clinicamedicadoporto.pt\/staging\/tag\/clinica-porto\/\" rel=\"tag\">Clinica Porto<\/a>, <a href=\"https:\/\/clinicamedicadoporto.pt\/staging\/tag\/consulta\/\" rel=\"tag\">Consulta<\/a>, <a href=\"https:\/\/clinicamedicadoporto.pt\/staging\/tag\/consulta-medica\/\" rel=\"tag\">Consulta M\u00e9dica<\/a>, <a href=\"https:\/\/clinicamedicadoporto.pt\/staging\/tag\/dor-de-garganta\/\" rel=\"tag\">dor de garganta<\/a>, <a href=\"https:\/\/clinicamedicadoporto.pt\/staging\/tag\/laringite\/\" rel=\"tag\">laringite<\/a>, <a href=\"https:\/\/clinicamedicadoporto.pt\/staging\/tag\/rouquidao\/\" rel=\"tag\">rouquid\u00e3o<\/a>, <a href=\"https:\/\/clinicamedicadoporto.pt\/staging\/tag\/terapia\/\" rel=\"tag\">Terapia<\/a>, <a href=\"https:\/\/clinicamedicadoporto.pt\/staging\/tag\/terapias\/\" rel=\"tag\">Terapias<\/a>, <a href=\"https:\/\/clinicamedicadoporto.pt\/staging\/tag\/todas-as-terapias\/\" rel=\"tag\">Todas as Terapias<\/a><\/span><span class=\"categories-links\"><i class=\"kwicon-fa-folder-open\"><\/i> <a href=\"https:\/\/clinicamedicadoporto.pt\/staging\/category\/conselhos-uteis\/\" rel=\"category tag\">Conselhos \u00dateis<\/a>, <a href=\"https:\/\/clinicamedicadoporto.pt\/staging\/category\/cuidados-de-saude\/\" rel=\"category tag\">Cuidados de Sa\u00fade<\/a>, <a href=\"https:\/\/clinicamedicadoporto.pt\/staging\/category\/medicina-integrativa\/\" rel=\"category tag\">Medicina Integrativa<\/a><\/span><\/div>\r\n\t\t\t\t\t<div class=\"kwayy-blogbox-desc\">[vc_row][vc_co...<div class=\"kwayy-post-readmore\"><a href=\"https:\/\/clinicamedicadoporto.pt\/staging\/rouquidao-laringite-tratar\/\">Read More<i class=\"kwicon-fa-angle-right\"><\/i><\/a><\/div><\/div>\r\n\t\t\t\t<\/div>\r\n\t\t\t<\/div>\r\n\t\t<\/article>\r\n\t\r\n\t\t<article class=\"post-box blog-slider-box-width kwayy-blogbox-format-standard conselhos-uteis cuidados-de-saude medicina-tradicional-chinesa psicossomaticas terapias-nao-convencionais\">\r\n\t\t\t<div class=\"post-item\">\r\n\t\t\t\t<div class=\"post-item-thumbnail\">\r\n\t\t\t\t\t<div class=\"post-item-thumbnail-inner\">\r\n\t\t\t\t\t\t<div class=\"kwayy-postbox-small-date\"><div class=\"kwayy-post-box-date-wrapper\"><div class=\"kwayy-entry-date-wrapper\">\r\n\t\t\t\t\t\t\t\t<span class=\"kwayy-entry-date\">\r\n\t\t\t\t\t\t\t\t\t<time class=\"entry-date\" datetime=\"\" >\r\n\t\t\t\t\t\t\t\t\t\t<span class=\"entry-date\"><\/span> \r\n\t\t\t\t\t\t\t\t\t\t<span class=\"entry-month\"><\/span> \r\n\t\t\t\t\t\t\t\t\t\t<span class=\"entry-year\"><\/span> \r\n\t\t\t\t\t\t\t\t\t<\/time>\r\n\t\t\t\t\t\t\t\t<\/span>\r\n\t\t\t\t\t\t\t<\/div><\/div><\/div>\r\n\t\t\t\t\t\t<a class=\"tm-blog-link\" href=\"https:\/\/clinicamedicadoporto.pt\/staging\/abordagens-ao-tratamento-da-psoriase\/\"><img loading=\"lazy\" decoding=\"async\" width=\"1024\" height=\"576\" src=\"https:\/\/clinicamedicadoporto.pt\/staging\/wp-content\/uploads\/2016\/04\/psoriase-Clinica-Medica-do-Porto.jpg\" class=\"attachment-portfolio-fix-column size-portfolio-fix-column wp-post-image\" alt=\"Psor\u00edase - Homoepatia na Hepatite - Excessos Alimentares - Clinica Medica do Porto\" srcset=\"https:\/\/clinicamedicadoporto.pt\/staging\/wp-content\/uploads\/2016\/04\/psoriase-Clinica-Medica-do-Porto.jpg 1024w, https:\/\/clinicamedicadoporto.pt\/staging\/wp-content\/uploads\/2016\/04\/psoriase-Clinica-Medica-do-Porto-300x169.jpg 300w, https:\/\/clinicamedicadoporto.pt\/staging\/wp-content\/uploads\/2016\/04\/psoriase-Clinica-Medica-do-Porto-768x432.jpg 768w, https:\/\/clinicamedicadoporto.pt\/staging\/wp-content\/uploads\/2016\/04\/psoriase-Clinica-Medica-do-Porto-727x409.jpg 727w, https:\/\/clinicamedicadoporto.pt\/staging\/wp-content\/uploads\/2016\/04\/psoriase-Clinica-Medica-do-Porto-720x406.jpg 720w, https:\/\/clinicamedicadoporto.pt\/staging\/wp-content\/uploads\/2016\/04\/psoriase-Clinica-Medica-do-Porto-750x422.jpg 750w\" sizes=\"auto, (max-width: 1024px) 100vw, 1024px\" \/><\/a>\r\n\t\t\t\t\t<\/div>\r\n\t\t\t\t\t<div class=\"overthumb\"><\/div>\r\n\t\t\t\t\t\r\n\t\t\t\t<\/div>\r\n\t\t\t\t<div class=\"item-content\">\r\n\t\t\t\t\t<h4><a href=\"https:\/\/clinicamedicadoporto.pt\/staging\/abordagens-ao-tratamento-da-psoriase\/\">Abordagens ao Tratamento da Psor\u00edase<\/a><\/h4>\r\n\t\t\t\t\t<div class=\"kwayy-meta-details\"><div class=\"kwayy-post-user\"><span class=\"author vcard\"><i class=\"kwicon-fa-user\"><\/i> <a class=\"url fn n\" href=\"https:\/\/clinicamedicadoporto.pt\/staging\/author\/m-reis-cmp\/\" title=\"View all posts by \" rel=\"author\"><\/a><\/span><\/div><span class=\"tags-links\"><i class=\"kwicon-fa-tags\"><\/i> <a href=\"https:\/\/clinicamedicadoporto.pt\/staging\/tag\/clinica\/\" rel=\"tag\">clinica<\/a>, <a href=\"https:\/\/clinicamedicadoporto.pt\/staging\/tag\/clinica-medica-do-porto\/\" rel=\"tag\">Clinica M\u00e9dica do Porto<\/a>, <a href=\"https:\/\/clinicamedicadoporto.pt\/staging\/tag\/clinica-porto\/\" rel=\"tag\">Clinica Porto<\/a>, <a href=\"https:\/\/clinicamedicadoporto.pt\/staging\/tag\/consulta\/\" rel=\"tag\">Consulta<\/a>, <a href=\"https:\/\/clinicamedicadoporto.pt\/staging\/tag\/consulta-medica\/\" rel=\"tag\">Consulta M\u00e9dica<\/a>, <a href=\"https:\/\/clinicamedicadoporto.pt\/staging\/tag\/corticoides\/\" rel=\"tag\">corticoides<\/a>, <a href=\"https:\/\/clinicamedicadoporto.pt\/staging\/tag\/psoriase\/\" rel=\"tag\">psor\u00edase<\/a>, <a href=\"https:\/\/clinicamedicadoporto.pt\/staging\/tag\/terapia\/\" rel=\"tag\">Terapia<\/a>, <a href=\"https:\/\/clinicamedicadoporto.pt\/staging\/tag\/terapias\/\" rel=\"tag\">Terapias<\/a>, <a href=\"https:\/\/clinicamedicadoporto.pt\/staging\/tag\/todas-as-terapias\/\" rel=\"tag\">Todas as Terapias<\/a><\/span><span class=\"categories-links\"><i class=\"kwicon-fa-folder-open\"><\/i> <a href=\"https:\/\/clinicamedicadoporto.pt\/staging\/category\/conselhos-uteis\/\" rel=\"category tag\">Conselhos \u00dateis<\/a>, <a href=\"https:\/\/clinicamedicadoporto.pt\/staging\/category\/cuidados-de-saude\/\" rel=\"category tag\">Cuidados de Sa\u00fade<\/a>, <a href=\"https:\/\/clinicamedicadoporto.pt\/staging\/category\/terapias-nao-convencionais\/medicina-tradicional-chinesa\/\" rel=\"category tag\">Medicina Tradicional Chinesa<\/a>, <a href=\"https:\/\/clinicamedicadoporto.pt\/staging\/category\/psicossomaticas\/\" rel=\"category tag\">Psicossom\u00e1ticas<\/a>, <a href=\"https:\/\/clinicamedicadoporto.pt\/staging\/category\/terapias-nao-convencionais\/\" rel=\"category tag\">Terapias N\u00e3o Convencionais<\/a><\/span><\/div>\r\n\t\t\t\t\t<div class=\"kwayy-blogbox-desc\">[vc_row][vc_co...<div class=\"kwayy-post-readmore\"><a href=\"https:\/\/clinicamedicadoporto.pt\/staging\/abordagens-ao-tratamento-da-psoriase\/\">Read More<i class=\"kwicon-fa-angle-right\"><\/i><\/a><\/div><\/div>\r\n\t\t\t\t<\/div>\r\n\t\t\t<\/div>\r\n\t\t<\/article>\r\n\t\r\n\t\t<article class=\"post-box blog-slider-box-width kwayy-blogbox-format-standard cuidados-de-saude psicossomaticas reflecoes\">\r\n\t\t\t<div class=\"post-item\">\r\n\t\t\t\t<div class=\"post-item-thumbnail\">\r\n\t\t\t\t\t<div class=\"post-item-thumbnail-inner\">\r\n\t\t\t\t\t\t<div class=\"kwayy-postbox-small-date\"><div class=\"kwayy-post-box-date-wrapper\"><div class=\"kwayy-entry-date-wrapper\">\r\n\t\t\t\t\t\t\t\t<span class=\"kwayy-entry-date\">\r\n\t\t\t\t\t\t\t\t\t<time class=\"entry-date\" datetime=\"\" >\r\n\t\t\t\t\t\t\t\t\t\t<span class=\"entry-date\"><\/span> \r\n\t\t\t\t\t\t\t\t\t\t<span class=\"entry-month\"><\/span> \r\n\t\t\t\t\t\t\t\t\t\t<span class=\"entry-year\"><\/span> \r\n\t\t\t\t\t\t\t\t\t<\/time>\r\n\t\t\t\t\t\t\t\t<\/span>\r\n\t\t\t\t\t\t\t<\/div><\/div><\/div>\r\n\t\t\t\t\t\t<a class=\"tm-blog-link\" href=\"https:\/\/clinicamedicadoporto.pt\/staging\/conflitos-interiores-doencas-psicossomaticas\/\"><img loading=\"lazy\" decoding=\"async\" width=\"1280\" height=\"720\" src=\"https:\/\/clinicamedicadoporto.pt\/staging\/wp-content\/uploads\/2016\/08\/medo-desespero-clinica-medica-do-porto.jpg\" class=\"attachment-portfolio-fix-column size-portfolio-fix-column wp-post-image\" alt=\"medo-desespero-clinica-medica-do-porto\" srcset=\"https:\/\/clinicamedicadoporto.pt\/staging\/wp-content\/uploads\/2016\/08\/medo-desespero-clinica-medica-do-porto.jpg 1280w, https:\/\/clinicamedicadoporto.pt\/staging\/wp-content\/uploads\/2016\/08\/medo-desespero-clinica-medica-do-porto-300x169.jpg 300w, https:\/\/clinicamedicadoporto.pt\/staging\/wp-content\/uploads\/2016\/08\/medo-desespero-clinica-medica-do-porto-768x432.jpg 768w, https:\/\/clinicamedicadoporto.pt\/staging\/wp-content\/uploads\/2016\/08\/medo-desespero-clinica-medica-do-porto-1024x576.jpg 1024w, https:\/\/clinicamedicadoporto.pt\/staging\/wp-content\/uploads\/2016\/08\/medo-desespero-clinica-medica-do-porto-727x409.jpg 727w, https:\/\/clinicamedicadoporto.pt\/staging\/wp-content\/uploads\/2016\/08\/medo-desespero-clinica-medica-do-porto-1110x624.jpg 1110w, https:\/\/clinicamedicadoporto.pt\/staging\/wp-content\/uploads\/2016\/08\/medo-desespero-clinica-medica-do-porto-720x406.jpg 720w, https:\/\/clinicamedicadoporto.pt\/staging\/wp-content\/uploads\/2016\/08\/medo-desespero-clinica-medica-do-porto-750x422.jpg 750w\" sizes=\"auto, (max-width: 1280px) 100vw, 1280px\" \/><\/a>\r\n\t\t\t\t\t<\/div>\r\n\t\t\t\t\t<div class=\"overthumb\"><\/div>\r\n\t\t\t\t\t\r\n\t\t\t\t<\/div>\r\n\t\t\t\t<div class=\"item-content\">\r\n\t\t\t\t\t<h4><a href=\"https:\/\/clinicamedicadoporto.pt\/staging\/conflitos-interiores-doencas-psicossomaticas\/\">Conflitos Interiores e Doen\u00e7as Psicossom\u00e1ticas<\/a><\/h4>\r\n\t\t\t\t\t<div class=\"kwayy-meta-details\"><div class=\"kwayy-post-user\"><span class=\"author vcard\"><i class=\"kwicon-fa-user\"><\/i> <a class=\"url fn n\" href=\"https:\/\/clinicamedicadoporto.pt\/staging\/author\/m-reis-cmp\/\" title=\"View all posts by \" rel=\"author\"><\/a><\/span><\/div><span class=\"tags-links\"><i class=\"kwicon-fa-tags\"><\/i> <a href=\"https:\/\/clinicamedicadoporto.pt\/staging\/tag\/clinica\/\" rel=\"tag\">clinica<\/a>, <a href=\"https:\/\/clinicamedicadoporto.pt\/staging\/tag\/clinica-medica-do-porto\/\" rel=\"tag\">Clinica M\u00e9dica do Porto<\/a>, <a href=\"https:\/\/clinicamedicadoporto.pt\/staging\/tag\/clinica-porto\/\" rel=\"tag\">Clinica Porto<\/a>, <a href=\"https:\/\/clinicamedicadoporto.pt\/staging\/tag\/consulta\/\" rel=\"tag\">Consulta<\/a>, <a href=\"https:\/\/clinicamedicadoporto.pt\/staging\/tag\/consulta-medica\/\" rel=\"tag\">Consulta M\u00e9dica<\/a>, <a href=\"https:\/\/clinicamedicadoporto.pt\/staging\/tag\/desespero\/\" rel=\"tag\">desespero<\/a>, <a href=\"https:\/\/clinicamedicadoporto.pt\/staging\/tag\/doencas-psicossomaticas\/\" rel=\"tag\">doen\u00e7as psicossom\u00e1ticas<\/a>, <a href=\"https:\/\/clinicamedicadoporto.pt\/staging\/tag\/medo\/\" rel=\"tag\">medo<\/a>, <a href=\"https:\/\/clinicamedicadoporto.pt\/staging\/tag\/perda\/\" rel=\"tag\">perda<\/a>, <a href=\"https:\/\/clinicamedicadoporto.pt\/staging\/tag\/terapia\/\" rel=\"tag\">Terapia<\/a>, <a href=\"https:\/\/clinicamedicadoporto.pt\/staging\/tag\/terapias\/\" rel=\"tag\">Terapias<\/a>, <a href=\"https:\/\/clinicamedicadoporto.pt\/staging\/tag\/todas-as-terapias\/\" rel=\"tag\">Todas as Terapias<\/a><\/span><span class=\"categories-links\"><i class=\"kwicon-fa-folder-open\"><\/i> <a href=\"https:\/\/clinicamedicadoporto.pt\/staging\/category\/psicossomaticas\/\" rel=\"category tag\">Psicossom\u00e1ticas<\/a>, <a href=\"https:\/\/clinicamedicadoporto.pt\/staging\/category\/cuidados-de-saude\/\" rel=\"category tag\">Cuidados de Sa\u00fade<\/a>, <a href=\"https:\/\/clinicamedicadoporto.pt\/staging\/category\/reflecoes\/\" rel=\"category tag\">Reflex\u00f5es<\/a><\/span><\/div>\r\n\t\t\t\t\t<div class=\"kwayy-blogbox-desc\">[vc_row][vc_co...<div class=\"kwayy-post-readmore\"><a href=\"https:\/\/clinicamedicadoporto.pt\/staging\/conflitos-interiores-doencas-psicossomaticas\/\">Read More<i class=\"kwicon-fa-angle-right\"><\/i><\/a><\/div><\/div>\r\n\t\t\t\t<\/div>\r\n\t\t\t<\/div>\r\n\t\t<\/article>\r\n\t<\/div><\/div><\/div>[\/vc_column][\/vc_row][vc_row][vc_column][vc_raw_js]JTNDc2NyaXB0JTIwdHlwZSUzRCUyMmFwcGxpY2F0aW9uJTJGbGQlMkJqc29uJTIyJTNFJTBBJTdCJTBBJTIwJTIwJTIyJTQwY29udGV4dCUyMiUzQSUyMCUyMmh0dHBzJTNBJTJGJTJGc2NoZW1hLm9yZyUyMiUyQyUwQSUyMCUyMCUyMiU0MHR5cGUlMjIlM0ElMjAlMjJGQVFQYWdlJTIyJTJDJTBBJTIwJTIwJTIybWFpbkVudGl0eSUyMiUzQSUyMCU1QiUwQSUyMCUyMCUyMCUyMCU3QiUwQSUyMCUyMCUyMCUyMCUyMCUyMCUyMiU0MHR5cGUlMjIlM0ElMjAlMjJRdWVzdGlvbiUyMiUyQyUwQSUyMCUyMCUyMCUyMCUyMCUyMCUyMm5hbWUlMjIlM0ElMjAlMjJPJTIwcXVlJTIwJUMzJUE5JTIwdW0lMjBlbmZhcnRlJTIwZG8lMjBtaW9jJUMzJUExcmRpbyUzRiUyMiUyQyUwQSUyMCUyMCUyMCUyMCUyMCUyMCUyMmFjY2VwdGVkQW5zd2VyJTIyJTNBJTIwJTdCJTBBJTIwJTIwJTIwJTIwJTIwJTIwJTIwJTIwJTIyJTQwdHlwZSUyMiUzQSUyMCUyMkFuc3dlciUyMiUyQyUwQSUyMCUyMCUyMCUyMCUyMCUyMCUyMCUyMCUyMnRleHQlMjIlM0ElMjAlMjJVbSUyMGVuZmFydGUlMjBhY29udGVjZSUyMHF1YW5kbyUyMHVtYSUyMGFydCVDMyVBOXJpYSUyMGNvcm9uJUMzJUExcmlhJTIwZmljYSUyMGJsb3F1ZWFkYSUyMGUlMjBvJTIwY29yYSVDMyVBNyVDMyVBM28lMjBkZWl4YSUyMGRlJTIwcmVjZWJlciUyMHNhbmd1ZSUyMGUlMjBveGlnJUMzJUE5bmlvJTIwc3VmaWNpZW50ZXMlMkMlMjBjYXVzYW5kbyUyMGRhbm9zJTIwbm8lMjBtJUMzJUJBc2N1bG8lMjBjYXJkJUMzJUFEYWNvLiUyMiUwQSUyMCUyMCUyMCUyMCUyMCUyMCU3RCUwQSUyMCUyMCUyMCUyMCU3RCUyQyUwQSUyMCUyMCUyMCUyMCU3QiUwQSUyMCUyMCUyMCUyMCUyMCUyMCUyMiU0MHR5cGUlMjIlM0ElMjAlMjJRdWVzdGlvbiUyMiUyQyUwQSUyMCUyMCUyMCUyMCUyMCUyMCUyMm5hbWUlMjIlM0ElMjAlMjJPJTIwcXVlJTIwZGV2byUyMGZhemVyJTIwaW1lZGlhdGFtZW50ZSUyMGFwJUMzJUIzcyUyMHNvZnJlciUyMHVtJTIwZW5mYXJ0ZSUzRiUyMiUyQyUwQSUyMCUyMCUyMCUyMCUyMCUyMCUyMmFjY2VwdGVkQW5zd2VyJTIyJTNBJTIwJTdCJTBBJTIwJTIwJTIwJTIwJTIwJTIwJTIwJTIwJTIyJTQwdHlwZSUyMiUzQSUyMCUyMkFuc3dlciUyMiUyQyUwQSUyMCUyMCUyMCUyMCUyMCUyMCUyMCUyMCUyMnRleHQlMjIlM0ElMjAlMjJTZWd1aXIlMjByaWdvcm9zYW1lbnRlJTIwYSUyMG1lZGljYSVDMyVBNyVDMyVBM28lMjBwcmVzY3JpdGElMkMlMjBtYW50ZXIlMjBhbGltZW50YSVDMyVBNyVDMyVBM28lMjBlcXVpbGlicmFkYSUyQyUyMGV2aXRhciUyMGZ1bWFyJTIwZSUyMCVDMyVBMWxjb29sJTJDJTIwY29udHJvbGFyJTIwYSUyMHByZXNzJUMzJUEzbyUyMGFydGVyaWFsJTIwZSUyMGNvbGVzdGVyb2wlMjBlJTIwcmVzcGVpdGFyJTIwYXMlMjBpbmRpY2ElQzMlQTclQzMlQjVlcyUyMG0lQzMlQTlkaWNhcyUyMHNvYnJlJTIwcmVwb3VzbyUyMGUlMjBtb2JpbGl6YSVDMyVBNyVDMyVBM28uJTIyJTBBJTIwJTIwJTIwJTIwJTIwJTIwJTdEJTBBJTIwJTIwJTIwJTIwJTdEJTJDJTBBJTIwJTIwJTIwJTIwJTdCJTBBJTIwJTIwJTIwJTIwJTIwJTIwJTIyJTQwdHlwZSUyMiUzQSUyMCUyMlF1ZXN0aW9uJTIyJTJDJTBBJTIwJTIwJTIwJTIwJTIwJTIwJTIybmFtZSUyMiUzQSUyMCUyMlF1YW50byUyMHRlbXBvJTIwZGVtb3JhJTIwYSUyMHJlY3VwZXJhJUMzJUE3JUMzJUEzbyUzRiUyMiUyQyUwQSUyMCUyMCUyMCUyMCUyMCUyMCUyMmFjY2VwdGVkQW5zd2VyJTIyJTNBJTIwJTdCJTBBJTIwJTIwJTIwJTIwJTIwJTIwJTIwJTIwJTIyJTQwdHlwZSUyMiUzQSUyMCUyMkFuc3dlciUyMiUyQyUwQSUyMCUyMCUyMCUyMCUyMCUyMCUyMCUyMCUyMnRleHQlMjIlM0ElMjAlMjJPJTIwdGVtcG8lMjB2YXJpYSUyMGRlJTIwYWNvcmRvJTIwY29tJTIwYSUyMGV4dGVucyVDMyVBM28lMjBkbyUyMGVuZmFydGUlMjBlJTIwYSUyMHJlc3Bvc3RhJTIwaW5kaXZpZHVhbC4lMjBOb3JtYWxtZW50ZSUyMGluaWNpYS1zZSUyMGNvbSUyMGNhbWluaGFkYXMlMjBsZXZlcyUyMGUlMjBwcm9ncmlkZSUyMHBhcmElMjBhdGl2aWRhZGVzJTIwYWRhcHRhZGFzJTIwc29iJTIwb3JpZW50YSVDMyVBNyVDMyVBM28lMjBtJUMzJUE5ZGljYS4lMjIlMEElMjAlMjAlMjAlMjAlMjAlMjAlN0QlMEElMjAlMjAlMjAlMjAlN0QlMkMlMEElMjAlMjAlMjAlMjAlN0IlMEElMjAlMjAlMjAlMjAlMjAlMjAlMjIlNDB0eXBlJTIyJTNBJTIwJTIyUXVlc3Rpb24lMjIlMkMlMEElMjAlMjAlMjAlMjAlMjAlMjAlMjJuYW1lJTIyJTNBJTIwJTIyUXVhaXMlMjBzJUMzJUEzbyUyMG9zJTIwc2luYWlzJTIwZGUlMjBhbGVydGElMjBhJTIwdmlnaWFyJTNGJTIyJTJDJTBBJTIwJTIwJTIwJTIwJTIwJTIwJTIyYWNjZXB0ZWRBbnN3ZXIlMjIlM0ElMjAlN0IlMEElMjAlMjAlMjAlMjAlMjAlMjAlMjAlMjAlMjIlNDB0eXBlJTIyJTNBJTIwJTIyQW5zd2VyJTIyJTJDJTBBJTIwJTIwJTIwJTIwJTIwJTIwJTIwJTIwJTIydGV4dCUyMiUzQSUyMCUyMkRvciUyMG5vJTIwcGVpdG8lMkMlMjBmYWx0YSUyMGRlJTIwYXIlMkMlMjBwYWxwaXRhJUMzJUE3JUMzJUI1ZXMlMkMlMjB0b250dXJhcyUyMG91JTIwaW5jaGElQzMlQTdvJTIwcyVDMyVCQWJpdG8lMjBub3MlMjBwJUMzJUE5cyUyMG91JTIwcGVybmFzJTIwZXhpZ2VtJTIwcHJvY3VyYSUyMGltZWRpYXRhJTIwZGUlMjBhanVkYSUyMG0lQzMlQTlkaWNhLiUyMiUwQSUyMCUyMCUyMCUyMCUyMCUyMCU3RCUwQSUyMCUyMCUyMCUyMCU3RCUyQyUwQSUyMCUyMCUyMCUyMCU3QiUwQSUyMCUyMCUyMCUyMCUyMCUyMCUyMiU0MHR5cGUlMjIlM0ElMjAlMjJRdWVzdGlvbiUyMiUyQyUwQSUyMCUyMCUyMCUyMCUyMCUyMCUyMm5hbWUlMjIlM0ElMjAlMjJRdWUlMjBzZXF1ZWxhcyUyMHMlQzMlQTNvJTIwbWFpcyUyMGNvbXVucyUyMGRlcG9pcyUyMGRlJTIwdW0lMjBlbmZhcnRlJTNGJTIyJTJDJTBBJTIwJTIwJTIwJTIwJTIwJTIwJTIyYWNjZXB0ZWRBbnN3ZXIlMjIlM0ElMjAlN0IlMEElMjAlMjAlMjAlMjAlMjAlMjAlMjAlMjAlMjIlNDB0eXBlJTIyJTNBJTIwJTIyQW5zd2VyJTIyJTJDJTBBJTIwJTIwJTIwJTIwJTIwJTIwJTIwJTIwJTIydGV4dCUyMiUzQSUyMCUyMlBvZGVtJTIwc3VyZ2lyJTIwYWx0ZXJhJUMzJUE3JUMzJUI1ZXMlMjBjYXJkJUMzJUFEYWNhcyUyMGUlMjBjaWNhdHJpemVzJTIwcXVlJTIwYWZldGFtJTIwYSUyMGZ1biVDMyVBNyVDMyVBM28lMjBkbyUyMGNvcmElQzMlQTclQzMlQTNvJTJDJTIwbGltaXRhJUMzJUE3JUMzJUI1ZXMlMjBmJUMzJUFEc2ljYXMlMjBjb21vJTIwY2Fuc2ElQzMlQTdvJTIwZiVDMyVBMWNpbCUyQyUyMGUlMjBpbXBhY3RvJTIwcHNpY29sJUMzJUIzZ2ljbyUyQyUyMGluY2x1aW5kbyUyMGFuc2llZGFkZSUyMGUlMjBkZXByZXNzJUMzJUEzby4lMjIlMEElMjAlMjAlMjAlMjAlMjAlMjAlN0QlMEElMjAlMjAlMjAlMjAlN0QlMkMlMEElMjAlMjAlMjAlMjAlN0IlMEElMjAlMjAlMjAlMjAlMjAlMjAlMjIlNDB0eXBlJTIyJTNBJTIwJTIyUXVlc3Rpb24lMjIlMkMlMEElMjAlMjAlMjAlMjAlMjAlMjAlMjJuYW1lJTIyJTNBJTIwJTIyQSUyMGVzcGVyYW4lQzMlQTdhJTIwZGUlMjB2aWRhJTIwZmljYSUyMGNvbXByb21ldGlkYSUzRiUyMiUyQyUwQSUyMCUyMCUyMCUyMCUyMCUyMCUyMmFjY2VwdGVkQW5zd2VyJTIyJTNBJTIwJTdCJTBBJTIwJTIwJTIwJTIwJTIwJTIwJTIwJTIwJTIyJTQwdHlwZSUyMiUzQSUyMCUyMkFuc3dlciUyMiUyQyUwQSUyMCUyMCUyMCUyMCUyMCUyMCUyMCUyMCUyMnRleHQlMjIlM0ElMjAlMjJOJUMzJUEzbyUyMG5lY2Vzc2FyaWFtZW50ZS4lMjBEZXBlbmRlJTIwZGElMjBpZGFkZSUyQyUyMGV4dGVucyVDMyVBM28lMjBkbyUyMGVuZmFydGUlMkMlMjByYXBpZGV6JTIwZGElMjBpbnRlcnZlbiVDMyVBNyVDMyVBM28lMkMlMjBwcmVzZW4lQzMlQTdhJTIwZGUlMjBvdXRyYXMlMjBkb2VuJUMzJUE3YXMlMjBlJTIwYWRlcyVDMyVBM28lMjBhbyUyMHRyYXRhbWVudG8lMjBlJTIwbXVkYW4lQzMlQTdhcyUyMGRlJTIwZXN0aWxvJTIwZGUlMjB2aWRhLiUyMiUwQSUyMCUyMCUyMCUyMCUyMCUyMCU3RCUwQSUyMCUyMCUyMCUyMCU3RCUyQyUwQSUyMCUyMCUyMCUyMCU3QiUwQSUyMCUyMCUyMCUyMCUyMCUyMCUyMiU0MHR5cGUlMjIlM0ElMjAlMjJRdWVzdGlvbiUyMiUyQyUwQSUyMCUyMCUyMCUyMCUyMCUyMCUyMm5hbWUlMjIlM0ElMjAlMjJQb3NzbyUyMHJldG9tYXIlMjBvJTIwdHJhYmFsaG8lMkMlMjBjb25kdSVDMyVBNyVDMyVBM28lMjBlJTIwdmlkYSUyMHNvY2lhbCUzRiUyMiUyQyUwQSUyMCUyMCUyMCUyMCUyMCUyMCUyMmFjY2VwdGVkQW5zd2VyJTIyJTNBJTIwJTdCJTBBJTIwJTIwJTIwJTIwJTIwJTIwJTIwJTIwJTIyJTQwdHlwZSUyMiUzQSUyMCUyMkFuc3dlciUyMiUyQyUwQSUyMCUyMCUyMCUyMCUyMCUyMCUyMCUyMCUyMnRleHQlMjIlM0ElMjAlMjJTaW0lMkMlMjBkZSUyMGZvcm1hJTIwZ3JhZHVhbCUyMGUlMjBzdXBlcnZpc2lvbmFkYSUyQyUyMG5vcm1hbG1lbnRlJTIwYXAlQzMlQjNzJTIwc2VtYW5hcyUyMG91JTIwbWVzZXMuJTIwQ2FkYSUyMGNhc28lMjBkZXZlJTIwc2VyJTIwYXZhbGlhZG8lMjBwZWxvJTIwbSVDMyVBOWRpY28uJTIyJTBBJTIwJTIwJTIwJTIwJTIwJTIwJTdEJTBBJTIwJTIwJTIwJTIwJTdEJTJDJTBBJTIwJTIwJTIwJTIwJTdCJTBBJTIwJTIwJTIwJTIwJTIwJTIwJTIyJTQwdHlwZSUyMiUzQSUyMCUyMlF1ZXN0aW9uJTIyJTJDJTBBJTIwJTIwJTIwJTIwJTIwJTIwJTIybmFtZSUyMiUzQSUyMCUyMiVDMyU4OSUyMHNlZ3VybyUyMHRlciUyMHZpZGElMjBzZXh1YWwlMjBhcCVDMyVCM3MlMjB1bSUyMGVuZmFydGUlM0YlMjIlMkMlMEElMjAlMjAlMjAlMjAlMjAlMjAlMjJhY2NlcHRlZEFuc3dlciUyMiUzQSUyMCU3QiUwQSUyMCUyMCUyMCUyMCUyMCUyMCUyMCUyMCUyMiU0MHR5cGUlMjIlM0ElMjAlMjJBbnN3ZXIlMjIlMkMlMEElMjAlMjAlMjAlMjAlMjAlMjAlMjAlMjAlMjJ0ZXh0JTIyJTNBJTIwJTIyTmElMjBtYWlvcmlhJTIwZG9zJTIwY2Fzb3MlMjBzaW0lMkMlMjBhcCVDMyVCM3MlMjBhbGd1bWFzJTIwc2VtYW5hcyUyQyUyMGRlc2RlJTIwcXVlJTIwbiVDMyVBM28lMjBoYWphJTIwc2ludG9tYXMlMjBlbSUyMGVzZm9yJUMzJUE3b3MlMjBlcXVpdmFsZW50ZXMuJTIwTyUyMGRpJUMzJUExbG9nbyUyMGNvbSUyMG8lMjBtJUMzJUE5ZGljbyUyMCVDMyVBOSUyMGVzc2VuY2lhbC4lMjIlMEElMjAlMjAlMjAlMjAlMjAlMjAlN0QlMEElMjAlMjAlMjAlMjAlN0QlMkMlMEElMjAlMjAlMjAlMjAlN0IlMEElMjAlMjAlMjAlMjAlMjAlMjAlMjIlNDB0eXBlJTIyJTNBJTIwJTIyUXVlc3Rpb24lMjIlMkMlMEElMjAlMjAlMjAlMjAlMjAlMjAlMjJuYW1lJTIyJTNBJTIwJTIyQ29tbyUyMGxpZGFyJTIwY29tJTIwbyUyMG1lZG8lMjBkZSUyMHVtJTIwbm92byUyMGVuZmFydGUlM0YlMjIlMkMlMEElMjAlMjAlMjAlMjAlMjAlMjAlMjJhY2NlcHRlZEFuc3dlciUyMiUzQSUyMCU3QiUwQSUyMCUyMCUyMCUyMCUyMCUyMCUyMCUyMCUyMiU0MHR5cGUlMjIlM0ElMjAlMjJBbnN3ZXIlMjIlMkMlMEElMjAlMjAlMjAlMjAlMjAlMjAlMjAlMjAlMjJ0ZXh0JTIyJTNBJTIwJTIyQXBvaW8lMjBwc2ljb2wlQzMlQjNnaWNvJTJDJTIwcHJvZ3JhbWFzJTIwZGUlMjByZWFiaWxpdGElQzMlQTclQzMlQTNvJTIwY2FyZCVDMyVBRGFjYSUyMGUlMjBlbnZvbHZpbWVudG8lMjBkYSUyMGZhbSVDMyVBRGxpYSUyMGFqdWRhbSUyMGElMjByZWR1emlyJTIwYSUyMGFuc2llZGFkZSUyMGUlMjBhdW1lbnRhciUyMGElMjBjb25maWFuJUMzJUE3YS4lMjIlMEElMjAlMjAlMjAlMjAlMjAlMjAlN0QlMEElMjAlMjAlMjAlMjAlN0QlMkMlMEElMjAlMjAlMjAlMjAlN0IlMEElMjAlMjAlMjAlMjAlMjAlMjAlMjIlNDB0eXBlJTIyJTNBJTIwJTIyUXVlc3Rpb24lMjIlMkMlMEElMjAlMjAlMjAlMjAlMjAlMjAlMjJuYW1lJTIyJTNBJTIwJTIyUXVlJTIwaCVDMyVBMWJpdG9zJTIwZGV2byUyMG11ZGFyJTIwcGFyYSUyMHByZXZlbmlyJTIwcmVjb3JyJUMzJUFBbmNpYXMlM0YlMjIlMkMlMEElMjAlMjAlMjAlMjAlMjAlMjAlMjJhY2NlcHRlZEFuc3dlciUyMiUzQSUyMCU3QiUwQSUyMCUyMCUyMCUyMCUyMCUyMCUyMCUyMCUyMiU0MHR5cGUlMjIlM0ElMjAlMjJBbnN3ZXIlMjIlMkMlMEElMjAlMjAlMjAlMjAlMjAlMjAlMjAlMjAlMjJ0ZXh0JTIyJTNBJTIwJTIyRGVpeGFyJTIwZGUlMjBmdW1hciUyQyUyMHJlZHV6aXIlMjBzYWwlMjBlJTIwZ29yZHVyYXMlMkMlMjBwcmF0aWNhciUyMGV4ZXJjJUMzJUFEY2lvJTIwZiVDMyVBRHNpY28lMjByZWd1bGFyJTJDJTIwbWFudGVyJTIwY29uc3VsdGFzJTIwZGUlMjBzZWd1aW1lbnRvJTIwZSUyMGNvbnNpZGVyYXIlMjByZWFiaWxpdGElQzMlQTclQzMlQTNvJTIwY2FyZCVDMyVBRGFjYSUyMHMlQzMlQTNvJTIwbWVkaWRhcyUyMGZ1bmRhbWVudGFpcy4lMjIlMEElMjAlMjAlMjAlMjAlMjAlMjAlN0QlMEElMjAlMjAlMjAlMjAlN0QlMkMlMEElMjAlMjAlMjAlMjAlN0IlMEElMjAlMjAlMjAlMjAlMjAlMjAlMjIlNDB0eXBlJTIyJTNBJTIwJTIyUXVlc3Rpb24lMjIlMkMlMEElMjAlMjAlMjAlMjAlMjAlMjAlMjJuYW1lJTIyJTNBJTIwJTIyVm91JTIwcHJlY2lzYXIlMjBkZSUyMHRvbWFyJTIwbWVkaWNhbWVudG9zJTIwcGFyYSUyMHNlbXByZSUzRiUyMiUyQyUwQSUyMCUyMCUyMCUyMCUyMCUyMCUyMmFjY2VwdGVkQW5zd2VyJTIyJTNBJTIwJTdCJTBBJTIwJTIwJTIwJTIwJTIwJTIwJTIwJTIwJTIyJTQwdHlwZSUyMiUzQSUyMCUyMkFuc3dlciUyMiUyQyUwQSUyMCUyMCUyMCUyMCUyMCUyMCUyMCUyMCUyMnRleHQlMjIlM0ElMjAlMjJNdWl0b3MlMjBkb3MlMjBmJUMzJUExcm1hY29zJTIwcyVDMyVBM28lMjBkZSUyMHVzbyUyMHByb2xvbmdhZG8lMjBvdSUyMHZpdGFsJUMzJUFEY2lvJTJDJTIwZGVwZW5kZW5kbyUyMGRhJTIwc2l0dWElQzMlQTclQzMlQTNvJTIwY2wlQzMlQURuaWNhLiUyME8lMjBtJUMzJUE5ZGljbyUyMGFqdXN0YSUyMGElMjBtZWRpY2ElQzMlQTclQzMlQTNvJTIwYW8lMjBsb25nbyUyMGRvJTIwdGVtcG8uJTIyJTBBJTIwJTIwJTIwJTIwJTIwJTIwJTdEJTBBJTIwJTIwJTIwJTIwJTdEJTJDJTBBJTIwJTIwJTIwJTIwJTdCJTBBJTIwJTIwJTIwJTIwJTIwJTIwJTIyJTQwdHlwZSUyMiUzQSUyMCUyMlF1ZXN0aW9uJTIyJTJDJTBBJTIwJTIwJTIwJTIwJTIwJTIwJTIybmFtZSUyMiUzQSUyMCUyMlF1ZSUyMGVmZWl0b3MlMjBzZWN1bmQlQzMlQTFyaW9zJTIwcG9kZW0lMjB0ZXIlMjBvcyUyMG1lZGljYW1lbnRvcyUzRiUyMiUyQyUwQSUyMCUyMCUyMCUyMCUyMCUyMCUyMmFjY2VwdGVkQW5zd2VyJTIyJTNBJTIwJTdCJTBBJTIwJTIwJTIwJTIwJTIwJTIwJTIwJTIwJTIyJTQwdHlwZSUyMiUzQSUyMCUyMkFuc3dlciUyMiUyQyUwQSUyMCUyMCUyMCUyMCUyMCUyMCUyMCUyMCUyMnRleHQlMjIlM0ElMjAlMjJBbGd1bnMlMjBwb2RlbSUyMGNhdXNhciUyMGZhZGlnYSUyQyUyMHRvbnR1cmFzJTIwb3UlMjBhbHRlcmElQzMlQTclQzMlQjVlcyUyMG5hJTIwZnVuJUMzJUE3JUMzJUEzbyUyMHNleHVhbC4lMjAlQzMlODklMjBpbXBvcnRhbnRlJTIwcmVwb3J0YXIlMjBzaW50b21hcyUyMGFvJTIwbSVDMyVBOWRpY28lMjBwYXJhJTIwYWp1c3RhciUyMGElMjB0ZXJhcCVDMyVBQXV0aWNhLiUyMiUwQSUyMCUyMCUyMCUyMCUyMCUyMCU3RCUwQSUyMCUyMCUyMCUyMCU3RCUyQyUwQSUyMCUyMCUyMCUyMCU3QiUwQSUyMCUyMCUyMCUyMCUyMCUyMCUyMiU0MHR5cGUlMjIlM0ElMjAlMjJRdWVzdGlvbiUyMiUyQyUwQSUyMCUyMCUyMCUyMCUyMCUyMCUyMm5hbWUlMjIlM0ElMjAlMjIlQzMlODklMjBwb3NzJUMzJUFEdmVsJTIwY29uZHV6aXIlMjBhcCVDMyVCM3MlMjB1bSUyMGVuZmFydGUlM0YlMjIlMkMlMEElMjAlMjAlMjAlMjAlMjAlMjAlMjJhY2NlcHRlZEFuc3dlciUyMiUzQSUyMCU3QiUwQSUyMCUyMCUyMCUyMCUyMCUyMCUyMCUyMCUyMiU0MHR5cGUlMjIlM0ElMjAlMjJBbnN3ZXIlMjIlMkMlMEElMjAlMjAlMjAlMjAlMjAlMjAlMjAlMjAlMjJ0ZXh0JTIyJTNBJTIwJTIyU2ltJTJDJTIwbmElMjBtYWlvcmlhJTIwZG9zJTIwY2Fzb3MlMkMlMjBhcCVDMyVCM3MlMjBhbGd1bWFzJTIwc2VtYW5hcyUyMGUlMjBkZXNkZSUyMHF1ZSUyMG4lQzMlQTNvJTIwaGFqYSUyMHNpbnRvbWFzJTIwaW5jYXBhY2l0YW50ZXMuJTIwQSUyMGF1dG9yaXphJUMzJUE3JUMzJUEzbyUyMGRldmUlMjBzZXIlMjBkYWRhJTIwcGVsbyUyMG0lQzMlQTlkaWNvJTIwYXNzaXN0ZW50ZS4lMjIlMEElMjAlMjAlMjAlMjAlMjAlMjAlN0QlMEElMjAlMjAlMjAlMjAlN0QlMkMlMEElMjAlMjAlMjAlMjAlN0IlMEElMjAlMjAlMjAlMjAlMjAlMjAlMjIlNDB0eXBlJTIyJTNBJTIwJTIyUXVlc3Rpb24lMjIlMkMlMEElMjAlMjAlMjAlMjAlMjAlMjAlMjJuYW1lJTIyJTNBJTIwJTIyUXVlJTIwdGlwbyUyMGRlJTIwZXhlcmMlQzMlQURjaW8lMjBmJUMzJUFEc2ljbyUyMCVDMyVBOSUyMHJlY29tZW5kYWRvJTNGJTIyJTJDJTBBJTIwJTIwJTIwJTIwJTIwJTIwJTIyYWNjZXB0ZWRBbnN3ZXIlMjIlM0ElMjAlN0IlMEElMjAlMjAlMjAlMjAlMjAlMjAlMjAlMjAlMjIlNDB0eXBlJTIyJTNBJTIwJTIyQW5zd2VyJTIyJTJDJTBBJTIwJTIwJTIwJTIwJTIwJTIwJTIwJTIwJTIydGV4dCUyMiUzQSUyMCUyMkV4ZXJjJUMzJUFEY2lvJTIwYWVyJUMzJUIzYmljbyUyMG1vZGVyYWRvJTJDJTIwY29tbyUyMGNhbWluaGFyJTJDJTIwcGVkYWxhciUyMG91JTIwbmFkYXIlMkMlMjBnZXJhbG1lbnRlJTIwJUMzJUE5JTIwc2VndXJvLiUyMERldmUlMjBzZXIlMjBpbmljaWFkbyUyMHNvYiUyMG9yaWVudGElQzMlQTclQzMlQTNvJTIwZW0lMjBwcm9ncmFtYXMlMjBkZSUyMHJlYWJpbGl0YSVDMyVBNyVDMyVBM28lMjBjYXJkJUMzJUFEYWNhLiUyMiUwQSUyMCUyMCUyMCUyMCUyMCUyMCU3RCUwQSUyMCUyMCUyMCUyMCU3RCUyQyUwQSUyMCUyMCUyMCUyMCU3QiUwQSUyMCUyMCUyMCUyMCUyMCUyMCUyMiU0MHR5cGUlMjIlM0ElMjAlMjJRdWVzdGlvbiUyMiUyQyUwQSUyMCUyMCUyMCUyMCUyMCUyMCUyMm5hbWUlMjIlM0ElMjAlMjJDb21vJTIwZGV2ZSUyMHNlciUyMGElMjBhbGltZW50YSVDMyVBNyVDMyVBM28lMjBhcCVDMyVCM3MlMjB1bSUyMGVuZmFydGUlM0YlMjIlMkMlMEElMjAlMjAlMjAlMjAlMjAlMjAlMjJhY2NlcHRlZEFuc3dlciUyMiUzQSUyMCU3QiUwQSUyMCUyMCUyMCUyMCUyMCUyMCUyMCUyMCUyMiU0MHR5cGUlMjIlM0ElMjAlMjJBbnN3ZXIlMjIlMkMlMEElMjAlMjAlMjAlMjAlMjAlMjAlMjAlMjAlMjJ0ZXh0JTIyJTNBJTIwJTIyVW1hJTIwZGlldGElMjBtZWRpdGVyciVDMyVBMm5pY2ElMkMlMjByaWNhJTIwZW0lMjB2ZWdldGFpcyUyQyUyMGZydXRhcyUyQyUyMHBlaXhlJTIwZSUyMGF6ZWl0ZSUyQyUyMGUlMjBwb2JyZSUyMGVtJTIwc2FsJTJDJTIwYSVDMyVBNyVDMyVCQWNhcmVzJTIwZSUyMGdvcmR1cmFzJTIwc2F0dXJhZGFzJTIwJUMzJUE5JTIwYSUyMG1haXMlMjBpbmRpY2FkYS4lMjIlMEElMjAlMjAlMjAlMjAlMjAlMjAlN0QlMEElMjAlMjAlMjAlMjAlN0QlMkMlMEElMjAlMjAlMjAlMjAlN0IlMEElMjAlMjAlMjAlMjAlMjAlMjAlMjIlNDB0eXBlJTIyJTNBJTIwJTIyUXVlc3Rpb24lMjIlMkMlMEElMjAlMjAlMjAlMjAlMjAlMjAlMjJuYW1lJTIyJTNBJTIwJTIyTyUyMGVuZmFydGUlMjBwb2RlJTIwYWZldGFyJTIwYSUyMHNhJUMzJUJBZGUlMjBtZW50YWwlM0YlMjIlMkMlMEElMjAlMjAlMjAlMjAlMjAlMjAlMjJhY2NlcHRlZEFuc3dlciUyMiUzQSUyMCU3QiUwQSUyMCUyMCUyMCUyMCUyMCUyMCUyMCUyMCUyMiU0MHR5cGUlMjIlM0ElMjAlMjJBbnN3ZXIlMjIlMkMlMEElMjAlMjAlMjAlMjAlMjAlMjAlMjAlMjAlMjJ0ZXh0JTIyJTNBJTIwJTIyU2ltLiUyMCVDMyU4OSUyMGNvbXVtJTIwc2VudGlyJTIwYW5zaWVkYWRlJTJDJTIwZGVwcmVzcyVDMyVBM28lMjBvdSUyMGZhbHRhJTIwZGUlMjBjb25maWFuJUMzJUE3YS4lMjBPJTIwYWNvbXBhbmhhbWVudG8lMjBwc2ljb2wlQzMlQjNnaWNvJTIwcG9kZSUyMHNlciUyMGRldGVybWluYW50ZSUyMHBhcmElMjBhJTIwcmVjdXBlcmElQzMlQTclQzMlQTNvLiUyMiUwQSUyMCUyMCUyMCUyMCUyMCUyMCU3RCUwQSUyMCUyMCUyMCUyMCU3RCUyQyUwQSUyMCUyMCUyMCUyMCU3QiUwQSUyMCUyMCUyMCUyMCUyMCUyMCUyMiU0MHR5cGUlMjIlM0ElMjAlMjJRdWVzdGlvbiUyMiUyQyUwQSUyMCUyMCUyMCUyMCUyMCUyMCUyMm5hbWUlMjIlM0ElMjAlMjIlQzMlODklMjBuZWNlc3MlQzMlQTFyaW8lMjBhcG9pbyUyMGRhJTIwZmFtJUMzJUFEbGlhJTIwbmElMjByZWN1cGVyYSVDMyVBNyVDMyVBM28lM0YlMjIlMkMlMEElMjAlMjAlMjAlMjAlMjAlMjAlMjJhY2NlcHRlZEFuc3dlciUyMiUzQSUyMCU3QiUwQSUyMCUyMCUyMCUyMCUyMCUyMCUyMCUyMCUyMiU0MHR5cGUlMjIlM0ElMjAlMjJBbnN3ZXIlMjIlMkMlMEElMjAlMjAlMjAlMjAlMjAlMjAlMjAlMjAlMjJ0ZXh0JTIyJTNBJTIwJTIyU2ltLiUyME8lMjBlbnZvbHZpbWVudG8lMjBkYSUyMGZhbSVDMyVBRGxpYSUyMG1lbGhvcmElMjBhJTIwYWRlcyVDMyVBM28lMjBhbyUyMHRyYXRhbWVudG8lMkMlMjByZWR1eiUyMHJlY2ElQzMlQURkYXMlMjBlJTIwYWp1ZGElMjBuYSUyMG1vdGl2YSVDMyVBNyVDMyVBM28lMjBkbyUyMHBhY2llbnRlLiUyMiUwQSUyMCUyMCUyMCUyMCUyMCUyMCU3RCUwQSUyMCUyMCUyMCUyMCU3RCUyQyUwQSUyMCUyMCUyMCUyMCU3QiUwQSUyMCUyMCUyMCUyMCUyMCUyMCUyMiU0MHR5cGUlMjIlM0ElMjAlMjJRdWVzdGlvbiUyMiUyQyUwQSUyMCUyMCUyMCUyMCUyMCUyMCUyMm5hbWUlMjIlM0ElMjAlMjJBJTIwcmVhYmlsaXRhJUMzJUE3JUMzJUEzbyUyMGNhcmQlQzMlQURhY2ElMjAlQzMlQTklMjBvYnJpZ2F0JUMzJUIzcmlhJTNGJTIyJTJDJTBBJTIwJTIwJTIwJTIwJTIwJTIwJTIyYWNjZXB0ZWRBbnN3ZXIlMjIlM0ElMjAlN0IlMEElMjAlMjAlMjAlMjAlMjAlMjAlMjAlMjAlMjIlNDB0eXBlJTIyJTNBJTIwJTIyQW5zd2VyJTIyJTJDJTBBJTIwJTIwJTIwJTIwJTIwJTIwJTIwJTIwJTIydGV4dCUyMiUzQSUyMCUyMk4lQzMlQTNvJTIwJUMzJUE5JTIwb2JyaWdhdCVDMyVCM3JpYSUyQyUyMG1hcyUyMCVDMyVBOSUyMGFsdGFtZW50ZSUyMHJlY29tZW5kYWRhJTJDJTIwcG9pcyUyMG1lbGhvcmElMjBhJTIwcXVhbGlkYWRlJTIwZGUlMjB2aWRhJTJDJTIwcmVkdXolMjBvJTIwcmlzY28lMjBkZSUyMG5vdm9zJTIwZXZlbnRvcyUyMGUlMjBwcm9tb3ZlJTIwc2VndXJhbiVDMyVBN2ElMjBuYSUyMHJldG9tYSUyMGRhJTIwYXRpdmlkYWRlJTIwZiVDMyVBRHNpY2EuJTIyJTBBJTIwJTIwJTIwJTIwJTIwJTIwJTdEJTBBJTIwJTIwJTIwJTIwJTdEJTBBJTIwJTIwJTVEJTBBJTdEJTBBJTNDJTJGc2NyaXB0JTNFJTBB[\/vc_raw_js][\/vc_column][\/vc_row][vc_section full_width=&#8221;stretch_row&#8221; css=&#8221;.vc_custom_1609791966577{padding-top: 50px !important;padding-bottom: 50px !important;background-color: #770da3 !important;}&#8221;][vc_row equal_height=&#8221;yes&#8221; content_placement=&#8221;top&#8221;][vc_column][vc_row_inner equal_height=&#8221;yes&#8221; content_placement=&#8221;top&#8221; gap=&#8221;25&#8243;][vc_column_inner width=&#8221;1\/4&#8243;][vc_separator align=&#8221;align_left&#8221; el_width=&#8221;70&#8243;][vc_custom_heading text=&#8221;<strong>SUBSCREVA A NOSSA NEWSLETTER<\/strong>&#8221; font_container=&#8221;tag:h4|font_size:150%25|text_align:left|color:%23ffffff&#8221; use_theme_fonts=&#8221;yes&#8221; css=&#8221;.vc_custom_1580814971657{padding-bottom: 10px !important;}&#8221;][vc_separator align=&#8221;align_left&#8221; el_width=&#8221;70&#8243;][vc_column_text]\r\n<p style=\"line-height: 1.2Em;\"><span style=\"color: #ffffff;\">Fazermos um esfor\u00e7o para lhe oferecer bons conte\u00fados sem a\/ o ma\u00e7ar. Todas as nossas Newsletters possuem um modo de se remover da nossa lista. Acompanhe aos nossos evento, servi\u00e7os e promo\u00e7\u00f5es.<\/span><\/p>\r\n[\/vc_column_text][\/vc_column_inner][vc_column_inner width=&#8221;3\/4&#8243;][vc_raw_html]JTNDZm9ybSUyMG1ldGhvZCUzRCUyMnBvc3QlMjIlMjBlbmN0eXBlJTNEJTIybXVsdGlwYXJ0JTJGZm9ybS1kYXRhJTIyJTIwYWN0aW9uJTNEJTIyaHR0cHMlM0ElMkYlMkYyNS5lLWdvaS5jb20lMkYlMkZ3JTJGMmU1ZTFsb3JlOGx4Q2J2SUt5ZTI1ZDU0OGQxJTIyJTNFJTBBJTNDaW5wdXQlMjB0eXBlJTNEJTIyaGlkZGVuJTIyJTIwbmFtZSUzRCUyMmxpc3RhJTIyJTIwdmFsdWUlM0QlMjIyJTIyJTNFJTBBJTNDaW5wdXQlMjB0eXBlJTNEJTIyaGlkZGVuJTIyJTIwbmFtZSUzRCUyMmNsaWVudGUlMjIlMjB2YWx1ZSUzRCUyMjI4OTQwNiUyMiUzRSUwQSUzQ2lucHV0JTIwdHlwZSUzRCUyMmhpZGRlbiUyMiUyMG5hbWUlM0QlMjJsYW5nJTIyJTIwaWQlM0QlMjJsYW5nX2lkJTIyJTIwdmFsdWUlM0QlMjJwdCUyMiUzRSUwQSUzQ2lucHV0JTIwdHlwZSUzRCUyMmhpZGRlbiUyMiUyMG5hbWUlM0QlMjJmb3JtaWQlMjIlMjBpZCUzRCUyMmZvcm1pZCUyMiUyMHZhbHVlJTNEJTIyNSUyMiUzRSUwQSUzQ2RpdiUyMGNsYXNzJTNEJTIyZm9ybS1pbmxpbmUlMjIlM0UlMEElM0NkaXYlMjBzdHlsZSUzRCUyMndpZHRoJTNBJTIwNTAlMjUlMjIlMjBjbGFzcyUzRCUyMmZvcm0tZ3JvdXAlMjAlMjIlM0UlMEElM0NsYWJlbCUyMGZvciUzRCUyMmZuYW1lXzI3JTIyJTIwZWFzeWxhYmVsJTNEJTIyTm9tZSUyMiUyMHN0eWxlJTNEJTIydGV4dC1hbGlnbiUzQSUyMGxlZnQlM0IlMjBjb2xvciUzQXdoaXRlJTIyJTNFJTBBTm9tZSUyMCUyQSUwQSUzQyUyRmxhYmVsJTNFJTBBJTNDaW5wdXQlMjB0eXBlJTNEJTIydGV4dCUyMiUyMG5hbWUlM0QlMjJmbmFtZV8yNyUyMiUyMGlkJTNEJTIyZm5hbWVfMjclMjIlMjB2YWx1ZSUzRCUyMiUyMiUyMHBsYWNlaG9sZGVyJTNEJTIyTm9tZSUyMiUzRSUwQSUzQyUyRmRpdiUzRSUwQSUzQ2RpdiUyMHN0eWxlJTNEJTIyd2lkdGglM0ElMjA0OSUyNSUzQiUyMHBhZGRpbmctbGVmdCUzQTElMjUlM0IlMjIlMjBjbGFzcyUzRCUyMmZvcm0tZ3JvdXAlMjIlM0UlMEElM0NsYWJlbCUyMGZvciUzRCUyMmxuYW1lXzM0JTIyJTIwc3R5bGUlM0QlMjJ0ZXh0LWFsaWduJTNBJTIwbGVmdCUzQiUyMGNvbG9yJTNBd2hpdGUlMjIlM0UlMEFBcGVsaWRvJTIwJTJBJTBBJTNDJTJGbGFiZWwlM0UlMEElM0NpbnB1dCUyMHR5cGUlM0QlMjJ0ZXh0JTIyJTIwbmFtZSUzRCUyMmxuYW1lXzM0JTIyJTIwaWQlM0QlMjJsbmFtZV8zNCUyMiUyMHZhbHVlJTNEJTIyJTIyJTIwcGxhY2Vob2xkZXIlM0QlMjJBcGVsaWRvJTIyJTNFJTBBJTNDJTJGZGl2JTNFJTBBJTNDJTJGZGl2JTNFJTBBJTNDZGl2JTIwY2xhc3MlM0QlMjJmb3JtLWlubGluZSUyMiUzRSUwQSUzQ2RpdiUyMHN0eWxlJTNEJTIyd2lkdGglM0ElMjA1MCUyNSUyMiUyMGNsYXNzJTNEJTIyZm9ybS1ncm91cCUyMCUyMiUzRSUwQSUzQ2xhYmVsJTIwZm9yJTNEJTIydGVsZW1vdmVsXzM1X251bWVybyUyMiUyMHN0eWxlJTNEJTIyZGlzcGxheSUzQSUyMGJsb2NrJTNCJTIwdGV4dC1hbGlnbiUzQSUyMGxlZnQlM0IlMjAlMjBjb2xvciUzQXdoaXRlJTIyJTNFJTBBVGVsZW0lQzMlQjN2ZWwlMjAlMkElMEElM0MlMkZsYWJlbCUzRSUwQSUzQ3NlbGVjdCUyMG5hbWUlM0QlMjJpbmRfdGVsZW1vdmVsXzM1JTIyJTIwaWQlM0QlMjJpbmRfdGVsZW1vdmVsXzM1JTIyJTIwZGF0YS10aGVtZSUzRCUyMmMlMjIlMjBzdHlsZSUzRCUyMmNvbG9yJTNBJTIzOTA5MDkwJTNCJTIwZm9udC1zaXplJTNBODAlMjUlM0IlMjIlM0UlMEElM0NvcHRpb24lMjB2YWx1ZSUzRCUyMiUyQjkzJTIyJTNFJTBBQWZlZ2FuaXN0JUMzJUEzbyUyMCUyOCUyQjkzJTI5JTBBJTNDJTJGb3B0aW9uJTNFJTBBJTNDb3B0aW9uJTIwdmFsdWUlM0QlMjIlMkIyNyUyMiUzRSUwQSVDMyU4MWZyaWNhJTIwZG8lMjBTdWwlMjAlMjglMkIyNyUyOSUwQSUzQyUyRm9wdGlvbiUzRSUwQSUzQ29wdGlvbiUyMHZhbHVlJTNEJTIyJTJCMzU1JTIyJTNFJTBBQWxiJUMzJUEybmlhJTIwJTI4JTJCMzU1JTI5JTBBJTNDJTJGb3B0aW9uJTNFJTBBJTNDb3B0aW9uJTIwdmFsdWUlM0QlMjIlMkI0OSUyMiUzRSUwQUFsZW1hbmhhJTIwJTI4JTJCNDklMjklMEElM0MlMkZvcHRpb24lM0UlMEElM0NvcHRpb24lMjB2YWx1ZSUzRCUyMiUyQjIxMyUyMiUzRSUwQUFsZyVDMyVBOXJpYSUyMCUyOCUyQjIxMyUyOSUwQSUzQyUyRm9wdGlvbiUzRSUwQSUzQ29wdGlvbiUyMHZhbHVlJTNEJTIyJTJCMzc2JTIyJTNFJTBBQW5kb3JyYSUyMCUyOCUyQjM3NiUyOSUwQSUzQyUyRm9wdGlvbiUzRSUwQSUzQ29wdGlvbiUyMHZhbHVlJTNEJTIyJTJCMjQ0JTIyJTNFJTBBQW5nb2xhJTIwJTI4JTJCMjQ0JTI5JTBBJTNDJTJGb3B0aW9uJTNFJTBBJTNDb3B0aW9uJTIwdmFsdWUlM0QlMjIlMkIxMjY4NCUyMiUzRSUwQUFuZ3VpbGxhJTIwJTI4JTJCMTI2ODQlMjklMEElM0MlMkZvcHRpb24lM0UlMEElM0NvcHRpb24lMjB2YWx1ZSUzRCUyMiUyQjEyNjglMjIlM0UlMEFBbnQlQzMlQURndWElMjBlJTIwQmFyYnVkYSUyMCUyOCUyQjEyNjglMjklMEElM0MlMkZvcHRpb24lM0UlMEElM0NvcHRpb24lMjB2YWx1ZSUzRCUyMiUyQjk2NiUyMiUzRSUwQUFyJUMzJUExYmlhJTIwU2F1ZGl0YSUyMCUyOCUyQjk2NiUyOSUwQSUzQyUyRm9wdGlvbiUzRSUwQSUzQ29wdGlvbiUyMHZhbHVlJTNEJTIyJTJCNTQlMjIlM0UlMEFBcmdlbnRpbmElMjAlMjglMkI1NCUyOSUwQSUzQyUyRm9wdGlvbiUzRSUwQSUzQ29wdGlvbiUyMHZhbHVlJTNEJTIyJTJCMzc0JTIyJTNFJTBBQXJtJUMzJUE5bmlhJTIwJTI4JTJCMzc0JTI5JTBBJTNDJTJGb3B0aW9uJTNFJTBBJTNDb3B0aW9uJTIwdmFsdWUlM0QlMjIlMkIyOTclMjIlM0UlMEFBcnViYSUyMCUyOCUyQjI5NyUyOSUwQSUzQyUyRm9wdGlvbiUzRSUwQSUzQ29wdGlvbiUyMHZhbHVlJTNEJTIyJTJCMjQ3JTIyJTNFJTBBQXNjZW5zaW9uJTIwJTI4JTJCMjQ3JTI5JTBBJTNDJTJGb3B0aW9uJTNFJTBBJTNDb3B0aW9uJTIwdmFsdWUlM0QlMjIlMkI2MSUyMiUzRSUwQUF1c3RyJUMzJUExbGlhJTIwJTI4JTJCNjElMjklMEElM0MlMkZvcHRpb24lM0UlMEElM0NvcHRpb24lMjB2YWx1ZSUzRCUyMiUyQjQzJTIyJTNFJTBBJUMzJTgxdXN0cmlhJTIwJTI4JTJCNDMlMjklMEElM0MlMkZvcHRpb24lM0UlMEElM0NvcHRpb24lMjB2YWx1ZSUzRCUyMiUyQjk5NCUyMiUzRSUwQUF6ZXJiZWlqJUMzJUEzbyUyMCUyOCUyQjk5NCUyOSUwQSUzQyUyRm9wdGlvbiUzRSUwQSUzQ29wdGlvbiUyMHZhbHVlJTNEJTIyJTJCMTI0MiUyMiUzRSUwQUJhYW1hcyUyMCUyOCUyQjEyNDIlMjklMEElM0MlMkZvcHRpb24lM0UlMEElM0NvcHRpb24lMjB2YWx1ZSUzRCUyMiUyQjk3MyUyMiUzRSUwQUJhaHJlaW4lMjAlMjglMkI5NzMlMjklMEElM0MlMkZvcHRpb24lM0UlMEElM0NvcHRpb24lMjB2YWx1ZSUzRCUyMiUyQjg4MCUyMiUzRSUwQUJhbmdsYWRlc2glMjAlMjglMkI4ODAlMjklMEElM0MlMkZvcHRpb24lM0UlMEElM0NvcHRpb24lMjB2YWx1ZSUzRCUyMiUyQjEyNDYlMjIlM0UlMEFCYXJiYWRvcyUyMCUyOCUyQjEyNDYlMjklMEElMjAlM0MlMkZvcHRpb24lM0UlMEElM0NvcHRpb24lMjB2YWx1ZSUzRCUyMiUyQjMyJTIyJTNFJTBBQiVDMyVBOWxnaWNhJTIwJTI4JTJCMzIlMjklMEElM0MlMkZvcHRpb24lM0UlMEElM0NvcHRpb24lMjB2YWx1ZSUzRCUyMiUyQjUwMSUyMiUzRSUwQUJlbGl6ZSUyMCUyOCUyQjUwMSUyOSUwQSUzQyUyRm9wdGlvbiUzRSUwQSUzQ29wdGlvbiUyMHZhbHVlJTNEJTIyJTJCMjI5JTIyJTNFJTBBQmVuaW4lMjAlMjglMkIyMjklMjklMEElM0MlMkZvcHRpb24lM0UlMEElM0NvcHRpb24lMjB2YWx1ZSUzRCUyMiUyQjE0NDElMjIlM0UlMEFCZXJtdWRhJTIwJTI4JTJCMTQ0MSUyOSUwQSUzQyUyRm9wdGlvbiUzRSUwQSUzQ29wdGlvbiUyMHZhbHVlJTNEJTIyJTJCMzc1JTIyJTNFJTBBQmllbG9yciVDMyVCQXNzaWElMjAlMjglMkIzNzUlMjklMEElM0MlMkZvcHRpb24lM0UlMEElM0NvcHRpb24lMjB2YWx1ZSUzRCUyMiUyQjU5MSUyMiUzRSUwQUJvbCVDMyVBRHZpYSUyMCUyOCUyQjU5MSUyOSUwQSUzQyUyRm9wdGlvbiUzRSUwQSUzQ29wdGlvbiUyMHZhbHVlJTNEJTIyJTJCNTk5JTIyJTNFJTBBQm9uYWlyZSUyQyUyMFNhaW50JTIwRXVzdGF0aXVzJTIwZSUyMFNhYmElMkMlMjBDdXJhJUMzJUE3JUMzJUEzbyUyMGUlMjBTaW50JTIwTWFhcnRlbiUyMEhvbGFuZCVDMyVBQXMlMjAlMjglMkI1OTklMjklMEElM0MlMkZvcHRpb24lM0UlMEElM0NvcHRpb24lMjB2YWx1ZSUzRCUyMiUyQjM4NyUyMiUzRSUwQUIlQzMlQjNzbmlhLUhlcnplZ292aW5hJTIwJTI4JTJCMzg3JTI5JTBBJTNDJTJGb3B0aW9uJTNFJTBBJTNDb3B0aW9uJTIwdmFsdWUlM0QlMjIlMkIyNjclMjIlM0UlMEFCb3RzdWFuYSUyMCUyOCUyQjI2NyUyOSUwQSUzQyUyRm9wdGlvbiUzRSUwQSUzQ29wdGlvbiUyMHZhbHVlJTNEJTIyJTJCNTUlMjIlM0UlMEFCcmFzaWwlMjAlMjglMkI1NSUyOSUwQSUzQyUyRm9wdGlvbiUzRSUwQSUzQ29wdGlvbiUyMHZhbHVlJTNEJTIyJTJCNjczJTIyJTNFJTBBQnJ1bmVpJTIwJTI4JTJCNjczJTI5JTBBJTNDJTJGb3B0aW9uJTNFJTBBJTNDb3B0aW9uJTIwdmFsdWUlM0QlMjIlMkIzNTklMjIlM0UlMEFCdWxnJUMzJUExcmlhJTIwJTI4JTJCMzU5JTI5JTBBJTNDJTJGb3B0aW9uJTNFJTBBJTNDb3B0aW9uJTIwdmFsdWUlM0QlMjIlMkIyMjYlMjIlM0UlMEFCdXJraW5hLUZhc28lMjAlMjglMkIyMjYlMjklMEElM0MlMkZvcHRpb24lM0UlMEElM0NvcHRpb24lMjB2YWx1ZSUzRCUyMiUyQjI1NyUyMiUzRSUwQUJ1cnVuZGklMjAlMjglMkIyNTclMjklMEElM0MlMkZvcHRpb24lM0UlMEElM0NvcHRpb24lMjB2YWx1ZSUzRCUyMiUyQjk3NSUyMiUzRSUwQUJ1dCVDMyVBM28lMjAlMjglMkI5NzUlMjklMEElM0MlMkZvcHRpb24lM0UlMEElM0NvcHRpb24lMjB2YWx1ZSUzRCUyMiUyQjIzOCUyMiUzRSUwQUNhYm8lMjBWZXJkZSUyMCUyOCUyQjIzOCUyOSUwQSUzQyUyRm9wdGlvbiUzRSUwQSUzQ29wdGlvbiUyMHZhbHVlJTNEJTIyJTJCMjM3JTIyJTNFJTBBQ2FtYXIlQzMlQjVlcyUyMCUyOCUyQjIzNyUyOSUwQSUzQyUyRm9wdGlvbiUzRSUwQSUzQ29wdGlvbiUyMHZhbHVlJTNEJTIyJTJCODU1JTIyJTNFJTBBQ2FtYm9qYSUyMCUyOCUyQjg1NSUyOSUwQSUzQyUyRm9wdGlvbiUzRSUwQSUzQ29wdGlvbiUyMHZhbHVlJTNEJTIyJTJCMSUyMiUzRSUwQUNhbmFkJUMzJUExJTJDJTIwRVVBJTJDJTIwUHVlcnRvJTIwUmljbyUyMGUlMjBSZXAlQzMlQkFibGljYSUyMERvbWluaWNhbmElMjAlMjglMkIxJTI5JTBBJTNDJTJGb3B0aW9uJTNFJTBBJTNDb3B0aW9uJTIwdmFsdWUlM0QlMjIlMkI3JTIyJTNFJTBBQ2F6YXF1aXN0JUMzJUEzbyUyQyUyMFF1aXJndWlzdCVDMyVBM28lMjBlJTIwUiVDMyVCQXNzaWElMjAlMjglMkI3JTI5JTBBJTNDJTJGb3B0aW9uJTNFJTBBJTNDb3B0aW9uJTIwdmFsdWUlM0QlMjIlMkIyMzUlMjIlM0UlMEFDaGFkZSUyMCUyOCUyQjIzNSUyOSUwQSUzQyUyRm9wdGlvbiUzRSUwQSUzQ29wdGlvbiUyMHZhbHVlJTNEJTIyJTJCNTYlMjIlM0UlMEFDaGlsZSUyMCUyOCUyQjU2JTI5JTBBJTNDJTJGb3B0aW9uJTNFJTBBJTNDb3B0aW9uJTIwdmFsdWUlM0QlMjIlMkI4NiUyMiUzRSUwQUNoaW5hJTIwJTI4JTJCODYlMjklMEElM0MlMkZvcHRpb24lM0UlMEElM0NvcHRpb24lMjB2YWx1ZSUzRCUyMiUyQjM1NyUyMiUzRSUwQUNoaXByZSUyMCUyOCUyQjM1NyUyOSUwQSUzQyUyRm9wdGlvbiUzRSUwQSUzQ29wdGlvbiUyMHZhbHVlJTNEJTIyJTJCMzc5JTIyJTNFJTBBQ2lkYWRlJTIwZG8lMjBWYXRpY2FubyUyMCUyOCUyQjM3OSUyOSUwQSUzQyUyRm9wdGlvbiUzRSUwQSUzQ29wdGlvbiUyMHZhbHVlJTNEJTIyJTJCNTclMjIlM0UlMEFDb2wlQzMlQjRtYmlhJTIwJTI4JTJCNTclMjklMEElM0MlMkZvcHRpb24lM0UlMEElM0NvcHRpb24lMjB2YWx1ZSUzRCUyMiUyQjI2OSUyMiUzRSUwQUNvbW9yZXMlMjAlMjglMkIyNjklMjklMEElM0MlMkZvcHRpb24lM0UlMEElM0NvcHRpb24lMjB2YWx1ZSUzRCUyMiUyQjI0MyUyMiUzRSUwQUNvbmdvLUJyYXp6YXZpbGxlJTIwJTI4JTJCMjQzJTI5JTBBJTNDJTJGb3B0aW9uJTNFJTBBJTNDb3B0aW9uJTIwdmFsdWUlM0QlMjIlMkIyNDIlMjIlM0UlMEFDb25nby1LaW5zaGFzYSUyMCUyOCUyQjI0MiUyOSUwQSUzQyUyRm9wdGlvbiUzRSUwQSUzQ29wdGlvbiUyMHZhbHVlJTNEJTIyJTJCODUwJTIyJTNFJTBBQ29yZWlhJTIwZG8lMjBOb3J0ZSUyMCUyOCUyQjg1MCUyOSUwQSUzQyUyRm9wdGlvbiUzRSUwQSUzQ29wdGlvbiUyMHZhbHVlJTNEJTIyJTJCODIlMjIlM0UlMEFDb3JlaWElMjBkbyUyMFN1bCUyMCUyOCUyQjgyJTI5JTBBJTNDJTJGb3B0aW9uJTNFJTBBJTNDb3B0aW9uJTIwdmFsdWUlM0QlMjIlMkIyMjUlMjIlM0UlMEFDb3N0YSUyMGRvJTIwTWFyZmltJTIwJTI4JTJCMjI1JTI5JTBBJTNDJTJGb3B0aW9uJTNFJTBBJTNDb3B0aW9uJTIwdmFsdWUlM0QlMjIlMkI1MDYlMjIlM0UlMEFDb3N0YSUyMFJpY2ElMjAlMjglMkI1MDYlMjklMEElM0MlMkZvcHRpb24lM0UlMEElM0NvcHRpb24lMjB2YWx1ZSUzRCUyMiUyQjM4NSUyMiUzRSUwQUNybyVDMyVBMWNpYSUyMCUyOCUyQjM4NSUyOSUwQSUzQyUyRm9wdGlvbiUzRSUwQSUzQ29wdGlvbiUyMHZhbHVlJTNEJTIyJTJCNTMlMjIlM0UlMEFDdWJhJTIwJTI4JTJCNTMlMjklMEElM0MlMkZvcHRpb24lM0UlMEElM0NvcHRpb24lMjB2YWx1ZSUzRCUyMiUyQjI0NiUyMiUzRSUwQURpZWdvJTIwR2FyY2lhJTIwJTI4JTJCMjQ2JTI5JTBBJTNDJTJGb3B0aW9uJTNFJTBBJTNDb3B0aW9uJTIwdmFsdWUlM0QlMjIlMkI0NSUyMiUzRSUwQURpbmFtYXJjYSUyMCUyOCUyQjQ1JTI5JTBBJTNDJTJGb3B0aW9uJTNFJTBBJTNDb3B0aW9uJTIwdmFsdWUlM0QlMjIlMkIxNzY3JTIyJTNFJTBBRG9taW5pY2ElMjAlMjglMkIxNzY3JTI5JTBBJTNDJTJGb3B0aW9uJTNFJTBBJTNDb3B0aW9uJTIwdmFsdWUlM0QlMjIlMkIyMCUyMiUzRSUwQUVnaXB0byUyMCUyOCUyQjIwJTI5JTBBJTNDJTJGb3B0aW9uJTNFJTBBJTNDb3B0aW9uJTIwdmFsdWUlM0QlMjIlMkI1MDMlMjIlM0UlMEFFbCUyMFNhbHZhZG9yJTIwJTI4JTJCNTAzJTI5JTBBJTNDJTJGb3B0aW9uJTNFJTBBJTNDb3B0aW9uJTIwdmFsdWUlM0QlMjIlMkI5NzElMjIlM0UlMEFFbWlyYWRvcyUyMCVDMyU4MXJhYmVzJTIwVW5pZG9zJTIwJTI4JTJCOTcxJTI5JTBBJTNDJTJGb3B0aW9uJTNFJTBBJTNDb3B0aW9uJTIwdmFsdWUlM0QlMjIlMkI1OTMlMjIlM0UlMEFFcXVhZG9yJTIwJTI4JTJCNTkzJTI5JTBBJTNDJTJGb3B0aW9uJTNFJTBBJTNDb3B0aW9uJTIwdmFsdWUlM0QlMjIlMkIyOTElMjIlM0UlMEFFcml0cmVpYSUyMCUyOCUyQjI5MSUyOSUwQSUzQyUyRm9wdGlvbiUzRSUwQSUzQ29wdGlvbiUyMHZhbHVlJTNEJTIyJTJCNDIxJTIyJTNFJTBBRXNsb3YlQzMlQTFxdWlhJTIwJTI4JTJCNDIxJTI5JTBBJTNDJTJGb3B0aW9uJTNFJTBBJTNDb3B0aW9uJTIwdmFsdWUlM0QlMjIlMkIzODYlMjIlM0UlMEFFc2xvdiVDMyVBOW5pYSUyMCUyOCUyQjM4NiUyOSUwQSUzQyUyRm9wdGlvbiUzRSUwQSUzQ29wdGlvbiUyMHZhbHVlJTNEJTIyJTJCMzQlMjIlM0UlMEFFc3BhbmhhJTIwJTI4JTJCMzQlMjklMEElM0MlMkZvcHRpb24lM0UlMEElM0NvcHRpb24lMjB2YWx1ZSUzRCUyMiUyQjM3MiUyMiUzRSUwQUVzdCVDMyVCM25pYSUyMCUyOCUyQjM3MiUyOSUwQSUzQyUyRm9wdGlvbiUzRSUwQSUzQ29wdGlvbiUyMHZhbHVlJTNEJTIyJTJCMjUxJTIyJTNFJTBBRXRpJUMzJUIzcGlhJTIwJTI4JTJCMjUxJTI5JTBBJTNDJTJGb3B0aW9uJTNFJTBBJTNDb3B0aW9uJTIwdmFsdWUlM0QlMjIlMkI2NzklMjIlM0UlMEFGaWppJTIwJTI4JTJCNjc5JTI5JTBBJTNDJTJGb3B0aW9uJTNFJTBBJTNDb3B0aW9uJTIwdmFsdWUlM0QlMjIlMkI2MyUyMiUzRSUwQUZpbGlwaW5hcyUyMCUyOCUyQjYzJTI5JTBBJTNDJTJGb3B0aW9uJTNFJTBBJTNDb3B0aW9uJTIwdmFsdWUlM0QlMjIlMkIzNTglMjIlM0UlMEFGaW5sJUMzJUEybmRpYSUyMCUyOCUyQjM1OCUyOSUwQSUzQyUyRm9wdGlvbiUzRSUwQSUzQ29wdGlvbiUyMHZhbHVlJTNEJTIyJTJCMzMlMjIlM0UlMEFGcmFuJUMzJUE3YSUyMCUyOCUyQjMzJTI5JTBBJTNDJTJGb3B0aW9uJTNFJTBBJTNDb3B0aW9uJTIwdmFsdWUlM0QlMjIlMkIyNDElMjIlM0UlMEFHYWIlQzMlQTNvJTIwJTI4JTJCMjQxJTI5JTBBJTNDJTJGb3B0aW9uJTNFJTBBJTNDb3B0aW9uJTIwdmFsdWUlM0QlMjIlMkIyMjAlMjIlM0UlMEFHJUMzJUEybWJpYSUyMCUyOCUyQjIyMCUyOSUwQSUzQyUyRm9wdGlvbiUzRSUwQSUzQ29wdGlvbiUyMHZhbHVlJTNEJTIyJTJCMjMzJTIyJTNFJTBBR2FuYSUyMCUyOCUyQjIzMyUyOSUwQSUzQyUyRm9wdGlvbiUzRSUwQSUzQ29wdGlvbiUyMHZhbHVlJTNEJTIyJTJCOTk1JTIyJTNFJTBBR2UlQzMlQjNyZ2lhJTIwJTI4JTJCOTk1JTI5JTBBJTNDJTJGb3B0aW9uJTNFJTBBJTNDb3B0aW9uJTIwdmFsdWUlM0QlMjIlMkIzNTAlMjIlM0UlMEFHaWJyYWx0YXIlMjAlMjglMkIzNTAlMjklMEElM0MlMkZvcHRpb24lM0UlMEElM0NvcHRpb24lMjB2YWx1ZSUzRCUyMiUyQjE0NzMlMjIlM0UlMEFHcmFuYWRhJTIwJTI4JTJCMTQ3MyUyOSUwQSUzQyUyRm9wdGlvbiUzRSUwQSUzQ29wdGlvbiUyMHZhbHVlJTNEJTIyJTJCMzAlMjIlM0UlMEFHciVDMyVBOWNpYSUyMCUyOCUyQjMwJTI5JTBBJTNDJTJGb3B0aW9uJTNFJTBBJTNDb3B0aW9uJTIwdmFsdWUlM0QlMjIlMkIyOTklMjIlM0UlMEFHcm9uZWwlQzMlQTJuZGlhJTIwJTI4JTJCMjk5JTI5JTBBJTNDJTJGb3B0aW9uJTNFJTBBJTNDb3B0aW9uJTIwdmFsdWUlM0QlMjIlMkI1OTAlMjIlM0UlMEFHdWFkZWxvdXBlJTIwJTI4JTJCNTkwJTI5JTBBJTNDJTJGb3B0aW9uJTNFJTBBJTNDb3B0aW9uJTIwdmFsdWUlM0QlMjIlMkIxNjcxJTIyJTNFJTBBR3VhbSUyMCUyOCUyQjE2NzElMjklMEElM0MlMkZvcHRpb24lM0UlMEElM0NvcHRpb24lMjB2YWx1ZSUzRCUyMiUyQjUwMiUyMiUzRSUwQUd1YXRlbWFsYSUyMCUyOCUyQjUwMiUyOSUwQSUzQyUyRm9wdGlvbiUzRSUwQSUzQ29wdGlvbiUyMHZhbHVlJTNEJTIyJTJCNTkyJTIyJTNFJTBBR3VpYW5hJTIwJTI4JTJCNTkyJTI5JTBBJTNDJTJGb3B0aW9uJTNFJTBBJTNDb3B0aW9uJTIwdmFsdWUlM0QlMjIlMkI1OTQlMjIlM0UlMEFHdWlhbmElMjBGcmFuYyVDMyVBQXNhJTIwJTI4JTJCNTk0JTI5JTBBJTNDJTJGb3B0aW9uJTNFJTBBJTNDb3B0aW9uJTIwdmFsdWUlM0QlMjIlMkIyMjQlMjIlM0UlMEFHdWluJUMzJUE5JTIwJTI4JTJCMjI0JTI5JTBBJTNDJTJGb3B0aW9uJTNFJTBBJTNDb3B0aW9uJTIwdmFsdWUlM0QlMjIlMkIyNDAlMjIlM0UlMEFHdWluJUMzJUE5JTIwRXF1YXRvcmlhbCUyMCUyOCUyQjI0MCUyOSUwQSUzQyUyRm9wdGlvbiUzRSUwQSUzQ29wdGlvbiUyMHZhbHVlJTNEJTIyJTJCMjQ1JTIyJTNFJTBBR3VpbiVDMyVBOS1CaXNzYXUlMjAlMjglMkIyNDUlMjklMEElM0MlMkZvcHRpb24lM0UlMEElM0NvcHRpb24lMjB2YWx1ZSUzRCUyMiUyQjUwOSUyMiUzRSUwQUhhaXRpJTIwJTI4JTJCNTA5JTI5JTBBJTNDJTJGb3B0aW9uJTNFJTBBJTNDb3B0aW9uJTIwdmFsdWUlM0QlMjIlMkI1MDQlMjIlM0UlMEFIb25kdXJhcyUyMCUyOCUyQjUwNCUyOSUwQSUzQyUyRm9wdGlvbiUzRSUwQSUzQ29wdGlvbiUyMHZhbHVlJTNEJTIyJTJCODUyJTIyJTNFJTBBSG9uZyUyMEtvbmclMjAlMjglMkI4NTIlMjklMEElM0MlMkZvcHRpb24lM0UlMEElM0NvcHRpb24lMjB2YWx1ZSUzRCUyMiUyQjM2JTIyJTNFJTBBSHVuZ3JpYSUyMCUyOCUyQjM2JTI5JTBBJTNDJTJGb3B0aW9uJTNFJTBBJTNDb3B0aW9uJTIwdmFsdWUlM0QlMjIlMkI5NjclMjIlM0UlMEFJJUMzJUE5bWVuJTIwJTI4JTJCOTY3JTI5JTBBJTNDJTJGb3B0aW9uJTNFJTBBJTNDb3B0aW9uJTIwdmFsdWUlM0QlMjIlMkI0NCUyMiUzRSUwQUlsaGElMjBkZSUyME1hbiUyMGUlMjBSZWlubyUyMFVuaWRvJTIwJTI4JTJCNDQlMjklMEElM0MlMkZvcHRpb24lM0UlMEElM0NvcHRpb24lMjB2YWx1ZSUzRCUyMiUyQjEzNDUlMjIlM0UlMEFJbGhhcyUyMENheW1hbiUyMCUyOCUyQjEzNDUlMjklMEElM0MlMkZvcHRpb24lM0UlMEElM0NvcHRpb24lMjB2YWx1ZSUzRCUyMiUyQjY4MiUyMiUzRSUwQUlsaGFzJTIwQ29vayUyMCUyOCUyQjY4MiUyOSUwQSUzQyUyRm9wdGlvbiUzRSUwQSUzQ29wdGlvbiUyMHZhbHVlJTNEJTIyJTJCNTAwJTIyJTNFJTBBSWxoYXMlMjBGYWxrbGFuZCUyMCUyOCUyQjUwMCUyOSUwQSUzQyUyRm9wdGlvbiUzRSUwQSUzQ29wdGlvbiUyMHZhbHVlJTNEJTIyJTJCMjk4JTIyJTNFJTBBSWxoYXMlMjBGYXJvZSUyMCUyOCUyQjI5OCUyOSUwQSUzQyUyRm9wdGlvbiUzRSUwQSUzQ29wdGlvbiUyMHZhbHVlJTNEJTIyJTJCMTY3MCUyMiUzRSUwQUlsaGFzJTIwTWFyaWFuYXMlMjBkbyUyME5vcnRlJTIwJTI4JTJCMTY3MCUyOSUwQSUzQyUyRm9wdGlvbiUzRSUwQSUzQ29wdGlvbiUyMHZhbHVlJTNEJTIyJTJCNjkyJTIyJTNFJTBBSWxoYXMlMjBNYXJzaGFsbCUyMCUyOCUyQjY5MiUyOSUwQSUzQyUyRm9wdGlvbiUzRSUwQSUzQ29wdGlvbiUyMHZhbHVlJTNEJTIyJTJCNjc3JTIyJTNFJTBBSWxoYXMlMjBTYWxvbSVDMyVBM28lMjAlMjglMkI2NzclMjklMEElM0MlMkZvcHRpb24lM0UlMEElM0NvcHRpb24lMjB2YWx1ZSUzRCUyMiUyQjEzNDAlMjIlM0UlMEFJbGhhcyUyMFZpcmdlbSUyMEFtZXJpY2FzJTIwJTI4JTJCMTM0MCUyOSUwQSUzQyUyRm9wdGlvbiUzRSUwQSUzQ29wdGlvbiUyMHZhbHVlJTNEJTIyJTJCMTI4NCUyMiUzRSUwQUlsaGFzJTIwVmlyZ2VucyUyMEJyaXQlQzMlQTJuaWNhcyUyMCUyOCUyQjEyODQlMjklMEElM0MlMkZvcHRpb24lM0UlMEElM0NvcHRpb24lMjB2YWx1ZSUzRCUyMiUyQjkxJTIyJTNFJTBBJUMzJThEbmRpYSUyMCUyOCUyQjkxJTI5JTBBJTNDJTJGb3B0aW9uJTNFJTBBJTNDb3B0aW9uJTIwdmFsdWUlM0QlMjIlMkI2MiUyMiUzRSUwQUluZG9uJUMzJUE5c2lhJTIwJTI4JTJCNjIlMjklMEElM0MlMkZvcHRpb24lM0UlMEElM0NvcHRpb24lMjB2YWx1ZSUzRCUyMiUyQjk4JTIyJTNFJTBBSXIlQzMlQTNvJTIwJTI4JTJCOTglMjklMEElM0MlMkZvcHRpb24lM0UlMEElM0NvcHRpb24lMjB2YWx1ZSUzRCUyMiUyQjk2NCUyMiUzRSUwQUlyYXF1ZSUyMCUyOCUyQjk2NCUyOSUwQSUzQyUyRm9wdGlvbiUzRSUwQSUzQ29wdGlvbiUyMHZhbHVlJTNEJTIyJTJCMzUzJTIyJTNFJTBBSXJsYW5kYSUyMCUyOCUyQjM1MyUyOSUwQSUzQyUyRm9wdGlvbiUzRSUwQSUzQ29wdGlvbiUyMHZhbHVlJTNEJTIyJTJCMzU0JTIyJTNFJTBBSXNsJUMzJUEybmRpYSUyMCUyOCUyQjM1NCUyOSUwQSUzQyUyRm9wdGlvbiUzRSUwQSUzQ29wdGlvbiUyMHZhbHVlJTNEJTIyJTJCOTcyJTIyJTNFJTBBSXNyYWVsJTIwJTI4JTJCOTcyJTI5JTBBJTNDJTJGb3B0aW9uJTNFJTBBJTNDb3B0aW9uJTIwdmFsdWUlM0QlMjIlMkIzOSUyMiUzRSUwQUl0JUMzJUExbGlhJTIwJTI4JTJCMzklMjklMEElM0MlMkZvcHRpb24lM0UlMEElM0NvcHRpb24lMjB2YWx1ZSUzRCUyMiUyQjE4NzYlMjIlM0UlMEFKYW1haWNhJTIwJTI4JTJCMTg3NiUyOSUwQSUzQyUyRm9wdGlvbiUzRSUwQSUzQ29wdGlvbiUyMHZhbHVlJTNEJTIyJTJCODElMjIlM0UlMEFKYXAlQzMlQTNvJTIwJTI4JTJCODElMjklMEElM0MlMkZvcHRpb24lM0UlMEElM0NvcHRpb24lMjB2YWx1ZSUzRCUyMiUyQjI1MyUyMiUzRSUwQUppYnV0aSUyMCUyOCUyQjI1MyUyOSUwQSUzQyUyRm9wdGlvbiUzRSUwQSUzQ29wdGlvbiUyMHZhbHVlJTNEJTIyJTJCOTYyJTIyJTNFJTBBSm9yZCVDMyVBMm5pYSUyMCUyOCUyQjk2MiUyOSUwQSUzQyUyRm9wdGlvbiUzRSUwQSUzQ29wdGlvbiUyMHZhbHVlJTNEJTIyJTJCOTY1JTIyJTNFJTBBS293ZWl0JTIwJTI4JTJCOTY1JTI5JTBBJTNDJTJGb3B0aW9uJTNFJTBBJTNDb3B0aW9uJTIwdmFsdWUlM0QlMjIlMkI4NTYlMjIlM0UlMEFMYW9zJTIwJTI4JTJCODU2JTI5JTBBJTNDJTJGb3B0aW9uJTNFJTBBJTNDb3B0aW9uJTIwdmFsdWUlM0QlMjIlMkIyNjYlMjIlM0UlMEFMZXNvdG8lMjAlMjglMkIyNjYlMjklMEElM0MlMkZvcHRpb24lM0UlMEElM0NvcHRpb24lMjB2YWx1ZSUzRCUyMiUyQjM3MSUyMiUzRSUwQUxldCVDMyVCM25pYSUyMCUyOCUyQjM3MSUyOSUwQSUzQyUyRm9wdGlvbiUzRSUwQSUzQ29wdGlvbiUyMHZhbHVlJTNEJTIyJTJCOTYxJTIyJTNFJTBBTCVDMyVBRGJhbm8lMjAlMjglMkI5NjElMjklMEElM0MlMkZvcHRpb24lM0UlMEElM0NvcHRpb24lMjB2YWx1ZSUzRCUyMiUyQjIzMSUyMiUzRSUwQUxpYiVDMyVBOXJpYSUyMCUyOCUyQjIzMSUyOSUwQSUzQyUyRm9wdGlvbiUzRSUwQSUzQ29wdGlvbiUyMHZhbHVlJTNEJTIyJTJCMjE4JTIyJTNFJTBBTCVDMyVBRGJpYSUyMCUyOCUyQjIxOCUyOSUwQSUzQyUyRm9wdGlvbiUzRSUwQSUzQ29wdGlvbiUyMHZhbHVlJTNEJTIyJTJCNDIzJTIyJTNFJTBBTGllY2h0ZW5zdGVpbiUyMCUyOCUyQjQyMyUyOSUwQSUzQyUyRm9wdGlvbiUzRSUwQSUzQ29wdGlvbiUyMHZhbHVlJTNEJTIyJTJCMzcwJTIyJTNFJTBBTGl0dSVDMyVBMm5pYSUyMCUyOCUyQjM3MCUyOSUwQSUzQyUyRm9wdGlvbiUzRSUwQSUzQ29wdGlvbiUyMHZhbHVlJTNEJTIyJTJCMzUyJTIyJTNFJTBBTHV4ZW1idXJnbyUyMCUyOCUyQjM1MiUyOSUwQSUzQyUyRm9wdGlvbiUzRSUwQSUzQ29wdGlvbiUyMHZhbHVlJTNEJTIyJTJCODUzJTIyJTNFJTBBTWFjYXUlMjAlMjglMkI4NTMlMjklMEElM0MlMkZvcHRpb24lM0UlMEElM0NvcHRpb24lMjB2YWx1ZSUzRCUyMiUyQjM4OSUyMiUzRSUwQU1hY2VkJUMzJUIzbmlhJTIwJTI4JTJCMzg5JTI5JTBBJTNDJTJGb3B0aW9uJTNFJTBBJTNDb3B0aW9uJTIwdmFsdWUlM0QlMjIlMkIyNjElMjIlM0UlMEFNYWRhZyVDMyVBMXNjYXIlMjAlMjglMkIyNjElMjklMEElM0MlMkZvcHRpb24lM0UlMEElM0NvcHRpb24lMjB2YWx1ZSUzRCUyMiUyQjYwJTIyJTNFJTBBTWFsJUMzJUExc2lhJTIwJTI4JTJCNjAlMjklMEElM0MlMkZvcHRpb24lM0UlMEElM0NvcHRpb24lMjB2YWx1ZSUzRCUyMiUyQjI2NSUyMiUzRSUwQU1hbGF3aSUyMCUyOCUyQjI2NSUyOSUwQSUzQyUyRm9wdGlvbiUzRSUwQSUzQ29wdGlvbiUyMHZhbHVlJTNEJTIyJTJCOTYwJTIyJTNFJTBBTWFsZGl2YXMlMjAlMjglMkI5NjAlMjklMEElM0MlMkZvcHRpb24lM0UlMEElM0NvcHRpb24lMjB2YWx1ZSUzRCUyMiUyQjIyMyUyMiUzRSUwQU1hbGklMjAlMjglMkIyMjMlMjklMEElM0MlMkZvcHRpb24lM0UlMEElM0NvcHRpb24lMjB2YWx1ZSUzRCUyMiUyQjM1NiUyMiUzRSUwQU1hbHRhJTIwJTI4JTJCMzU2JTI5JTBBJTNDJTJGb3B0aW9uJTNFJTBBJTNDb3B0aW9uJTIwdmFsdWUlM0QlMjIlMkIyMTIlMjIlM0UlMEFNYXJyb2NvcyUyMCUyOCUyQjIxMiUyOSUwQSUzQyUyRm9wdGlvbiUzRSUwQSUzQ29wdGlvbiUyMHZhbHVlJTNEJTIyJTJCNTk2JTIyJTNFJTBBTWFydGluaWNhJTIwJTI4JTJCNTk2JTI5JTBBJTNDJTJGb3B0aW9uJTNFJTBBJTNDb3B0aW9uJTIwdmFsdWUlM0QlMjIlMkIyMzAlMjIlM0UlMEFNYXVyJUMzJUFEY2lhJTIwJTI4JTJCMjMwJTI5JTBBJTNDJTJGb3B0aW9uJTNFJTBBJTNDb3B0aW9uJTIwdmFsdWUlM0QlMjIlMkIyMjIlMjIlM0UlMEFNYXVyaXQlQzMlQTJuaWElMjAlMjglMkIyMjIlMjklMEElM0MlMkZvcHRpb24lM0UlMEElM0NvcHRpb24lMjB2YWx1ZSUzRCUyMiUyQjI2MiUyMiUzRSUwQU1heW90dGUlMjBlJTIwUmV1bmlvbiUyMCUyOCUyQjI2MiUyOSUwQSUzQyUyRm9wdGlvbiUzRSUwQSUzQ29wdGlvbiUyMHZhbHVlJTNEJTIyJTJCNTIlMjIlM0UlMEFNJUMzJUE5eGljbyUyMCUyOCUyQjUyJTI5JTBBJTNDJTJGb3B0aW9uJTNFJTBBJTNDb3B0aW9uJTIwdmFsdWUlM0QlMjIlMkI5NSUyMiUzRSUwQU1pYW5tYXIlMjAlMjglMkI5NSUyOSUwQSUzQyUyRm9wdGlvbiUzRSUwQSUzQ29wdGlvbiUyMHZhbHVlJTNEJTIyJTJCNjkxJTIyJTNFJTBBTWljcm9uJUMzJUE5c2lhJTIwJTI4JTJCNjkxJTI5JTBBJTNDJTJGb3B0aW9uJTNFJTBBJTNDb3B0aW9uJTIwdmFsdWUlM0QlMjIlMkIyNTglMjIlM0UlMEFNbyVDMyVBN2FtYmlxdWUlMjAlMjglMkIyNTglMjklMEElM0MlMkZvcHRpb24lM0UlMEElM0NvcHRpb24lMjB2YWx1ZSUzRCUyMiUyQjM3MyUyMiUzRSUwQU1vbGQlQzMlQTF2aWElMjAlMjglMkIzNzMlMjklMEElM0MlMkZvcHRpb24lM0UlMEElM0NvcHRpb24lMjB2YWx1ZSUzRCUyMiUyQjM3NyUyMiUzRSUwQU0lQzMlQjNuYWNvJTIwJTI4JTJCMzc3JTI5JTBBJTNDJTJGb3B0aW9uJTNFJTBBJTNDb3B0aW9uJTIwdmFsdWUlM0QlMjIlMkI5NzYlMjIlM0UlMEFNb25nJUMzJUIzbGlhJTIwJTI4JTJCOTc2JTI5JTBBJTNDJTJGb3B0aW9uJTNFJTBBJTNDb3B0aW9uJTIwdmFsdWUlM0QlMjIlMkIzODIlMjIlM0UlMEFNb250ZW5lZ3JvJTIwJTI4JTJCMzgyJTI5JTBBJTNDJTJGb3B0aW9uJTNFJTBBJTNDb3B0aW9uJTIwdmFsdWUlM0QlMjIlMkIxNjY0JTIyJTNFJTBBTW9udHNlcnJhdCUyMCUyOCUyQjE2NjQlMjklMEElM0MlMkZvcHRpb24lM0UlMEElM0NvcHRpb24lMjB2YWx1ZSUzRCUyMiUyQjI2NCUyMiUzRSUwQU5hbSVDMyVBRGJpYSUyMCUyOCUyQjI2NCUyOSUwQSUzQyUyRm9wdGlvbiUzRSUwQSUzQ29wdGlvbiUyMHZhbHVlJTNEJTIyJTJCNjc0JTIyJTNFJTBBTmF1cnUlMjAlMjglMkI2NzQlMjklMEElM0MlMkZvcHRpb24lM0UlMEElM0NvcHRpb24lMjB2YWx1ZSUzRCUyMiUyQjk3NyUyMiUzRSUwQU5lcGFsJTIwJTI4JTJCOTc3JTI5JTBBJTNDJTJGb3B0aW9uJTNFJTBBJTNDb3B0aW9uJTIwdmFsdWUlM0QlMjIlMkI1MDUlMjIlM0UlMEFOaWNhciVDMyVBMWd1YSUyMCUyOCUyQjUwNSUyOSUwQSUzQyUyRm9wdGlvbiUzRSUwQSUzQ29wdGlvbiUyMHZhbHVlJTNEJTIyJTJCMjI3JTIyJTNFJTBBTiVDMyVBRGdlciUyMCUyOCUyQjIyNyUyOSUwQSUzQyUyRm9wdGlvbiUzRSUwQSUzQ29wdGlvbiUyMHZhbHVlJTNEJTIyJTJCMjM0JTIyJTNFJTBBTmlnJUMzJUE5cmlhJTIwJTI4JTJCMjM0JTI5JTBBJTNDJTJGb3B0aW9uJTNFJTBBJTNDb3B0aW9uJTIwdmFsdWUlM0QlMjIlMkI2ODMlMjIlM0UlMEFOaXVlJTIwJTI4JTJCNjgzJTI5JTBBJTNDJTJGb3B0aW9uJTNFJTBBJTNDb3B0aW9uJTIwdmFsdWUlM0QlMjIlMkI0NyUyMiUzRSUwQU5vcnVlZ2ElMjAlMjglMkI0NyUyOSUwQSUzQyUyRm9wdGlvbiUzRSUwQSUzQ29wdGlvbiUyMHZhbHVlJTNEJTIyJTJCNjg3JTIyJTNFJTBBTm92YSUyMENhbGVkb25pYSUyMCUyOCUyQjY4NyUyOSUwQSUzQyUyRm9wdGlvbiUzRSUwQSUzQ29wdGlvbiUyMHZhbHVlJTNEJTIyJTJCNjQlMjIlM0UlMEFOb3ZhJTIwWmVsJUMzJUEybmRpYSUyMCUyOCUyQjY0JTI5JTBBJTNDJTJGb3B0aW9uJTNFJTBBJTNDb3B0aW9uJTIwdmFsdWUlM0QlMjIlMkI5NjglMjIlM0UlMEFPbSVDMyVBMyUyMCUyOCUyQjk2OCUyOSUwQSUzQyUyRm9wdGlvbiUzRSUwQSUzQ29wdGlvbiUyMHZhbHVlJTNEJTIyJTJCMzElMjIlM0UlMEFQYSVDMyVBRHNlcyUyMEJhaXhvcyUyMCUyOCUyQjMxJTI5JTBBJTNDJTJGb3B0aW9uJTNFJTBBJTNDb3B0aW9uJTIwdmFsdWUlM0QlMjIlMkI2ODAlMjIlM0UlMEFQYWxhdSUyMCUyOCUyQjY4MCUyOSUwQSUzQyUyRm9wdGlvbiUzRSUwQSUzQ29wdGlvbiUyMHZhbHVlJTNEJTIyJTJCOTcwJTIyJTNFJTBBUGFsZXN0aW5hJTIwJTI4JTJCOTcwJTI5JTBBJTNDJTJGb3B0aW9uJTNFJTBBJTNDb3B0aW9uJTIwdmFsdWUlM0QlMjIlMkI1MDclMjIlM0UlMEFQYW5hbSVDMyVBMSUyMCUyOCUyQjUwNyUyOSUwQSUzQyUyRm9wdGlvbiUzRSUwQSUzQ29wdGlvbiUyMHZhbHVlJTNEJTIyJTJCNjc1JTIyJTNFJTBBUGFwdWElMjBOb3ZhJTIwR3VpbiVDMyVBOSUyMCUyOCUyQjY3NSUyOSUwQSUzQyUyRm9wdGlvbiUzRSUwQSUzQ29wdGlvbiUyMHZhbHVlJTNEJTIyJTJCOTIlMjIlM0UlMEFQYXF1aXN0JUMzJUEzbyUyMCUyOCUyQjkyJTI5JTBBJTNDJTJGb3B0aW9uJTNFJTBBJTNDb3B0aW9uJTIwdmFsdWUlM0QlMjIlMkI1OTUlMjIlM0UlMEFQYXJhZ3VhaSUyMCUyOCUyQjU5NSUyOSUwQSUzQyUyRm9wdGlvbiUzRSUwQSUzQ29wdGlvbiUyMHZhbHVlJTNEJTIyJTJCNTElMjIlM0UlMEFQZXJ1JTIwJTI4JTJCNTElMjklMEElM0MlMkZvcHRpb24lM0UlMEElM0NvcHRpb24lMjB2YWx1ZSUzRCUyMiUyQjY4OSUyMiUzRSUwQVBvbGluJUMzJUE5c2lhJTIwRnJhbmMlQzMlQUFzYSUyMCUyOCUyQjY4OSUyOSUwQSUzQyUyRm9wdGlvbiUzRSUwQSUzQ29wdGlvbiUyMHZhbHVlJTNEJTIyJTJCNDglMjIlM0UlMEFQb2wlQzMlQjNuaWElMjAlMjglMkI0OCUyOSUwQSUzQyUyRm9wdGlvbiUzRSUwQSUzQ29wdGlvbiUyMHZhbHVlJTNEJTIyJTJCMzUxJTIyJTIwc2VsZWN0ZWQlM0QlMjJzZWxlY3RlZCUyMiUzRSUwQVBvcnR1Z2FsJTIwJTI4JTJCMzUxJTI5JTBBJTNDJTJGb3B0aW9uJTNFJTBBJTNDb3B0aW9uJTIwdmFsdWUlM0QlMjIlMkI5NzQlMjIlM0UlMEFRYXRhciUyMCUyOCUyQjk3NCUyOSUwQSUzQyUyRm9wdGlvbiUzRSUwQSUzQ29wdGlvbiUyMHZhbHVlJTNEJTIyJTJCMjU0JTIyJTNFJTBBUXUlQzMlQTluaWElMjAlMjglMkIyNTQlMjklMEElM0MlMkZvcHRpb24lM0UlMEElM0NvcHRpb24lMjB2YWx1ZSUzRCUyMiUyQjY4NiUyMiUzRSUwQVF1aXJpYmF0aSUyMCUyOCUyQjY4NiUyOSUwQSUzQyUyRm9wdGlvbiUzRSUwQSUzQ29wdGlvbiUyMHZhbHVlJTNEJTIyJTJCMjM2JTIyJTNFJTBBUmVwJUMzJUJBYmxpY2ElMjBDZW50cm8tQWZyaWNhbmElMjAlMjglMkIyMzYlMjklMEElM0MlMkZvcHRpb24lM0UlMEElM0NvcHRpb24lMjB2YWx1ZSUzRCUyMiUyQjQyMCUyMiUzRSUwQVJlcCVDMyVCQWJsaWNhJTIwQ2hlY2ElMjAlMjglMkI0MjAlMjklMEElM0MlMkZvcHRpb24lM0UlMEElM0NvcHRpb24lMjB2YWx1ZSUzRCUyMiUyQjQwJTIyJTNFJTBBUm9tJUMzJUE5bmlhJTIwJTI4JTJCNDAlMjklMEElM0MlMkZvcHRpb24lM0UlMEElM0NvcHRpb24lMjB2YWx1ZSUzRCUyMiUyQjI1MCUyMiUzRSUwQVJ1YW5kYSUyMCUyOCUyQjI1MCUyOSUwQSUzQyUyRm9wdGlvbiUzRSUwQSUzQ29wdGlvbiUyMHZhbHVlJTNEJTIyJTJCMjkwJTIyJTNFJTBBU2FpbnQlMjBIZWxlbmElMkMlMjBUcmlzdGFuJTIwZGElMjBDdW5oYSUyMCUyOCUyQjI5MCUyOSUwQSUzQyUyRm9wdGlvbiUzRSUwQSUzQ29wdGlvbiUyMHZhbHVlJTNEJTIyJTJCMTg2OSUyMiUzRSUwQVNhaW50JTIwS2l0dHMlMjBlJTIwTmV2aXMlMjAlMjglMkIxODY5JTI5JTBBJTNDJTJGb3B0aW9uJTNFJTBBJTNDb3B0aW9uJTIwdmFsdWUlM0QlMjIlMkI1MDglMjIlM0UlMEFTYWludCUyMFBpZXJyZSUyMGFuZCUyME1pcXVlbG9uJTIwJTI4JTJCNTA4JTI5JTBBJTNDJTJGb3B0aW9uJTNFJTBBJTNDb3B0aW9uJTIwdmFsdWUlM0QlMjIlMkI2ODUlMjIlM0UlMEFTYW1vYSUyMCUyOCUyQjY4NSUyOSUwQSUzQyUyRm9wdGlvbiUzRSUwQSUzQ29wdGlvbiUyMHZhbHVlJTNEJTIyJTJCMTY4NCUyMiUzRSUwQVNhbW9hJTIwQW1lcmljYW5hJTIwJTI4JTJCMTY4NCUyOSUwQSUzQyUyRm9wdGlvbiUzRSUwQSUzQ29wdGlvbiUyMHZhbHVlJTNEJTIyJTJCMTc1OCUyMiUzRSUwQVNhbnRhJTIwTCVDMyVCQWNpYSUyMCUyOCUyQjE3NTglMjklMEElM0MlMkZvcHRpb24lM0UlMEElM0NvcHRpb24lMjB2YWx1ZSUzRCUyMiUyQjM3OCUyMiUzRSUwQVMlQzMlQTNvJTIwTWFyaW5vJTIwJTI4JTJCMzc4JTI5JTBBJTNDJTJGb3B0aW9uJTNFJTBBJTNDb3B0aW9uJTIwdmFsdWUlM0QlMjIlMkIyMzklMjIlM0UlMEFTJUMzJUEzbyUyMFRvbSVDMyVBOSUyMGUlMjBQciVDMyVBRG5jaXBlJTIwJTI4JTJCMjM5JTI5JTBBJTNDJTJGb3B0aW9uJTNFJTBBJTNDb3B0aW9uJTIwdmFsdWUlM0QlMjIlMkIxNzg0JTIyJTNFJTBBUyVDMyVBM28lMjBWaWNlbnRlJTIwZSUyMEdyYW5hZGluYXMlMjAlMjglMkIxNzg0JTI5JTBBJTNDJTJGb3B0aW9uJTNFJTBBJTNDb3B0aW9uJTIwdmFsdWUlM0QlMjIlMkIyNDglMjIlM0UlMEFTZWljaGVsZXMlMjAlMjglMkIyNDglMjklMEElM0MlMkZvcHRpb24lM0UlMEElM0NvcHRpb24lMjB2YWx1ZSUzRCUyMiUyQjIyMSUyMiUzRSUwQVNlbmVnYWwlMjAlMjglMkIyMjElMjklMEElM0MlMkZvcHRpb24lM0UlMEElM0NvcHRpb24lMjB2YWx1ZSUzRCUyMiUyQjIzMiUyMiUzRSUwQVNlcnJhJTIwTGVvYSUyMCUyOCUyQjIzMiUyOSUwQSUzQyUyRm9wdGlvbiUzRSUwQSUzQ29wdGlvbiUyMHZhbHVlJTNEJTIyJTJCMzgxJTIyJTNFJTBBUyVDMyVBOXJ2aWElMjAlMjglMkIzODElMjklMEElM0MlMkZvcHRpb24lM0UlMEElM0NvcHRpb24lMjB2YWx1ZSUzRCUyMiUyQjY1JTIyJTNFJTBBU2luZ2FwdXJhJTIwJTI4JTJCNjUlMjklMEElM0MlMkZvcHRpb24lM0UlMEElM0NvcHRpb24lMjB2YWx1ZSUzRCUyMiUyQjk2MyUyMiUzRSUwQVMlQzMlQURyaWElMjAlMjglMkI5NjMlMjklMEElM0MlMkZvcHRpb24lM0UlMEElM0NvcHRpb24lMjB2YWx1ZSUzRCUyMiUyQjI1MiUyMiUzRSUwQVNvbSVDMyVBMWxpYSUyMCUyOCUyQjI1MiUyOSUwQSUzQyUyRm9wdGlvbiUzRSUwQSUzQ29wdGlvbiUyMHZhbHVlJTNEJTIyJTJCOTQlMjIlM0UlMEFTcmklMjBMYW5rYSUyMCUyOCUyQjk0JTI5JTBBJTNDJTJGb3B0aW9uJTNFJTBBJTNDb3B0aW9uJTIwdmFsdWUlM0QlMjIlMkIyNjglMjIlM0UlMEFTdWF6aWwlQzMlQTJuZGlhJTIwJTI4JTJCMjY4JTI5JTBBJTNDJTJGb3B0aW9uJTNFJTBBJTNDb3B0aW9uJTIwdmFsdWUlM0QlMjIlMkIyNDklMjIlM0UlMEFTdWQlQzMlQTNvJTIwJTI4JTJCMjQ5JTI5JTBBJTNDJTJGb3B0aW9uJTNFJTBBJTNDb3B0aW9uJTIwdmFsdWUlM0QlMjIlMkI0NiUyMiUzRSUwQVN1JUMzJUE5Y2lhJTIwJTI4JTJCNDYlMjklMEElM0MlMkZvcHRpb24lM0UlMEElM0NvcHRpb24lMjB2YWx1ZSUzRCUyMiUyQjQxJTIyJTNFJTBBU3UlQzMlQUQlQzMlQTdhJTIwJTI4JTJCNDElMjklMEElM0MlMkZvcHRpb24lM0UlMEElM0NvcHRpb24lMjB2YWx1ZSUzRCUyMiUyQjU5NyUyMiUzRSUwQVN1cmluYW1lJTIwJTI4JTJCNTk3JTI5JTBBJTNDJTJGb3B0aW9uJTNFJTBBJTNDb3B0aW9uJTIwdmFsdWUlM0QlMjIlMkI2NiUyMiUzRSUwQVRhaWwlQzMlQTJuZGlhJTIwJTI4JTJCNjYlMjklMEElM0MlMkZvcHRpb24lM0UlMEElM0NvcHRpb24lMjB2YWx1ZSUzRCUyMiUyQjg4NiUyMiUzRSUwQVRhaXdhbiUyMCUyOCUyQjg4NiUyOSUwQSUzQyUyRm9wdGlvbiUzRSUwQSUzQ29wdGlvbiUyMHZhbHVlJTNEJTIyJTJCOTkyJTIyJTNFJTBBVGFqaXF1aXN0JUMzJUEzbyUyMCUyOCUyQjk5MiUyOSUwQSUzQyUyRm9wdGlvbiUzRSUwQSUzQ29wdGlvbiUyMHZhbHVlJTNEJTIyJTJCMjU1JTIyJTNFJTBBVGFueiVDMyVBMm5pYSUyMCUyOCUyQjI1NSUyOSUwQSUzQyUyRm9wdGlvbiUzRSUwQSUzQ29wdGlvbiUyMHZhbHVlJTNEJTIyJTJCNjcwJTIyJTNFJTBBVGltb3ItTGVzdGUlMjAlMjglMkI2NzAlMjklMEElM0MlMkZvcHRpb24lM0UlMEElM0NvcHRpb24lMjB2YWx1ZSUzRCUyMiUyQjIyOCUyMiUzRSUwQVRvZ28lMjAlMjglMkIyMjglMjklMEElM0MlMkZvcHRpb24lM0UlMEElM0NvcHRpb24lMjB2YWx1ZSUzRCUyMiUyQjY3NiUyMiUzRSUwQVRvbmdhJTIwJTI4JTJCNjc2JTI5JTBBJTNDJTJGb3B0aW9uJTNFJTBBJTNDb3B0aW9uJTIwdmFsdWUlM0QlMjIlMkIxODY4JTIyJTNFJTBBVHJpbmRhZGUlMjBlJTIwVG9iYWdvJTIwJTI4JTJCMTg2OCUyOSUwQSUzQyUyRm9wdGlvbiUzRSUwQSUzQ29wdGlvbiUyMHZhbHVlJTNEJTIyJTJCMjE2JTIyJTNFJTBBVHVuJUMzJUFEc2lhJTIwJTI4JTJCMjE2JTI5JTBBJTNDJTJGb3B0aW9uJTNFJTBBJTNDb3B0aW9uJTIwdmFsdWUlM0QlMjIlMkIxNjQ5JTIyJTNFJTBBVHVya3MlMjBhbmQlMjBDYWljb3MlMjBJc2xhbmRzJTIwJTI4JTJCMTY0OSUyOSUwQSUzQyUyRm9wdGlvbiUzRSUwQSUzQ29wdGlvbiUyMHZhbHVlJTNEJTIyJTJCOTkzJTIyJTNFJTBBVHVycXVlbWVuaXN0JUMzJUEzbyUyMCUyOCUyQjk5MyUyOSUwQSUzQyUyRm9wdGlvbiUzRSUwQSUzQ29wdGlvbiUyMHZhbHVlJTNEJTIyJTJCOTAlMjIlM0UlMEFUdXJxdWlhJTIwJTI4JTJCOTAlMjklMEElM0MlMkZvcHRpb24lM0UlMEElM0NvcHRpb24lMjB2YWx1ZSUzRCUyMiUyQjY4OCUyMiUzRSUwQVR1dmFsdSUyMCUyOCUyQjY4OCUyOSUwQSUzQyUyRm9wdGlvbiUzRSUwQSUzQ29wdGlvbiUyMHZhbHVlJTNEJTIyJTJCMzgwJTIyJTNFJTBBVWNyJUMzJUEybmlhJTIwJTI4JTJCMzgwJTI5JTBBJTNDJTJGb3B0aW9uJTNFJTBBJTNDb3B0aW9uJTIwdmFsdWUlM0QlMjIlMkIyNTYlMjIlM0UlMEFVZ2FuZGElMjAlMjglMkIyNTYlMjklMEElM0MlMkZvcHRpb24lM0UlMEElM0NvcHRpb24lMjB2YWx1ZSUzRCUyMiUyQjU5OCUyMiUzRSUwQVVydWd1YWklMjAlMjglMkI1OTglMjklMEElM0MlMkZvcHRpb24lM0UlMEElM0NvcHRpb24lMjB2YWx1ZSUzRCUyMiUyQjk5OCUyMiUzRSUwQVVzYmVxdWlzdCVDMyVBM28lMjAlMjglMkI5OTglMjklMEElM0MlMkZvcHRpb24lM0UlMEElM0NvcHRpb24lMjB2YWx1ZSUzRCUyMiUyQjY3OCUyMiUzRSUwQVZhbnVhdHUlMjAlMjglMkI2NzglMjklMEElM0MlMkZvcHRpb24lM0UlMEElM0NvcHRpb24lMjB2YWx1ZSUzRCUyMiUyQjU4JTIyJTNFJTBBVmVuZXp1ZWxhJTIwJTI4JTJCNTglMjklMEElM0MlMkZvcHRpb24lM0UlMEElM0NvcHRpb24lMjB2YWx1ZSUzRCUyMiUyQjg0JTIyJTNFJTBBVmlldG5hbWUlMjAlMjglMkI4NCUyOSUwQSUzQyUyRm9wdGlvbiUzRSUwQSUzQ29wdGlvbiUyMHZhbHVlJTNEJTIyJTJCNjgxJTIyJTNFJTBBV2FsbGlzJTIwYW5kJTIwRnV0dW5hJTIwJTI4JTJCNjgxJTI5JTBBJTNDJTJGb3B0aW9uJTNFJTBBJTNDb3B0aW9uJTIwdmFsdWUlM0QlMjIlMkIyNjAlMjIlM0UlMEFaJUMzJUEybWJpYSUyMCUyOCUyQjI2MCUyOSUwQSUzQyUyRm9wdGlvbiUzRSUwQSUzQ29wdGlvbiUyMHZhbHVlJTNEJTIyJTJCMjYzJTIyJTNFJTBBWmltYmFid2UlMjAlMjglMkIyNjMlMjklMEElM0MlMkZvcHRpb24lM0UlMEElM0MlMkZzZWxlY3QlM0UlMEElM0NpbnB1dCUyMHR5cGUlM0QlMjJ0ZWwlMjIlMjBuYW1lJTNEJTIydGVsZW1vdmVsXzM1X251bWVybyUyMiUyMGlkJTNEJTIydGVsZW1vdmVsXzM1X251bWVybyUyMiUyMHZhbHVlJTNEJTIyJTIyJTIwZWFzeXZhbGlkYXRpb24lM0QlMjJ0cnVlJTIyJTNFJTBBJTNDJTJGZGl2JTNFJTBBJTNDZGl2JTIwc3R5bGUlM0QlMjJ3aWR0aCUzQTUwJTI1JTNCJTIyJTIwY2xhc3MlM0QlMjJmb3JtLWdyb3VwJTIwJTIyJTNFJTBBJTNDbGFiZWwlMjBmb3IlM0QlMjJkYXRhX25hc2NpbWVudG9fMzMlMjIlMjBzdHlsZSUzRCUyMmRpc3BsYXklM0ElMjBibG9jayUzQiUyMHRleHQtYWxpZ24lM0ElMjBsZWZ0JTNCJTIwY29sb3IlM0F3aGl0ZSUzQiUyMGZvbnQtc2l6ZSUzQXNtYWxsJTNCJTIwZm9udC13ZWlnaHQlM0FsaWdodGVyJTNCJTIwbWFyZ2luLWJvdHRvbSUzQTBweCUzQiUyMiUzRSUwQURhdGElMjBkZSUyMEFuaXZlcnMlQzMlQTFyaW8lMjAlMkElMEElM0MlMkZsYWJlbCUzRSUwQSUzQ2lucHV0JTIwdHlwZSUzRCUyMnRleHQlMjIlMjBuYW1lJTNEJTIyZGF0YV9uYXNjaW1lbnRvXzMzJTIyJTIwaWQlM0QlMjJkYXRhX25hc2NpbWVudG9fMzMlMjIlMjB2YWx1ZSUzRCUyMiUyMiUyMHBsYWNlaG9sZGVyJTNEJTIyQUFBQS1NTS1ERCUyMiUzRSUwQSUzQyUyRmRpdiUzRSUwQSUzQyUyRmRpdiUzRSUwQSUzQ2xhYmVsJTIwZm9yJTNEJTIyZW1haWxfMjglMjIlMjBlYXN5bGFiZWwlM0QlMjJFLW1haWwlMjIlMjBzdHlsZSUzRCUyMmRpc3BsYXklM0ElMjBibG9jayUzQiUyMHRleHQtYWxpZ24lM0ElMjBsZWZ0JTNCJTIwY29sb3IlM0F3aGl0ZSUzQiUyMGZvbnQtc2l6ZSUzQXNtYWxsJTNCJTIwZm9udC13ZWlnaHQlM0FsaWdodGVyJTNCJTIwbWFyZ2luLWJvdHRvbSUzQTBweCUzQiUyMiUzRSUwQUUtbWFpbCUyMCUyQSUwQSUzQyUyRmxhYmVsJTNFJTBBJTNDaW5wdXQlMjB0eXBlJTNEJTIyZW1haWwlMjIlMjBuYW1lJTNEJTIyZW1haWxfMjglMjIlMjBpZCUzRCUyMmVtYWlsXzI4JTIyJTIwdmFsdWUlM0QlMjIlMjIlMjBlYXN5dmFsaWRhdGlvbiUzRCUyMnRydWUlMjIlMjBwbGFjZWhvbGRlciUzRCUyMmluc2lyYSUyMG8lMjBzZXUlMjBlbWFpbCUyMiUzRSUwQSUzQ2RpdiUyMGNsYXNzJTNEJTIyZm9ybS1ncm91cCUyMiUyMHN0eWxlJTNEJTIybWFyZ2luLXRvcCUzQTEwcHglM0IlMjBtYXJnaW4tYm90dG9tJTNBMHB4JTNCJTIyJTNFJTBBJTNDbGFiZWwlMjBzdHlsZSUzRCUyMmNvbG9yJTNBd2hpdGUlM0IlMjBmb250LXNpemUlM0FzbWFsbCUzQiUyMGZvbnQtd2VpZ2h0JTNBbGlnaHRlciUzQiUyMG1hcmdpbi1ib3R0b20lM0EwcHglM0IlMjIlM0VFc2NvbGhhJTIwdW1hJTIwZGFzJTIwb3AlQzMlQTclQzMlQjVlcyUyQSUzQyUyRmxhYmVsJTNFJTNDYnIlM0UlMEElM0NkaXYlMjBzdHlsZSUzRCUyMmRpc3BsYXklM0ElMjAtd2Via2l0LWlubGluZS1ib3glM0IlMjBwYWRkaW5nLXJpZ2h0JTNBMTBweCUzQiUyMiUzRSUwQSUzQ2lucHV0JTIwaWQlM0QlMjJjYW1wb2VfMjBfNDRfMCUyMiUyMG5hbWUlM0QlMjJjYW1wb2VfMjBfNDQlNUIlNUQlMjIlMjB0aXRsZSUzRCUyMk1hc2N1bGlubyUyMiUyMHR5cGUlM0QlMjJyYWRpbyUyMiUyMHZhbHVlJTNEJTIyMSUyMiUzRSUwQSUzQ2xhYmVsJTIwZGF0YS10aGVtZSUzRCUyMmdyZXklMjIlMjBmb3IlM0QlMjJjYW1wb2VfMjBfNDRfMCUyMiUyMHN0eWxlJTNEJTIyY29sb3IlM0ElMjByZ2IlMjgwJTJDJTIwMCUyQyUyMDAlMjklM0IlMjBmb250LXNpemUlM0ElMjAxM3B4JTNCJTIwZm9udC1mYW1pbHklM0ElMjBhcmlhbCUyQyUyMGhlbHZldGljYSUyQyUyMHNhbnMtc2VyaWYlM0IlMjBkaXNwbGF5JTNBJTIwaW5saW5lJTNCJTIwdGV4dC1hbGlnbiUzQSUyMGxlZnQlM0IlMjBjb2xvciUzQXdoaXRlJTNCJTIyJTNFTWFzY3VsaW5vJTNDJTJGbGFiZWwlM0UlMEElM0MlMkZkaXYlM0UlMEElM0NkaXYlMjBzdHlsZSUzRCUyMmRpc3BsYXklM0ElMjAtd2Via2l0LWlubGluZS1ib3glM0IlMjBwYWRkaW5nLXJpZ2h0JTNBMTBweCUzQiUyMiUzRSUwQSUzQ2lucHV0JTIwaWQlM0QlMjJjYW1wb2VfMjBfNDRfMSUyMiUyMG5hbWUlM0QlMjJjYW1wb2VfMjBfNDQlNUIlNUQlMjIlMjB0aXRsZSUzRCUyMkZlbWluaW5vJTIyJTIwdHlwZSUzRCUyMnJhZGlvJTIyJTIwdmFsdWUlM0QlMjIyJTIyJTNFJTBBJTNDbGFiZWwlMjBkYXRhLXRoZW1lJTNEJTIyZ3JleSUyMiUyMGZvciUzRCUyMmNhbXBvZV8yMF80NF8xJTIyJTIwc3R5bGUlM0QlMjJjb2xvciUzQSUyMHJnYiUyODAlMkMlMjAwJTJDJTIwMCUyOSUzQiUyMGZvbnQtc2l6ZSUzQSUyMDEzcHglM0IlMjBmb250LWZhbWlseSUzQSUyMGFyaWFsJTJDJTIwaGVsdmV0aWNhJTJDJTIwc2Fucy1zZXJpZiUzQiUyMGRpc3BsYXklM0ElMjBpbmxpbmUlM0IlMjB0ZXh0LWFsaWduJTNBJTIwbGVmdCUzQiUyMGNvbG9yJTNBd2hpdGUlM0IlMjIlM0VGZW1pbmlubyUzQyUyRmxhYmVsJTNFJTBBJTNDJTJGZGl2JTNFJTBBJTNDZGl2JTIwc3R5bGUlM0QlMjJkaXNwbGF5JTNBJTIwLXdlYmtpdC1pbmxpbmUtYm94JTNCJTIwcGFkZGluZy1yaWdodCUzQTEwcHglM0IlMjIlM0UlMEElM0NpbnB1dCUyMGlkJTNEJTIyY2FtcG9lXzIwXzQ0XzIlMjIlMjBuYW1lJTNEJTIyY2FtcG9lXzIwXzQ0JTVCJTVEJTIyJTIwdGl0bGUlM0QlMjJJbnN0aXR1Y2lvbmFsJTIyJTIwdHlwZSUzRCUyMnJhZGlvJTIyJTIwdmFsdWUlM0QlMjIzJTIyJTNFJTBBJTNDbGFiZWwlMjBkYXRhLXRoZW1lJTNEJTIyZ3JleSUyMiUyMGZvciUzRCUyMmNhbXBvZV8yMF80NF8yJTIyJTIwc3R5bGUlM0QlMjJjb2xvciUzQSUyMHJnYiUyODAlMkMlMjAwJTJDJTIwMCUyOSUzQiUyMGZvbnQtc2l6ZSUzQSUyMDEzcHglM0IlMjBmb250LWZhbWlseSUzQSUyMGFyaWFsJTJDJTIwaGVsdmV0aWNhJTJDJTIwc2Fucy1zZXJpZiUzQiUyMGRpc3BsYXklM0ElMjBpbmxpbmUlM0IlMjB0ZXh0LWFsaWduJTNBJTIwbGVmdCUzQiUyMGNvbG9yJTNBd2hpdGUlM0IlMjIlM0VJbnN0aXR1Y2lvbmFsJTNDJTJGbGFiZWwlM0UlMEElM0MlMkZkaXYlM0UlMEElM0MlMkZkaXYlM0UlMEElM0NwJTIwc3R5bGUlM0QlMjJmb250LXNpemUlM0FzbWFsbCUzQiUyMGZvbnQtd2VpZ2h0JTNBbGlnaHRlciUzQiUyMG1hcmdpbi1ib3R0b20lM0EwcHglM0IlMjIlM0UlMkElMjBpbmRpY2ElMjBvYnJpZ2F0JUMzJUIzcmlvJTNDJTJGcCUzRSUwQSUwQSUzQ2lucHV0JTIwdHlwZSUzRCUyMnN1Ym1pdCUyMiUyMHZhbHVlJTNEJTIyRW52aWFyJTIyJTNFJTBBJTNDJTJGZm9ybSUzRQ==[\/vc_raw_html][\/vc_column_inner][\/vc_row_inner][\/vc_column][\/vc_row][\/vc_section]<\/div>","protected":false},"excerpt":{"rendered":"<p>[vc_row][vc_column][vc_empty_space height=&#8221;16px&#8221;][vc_column_text css=&#8221;&#8221;] Sobreviver a um Enfarte: Como Recuperar e Viver com Qualidade [\/vc_column_text][vc_column_text css=&#8221;&#8221;] O que deve saber: Ap\u00f3s um enfarte, a recupera\u00e7\u00e3o depende da ades\u00e3o ao tratamento, da reabilita\u00e7\u00e3o card\u00edaca e da mudan\u00e7a de h\u00e1bitos de vida. A esperan\u00e7a e qualidade de vida podem ser preservadas com acompanhamento m\u00e9dico regular, apoio familiar e [&hellip;]<\/p>\n","protected":false},"author":1,"featured_media":25363,"comment_status":"closed","ping_status":"closed","sticky":false,"template":"","format":"standard","meta":{"footnotes":""},"categories":[99,347,112],"tags":[2135,333,2131,2129,2119,372,2133,786,785,788,822,789,2127,2136,2134,1178,2132,2130,2128,2126,376,1905,2123,2122,2121,1116,2120,790,791,292,787,2125,2124],"post_folder":[],"class_list":["post-25358","post","type-post","status-publish","format-standard","has-post-thumbnail","hentry","category-conselhos-uteis","category-cuidados-de-saude","category-reflecoes","tag-acompanhamento-medico","tag-ansiedade","tag-apoio-psicologico","tag-arritmias","tag-causas-enfarte","tag-clinica","tag-clinica-de-cardiologia","tag-clinica-medica-do-porto","tag-clinica-porto","tag-consulta","tag-consulta-clinica-porto","tag-consulta-medica","tag-dieta-para-o-coracao","tag-equipa-multidisciplinar","tag-especialista-em-cardiologia","tag-exercicio-fisico","tag-expectativa-de-vida","tag-impacto-psicologico","tag-insuficiencia-cardiaca","tag-medicamentos-pos-enfarte","tag-medicina-alternativa","tag-qualidade-de-vida","tag-reabilitacao-cardiaca","tag-recuperacao-pos-enfarte","tag-sequelas-enfarte","tag-sexualidade","tag-sintomas-enfarte","tag-terapia","tag-terapias","tag-terapias-nao-convencionais","tag-todas-as-terapias","tag-tratamento-enfarte","tag-vida-depois-do-enfarte"],"_links":{"self":[{"href":"https:\/\/clinicamedicadoporto.pt\/staging\/wp-json\/wp\/v2\/posts\/25358","targetHints":{"allow":["GET"]}}],"collection":[{"href":"https:\/\/clinicamedicadoporto.pt\/staging\/wp-json\/wp\/v2\/posts"}],"about":[{"href":"https:\/\/clinicamedicadoporto.pt\/staging\/wp-json\/wp\/v2\/types\/post"}],"author":[{"embeddable":true,"href":"https:\/\/clinicamedicadoporto.pt\/staging\/wp-json\/wp\/v2\/users\/1"}],"replies":[{"embeddable":true,"href":"https:\/\/clinicamedicadoporto.pt\/staging\/wp-json\/wp\/v2\/comments?post=25358"}],"version-history":[{"count":0,"href":"https:\/\/clinicamedicadoporto.pt\/staging\/wp-json\/wp\/v2\/posts\/25358\/revisions"}],"wp:featuredmedia":[{"embeddable":true,"href":"https:\/\/clinicamedicadoporto.pt\/staging\/wp-json\/wp\/v2\/media\/25363"}],"wp:attachment":[{"href":"https:\/\/clinicamedicadoporto.pt\/staging\/wp-json\/wp\/v2\/media?parent=25358"}],"wp:term":[{"taxonomy":"category","embeddable":true,"href":"https:\/\/clinicamedicadoporto.pt\/staging\/wp-json\/wp\/v2\/categories?post=25358"},{"taxonomy":"post_tag","embeddable":true,"href":"https:\/\/clinicamedicadoporto.pt\/staging\/wp-json\/wp\/v2\/tags?post=25358"},{"taxonomy":"post_folder","embeddable":true,"href":"https:\/\/clinicamedicadoporto.pt\/staging\/wp-json\/wp\/v2\/post_folder?post=25358"}],"curies":[{"name":"wp","href":"https:\/\/api.w.org\/{rel}","templated":true}]}}